{"id":179135,"date":"2026-01-22T18:25:00","date_gmt":"2026-01-22T21:25:00","guid":{"rendered":"https:\/\/www.correiobraziliense.com.br\/cbradar\/?p=179135"},"modified":"2026-01-21T11:22:04","modified_gmt":"2026-01-21T14:22:04","slug":"o-habito-facil-que-ajuda-a-reduzir-o-consumo-de-alcool","status":"publish","type":"post","link":"https:\/\/www.correiobraziliense.com.br\/cbradar\/o-habito-facil-que-ajuda-a-reduzir-o-consumo-de-alcool\/","title":{"rendered":"O h\u00e1bito f\u00e1cil que ajuda a reduzir o consumo de \u00e1lcool"},"content":{"rendered":"\n<p>Um recente estudo realizado com aproximadamente 8 mil pessoas ao longo de seis semanas trouxe novas perspectivas sobre m\u00e9todos eficazes para Reduzir o Consumo de \u00c1lcool. A pesquisa revelou que informa\u00e7\u00f5es educativas s\u00e3o mais impactantes quando combinadas com conselhos pr\u00e1ticos. Entre as estrat\u00e9gias testadas, a combina\u00e7\u00e3o de esclarecer os riscos do \u00e1lcool para o c\u00e2ncer e sugerir o registro do consumo di\u00e1rio destacou-se por sua efic\u00e1cia.<\/p>\n\n\n\n<p>O \u00e1lcool \u00e9 reconhecido como um carcin\u00f3geno, subst\u00e2ncia que pode aumentar o risco de desenvolver c\u00e2ncer, mas muitas pessoas ainda desconhecem essa associa\u00e7\u00e3o. Ao informar os participantes desse risco e ao incentivar o acompanhamento do consumo, o estudo percebeu que as pessoas se tornavam mais conscientes sobre a quantidade de \u00e1lcool consumida. Esse despertar levou muitos a repensarem seus h\u00e1bitos, trazendo \u00e0 tona a import\u00e2ncia da educa\u00e7\u00e3o como ferramenta de mudan\u00e7a comportamental.<\/p>\n\n\n\n<h2 class=\"wp-block-heading\">Como a informa\u00e7\u00e3o pode mudar comportamentos?<\/h2>\n\n\n\n<p>Ao compreender o impacto do \u00e1lcool na sa\u00fade, indiv\u00edduos est\u00e3o mais propensos a tomar decis\u00f5es conscientes sobre seu consumo. Isso \u00e9 essencial, uma vez que o \u00e1lcool tamb\u00e9m est\u00e1 relacionado a diversas outras condi\u00e7\u00f5es de <a href=\"https:\/\/www.correiobraziliense.com.br\/cbradar\/cabeca-achatada-em-bebes-merece-atencao\/\" target=\"_blank\" rel=\"noreferrer noopener\">sa\u00fade <\/a>al\u00e9m do c\u00e2ncer. Problemas cardiovasculares, dist\u00farbios digestivos, dem\u00eancia e uma poss\u00edvel morte precoce s\u00e3o algumas das consequ\u00eancias de um consumo excessivo de \u00e1lcool. Portanto, a educa\u00e7\u00e3o continua sendo um pilar fundamental no processo de redu\u00e7\u00e3o desse consumo.<\/p>\n\n\n<div class=\"wp-block-image\">\n<figure class=\"aligncenter size-large\"><img decoding=\"async\" width=\"1024\" height=\"576\" src=\"https:\/\/www.correiobraziliense.com.br\/cbradar\/wp-content\/uploads\/2026\/01\/Consumo-de-Alcool-_1768418662465-1024x576.jpg\" alt=\"\" class=\"wp-image-175366\" srcset=\"https:\/\/www.correiobraziliense.com.br\/cbradar\/wp-content\/uploads\/2026\/01\/Consumo-de-Alcool-_1768418662465-1024x576.jpg 1024w, https:\/\/www.correiobraziliense.com.br\/cbradar\/wp-content\/uploads\/2026\/01\/Consumo-de-Alcool-_1768418662465-300x169.jpg 300w, https:\/\/www.correiobraziliense.com.br\/cbradar\/wp-content\/uploads\/2026\/01\/Consumo-de-Alcool-_1768418662465-768x432.jpg 768w, https:\/\/www.correiobraziliense.com.br\/cbradar\/wp-content\/uploads\/2026\/01\/Consumo-de-Alcool-_1768418662465-750x422.jpg 750w, https:\/\/www.correiobraziliense.com.br\/cbradar\/wp-content\/uploads\/2026\/01\/Consumo-de-Alcool-_1768418662465-1140x641.jpg 1140w, https:\/\/www.correiobraziliense.com.br\/cbradar\/wp-content\/uploads\/2026\/01\/Consumo-de-Alcool-_1768418662465.jpg 1280w\" sizes=\"(max-width: 1024px) 100vw, 1024px\" \/><figcaption class=\"wp-element-caption\">Consumo de \u00c1lcool &#8211; Cr\u00e9ditos: depositphotos.com \/ IgorVetushko<\/figcaption><\/figure><\/div>\n\n\n<h2 class=\"wp-block-heading\">Qual a import\u00e2ncia de documentar o consumo de \u00e1lcool?<\/h2>\n\n\n\n<p>Registrar cada bebida consumida \u2014 seja em um caderno ou em um aplicativo \u2014 \u00e9 uma t\u00e9cnica simples, por\u00e9m poderosa. Este ato permite que os indiv\u00edduos visualizem claramente seu consumo, possibilitando compara\u00e7\u00f5es e reflex\u00f5es sobre seus h\u00e1bitos. No contexto da pesquisa, essa pr\u00e1tica se mostrou um primeiro passo eficaz rumo \u00e0 redu\u00e7\u00e3o do consumo de \u00e1lcool.<\/p>\n\n\n\n<h2 class=\"wp-block-heading\">Que papel as pol\u00edticas p\u00fablicas desempenham nessa mudan\u00e7a?<\/h2>\n\n\n\n<p>Embora as pol\u00edticas p\u00fablicas possam fornecer suporte, elas n\u00e3o substituem a import\u00e2ncia das escolhas individuais. Campanhas educativas, regulamenta\u00e7\u00f5es sobre vendas e restri\u00e7\u00f5es de publicidade s\u00e3o exemplos de medidas que governos podem adotar para complementar os esfor\u00e7os pessoais. Contudo, as mudan\u00e7as mais consistentes v\u00eam de dentro, atrav\u00e9s da conscientiza\u00e7\u00e3o e de a\u00e7\u00f5es volunt\u00e1rias impulsionadas pela informa\u00e7\u00e3o correta.<\/p>\n\n\n\n<p>Este estudo recente, publicado na revista Addictive Behaviors, solidifica a ideia de que informar e engajar s\u00e3o estrat\u00e9gias poderosas para a redu\u00e7\u00e3o do consumo de \u00e1lcool. \u00c0 medida que a sociedade se move em dire\u00e7\u00e3o a um estilo de vida mais saud\u00e1vel, combinando conhecimento e pr\u00e1ticas di\u00e1rias, espera-se que esses m\u00e9todos continuem a abrir caminho para comportamentos mais conscientes e respons\u00e1veis.<\/p>\n\n\n<a href=\"https:\/\/www.instagram.com\/dra.annaluisabf\/\" target=\"_blank\" rel=\"noopener\" style=\"text-decoration: none; color: inherit;\">\n    <span style=\"display: inline-block; border: 1px solid #ccc; border-radius: 10px; padding: 15px; max-width: 550px; font-family: sans-serif; box-shadow: 0 2px 5px rgba(0,0,0,0.1); width: 100%;\">\n\n      <!-- T\u00edtulo -->\n      <span style=\"display: block; margin: 0 0 15px 0; font-weight: bold; color: #2c3e50; text-align: center;\">\n        Entre em contato:\n      <\/span>\n\n      <!-- Linha do perfil -->\n      <span style=\"display: flex; align-items: center; gap: 15px;\">\n        <img decoding=\"async\"\n          src=\"https:\/\/www.correiobraziliense.com.br\/cbradar\/wp-content\/uploads\/2025\/08\/dra_anna_luisa.jpeg\"\n          alt=\"Foto da Dra. Anna Lu\u00edsa\"\n          style=\"border-radius: 50%; width: 80px; height: 80px; object-fit: cover;\"\n        \/>\n        <span style=\"display: flex; flex-direction: column;\">\n          <span style=\"font-size: 18px; font-weight: 700; color: #2c3e50;\">Dra. Anna Lu\u00edsa Barbosa Fernandes<\/span>\n          <span style=\"color: #555;\">CRM-GO 33.271<\/span>\n        <\/span>\n      <\/span>\n\n      <!-- Redes -->\n      <span style=\"display: flex; align-items: center; gap: 10px; margin-top: 12px;\">\n        <img decoding=\"async\" src=\"https:\/\/cdn-icons-png.flaticon.com\/24\/1384\/1384063.png\" alt=\"Instagram\" width=\"24\" height=\"24\" \/>\n        <span style=\"text-decoration: underline; color: #2c3e50;\">@dra.annaluisabf<\/span>\n      <\/span>\n\n    <\/span>\n  <\/a>","protected":false},"excerpt":{"rendered":"<p>Um recente estudo realizado com aproximadamente 8 mil pessoas ao longo de seis semanas trouxe novas perspectivas sobre m\u00e9todos eficazes para Reduzir o Consumo de \u00c1lcool. A pesquisa revelou que informa\u00e7\u00f5es educativas s\u00e3o mais impactantes quando combinadas com conselhos pr\u00e1ticos. Entre as estrat\u00e9gias testadas, a combina\u00e7\u00e3o de esclarecer os riscos do \u00e1lcool para o c\u00e2ncer [&hellip;]<\/p>\n","protected":false},"author":14,"featured_media":173933,"comment_status":"open","ping_status":"open","sticky":false,"template":"","format":"standard","meta":{"_yoast_wpseo_focuskw":"Reduzir o Consumo de \u00c1lcool","_yoast_wpseo_title":"","_yoast_wpseo_metadesc":"Estudo recente mostra como informa\u00e7\u00e3o e atitudes simples podem ajudar a reduzir o consumo de \u00e1lcool de forma consciente.","jnews-multi-image_gallery":[],"jnews_single_post":{"format":"standard"},"jnews_primary_category":[],"jnews_social_meta":[],"jnews_override_counter":[],"footnotes":""},"categories":[4404],"tags":[120,247,1318],"class_list":["post-179135","post","type-post","status-publish","format-standard","has-post-thumbnail","hentry","category-saude","tag-bem-estar","tag-qualidade-de-vida","tag-saude-2"],"yoast_head":"<!-- This site is optimized with the Yoast SEO plugin v24.6 - https:\/\/yoast.com\/wordpress\/plugins\/seo\/ -->\n<title>O h\u00e1bito f\u00e1cil que ajuda a reduzir o consumo de \u00e1lcool - Correio Braziliense - Radar<\/title>\n<meta name=\"description\" content=\"Estudo recente mostra como informa\u00e7\u00e3o e atitudes simples podem ajudar a reduzir o consumo de \u00e1lcool de forma consciente.\" \/>\n<meta name=\"robots\" content=\"index, follow, max-snippet:-1, max-image-preview:large, max-video-preview:-1\" \/>\n<link rel=\"canonical\" href=\"https:\/\/www.correiobraziliense.com.br\/cbradar\/o-habito-facil-que-ajuda-a-reduzir-o-consumo-de-alcool\/\" \/>\n<meta property=\"og:locale\" content=\"pt_BR\" \/>\n<meta property=\"og:type\" content=\"article\" \/>\n<meta property=\"og:title\" content=\"O h\u00e1bito f\u00e1cil que ajuda a reduzir o consumo de \u00e1lcool - Correio Braziliense - Radar\" \/>\n<meta property=\"og:description\" content=\"Estudo recente mostra como informa\u00e7\u00e3o e atitudes simples podem ajudar a reduzir o consumo de \u00e1lcool de forma consciente.\" \/>\n<meta property=\"og:url\" content=\"https:\/\/www.correiobraziliense.com.br\/cbradar\/o-habito-facil-que-ajuda-a-reduzir-o-consumo-de-alcool\/\" \/>\n<meta property=\"og:site_name\" content=\"Correio Braziliense - Radar\" \/>\n<meta property=\"article:published_time\" content=\"2026-01-22T21:25:00+00:00\" \/>\n<meta property=\"og:image\" content=\"https:\/\/www.correiobraziliense.com.br\/cbradar\/wp-content\/uploads\/2026\/01\/bebida-alcoolica_1768237052342-1.jpg\" \/>\n\t<meta property=\"og:image:width\" content=\"1280\" \/>\n\t<meta property=\"og:image:height\" content=\"720\" \/>\n\t<meta property=\"og:image:type\" content=\"image\/jpeg\" \/>\n<meta name=\"author\" content=\"guilherme_saude\" \/>\n<meta name=\"twitter:card\" content=\"summary_large_image\" \/>\n<meta name=\"twitter:label1\" content=\"Escrito por\" \/>\n\t<meta name=\"twitter:data1\" content=\"guilherme_saude\" \/>\n\t<meta name=\"twitter:label2\" content=\"Est. tempo de leitura\" \/>\n\t<meta name=\"twitter:data2\" content=\"4 minutos\" \/>\n<!-- \/ Yoast SEO plugin. -->","yoast_head_json":{"title":"O h\u00e1bito f\u00e1cil que ajuda a reduzir o consumo de \u00e1lcool - Correio Braziliense - Radar","description":"Estudo recente mostra como informa\u00e7\u00e3o e atitudes simples podem ajudar a reduzir o consumo de \u00e1lcool de forma consciente.","robots":{"index":"index","follow":"follow","max-snippet":"max-snippet:-1","max-image-preview":"max-image-preview:large","max-video-preview":"max-video-preview:-1"},"canonical":"https:\/\/www.correiobraziliense.com.br\/cbradar\/o-habito-facil-que-ajuda-a-reduzir-o-consumo-de-alcool\/","og_locale":"pt_BR","og_type":"article","og_title":"O h\u00e1bito f\u00e1cil que ajuda a reduzir o consumo de \u00e1lcool - Correio Braziliense - Radar","og_description":"Estudo recente mostra como informa\u00e7\u00e3o e atitudes simples podem ajudar a reduzir o consumo de \u00e1lcool de forma consciente.","og_url":"https:\/\/www.correiobraziliense.com.br\/cbradar\/o-habito-facil-que-ajuda-a-reduzir-o-consumo-de-alcool\/","og_site_name":"Correio Braziliense - Radar","article_published_time":"2026-01-22T21:25:00+00:00","og_image":[{"width":1280,"height":720,"url":"https:\/\/www.correiobraziliense.com.br\/cbradar\/wp-content\/uploads\/2026\/01\/bebida-alcoolica_1768237052342-1.jpg","type":"image\/jpeg"}],"author":"guilherme_saude","twitter_card":"summary_large_image","twitter_misc":{"Escrito por":"guilherme_saude","Est. tempo de leitura":"4 minutos"},"schema":{"@context":"https:\/\/schema.org","@graph":[{"@type":"WebPage","@id":"https:\/\/www.correiobraziliense.com.br\/cbradar\/o-habito-facil-que-ajuda-a-reduzir-o-consumo-de-alcool\/","url":"https:\/\/www.correiobraziliense.com.br\/cbradar\/o-habito-facil-que-ajuda-a-reduzir-o-consumo-de-alcool\/","name":"O h\u00e1bito f\u00e1cil que ajuda a reduzir o consumo de \u00e1lcool - Correio Braziliense - Radar","isPartOf":{"@id":"https:\/\/www.correiobraziliense.com.br\/cbradar\/#website"},"primaryImageOfPage":{"@id":"https:\/\/www.correiobraziliense.com.br\/cbradar\/o-habito-facil-que-ajuda-a-reduzir-o-consumo-de-alcool\/#primaryimage"},"image":{"@id":"https:\/\/www.correiobraziliense.com.br\/cbradar\/o-habito-facil-que-ajuda-a-reduzir-o-consumo-de-alcool\/#primaryimage"},"thumbnailUrl":"https:\/\/www.correiobraziliense.com.br\/cbradar\/wp-content\/uploads\/2026\/01\/bebida-alcoolica_1768237052342-1.jpg","datePublished":"2026-01-22T21:25:00+00:00","author":{"@id":"https:\/\/www.correiobraziliense.com.br\/cbradar\/#\/schema\/person\/5aa4bf3c8fa699c267933611de12978b"},"description":"Estudo recente mostra como informa\u00e7\u00e3o e atitudes simples podem ajudar a reduzir o consumo de \u00e1lcool de forma consciente.","breadcrumb":{"@id":"https:\/\/www.correiobraziliense.com.br\/cbradar\/o-habito-facil-que-ajuda-a-reduzir-o-consumo-de-alcool\/#breadcrumb"},"inLanguage":"pt-BR","potentialAction":[{"@type":"ReadAction","target":["https:\/\/www.correiobraziliense.com.br\/cbradar\/o-habito-facil-que-ajuda-a-reduzir-o-consumo-de-alcool\/"]}]},{"@type":"ImageObject","inLanguage":"pt-BR","@id":"https:\/\/www.correiobraziliense.com.br\/cbradar\/o-habito-facil-que-ajuda-a-reduzir-o-consumo-de-alcool\/#primaryimage","url":"https:\/\/www.correiobraziliense.com.br\/cbradar\/wp-content\/uploads\/2026\/01\/bebida-alcoolica_1768237052342-1.jpg","contentUrl":"https:\/\/www.correiobraziliense.com.br\/cbradar\/wp-content\/uploads\/2026\/01\/bebida-alcoolica_1768237052342-1.jpg","width":1280,"height":720,"caption":"Bebidas Alco\u00f3licas - Cr\u00e9ditos: depositphotos.com \/ jordan_rusev"},{"@type":"BreadcrumbList","@id":"https:\/\/www.correiobraziliense.com.br\/cbradar\/o-habito-facil-que-ajuda-a-reduzir-o-consumo-de-alcool\/#breadcrumb","itemListElement":[{"@type":"ListItem","position":1,"name":"In\u00edcio","item":"https:\/\/www.correiobraziliense.com.br\/cbradar\/"},{"@type":"ListItem","position":2,"name":"O h\u00e1bito f\u00e1cil que ajuda a reduzir o consumo de \u00e1lcool"}]},{"@type":"WebSite","@id":"https:\/\/www.correiobraziliense.com.br\/cbradar\/#website","url":"https:\/\/www.correiobraziliense.com.br\/cbradar\/","name":"Correio Braziliense - Radar","description":"Acompanhe as \u00faltimas not\u00edcias e fique bem informado sobre tudo o que acontece no Brasil e no mundo.","potentialAction":[{"@type":"SearchAction","target":{"@type":"EntryPoint","urlTemplate":"https:\/\/www.correiobraziliense.com.br\/cbradar\/?s={search_term_string}"},"query-input":{"@type":"PropertyValueSpecification","valueRequired":true,"valueName":"search_term_string"}}],"inLanguage":"pt-BR"},{"@type":"Person","@id":"https:\/\/www.correiobraziliense.com.br\/cbradar\/#\/schema\/person\/5aa4bf3c8fa699c267933611de12978b","name":"guilherme_saude","image":{"@type":"ImageObject","inLanguage":"pt-BR","@id":"https:\/\/www.correiobraziliense.com.br\/cbradar\/#\/schema\/person\/image\/","url":"https:\/\/secure.gravatar.com\/avatar\/df9adfb835d344bc0af109d41756253f?s=96&d=mm&r=g","contentUrl":"https:\/\/secure.gravatar.com\/avatar\/df9adfb835d344bc0af109d41756253f?s=96&d=mm&r=g","caption":"guilherme_saude"},"url":"https:\/\/www.correiobraziliense.com.br\/cbradar\/author\/guilherme_saude\/"}]}},"_links":{"self":[{"href":"https:\/\/www.correiobraziliense.com.br\/cbradar\/wp-json\/wp\/v2\/posts\/179135","targetHints":{"allow":["GET"]}}],"collection":[{"href":"https:\/\/www.correiobraziliense.com.br\/cbradar\/wp-json\/wp\/v2\/posts"}],"about":[{"href":"https:\/\/www.correiobraziliense.com.br\/cbradar\/wp-json\/wp\/v2\/types\/post"}],"author":[{"embeddable":true,"href":"https:\/\/www.correiobraziliense.com.br\/cbradar\/wp-json\/wp\/v2\/users\/14"}],"replies":[{"embeddable":true,"href":"https:\/\/www.correiobraziliense.com.br\/cbradar\/wp-json\/wp\/v2\/comments?post=179135"}],"version-history":[{"count":1,"href":"https:\/\/www.correiobraziliense.com.br\/cbradar\/wp-json\/wp\/v2\/posts\/179135\/revisions"}],"predecessor-version":[{"id":179138,"href":"https:\/\/www.correiobraziliense.com.br\/cbradar\/wp-json\/wp\/v2\/posts\/179135\/revisions\/179138"}],"wp:featuredmedia":[{"embeddable":true,"href":"https:\/\/www.correiobraziliense.com.br\/cbradar\/wp-json\/wp\/v2\/media\/173933"}],"wp:attachment":[{"href":"https:\/\/www.correiobraziliense.com.br\/cbradar\/wp-json\/wp\/v2\/media?parent=179135"}],"wp:term":[{"taxonomy":"category","embeddable":true,"href":"https:\/\/www.correiobraziliense.com.br\/cbradar\/wp-json\/wp\/v2\/categories?post=179135"},{"taxonomy":"post_tag","embeddable":true,"href":"https:\/\/www.correiobraziliense.com.br\/cbradar\/wp-json\/wp\/v2\/tags?post=179135"}],"curies":[{"name":"wp","href":"https:\/\/api.w.org\/{rel}","templated":true}]}}