{"id":179139,"date":"2026-01-22T20:25:00","date_gmt":"2026-01-22T23:25:00","guid":{"rendered":"https:\/\/www.correiobraziliense.com.br\/cbradar\/?p=179139"},"modified":"2026-01-21T11:23:35","modified_gmt":"2026-01-21T14:23:35","slug":"o-metodo-mais-eficaz-para-aliviar-dores-nas-costas","status":"publish","type":"post","link":"https:\/\/www.correiobraziliense.com.br\/cbradar\/o-metodo-mais-eficaz-para-aliviar-dores-nas-costas\/","title":{"rendered":"O m\u00e9todo mais eficaz para aliviar dores nas costas"},"content":{"rendered":"\n<p>As <strong>Dores nas Costas<\/strong> se posicionam entre as principais causas de visitas a consult\u00f3rios m\u00e9dicos, afetando um n\u00famero crescente de pessoas devido a fatores como m\u00e1 postura e sedentarismo. Na busca por m\u00e9todos eficazes para aliviar essas dores, o pilates tem se destacado como uma alternativa que alia fortalecimento e bem-estar, sem impacto agressivo ao corpo. Criado por Joseph Pilates, essa t\u00e9cnica visa o fortalecimento corporal atrav\u00e9s da combina\u00e7\u00e3o de for\u00e7a, controle, respira\u00e7\u00e3o e equil\u00edbrio, promovendo assim uma reeduca\u00e7\u00e3o postural e um aumento na qualidade de vida.<\/p>\n\n\n\n<p>A ativa\u00e7\u00e3o do que se denomina &#8220;centro de for\u00e7a&#8221; \u2014 m\u00fasculos profundos do abd\u00f4men, pelve e lombar \u2014 \u00e9 fundamental na pr\u00e1tica do pilates. Esses m\u00fasculos s\u00e3o essenciais para a estabilidade da coluna e a sustenta\u00e7\u00e3o do corpo durante atividades di\u00e1rias. Com o fortalecimento desses grupos musculares, ocorre uma melhora no alinhamento postural e na distribui\u00e7\u00e3o do peso, aliviando a sobrecarga dos discos intervertebrais e prevenindo crises de dores. Al\u00e9m disso, a pr\u00e1tica regular do pilates promove uma respira\u00e7\u00e3o mais eficaz e melhora na circula\u00e7\u00e3o sangu\u00ednea, o que impacta positivamente no bem-estar da coluna.<\/p>\n\n\n\n<h2 class=\"wp-block-heading\">Como o pilates beneficia a coluna vertebral?<\/h2>\n\n\n\n<p>Os movimentos caracter\u00edsticos do pilates s\u00e3o realizados de forma lenta e controlada, sempre sincronizados com a respira\u00e7\u00e3o. Isso n\u00e3o apenas possibilita o alinhamento adequado da coluna, como tamb\u00e9m assegura que os discos intervertebrais permane\u00e7am <a href=\"https:\/\/www.correiobraziliense.com.br\/cbradar\/cabeca-achatada-em-bebes-merece-atencao\/\" target=\"_blank\" rel=\"noreferrer noopener\">saud\u00e1veis <\/a>e hidratados. Com o tempo, essa pr\u00e1tica estimula a mobilidade, diminui a rigidez e melhora a flexibilidade corporal. Desta forma, o pilates propicia um equil\u00edbrio entre for\u00e7a e alongamento, prevenindo compensa\u00e7\u00f5es posturais negativas e tornando o dia a dia mais confort\u00e1vel e sem dor.<\/p>\n\n\n\n<h2 class=\"wp-block-heading\">Quanto tempo leva para observar resultados no pilates?<\/h2>\n\n\n\n<p>Os praticantes de pilates reportam al\u00edvio significativo nas Dores nas Costas j\u00e1 nas primeiras semanas. Conforme especialistas, melhora vis\u00edvel ocorre entre quatro a oito semanas de pr\u00e1tica regular. A frequ\u00eancia ideal para alcan\u00e7ar tais resultados \u00e9 de duas a tr\u00eas aulas semanais. A partir de ent\u00e3o, a continuidade na pr\u00e1tica \u00e9 essencial n\u00e3o apenas para manter os benef\u00edcios alcan\u00e7ados, mas tamb\u00e9m para prevenir o retorno das dores e potencializar o desempenho em outras atividades f\u00edsicas.<\/p>\n\n\n\n<figure class=\"wp-block-image aligncenter size-large\"><img decoding=\"async\" width=\"1024\" height=\"576\" src=\"https:\/\/www.correiobraziliense.com.br\/cbradar\/wp-content\/uploads\/2025\/05\/pilates_1746814607312-1024x576.jpg\" alt=\"\" class=\"wp-image-34580\" srcset=\"https:\/\/www.correiobraziliense.com.br\/cbradar\/wp-content\/uploads\/2025\/05\/pilates_1746814607312-1024x576.jpg 1024w, https:\/\/www.correiobraziliense.com.br\/cbradar\/wp-content\/uploads\/2025\/05\/pilates_1746814607312-300x169.jpg 300w, https:\/\/www.correiobraziliense.com.br\/cbradar\/wp-content\/uploads\/2025\/05\/pilates_1746814607312-768x432.jpg 768w, https:\/\/www.correiobraziliense.com.br\/cbradar\/wp-content\/uploads\/2025\/05\/pilates_1746814607312-750x422.jpg 750w, https:\/\/www.correiobraziliense.com.br\/cbradar\/wp-content\/uploads\/2025\/05\/pilates_1746814607312-1140x641.jpg 1140w, https:\/\/www.correiobraziliense.com.br\/cbradar\/wp-content\/uploads\/2025\/05\/pilates_1746814607312.jpg 1280w\" sizes=\"(max-width: 1024px) 100vw, 1024px\" \/><figcaption class=\"wp-element-caption\">descubra por que o Pilates \u00e9 mais que um exerc\u00edcio f\u00edsico &#8211; Cr\u00e9ditos: depositphotos.com \/ HayDmitriy\n<\/figcaption><\/figure>\n\n\n\n<h2 class=\"wp-block-heading\">Pilates solo ou com aparelhos: qual op\u00e7\u00e3o escolher?<\/h2>\n\n\n\n<p>O pilates pode ser praticado tanto no ch\u00e3o, utilizando acess\u00f3rios leves como bolas e faixas el\u00e1sticas, quanto com o aux\u00edlio de aparelhos, como o Reformer e o Cadillac. Ambos apresentam vantagens distintas e a escolha ideal depende das necessidades individuais de cada praticante. Enquanto o pilates solo \u00e9 indicado para iniciantes que desejam compreender os princ\u00edpios b\u00e1sicos do m\u00e9todo, os aparelhos oferecem um suporte ideal para ajustar os movimentos com precis\u00e3o, sendo recomendados para aqueles em reabilita\u00e7\u00e3o ou com dores intensas.<\/p>\n\n\n\n<h2 class=\"wp-block-heading\">Quem pode praticar pilates?<\/h2>\n\n\n\n<p>O pilates \u00e9 uma pr\u00e1tica bastante acess\u00edvel, compat\u00edvel com uma ampla faixa et\u00e1ria, desde jovens at\u00e9 idosos, incluindo gestantes. Ele \u00e9 adapt\u00e1vel \u00e0s necessidades individuais, tornando-se uma excelente escolha para pessoas com condi\u00e7\u00f5es como dor lombar, h\u00e9rnia de disco e escoliose. Al\u00e9m disso, o m\u00e9todo \u00e9 valioso n\u00e3o apenas para reabilita\u00e7\u00e3o, mas tamb\u00e9m como complemento para outras atividades f\u00edsicas, melhorando postura, flexibilidade e consci\u00eancia corporal.<\/p>\n\n\n\n<p>\u00c9 importante ressaltar que um erro comum entre iniciantes \u00e9 subestimar a complexidade do pilates, encarando-o apenas como alongamento. Na realidade, ele exige controle preciso e consci\u00eancia corporal, sendo um processo progressivo que fortalece o corpo de dentro para fora, devendo ser praticado com paci\u00eancia e sob supervis\u00e3o adequada para evitar agravamento das dores. Ao integrar o pilates ao cotidiano, muitos encontram n\u00e3o apenas al\u00edvio f\u00edsico, mas tamb\u00e9m benef\u00edcios psicol\u00f3gicos, como a redu\u00e7\u00e3o do estresse e a melhora na qualidade de vida.<\/p>\n\n\n<a href=\"https:\/\/www.instagram.com\/dra.annaluisabf\/\" target=\"_blank\" rel=\"noopener\" style=\"text-decoration: none; color: inherit;\">\n    <span style=\"display: inline-block; border: 1px solid #ccc; border-radius: 10px; padding: 15px; max-width: 550px; font-family: sans-serif; box-shadow: 0 2px 5px rgba(0,0,0,0.1); width: 100%;\">\n\n      <!-- T\u00edtulo -->\n      <span style=\"display: block; margin: 0 0 15px 0; font-weight: bold; color: #2c3e50; text-align: center;\">\n        Entre em contato:\n      <\/span>\n\n      <!-- Linha do perfil -->\n      <span style=\"display: flex; align-items: center; gap: 15px;\">\n        <img decoding=\"async\"\n          src=\"https:\/\/www.correiobraziliense.com.br\/cbradar\/wp-content\/uploads\/2025\/08\/dra_anna_luisa.jpeg\"\n          alt=\"Foto da Dra. Anna Lu\u00edsa\"\n          style=\"border-radius: 50%; width: 80px; height: 80px; object-fit: cover;\"\n        \/>\n        <span style=\"display: flex; flex-direction: column;\">\n          <span style=\"font-size: 18px; font-weight: 700; color: #2c3e50;\">Dra. Anna Lu\u00edsa Barbosa Fernandes<\/span>\n          <span style=\"color: #555;\">CRM-GO 33.271<\/span>\n        <\/span>\n      <\/span>\n\n      <!-- Redes -->\n      <span style=\"display: flex; align-items: center; gap: 10px; margin-top: 12px;\">\n        <img decoding=\"async\" src=\"https:\/\/cdn-icons-png.flaticon.com\/24\/1384\/1384063.png\" alt=\"Instagram\" width=\"24\" height=\"24\" \/>\n        <span style=\"text-decoration: underline; color: #2c3e50;\">@dra.annaluisabf<\/span>\n      <\/span>\n\n    <\/span>\n  <\/a>","protected":false},"excerpt":{"rendered":"<p>As Dores nas Costas se posicionam entre as principais causas de visitas a consult\u00f3rios m\u00e9dicos, afetando um n\u00famero crescente de pessoas devido a fatores como m\u00e1 postura e sedentarismo. Na busca por m\u00e9todos eficazes para aliviar essas dores, o pilates tem se destacado como uma alternativa que alia fortalecimento e bem-estar, sem impacto agressivo ao [&hellip;]<\/p>\n","protected":false},"author":14,"featured_media":39424,"comment_status":"open","ping_status":"open","sticky":false,"template":"","format":"standard","meta":{"_yoast_wpseo_focuskw":"Dores nas Costas","_yoast_wpseo_title":"","_yoast_wpseo_metadesc":"O pilates fortalece a musculatura profunda, melhora a postura e pode aliviar dores nas costas de forma segura e progressiva.","jnews-multi-image_gallery":[],"jnews_single_post":{"format":"standard"},"jnews_primary_category":[],"jnews_social_meta":[],"jnews_override_counter":[],"footnotes":""},"categories":[4404],"tags":[120,247,1318],"class_list":["post-179139","post","type-post","status-publish","format-standard","has-post-thumbnail","hentry","category-saude","tag-bem-estar","tag-qualidade-de-vida","tag-saude-2"],"yoast_head":"<!-- This site is optimized with the Yoast SEO plugin v24.6 - https:\/\/yoast.com\/wordpress\/plugins\/seo\/ -->\n<title>O m\u00e9todo mais eficaz para aliviar dores nas costas - Correio Braziliense - Radar<\/title>\n<meta name=\"description\" content=\"O pilates fortalece a musculatura profunda, melhora a postura e pode aliviar dores nas costas de forma segura e progressiva.\" \/>\n<meta name=\"robots\" content=\"index, follow, max-snippet:-1, max-image-preview:large, max-video-preview:-1\" \/>\n<link rel=\"canonical\" href=\"https:\/\/www.correiobraziliense.com.br\/cbradar\/o-metodo-mais-eficaz-para-aliviar-dores-nas-costas\/\" \/>\n<meta property=\"og:locale\" content=\"pt_BR\" \/>\n<meta property=\"og:type\" content=\"article\" \/>\n<meta property=\"og:title\" content=\"O m\u00e9todo mais eficaz para aliviar dores nas costas - Correio Braziliense - Radar\" \/>\n<meta property=\"og:description\" content=\"O pilates fortalece a musculatura profunda, melhora a postura e pode aliviar dores nas costas de forma segura e progressiva.\" \/>\n<meta property=\"og:url\" content=\"https:\/\/www.correiobraziliense.com.br\/cbradar\/o-metodo-mais-eficaz-para-aliviar-dores-nas-costas\/\" \/>\n<meta property=\"og:site_name\" content=\"Correio Braziliense - Radar\" \/>\n<meta property=\"article:published_time\" content=\"2026-01-22T23:25:00+00:00\" \/>\n<meta property=\"og:image\" content=\"https:\/\/www.correiobraziliense.com.br\/cbradar\/wp-content\/uploads\/2025\/05\/fisioterapia_1747673338981.jpg\" \/>\n\t<meta property=\"og:image:width\" content=\"1280\" \/>\n\t<meta property=\"og:image:height\" content=\"720\" \/>\n\t<meta property=\"og:image:type\" content=\"image\/jpeg\" \/>\n<meta name=\"author\" content=\"guilherme_saude\" \/>\n<meta name=\"twitter:card\" content=\"summary_large_image\" \/>\n<meta name=\"twitter:label1\" content=\"Escrito por\" \/>\n\t<meta name=\"twitter:data1\" content=\"guilherme_saude\" \/>\n\t<meta name=\"twitter:label2\" content=\"Est. tempo de leitura\" \/>\n\t<meta name=\"twitter:data2\" content=\"5 minutos\" \/>\n<!-- \/ Yoast SEO plugin. -->","yoast_head_json":{"title":"O m\u00e9todo mais eficaz para aliviar dores nas costas - Correio Braziliense - Radar","description":"O pilates fortalece a musculatura profunda, melhora a postura e pode aliviar dores nas costas de forma segura e progressiva.","robots":{"index":"index","follow":"follow","max-snippet":"max-snippet:-1","max-image-preview":"max-image-preview:large","max-video-preview":"max-video-preview:-1"},"canonical":"https:\/\/www.correiobraziliense.com.br\/cbradar\/o-metodo-mais-eficaz-para-aliviar-dores-nas-costas\/","og_locale":"pt_BR","og_type":"article","og_title":"O m\u00e9todo mais eficaz para aliviar dores nas costas - Correio Braziliense - Radar","og_description":"O pilates fortalece a musculatura profunda, melhora a postura e pode aliviar dores nas costas de forma segura e progressiva.","og_url":"https:\/\/www.correiobraziliense.com.br\/cbradar\/o-metodo-mais-eficaz-para-aliviar-dores-nas-costas\/","og_site_name":"Correio Braziliense - Radar","article_published_time":"2026-01-22T23:25:00+00:00","og_image":[{"width":1280,"height":720,"url":"https:\/\/www.correiobraziliense.com.br\/cbradar\/wp-content\/uploads\/2025\/05\/fisioterapia_1747673338981.jpg","type":"image\/jpeg"}],"author":"guilherme_saude","twitter_card":"summary_large_image","twitter_misc":{"Escrito por":"guilherme_saude","Est. tempo de leitura":"5 minutos"},"schema":{"@context":"https:\/\/schema.org","@graph":[{"@type":"WebPage","@id":"https:\/\/www.correiobraziliense.com.br\/cbradar\/o-metodo-mais-eficaz-para-aliviar-dores-nas-costas\/","url":"https:\/\/www.correiobraziliense.com.br\/cbradar\/o-metodo-mais-eficaz-para-aliviar-dores-nas-costas\/","name":"O m\u00e9todo mais eficaz para aliviar dores nas costas - Correio Braziliense - Radar","isPartOf":{"@id":"https:\/\/www.correiobraziliense.com.br\/cbradar\/#website"},"primaryImageOfPage":{"@id":"https:\/\/www.correiobraziliense.com.br\/cbradar\/o-metodo-mais-eficaz-para-aliviar-dores-nas-costas\/#primaryimage"},"image":{"@id":"https:\/\/www.correiobraziliense.com.br\/cbradar\/o-metodo-mais-eficaz-para-aliviar-dores-nas-costas\/#primaryimage"},"thumbnailUrl":"https:\/\/www.correiobraziliense.com.br\/cbradar\/wp-content\/uploads\/2025\/05\/fisioterapia_1747673338981.jpg","datePublished":"2026-01-22T23:25:00+00:00","author":{"@id":"https:\/\/www.correiobraziliense.com.br\/cbradar\/#\/schema\/person\/5aa4bf3c8fa699c267933611de12978b"},"description":"O pilates fortalece a musculatura profunda, melhora a postura e pode aliviar dores nas costas de forma segura e progressiva.","breadcrumb":{"@id":"https:\/\/www.correiobraziliense.com.br\/cbradar\/o-metodo-mais-eficaz-para-aliviar-dores-nas-costas\/#breadcrumb"},"inLanguage":"pt-BR","potentialAction":[{"@type":"ReadAction","target":["https:\/\/www.correiobraziliense.com.br\/cbradar\/o-metodo-mais-eficaz-para-aliviar-dores-nas-costas\/"]}]},{"@type":"ImageObject","inLanguage":"pt-BR","@id":"https:\/\/www.correiobraziliense.com.br\/cbradar\/o-metodo-mais-eficaz-para-aliviar-dores-nas-costas\/#primaryimage","url":"https:\/\/www.correiobraziliense.com.br\/cbradar\/wp-content\/uploads\/2025\/05\/fisioterapia_1747673338981.jpg","contentUrl":"https:\/\/www.correiobraziliense.com.br\/cbradar\/wp-content\/uploads\/2025\/05\/fisioterapia_1747673338981.jpg","width":1280,"height":720,"caption":"Dor nas Costas - Cr\u00e9ditos: depositphotos.com \/ HayDmitriy"},{"@type":"BreadcrumbList","@id":"https:\/\/www.correiobraziliense.com.br\/cbradar\/o-metodo-mais-eficaz-para-aliviar-dores-nas-costas\/#breadcrumb","itemListElement":[{"@type":"ListItem","position":1,"name":"In\u00edcio","item":"https:\/\/www.correiobraziliense.com.br\/cbradar\/"},{"@type":"ListItem","position":2,"name":"O m\u00e9todo mais eficaz para aliviar dores nas costas"}]},{"@type":"WebSite","@id":"https:\/\/www.correiobraziliense.com.br\/cbradar\/#website","url":"https:\/\/www.correiobraziliense.com.br\/cbradar\/","name":"Correio Braziliense - Radar","description":"Acompanhe as \u00faltimas not\u00edcias e fique bem informado sobre tudo o que acontece no Brasil e no mundo.","potentialAction":[{"@type":"SearchAction","target":{"@type":"EntryPoint","urlTemplate":"https:\/\/www.correiobraziliense.com.br\/cbradar\/?s={search_term_string}"},"query-input":{"@type":"PropertyValueSpecification","valueRequired":true,"valueName":"search_term_string"}}],"inLanguage":"pt-BR"},{"@type":"Person","@id":"https:\/\/www.correiobraziliense.com.br\/cbradar\/#\/schema\/person\/5aa4bf3c8fa699c267933611de12978b","name":"guilherme_saude","image":{"@type":"ImageObject","inLanguage":"pt-BR","@id":"https:\/\/www.correiobraziliense.com.br\/cbradar\/#\/schema\/person\/image\/","url":"https:\/\/secure.gravatar.com\/avatar\/df9adfb835d344bc0af109d41756253f?s=96&d=mm&r=g","contentUrl":"https:\/\/secure.gravatar.com\/avatar\/df9adfb835d344bc0af109d41756253f?s=96&d=mm&r=g","caption":"guilherme_saude"},"url":"https:\/\/www.correiobraziliense.com.br\/cbradar\/author\/guilherme_saude\/"}]}},"_links":{"self":[{"href":"https:\/\/www.correiobraziliense.com.br\/cbradar\/wp-json\/wp\/v2\/posts\/179139","targetHints":{"allow":["GET"]}}],"collection":[{"href":"https:\/\/www.correiobraziliense.com.br\/cbradar\/wp-json\/wp\/v2\/posts"}],"about":[{"href":"https:\/\/www.correiobraziliense.com.br\/cbradar\/wp-json\/wp\/v2\/types\/post"}],"author":[{"embeddable":true,"href":"https:\/\/www.correiobraziliense.com.br\/cbradar\/wp-json\/wp\/v2\/users\/14"}],"replies":[{"embeddable":true,"href":"https:\/\/www.correiobraziliense.com.br\/cbradar\/wp-json\/wp\/v2\/comments?post=179139"}],"version-history":[{"count":1,"href":"https:\/\/www.correiobraziliense.com.br\/cbradar\/wp-json\/wp\/v2\/posts\/179139\/revisions"}],"predecessor-version":[{"id":179140,"href":"https:\/\/www.correiobraziliense.com.br\/cbradar\/wp-json\/wp\/v2\/posts\/179139\/revisions\/179140"}],"wp:featuredmedia":[{"embeddable":true,"href":"https:\/\/www.correiobraziliense.com.br\/cbradar\/wp-json\/wp\/v2\/media\/39424"}],"wp:attachment":[{"href":"https:\/\/www.correiobraziliense.com.br\/cbradar\/wp-json\/wp\/v2\/media?parent=179139"}],"wp:term":[{"taxonomy":"category","embeddable":true,"href":"https:\/\/www.correiobraziliense.com.br\/cbradar\/wp-json\/wp\/v2\/categories?post=179139"},{"taxonomy":"post_tag","embeddable":true,"href":"https:\/\/www.correiobraziliense.com.br\/cbradar\/wp-json\/wp\/v2\/tags?post=179139"}],"curies":[{"name":"wp","href":"https:\/\/api.w.org\/{rel}","templated":true}]}}