{"id":179163,"date":"2026-01-23T08:55:41","date_gmt":"2026-01-23T11:55:41","guid":{"rendered":"https:\/\/www.correiobraziliense.com.br\/cbradar\/?p=179163"},"modified":"2026-01-22T15:45:12","modified_gmt":"2026-01-22T18:45:12","slug":"infusao-de-folhas-que-ajuda-a-acelerar-a-cicatrizacao-de-cortes-machucados-rasos-e-contusoes-leves","status":"publish","type":"post","link":"https:\/\/www.correiobraziliense.com.br\/cbradar\/infusao-de-folhas-que-ajuda-a-acelerar-a-cicatrizacao-de-cortes-machucados-rasos-e-contusoes-leves\/","title":{"rendered":"Infus\u00e3o de folhas que ajuda a acelerar a cicatriza\u00e7\u00e3o de cortes, machucados rasos e contus\u00f5es leves"},"content":{"rendered":"\n<p>Imagine algu\u00e9m da sua fam\u00edlia indicando o uso de ch\u00e1 de confrei para um machucado que parece demorar a fechar. Essa cena \u00e9 comum em muitas casas, pois o ch\u00e1 de folha de confrei \u00e9 tradicionalmente lembrado como aliado da pele, sobretudo em situa\u00e7\u00f5es que envolvem a regenera\u00e7\u00e3o de tecidos superficiais. Ao longo de d\u00e9cadas, essa planta tem sido inclu\u00edda em compressas, cataplasmas e pomadas artesanais, sempre com a recomenda\u00e7\u00e3o de n\u00e3o ser ingerida. Em 2026, ainda permanece a orienta\u00e7\u00e3o de que o <strong>confrei<\/strong> seja utilizado apenas de forma t\u00f3pica, devido \u00e0 presen\u00e7a de subst\u00e2ncias potencialmente t\u00f3xicas para o f\u00edgado.<\/p>\n\n\n\n<h2 class=\"wp-block-heading\">O que \u00e9 o ch\u00e1 de folha de confrei para uso externo e como ele funciona<\/h2>\n\n\n\n<p>A planta \u00e9 conhecida pelo nome cient\u00edfico <strong>Symphytum officinale<\/strong> e \u00e9 associada \u00e0 ideia de cicatriza\u00e7\u00e3o r\u00e1pida, o que torna o ch\u00e1 de folha de confrei um ponto de interesse para quem busca apoio na recupera\u00e7\u00e3o da pele. No entanto, o uso seguro exige aten\u00e7\u00e3o a detalhes como frequ\u00eancia, forma de preparo, tempo de aplica\u00e7\u00e3o e tipo de les\u00e3o em que ser\u00e1 utilizado.<\/p>\n\n\n\n<p>O chamado \u201cch\u00e1\u201d de folha de confrei, para aplica\u00e7\u00e3o na pele, \u00e9 uma infus\u00e3o concentrada preparada com \u00e1gua quente e folhas secas ou frescas da planta. Diferentemente do consumo por via oral, esse l\u00edquido \u00e9 usado como base para compressas, banhos de assento, enx\u00e1gues ou para umedecer gazes e panos limpos, sendo sempre associado a uso externo.<\/p>\n\n\n<div class=\"wp-block-image\">\n<figure class=\"aligncenter size-large\"><img decoding=\"async\" width=\"1024\" height=\"576\" src=\"https:\/\/www.correiobraziliense.com.br\/cbradar\/wp-content\/uploads\/2026\/01\/confrei_1769042046930-1024x576.jpg\" alt=\"\" class=\"wp-image-179408\" srcset=\"https:\/\/www.correiobraziliense.com.br\/cbradar\/wp-content\/uploads\/2026\/01\/confrei_1769042046930-1024x576.jpg 1024w, https:\/\/www.correiobraziliense.com.br\/cbradar\/wp-content\/uploads\/2026\/01\/confrei_1769042046930-300x169.jpg 300w, https:\/\/www.correiobraziliense.com.br\/cbradar\/wp-content\/uploads\/2026\/01\/confrei_1769042046930-768x432.jpg 768w, https:\/\/www.correiobraziliense.com.br\/cbradar\/wp-content\/uploads\/2026\/01\/confrei_1769042046930-750x422.jpg 750w, https:\/\/www.correiobraziliense.com.br\/cbradar\/wp-content\/uploads\/2026\/01\/confrei_1769042046930-1140x641.jpg 1140w, https:\/\/www.correiobraziliense.com.br\/cbradar\/wp-content\/uploads\/2026\/01\/confrei_1769042046930.jpg 1280w\" sizes=\"(max-width: 1024px) 100vw, 1024px\" \/><figcaption class=\"wp-element-caption\">A planta \u00e9 conhecida pelo nome cient\u00edfico Symphytum officinale e \u00e9 associada \u00e0 ideia de cicatriza\u00e7\u00e3o r\u00e1pida &#8211; Cr\u00e9ditos: depositphotos.com \/ orestligetka.ukr.net<\/figcaption><\/figure><\/div>\n\n\n<p>Leia tamb\u00e9m:&nbsp;<a href=\"https:\/\/www.correiobraziliense.com.br\/cbradar\/o-verde-digestivo-que-virou-queridinho-das-hortas-por-ser-simples-de-plantar\/\" target=\"_blank\" rel=\"noopener\">O verde digestivo que virou queridinho das hortas por ser simples de plantar<\/a><\/p>\n\n\n\n<h2 class=\"wp-block-heading\">Quais componentes do ch\u00e1 de confrei ajudam na pele<\/h2>\n\n\n\n<p>Entre os componentes mais citados na literatura est\u00e3o a alanto\u00edna, mucilagens e taninos, que ajudam a explicar o interesse em rela\u00e7\u00e3o ao confrei. A alanto\u00edna \u00e9 frequentemente relacionada \u00e0 promo\u00e7\u00e3o da regenera\u00e7\u00e3o celular, enquanto as mucilagens podem formar uma esp\u00e9cie de pel\u00edcula hidratante sobre a pele.<\/p>\n\n\n\n<p>J\u00e1 os taninos s\u00e3o associados \u00e0 a\u00e7\u00e3o adstringente, que pode auxiliar na redu\u00e7\u00e3o de secre\u00e7\u00f5es locais, especialmente em pequenas les\u00f5es. Essa combina\u00e7\u00e3o ajuda a explicar por que o ch\u00e1 de folha de confrei \u00e9 t\u00e3o procurado em situa\u00e7\u00f5es de ferimentos superficiais, escoria\u00e7\u00f5es leves e pequenas irrita\u00e7\u00f5es cut\u00e2neas do dia a dia.<\/p>\n\n\n\n<h2 class=\"wp-block-heading\">Para que serve o ch\u00e1 de folha de confrei na regenera\u00e7\u00e3o da pele<\/h2>\n\n\n\n<p>No contexto de uso externo, o ch\u00e1 de folha de confrei \u00e9 utilizado como coadjuvante em processos de regenera\u00e7\u00e3o tecidual. Relatos tradicionais e alguns estudos apontam que preparos com <strong>confrei<\/strong> podem contribuir para acelerar a recupera\u00e7\u00e3o de pequenos cortes, machucados rasos e hematomas leves, quando n\u00e3o h\u00e1 infec\u00e7\u00e3o ativa ou sangramento intenso.<\/p>\n\n\n\n<p>Al\u00e9m da cicatriza\u00e7\u00e3o, o confrei tamb\u00e9m costuma ser mencionado em situa\u00e7\u00f5es de dores musculares e articulares leves, tor\u00e7\u00f5es e contus\u00f5es, quando usado em compressas mornas. Outra aplica\u00e7\u00e3o relatada \u00e9 em rachaduras na pele, como em calcanhares muito ressecados, sempre observando poss\u00edveis sinais de irrita\u00e7\u00e3o, alergia ou desconforto. Se voc\u00ea gosta de ouvir opini\u00e3o de profissionais, separamos esse v\u00eddeo do canal <a href=\"https:\/\/www.youtube.com\/@julioluchmann\" target=\"_blank\" rel=\"noreferrer noopener\">Julio Luchmann<\/a> falando sobre os benef\u00edcios do confrei:<\/p>\n\n\n\n<figure class=\"wp-block-embed is-type-video is-provider-youtube wp-block-embed-youtube wp-embed-aspect-16-9 wp-has-aspect-ratio\"><div class=\"wp-block-embed__wrapper\">\n<div class=\"jeg_video_container jeg_video_content\"><iframe loading=\"lazy\" title=\"EXTRAORDIN\u00c1RIAS Propriedades medicinais do CONFREI: Aprenda o modo correto de usar\" width=\"500\" height=\"281\" src=\"https:\/\/www.youtube.com\/embed\/KhhSSGmFLsg?start=70&#038;feature=oembed\" frameborder=\"0\" allow=\"accelerometer; autoplay; clipboard-write; encrypted-media; gyroscope; picture-in-picture; web-share\" referrerpolicy=\"strict-origin-when-cross-origin\" allowfullscreen><\/iframe><\/div>\n<\/div><\/figure>\n\n\n\n<h2 class=\"wp-block-heading\">Como preparar e utilizar o ch\u00e1 de confrei com seguran\u00e7a em casa<\/h2>\n\n\n\n<p>O preparo do ch\u00e1 de confrei para uso externo segue passos simples, mas que exigem aten\u00e7\u00e3o. Em geral, utiliza-se \u00e1gua fervente sobre as folhas e deixa-se em repouso por alguns minutos, para ent\u00e3o coar e aguardar que atinja temperatura morna antes da aplica\u00e7\u00e3o na pele.<\/p>\n\n\n\n<p>A aplica\u00e7\u00e3o diretamente quente \u00e9 desaconselhada, pois pode provocar queimaduras e agravar o quadro da pele j\u00e1 sensibilizada. Tamb\u00e9m \u00e9 importante que os utens\u00edlios utilizados estejam limpos, a fim de reduzir o risco de contamina\u00e7\u00f5es e ajudar a manter a regi\u00e3o o mais protegida poss\u00edvel.<\/p>\n\n\n\n<h2 class=\"wp-block-heading\">Quais cuidados essenciais ter ao usar ch\u00e1 de confrei na pele<\/h2>\n\n\n\n<p>Antes de incluir o confrei na rotina, \u00e9 importante conhecer alguns cuidados b\u00e1sicos para usar essa planta de forma mais respons\u00e1vel. A lista abaixo resume atitudes simples que podem fazer diferen\u00e7a na seguran\u00e7a do uso no dia a dia, especialmente em casa.<\/p>\n\n\n\n<ul class=\"wp-block-list\">\n<li>Evitar o uso interno do <strong>confrei<\/strong>, em ch\u00e1 ou c\u00e1psulas, por causa de alcaloides pirrolizid\u00ednicos.<\/li>\n\n\n\n<li>N\u00e3o aplicar sobre feridas profundas, abertas ou com sinais de infec\u00e7\u00e3o evidente.<\/li>\n\n\n\n<li>Limitar o tempo de uso cont\u00ednuo, buscando orienta\u00e7\u00e3o profissional em tratamentos prolongados.<\/li>\n\n\n\n<li>Realizar um teste em pequena \u00e1rea da pele antes da primeira aplica\u00e7\u00e3o para observar poss\u00edveis rea\u00e7\u00f5es.<\/li>\n<\/ul>\n\n\n\n<p>Para organizar as principais informa\u00e7\u00f5es sobre o ch\u00e1 de folha de confrei de forma pr\u00e1tica, a tabela a seguir resume usos, forma de aplica\u00e7\u00e3o e cuidados essenciais no dia a dia. Assim, fica mais f\u00e1cil visualizar em quais situa\u00e7\u00f5es ele pode ser apenas um complemento e quando \u00e9 melhor procurar ajuda profissional.<\/p>\n\n\n\n<figure class=\"wp-block-table is-style-stripes\"><table class=\"has-vivid-red-color has-text-color has-link-color has-fixed-layout\"><tbody><tr><th><strong>Aspecto<\/strong><\/th><th><strong>Descri\u00e7\u00e3o<\/strong><\/th><\/tr><tr><td>Uso principal<\/td><td>Aplica\u00e7\u00e3o externa em apoio \u00e0 regenera\u00e7\u00e3o da pele e dos tecidos superficiais.<\/td><\/tr><tr><td>Formas de aplica\u00e7\u00e3o<\/td><td>Compressas, cataplasmas, banhos locais, umedecimento de gazes e panos limpos.<\/td><\/tr><tr><td>Partes utilizadas<\/td><td>Folhas frescas ou secas, geralmente preparadas em infus\u00e3o concentrada.<\/td><\/tr><tr><td>Poss\u00edveis benef\u00edcios<\/td><td>Apoio \u00e0 cicatriza\u00e7\u00e3o de pequenas les\u00f5es, al\u00edvio local em contus\u00f5es e irrita\u00e7\u00f5es leves.<\/td><\/tr><tr><td>Riscos principais<\/td><td>Presen\u00e7a de alcaloides pirrolizid\u00ednicos, com potencial toxicidade hep\u00e1tica em uso interno ou prolongado.<\/td><\/tr><tr><td>Cuidados de seguran\u00e7a<\/td><td>Uso exclusivamente externo, por tempo limitado e evitando feridas profundas ou infectadas.<\/td><\/tr><tr><td>Orienta\u00e7\u00e3o profissional<\/td><td>Recomendada em casos de doen\u00e7as de pele recorrentes, les\u00f5es extensas ou uso em crian\u00e7as, gestantes e idosos.<\/td><\/tr><\/tbody><\/table><\/figure>\n\n\n\n<h2 class=\"wp-block-heading\">O ch\u00e1 de confrei substitui tratamentos m\u00e9dicos tradicionais<\/h2>\n\n\n\n<p>Apesar da fama ligada \u00e0 regenera\u00e7\u00e3o, o ch\u00e1 de folha de confrei n\u00e3o \u00e9 classificado como tratamento \u00fanico ou completo para problemas de pele ou les\u00f5es musculares. Na pr\u00e1tica, \u00e9 visto como um recurso complementar, que pode ser associado a curativos adequados, higiene correta da regi\u00e3o e, quando necess\u00e1rio, medicamentos prescritos por um profissional de sa\u00fade.<\/p>\n\n\n\n<p>A automedica\u00e7\u00e3o com plantas que cont\u00eam subst\u00e2ncias ativas potentes pode mascarar sintomas importantes e atrasar o diagn\u00f3stico de condi\u00e7\u00f5es mais s\u00e9rias. Em 2026, \u00f3rg\u00e3os reguladores e diretrizes de fitoterapia mant\u00eam o alerta em rela\u00e7\u00e3o ao <strong>confrei<\/strong>, recomendando prud\u00eancia, observa\u00e7\u00e3o de rea\u00e7\u00f5es adversas e consulta a profissionais habilitados, principalmente em casos de uso frequente.<\/p>\n","protected":false},"excerpt":{"rendered":"<p>Imagine algu\u00e9m da sua fam\u00edlia indicando o uso de ch\u00e1 de confrei para um machucado que parece demorar a fechar. Essa cena \u00e9 comum em muitas casas, pois o ch\u00e1 de folha de confrei \u00e9 tradicionalmente lembrado como aliado da pele, sobretudo em situa\u00e7\u00f5es que envolvem a regenera\u00e7\u00e3o de tecidos superficiais. Ao longo de d\u00e9cadas, [&hellip;]<\/p>\n","protected":false},"author":9,"featured_media":179671,"comment_status":"open","ping_status":"open","sticky":false,"template":"","format":"standard","meta":{"_yoast_wpseo_focuskw":"ch\u00e1 de folha de confrei","_yoast_wpseo_title":"","_yoast_wpseo_metadesc":"Infus\u00e3o de folhas para uso externo pode apoiar cicatriza\u00e7\u00e3o de pequenas les\u00f5es, contus\u00f5es leves e irrita\u00e7\u00f5es, sem riscos ao f\u00edgado.","jnews-multi-image_gallery":[],"jnews_single_post":{"format":"standard"},"jnews_primary_category":[],"jnews_social_meta":[],"jnews_override_counter":[],"footnotes":""},"categories":[119,4404],"tags":[14297,1520,6028],"class_list":["post-179163","post","type-post","status-publish","format-standard","has-post-thumbnail","hentry","category-bem-estar","category-saude","tag-cha-de-folha-de-confrei","tag-pele","tag-regeneracao"],"yoast_head":"<!-- This site is optimized with the Yoast SEO plugin v24.6 - https:\/\/yoast.com\/wordpress\/plugins\/seo\/ -->\n<title>Infus\u00e3o de folhas que ajuda a acelerar a cicatriza\u00e7\u00e3o de cortes, machucados rasos e contus\u00f5es leves - Correio Braziliense - Radar<\/title>\n<meta name=\"description\" content=\"Infus\u00e3o de folhas para uso externo pode apoiar cicatriza\u00e7\u00e3o de pequenas les\u00f5es, contus\u00f5es leves e irrita\u00e7\u00f5es, sem riscos ao f\u00edgado.\" \/>\n<meta name=\"robots\" content=\"index, follow, max-snippet:-1, max-image-preview:large, max-video-preview:-1\" \/>\n<link rel=\"canonical\" href=\"https:\/\/www.correiobraziliense.com.br\/cbradar\/infusao-de-folhas-que-ajuda-a-acelerar-a-cicatrizacao-de-cortes-machucados-rasos-e-contusoes-leves\/\" \/>\n<meta property=\"og:locale\" content=\"pt_BR\" \/>\n<meta property=\"og:type\" content=\"article\" \/>\n<meta property=\"og:title\" content=\"Infus\u00e3o de folhas que ajuda a acelerar a cicatriza\u00e7\u00e3o de cortes, machucados rasos e contus\u00f5es leves - Correio Braziliense - Radar\" \/>\n<meta property=\"og:description\" content=\"Infus\u00e3o de folhas para uso externo pode apoiar cicatriza\u00e7\u00e3o de pequenas les\u00f5es, contus\u00f5es leves e irrita\u00e7\u00f5es, sem riscos ao f\u00edgado.\" \/>\n<meta property=\"og:url\" content=\"https:\/\/www.correiobraziliense.com.br\/cbradar\/infusao-de-folhas-que-ajuda-a-acelerar-a-cicatrizacao-de-cortes-machucados-rasos-e-contusoes-leves\/\" \/>\n<meta property=\"og:site_name\" content=\"Correio Braziliense - Radar\" \/>\n<meta property=\"article:published_time\" content=\"2026-01-23T11:55:41+00:00\" \/>\n<meta property=\"og:image\" content=\"https:\/\/www.correiobraziliense.com.br\/cbradar\/wp-content\/uploads\/2026\/01\/freepik__imagem-realista-do-ch-das-folhas-de-confrei__211.jpeg\" \/>\n\t<meta property=\"og:image:width\" content=\"1280\" \/>\n\t<meta property=\"og:image:height\" content=\"720\" \/>\n\t<meta property=\"og:image:type\" content=\"image\/jpeg\" \/>\n<meta name=\"author\" content=\"Daniely Cardoso\" \/>\n<meta name=\"twitter:card\" content=\"summary_large_image\" \/>\n<meta name=\"twitter:label1\" content=\"Escrito por\" \/>\n\t<meta name=\"twitter:data1\" content=\"Daniely Cardoso\" \/>\n\t<meta name=\"twitter:label2\" content=\"Est. tempo de leitura\" \/>\n\t<meta name=\"twitter:data2\" content=\"6 minutos\" \/>\n<!-- \/ Yoast SEO plugin. -->","yoast_head_json":{"title":"Infus\u00e3o de folhas que ajuda a acelerar a cicatriza\u00e7\u00e3o de cortes, machucados rasos e contus\u00f5es leves - Correio Braziliense - Radar","description":"Infus\u00e3o de folhas para uso externo pode apoiar cicatriza\u00e7\u00e3o de pequenas les\u00f5es, contus\u00f5es leves e irrita\u00e7\u00f5es, sem riscos ao f\u00edgado.","robots":{"index":"index","follow":"follow","max-snippet":"max-snippet:-1","max-image-preview":"max-image-preview:large","max-video-preview":"max-video-preview:-1"},"canonical":"https:\/\/www.correiobraziliense.com.br\/cbradar\/infusao-de-folhas-que-ajuda-a-acelerar-a-cicatrizacao-de-cortes-machucados-rasos-e-contusoes-leves\/","og_locale":"pt_BR","og_type":"article","og_title":"Infus\u00e3o de folhas que ajuda a acelerar a cicatriza\u00e7\u00e3o de cortes, machucados rasos e contus\u00f5es leves - Correio Braziliense - Radar","og_description":"Infus\u00e3o de folhas para uso externo pode apoiar cicatriza\u00e7\u00e3o de pequenas les\u00f5es, contus\u00f5es leves e irrita\u00e7\u00f5es, sem riscos ao f\u00edgado.","og_url":"https:\/\/www.correiobraziliense.com.br\/cbradar\/infusao-de-folhas-que-ajuda-a-acelerar-a-cicatrizacao-de-cortes-machucados-rasos-e-contusoes-leves\/","og_site_name":"Correio Braziliense - Radar","article_published_time":"2026-01-23T11:55:41+00:00","og_image":[{"width":1280,"height":720,"url":"https:\/\/www.correiobraziliense.com.br\/cbradar\/wp-content\/uploads\/2026\/01\/freepik__imagem-realista-do-ch-das-folhas-de-confrei__211.jpeg","type":"image\/jpeg"}],"author":"Daniely Cardoso","twitter_card":"summary_large_image","twitter_misc":{"Escrito por":"Daniely Cardoso","Est. tempo de leitura":"6 minutos"},"schema":{"@context":"https:\/\/schema.org","@graph":[{"@type":"WebPage","@id":"https:\/\/www.correiobraziliense.com.br\/cbradar\/infusao-de-folhas-que-ajuda-a-acelerar-a-cicatrizacao-de-cortes-machucados-rasos-e-contusoes-leves\/","url":"https:\/\/www.correiobraziliense.com.br\/cbradar\/infusao-de-folhas-que-ajuda-a-acelerar-a-cicatrizacao-de-cortes-machucados-rasos-e-contusoes-leves\/","name":"Infus\u00e3o de folhas que ajuda a acelerar a cicatriza\u00e7\u00e3o de cortes, machucados rasos e contus\u00f5es leves - Correio Braziliense - Radar","isPartOf":{"@id":"https:\/\/www.correiobraziliense.com.br\/cbradar\/#website"},"primaryImageOfPage":{"@id":"https:\/\/www.correiobraziliense.com.br\/cbradar\/infusao-de-folhas-que-ajuda-a-acelerar-a-cicatrizacao-de-cortes-machucados-rasos-e-contusoes-leves\/#primaryimage"},"image":{"@id":"https:\/\/www.correiobraziliense.com.br\/cbradar\/infusao-de-folhas-que-ajuda-a-acelerar-a-cicatrizacao-de-cortes-machucados-rasos-e-contusoes-leves\/#primaryimage"},"thumbnailUrl":"https:\/\/www.correiobraziliense.com.br\/cbradar\/wp-content\/uploads\/2026\/01\/freepik__imagem-realista-do-ch-das-folhas-de-confrei__211.jpeg","datePublished":"2026-01-23T11:55:41+00:00","author":{"@id":"https:\/\/www.correiobraziliense.com.br\/cbradar\/#\/schema\/person\/7356666e12ec0ee53f348ee5db227032"},"description":"Infus\u00e3o de folhas para uso externo pode apoiar cicatriza\u00e7\u00e3o de pequenas les\u00f5es, contus\u00f5es leves e irrita\u00e7\u00f5es, sem riscos ao f\u00edgado.","breadcrumb":{"@id":"https:\/\/www.correiobraziliense.com.br\/cbradar\/infusao-de-folhas-que-ajuda-a-acelerar-a-cicatrizacao-de-cortes-machucados-rasos-e-contusoes-leves\/#breadcrumb"},"inLanguage":"pt-BR","potentialAction":[{"@type":"ReadAction","target":["https:\/\/www.correiobraziliense.com.br\/cbradar\/infusao-de-folhas-que-ajuda-a-acelerar-a-cicatrizacao-de-cortes-machucados-rasos-e-contusoes-leves\/"]}]},{"@type":"ImageObject","inLanguage":"pt-BR","@id":"https:\/\/www.correiobraziliense.com.br\/cbradar\/infusao-de-folhas-que-ajuda-a-acelerar-a-cicatrizacao-de-cortes-machucados-rasos-e-contusoes-leves\/#primaryimage","url":"https:\/\/www.correiobraziliense.com.br\/cbradar\/wp-content\/uploads\/2026\/01\/freepik__imagem-realista-do-ch-das-folhas-de-confrei__211.jpeg","contentUrl":"https:\/\/www.correiobraziliense.com.br\/cbradar\/wp-content\/uploads\/2026\/01\/freepik__imagem-realista-do-ch-das-folhas-de-confrei__211.jpeg","width":1280,"height":720,"caption":"A\u00e7\u00e3o cicatrizante acelerando o processo de regenera\u00e7\u00e3o de tecidos"},{"@type":"BreadcrumbList","@id":"https:\/\/www.correiobraziliense.com.br\/cbradar\/infusao-de-folhas-que-ajuda-a-acelerar-a-cicatrizacao-de-cortes-machucados-rasos-e-contusoes-leves\/#breadcrumb","itemListElement":[{"@type":"ListItem","position":1,"name":"In\u00edcio","item":"https:\/\/www.correiobraziliense.com.br\/cbradar\/"},{"@type":"ListItem","position":2,"name":"Infus\u00e3o de folhas que ajuda a acelerar a cicatriza\u00e7\u00e3o de cortes, machucados rasos e contus\u00f5es leves"}]},{"@type":"WebSite","@id":"https:\/\/www.correiobraziliense.com.br\/cbradar\/#website","url":"https:\/\/www.correiobraziliense.com.br\/cbradar\/","name":"Correio Braziliense - Radar","description":"Acompanhe as \u00faltimas not\u00edcias e fique bem informado sobre tudo o que acontece no Brasil e no mundo.","potentialAction":[{"@type":"SearchAction","target":{"@type":"EntryPoint","urlTemplate":"https:\/\/www.correiobraziliense.com.br\/cbradar\/?s={search_term_string}"},"query-input":{"@type":"PropertyValueSpecification","valueRequired":true,"valueName":"search_term_string"}}],"inLanguage":"pt-BR"},{"@type":"Person","@id":"https:\/\/www.correiobraziliense.com.br\/cbradar\/#\/schema\/person\/7356666e12ec0ee53f348ee5db227032","name":"Daniely Cardoso","image":{"@type":"ImageObject","inLanguage":"pt-BR","@id":"https:\/\/www.correiobraziliense.com.br\/cbradar\/#\/schema\/person\/image\/","url":"https:\/\/secure.gravatar.com\/avatar\/4b80ddbd124d1f071b626d52d62e5dff?s=96&d=mm&r=g","contentUrl":"https:\/\/secure.gravatar.com\/avatar\/4b80ddbd124d1f071b626d52d62e5dff?s=96&d=mm&r=g","caption":"Daniely Cardoso"},"description":"Redatora nos portais CB Radar e EM Foco, formada pela Universidade Federal de Goi\u00e1s, em Goi\u00e2nia. Apaixonada por comunica\u00e7\u00e3o, arte, decora\u00e7\u00e3o e tend\u00eancias, atuo na produ\u00e7\u00e3o de conte\u00fados envolventes sobre curiosidades, moda, beleza e paisagismo, sempre com um olhar atento \u00e0s novidades do momento.","sameAs":["https:\/\/www.correiobraziliense.com.br\/cbradar"],"url":"https:\/\/www.correiobraziliense.com.br\/cbradar\/author\/danielymyth\/"}]}},"_links":{"self":[{"href":"https:\/\/www.correiobraziliense.com.br\/cbradar\/wp-json\/wp\/v2\/posts\/179163","targetHints":{"allow":["GET"]}}],"collection":[{"href":"https:\/\/www.correiobraziliense.com.br\/cbradar\/wp-json\/wp\/v2\/posts"}],"about":[{"href":"https:\/\/www.correiobraziliense.com.br\/cbradar\/wp-json\/wp\/v2\/types\/post"}],"author":[{"embeddable":true,"href":"https:\/\/www.correiobraziliense.com.br\/cbradar\/wp-json\/wp\/v2\/users\/9"}],"replies":[{"embeddable":true,"href":"https:\/\/www.correiobraziliense.com.br\/cbradar\/wp-json\/wp\/v2\/comments?post=179163"}],"version-history":[{"count":2,"href":"https:\/\/www.correiobraziliense.com.br\/cbradar\/wp-json\/wp\/v2\/posts\/179163\/revisions"}],"predecessor-version":[{"id":179411,"href":"https:\/\/www.correiobraziliense.com.br\/cbradar\/wp-json\/wp\/v2\/posts\/179163\/revisions\/179411"}],"wp:featuredmedia":[{"embeddable":true,"href":"https:\/\/www.correiobraziliense.com.br\/cbradar\/wp-json\/wp\/v2\/media\/179671"}],"wp:attachment":[{"href":"https:\/\/www.correiobraziliense.com.br\/cbradar\/wp-json\/wp\/v2\/media?parent=179163"}],"wp:term":[{"taxonomy":"category","embeddable":true,"href":"https:\/\/www.correiobraziliense.com.br\/cbradar\/wp-json\/wp\/v2\/categories?post=179163"},{"taxonomy":"post_tag","embeddable":true,"href":"https:\/\/www.correiobraziliense.com.br\/cbradar\/wp-json\/wp\/v2\/tags?post=179163"}],"curies":[{"name":"wp","href":"https:\/\/api.w.org\/{rel}","templated":true}]}}