{"id":179164,"date":"2026-01-23T10:45:47","date_gmt":"2026-01-23T13:45:47","guid":{"rendered":"https:\/\/www.correiobraziliense.com.br\/cbradar\/?p=179164"},"modified":"2026-01-22T15:46:29","modified_gmt":"2026-01-22T18:46:29","slug":"o-cha-caseiro-que-ajuda-a-aliviar-tosse-e-muco-sem-precisar-de-remedios-fortes","status":"publish","type":"post","link":"https:\/\/www.correiobraziliense.com.br\/cbradar\/o-cha-caseiro-que-ajuda-a-aliviar-tosse-e-muco-sem-precisar-de-remedios-fortes\/","title":{"rendered":"O ch\u00e1 caseiro que ajuda a aliviar tosse e muco sem precisar de rem\u00e9dios fortes"},"content":{"rendered":"\n<p>Imagine aquele dia de frio em que a tosse n\u00e3o d\u00e1 tr\u00e9gua e o peito parece pesado de tanto catarro. Nessas horas, muitas pessoas lembram do ch\u00e1 de folha de poejo, uma das receitas caseiras mais antigas usadas em fam\u00edlias pelo <strong>Brasil<\/strong> para tentar trazer algum conforto. Considerado uma bebida simples de preparar, ele costuma aparecer como op\u00e7\u00e3o para quem busca al\u00edvio de sintomas t\u00edpicos de resfriados, principalmente o ac\u00famulo de muco, embora ainda existam muitas d\u00favidas sobre suas reais caracter\u00edsticas, cuidados de uso e poss\u00edveis limita\u00e7\u00f5es.<\/p>\n\n\n\n<h2 class=\"wp-block-heading\">Quais s\u00e3o as principais caracter\u00edsticas e usos tradicionais do ch\u00e1 de poejo<\/h2>\n\n\n\n<p>Na pr\u00e1tica, o ch\u00e1 de poejo \u00e9 geralmente consumido quente, em pequenas quantidades ao longo do dia, como parte de uma rotina de cuidados simples com a respira\u00e7\u00e3o. Em alguns lares, \u00e9 combinado com outras plantas usadas para o sistema respirat\u00f3rio, como hortel\u00e3 e guaco, embora essa mistura deva ser feita com cautela e sempre com modera\u00e7\u00e3o.<\/p>\n\n\n\n<p>\u00c9 importante lembrar que a a\u00e7\u00e3o expectorante atribu\u00edda ao poejo n\u00e3o substitui tratamentos prescritos por profissionais de <strong>sa\u00fade<\/strong>, especialmente em quadros mais graves, como bronquite ou pneumonia. O uso \u00e9 mais adequado para sintomas leves, como tosse com catarro e congest\u00e3o passageira, sempre observando a evolu\u00e7\u00e3o do quadro.<\/p>\n\n\n<div class=\"wp-block-image\">\n<figure class=\"aligncenter size-large\"><img decoding=\"async\" width=\"1024\" height=\"576\" src=\"https:\/\/www.correiobraziliense.com.br\/cbradar\/wp-content\/uploads\/2025\/12\/poejo_1765507094112-1024x576.jpg\" alt=\"\" class=\"wp-image-154779\" srcset=\"https:\/\/www.correiobraziliense.com.br\/cbradar\/wp-content\/uploads\/2025\/12\/poejo_1765507094112-1024x576.jpg 1024w, https:\/\/www.correiobraziliense.com.br\/cbradar\/wp-content\/uploads\/2025\/12\/poejo_1765507094112-300x169.jpg 300w, https:\/\/www.correiobraziliense.com.br\/cbradar\/wp-content\/uploads\/2025\/12\/poejo_1765507094112-768x432.jpg 768w, https:\/\/www.correiobraziliense.com.br\/cbradar\/wp-content\/uploads\/2025\/12\/poejo_1765507094112-750x422.jpg 750w, https:\/\/www.correiobraziliense.com.br\/cbradar\/wp-content\/uploads\/2025\/12\/poejo_1765507094112-1140x641.jpg 1140w, https:\/\/www.correiobraziliense.com.br\/cbradar\/wp-content\/uploads\/2025\/12\/poejo_1765507094112.jpg 1280w\" sizes=\"(max-width: 1024px) 100vw, 1024px\" \/><figcaption class=\"wp-element-caption\">Uma das propriedades medicinais mais valorizadas do poejo \u00e9 seu efeito antituss\u00edgeno e expectorante &#8211; Cr\u00e9ditos: depositphotos.com \/ mailsonpignata<\/figcaption><\/figure><\/div>\n\n\n<p>Leia tamb\u00e9m:\u00a0<a href=\"https:\/\/www.correiobraziliense.com.br\/cbradar\/o-verde-digestivo-que-virou-queridinho-das-hortas-por-ser-simples-de-plantar\/\" target=\"_blank\" rel=\"noopener\">O verde digestivo que virou queridinho das hortas por ser simples de plantar<\/a><\/p>\n\n\n\n<h2 class=\"wp-block-heading\">Quais s\u00e3o as caracter\u00edsticas mais lembradas do poejo no dia a dia<\/h2>\n\n\n\n<p>Quando se fala em poejo, algumas caracter\u00edsticas costumam ser citadas com frequ\u00eancia, tanto por quem cultiva a planta em casa quanto por quem a conhece apenas pelo cheiro. A seguir, est\u00e3o alguns pontos gerais que ajudam a entender melhor esse ch\u00e1 t\u00e3o comentado nas receitas de fam\u00edlia.<\/p>\n\n\n\n<ul class=\"wp-block-list\">\n<li><strong>Aroma intenso:<\/strong> lembra a hortel\u00e3, mas com nota mais forte e penetrante.<\/li>\n\n\n\n<li><strong>Uso tradicional:<\/strong> frequentemente associado a tosse com catarro e congest\u00e3o leve.<\/li>\n\n\n\n<li><strong>Forma de preparo simples:<\/strong> infus\u00e3o r\u00e1pida com \u00e1gua quente sobre as folhas.<\/li>\n\n\n\n<li><strong>Presen\u00e7a de \u00f3leos essenciais:<\/strong> relacionados ao cheiro caracter\u00edstico da planta.<\/li>\n<\/ul>\n\n\n\n<h2 class=\"wp-block-heading\">Quais cuidados s\u00e3o importantes ao usar o ch\u00e1 de poejo<\/h2>\n\n\n\n<p>Embora o ch\u00e1 de folha de poejo seja conhecido por sua poss\u00edvel a\u00e7\u00e3o expectorante, tamb\u00e9m h\u00e1 relatos de que o uso em excesso pode causar desconfortos gastrointestinais e outros efeitos indesejados. Isso se deve principalmente ao teor de certos componentes do \u00f3leo essencial, como a pulegona, o que refor\u00e7a a import\u00e2ncia de usar a bebida com cautela.<\/p>\n\n\n\n<p>Por esse motivo, muitas fontes recomendam modera\u00e7\u00e3o no consumo e evitam indicar o poejo para grupos mais sens\u00edveis. Em crian\u00e7as, gestantes, pessoas com doen\u00e7as cr\u00f4nicas ou em uso de v\u00e1rios medicamentos, o ideal \u00e9 sempre conversar com um profissional de <strong>sa\u00fade<\/strong> antes de incluir o ch\u00e1 na rotina, mesmo que pare\u00e7a algo \u201cinofensivo\u201d. Separamos esse v\u00eddeo do canal <a href=\"https:\/\/www.youtube.com\/@BrasilVerdeeFlorido\" target=\"_blank\" rel=\"noreferrer noopener\">Brasil Verde e Florido<\/a> falando sobre os benef\u00edcios do poejo:<\/p>\n\n\n\n<figure class=\"wp-block-embed is-type-video is-provider-youtube wp-block-embed-youtube wp-embed-aspect-16-9 wp-has-aspect-ratio\"><div class=\"wp-block-embed__wrapper\">\n<div class=\"jeg_video_container jeg_video_content\"><iframe loading=\"lazy\" title=\"Poejo \u00e9 bom para tosse? 5 Motivos para consumir o ch\u00e1 do poejo (gripe, resfriados, bronquite, asma)\" width=\"500\" height=\"281\" src=\"https:\/\/www.youtube.com\/embed\/Giq6OrkPRME?feature=oembed\" frameborder=\"0\" allow=\"accelerometer; autoplay; clipboard-write; encrypted-media; gyroscope; picture-in-picture; web-share\" referrerpolicy=\"strict-origin-when-cross-origin\" allowfullscreen><\/iframe><\/div>\n<\/div><\/figure>\n\n\n\n<h2 class=\"wp-block-heading\">Quais grupos precisam de aten\u00e7\u00e3o especial ao consumir o ch\u00e1 de poejo<\/h2>\n\n\n\n<p>Entre os cuidados mais mencionados em rela\u00e7\u00e3o ao ch\u00e1 de poejo est\u00e3o pessoas em fases ou condi\u00e7\u00f5es de maior vulnerabilidade, que podem reagir de forma diferente \u00e0s subst\u00e2ncias presentes na planta. Nesses casos, a regra geral \u00e9 priorizar a seguran\u00e7a e evitar a automedica\u00e7\u00e3o, mesmo quando se trata de um simples ch\u00e1 caseiro.<\/p>\n\n\n\n<ul class=\"wp-block-list\">\n<li><strong>Gestantes e lactantes:<\/strong> costumam ser orientadas a evitar o uso, devido ao potencial de toxicidade em doses elevadas.<\/li>\n\n\n\n<li><strong>Crian\u00e7as pequenas:<\/strong> requerem aten\u00e7\u00e3o especial, com recomenda\u00e7\u00e3o de n\u00e3o utilizar sem acompanhamento profissional.<\/li>\n\n\n\n<li><strong>Pessoas com doen\u00e7as do f\u00edgado ou rins:<\/strong> devem ter cautela, pois o metabolismo de \u00f3leos essenciais pode sobrecarregar esses \u00f3rg\u00e3os.<\/li>\n\n\n\n<li><strong>Uso prolongado ou em grandes quantidades:<\/strong> pode aumentar o risco de efeitos n\u00e3o desejados.<\/li>\n\n\n\n<li><strong>Associa\u00e7\u00e3o com medicamentos:<\/strong> deve ser avaliada por profissional de sa\u00fade para evitar intera\u00e7\u00f5es.<\/li>\n<\/ul>\n\n\n\n<h2 class=\"wp-block-heading\">Resumo em tabela sobre o ch\u00e1 de folha de poejo<\/h2>\n\n\n\n<p>Para ajudar quem est\u00e1 come\u00e7ando a conhecer melhor essa planta, a tabela abaixo traz um resumo com informa\u00e7\u00f5es gerais frequentemente associadas ao ch\u00e1 de poejo e \u00e0 sua poss\u00edvel a\u00e7\u00e3o expectorante. Ela re\u00fane desde o nome cient\u00edfico at\u00e9 os principais cuidados para um uso mais consciente no dia a dia.<\/p>\n\n\n\n<figure class=\"wp-block-table is-style-stripes\"><table class=\"has-vivid-red-color has-text-color has-link-color has-fixed-layout\"><tbody><tr><th>Item<\/th><th>Informa\u00e7\u00e3o<\/th><\/tr><tr><td><strong>Nome popular<\/strong><\/td><td>Ch\u00e1 de folha de poejo<\/td><\/tr><tr><td><strong>Nome cient\u00edfico<\/strong><\/td><td><em>Mentha pulegium<\/em><\/td><\/tr><tr><td><strong>A\u00e7\u00e3o principal relatada<\/strong><\/td><td>Poss\u00edvel a\u00e7\u00e3o expectorante e aux\u00edlio na elimina\u00e7\u00e3o de muco<\/td><\/tr><tr><td><strong>Forma de preparo mais comum<\/strong><\/td><td>Infus\u00e3o de folhas frescas ou secas em \u00e1gua quente<\/td><\/tr><tr><td><strong>Uso tradicional<\/strong><\/td><td>Per\u00edodos de tosse produtiva e congest\u00e3o leve das vias respirat\u00f3rias<\/td><\/tr><tr><td><strong>Cuidados principais<\/strong><\/td><td>Evitar em gestantes, lactantes, crian\u00e7as pequenas e uso exagerado<\/td><\/tr><tr><td><strong>Recomenda\u00e7\u00e3o geral<\/strong><\/td><td>Utilizar com modera\u00e7\u00e3o e buscar orienta\u00e7\u00e3o profissional em casos de doen\u00e7a<\/td><\/tr><\/tbody><\/table><\/figure>\n\n\n\n<h2 class=\"wp-block-heading\">Pr\u00f3ximos passos para usar o ch\u00e1 de poejo com seguran\u00e7a<\/h2>\n\n\n\n<p>Em 2026, o interesse por plantas medicinais continua em crescimento, e o poejo volta a aparecer nas conversas de fam\u00edlia e nas redes sociais. Com essas informa\u00e7\u00f5es, o ch\u00e1 de poejo pode ser compreendido de forma mais ampla, considerando tanto a fama de poss\u00edvel a\u00e7\u00e3o <strong>expectorante<\/strong> quanto as limita\u00e7\u00f5es e cuidados necess\u00e1rios no uso di\u00e1rio.<\/p>\n\n\n\n<p>Se voc\u00ea pensa em incluir o ch\u00e1 de folha de poejo na sua rotina, fa\u00e7a isso com modera\u00e7\u00e3o e aten\u00e7\u00e3o aos sinais do seu corpo. Em caso de febre persistente, falta de ar intensa ou dor no peito, procure atendimento m\u00e9dico imediato e n\u00e3o dependa apenas de receitas caseiras; quando tiver d\u00favidas, converse com um profissional de <strong>sa\u00fade<\/strong> para receber orienta\u00e7\u00e3o personalizada e segura.<\/p>\n","protected":false},"excerpt":{"rendered":"<p>Imagine aquele dia de frio em que a tosse n\u00e3o d\u00e1 tr\u00e9gua e o peito parece pesado de tanto catarro. Nessas horas, muitas pessoas lembram do ch\u00e1 de folha de poejo, uma das receitas caseiras mais antigas usadas em fam\u00edlias pelo Brasil para tentar trazer algum conforto. Considerado uma bebida simples de preparar, ele costuma [&hellip;]<\/p>\n","protected":false},"author":9,"featured_media":179672,"comment_status":"open","ping_status":"open","sticky":false,"template":"","format":"standard","meta":{"_yoast_wpseo_focuskw":"ch\u00e1 de poejo","_yoast_wpseo_title":"","_yoast_wpseo_metadesc":"Infus\u00e3o de folhas pode ajudar na tosse com catarro e congest\u00e3o leve, mas exige modera\u00e7\u00e3o e cuidado com grupos sens\u00edveis.","jnews-multi-image_gallery":[],"jnews_single_post":{"format":"standard"},"jnews_primary_category":[],"jnews_social_meta":[],"jnews_override_counter":[],"footnotes":""},"categories":[119,4404],"tags":[14298,14299,12134,565],"class_list":["post-179164","post","type-post","status-publish","format-standard","has-post-thumbnail","hentry","category-bem-estar","category-saude","tag-cha-de-folha-de-poejo","tag-expectorante","tag-poejo","tag-saude"],"yoast_head":"<!-- This site is optimized with the Yoast SEO plugin v24.6 - https:\/\/yoast.com\/wordpress\/plugins\/seo\/ -->\n<title>O ch\u00e1 caseiro que ajuda a aliviar tosse e muco sem precisar de rem\u00e9dios fortes - Correio Braziliense - Radar<\/title>\n<meta name=\"description\" content=\"Infus\u00e3o de folhas pode ajudar na tosse com catarro e congest\u00e3o leve, mas exige modera\u00e7\u00e3o e cuidado com grupos sens\u00edveis.\" \/>\n<meta name=\"robots\" content=\"index, follow, max-snippet:-1, max-image-preview:large, max-video-preview:-1\" \/>\n<link rel=\"canonical\" href=\"https:\/\/www.correiobraziliense.com.br\/cbradar\/o-cha-caseiro-que-ajuda-a-aliviar-tosse-e-muco-sem-precisar-de-remedios-fortes\/\" \/>\n<meta property=\"og:locale\" content=\"pt_BR\" \/>\n<meta property=\"og:type\" content=\"article\" \/>\n<meta property=\"og:title\" content=\"O ch\u00e1 caseiro que ajuda a aliviar tosse e muco sem precisar de rem\u00e9dios fortes - Correio Braziliense - Radar\" \/>\n<meta property=\"og:description\" content=\"Infus\u00e3o de folhas pode ajudar na tosse com catarro e congest\u00e3o leve, mas exige modera\u00e7\u00e3o e cuidado com grupos sens\u00edveis.\" \/>\n<meta property=\"og:url\" content=\"https:\/\/www.correiobraziliense.com.br\/cbradar\/o-cha-caseiro-que-ajuda-a-aliviar-tosse-e-muco-sem-precisar-de-remedios-fortes\/\" \/>\n<meta property=\"og:site_name\" content=\"Correio Braziliense - Radar\" \/>\n<meta property=\"article:published_time\" content=\"2026-01-23T13:45:47+00:00\" \/>\n<meta property=\"og:image\" content=\"https:\/\/www.correiobraziliense.com.br\/cbradar\/wp-content\/uploads\/2026\/01\/freepik__imagem-realista-do-ch-de-poejo__208.jpeg\" \/>\n\t<meta property=\"og:image:width\" content=\"1280\" \/>\n\t<meta property=\"og:image:height\" content=\"720\" \/>\n\t<meta property=\"og:image:type\" content=\"image\/jpeg\" \/>\n<meta name=\"author\" content=\"Daniely Cardoso\" \/>\n<meta name=\"twitter:card\" content=\"summary_large_image\" \/>\n<meta name=\"twitter:label1\" content=\"Escrito por\" \/>\n\t<meta name=\"twitter:data1\" content=\"Daniely Cardoso\" \/>\n\t<meta name=\"twitter:label2\" content=\"Est. tempo de leitura\" \/>\n\t<meta name=\"twitter:data2\" content=\"6 minutos\" \/>\n<!-- \/ Yoast SEO plugin. -->","yoast_head_json":{"title":"O ch\u00e1 caseiro que ajuda a aliviar tosse e muco sem precisar de rem\u00e9dios fortes - Correio Braziliense - Radar","description":"Infus\u00e3o de folhas pode ajudar na tosse com catarro e congest\u00e3o leve, mas exige modera\u00e7\u00e3o e cuidado com grupos sens\u00edveis.","robots":{"index":"index","follow":"follow","max-snippet":"max-snippet:-1","max-image-preview":"max-image-preview:large","max-video-preview":"max-video-preview:-1"},"canonical":"https:\/\/www.correiobraziliense.com.br\/cbradar\/o-cha-caseiro-que-ajuda-a-aliviar-tosse-e-muco-sem-precisar-de-remedios-fortes\/","og_locale":"pt_BR","og_type":"article","og_title":"O ch\u00e1 caseiro que ajuda a aliviar tosse e muco sem precisar de rem\u00e9dios fortes - Correio Braziliense - Radar","og_description":"Infus\u00e3o de folhas pode ajudar na tosse com catarro e congest\u00e3o leve, mas exige modera\u00e7\u00e3o e cuidado com grupos sens\u00edveis.","og_url":"https:\/\/www.correiobraziliense.com.br\/cbradar\/o-cha-caseiro-que-ajuda-a-aliviar-tosse-e-muco-sem-precisar-de-remedios-fortes\/","og_site_name":"Correio Braziliense - Radar","article_published_time":"2026-01-23T13:45:47+00:00","og_image":[{"width":1280,"height":720,"url":"https:\/\/www.correiobraziliense.com.br\/cbradar\/wp-content\/uploads\/2026\/01\/freepik__imagem-realista-do-ch-de-poejo__208.jpeg","type":"image\/jpeg"}],"author":"Daniely Cardoso","twitter_card":"summary_large_image","twitter_misc":{"Escrito por":"Daniely Cardoso","Est. tempo de leitura":"6 minutos"},"schema":{"@context":"https:\/\/schema.org","@graph":[{"@type":"WebPage","@id":"https:\/\/www.correiobraziliense.com.br\/cbradar\/o-cha-caseiro-que-ajuda-a-aliviar-tosse-e-muco-sem-precisar-de-remedios-fortes\/","url":"https:\/\/www.correiobraziliense.com.br\/cbradar\/o-cha-caseiro-que-ajuda-a-aliviar-tosse-e-muco-sem-precisar-de-remedios-fortes\/","name":"O ch\u00e1 caseiro que ajuda a aliviar tosse e muco sem precisar de rem\u00e9dios fortes - Correio Braziliense - Radar","isPartOf":{"@id":"https:\/\/www.correiobraziliense.com.br\/cbradar\/#website"},"primaryImageOfPage":{"@id":"https:\/\/www.correiobraziliense.com.br\/cbradar\/o-cha-caseiro-que-ajuda-a-aliviar-tosse-e-muco-sem-precisar-de-remedios-fortes\/#primaryimage"},"image":{"@id":"https:\/\/www.correiobraziliense.com.br\/cbradar\/o-cha-caseiro-que-ajuda-a-aliviar-tosse-e-muco-sem-precisar-de-remedios-fortes\/#primaryimage"},"thumbnailUrl":"https:\/\/www.correiobraziliense.com.br\/cbradar\/wp-content\/uploads\/2026\/01\/freepik__imagem-realista-do-ch-de-poejo__208.jpeg","datePublished":"2026-01-23T13:45:47+00:00","author":{"@id":"https:\/\/www.correiobraziliense.com.br\/cbradar\/#\/schema\/person\/7356666e12ec0ee53f348ee5db227032"},"description":"Infus\u00e3o de folhas pode ajudar na tosse com catarro e congest\u00e3o leve, mas exige modera\u00e7\u00e3o e cuidado com grupos sens\u00edveis.","breadcrumb":{"@id":"https:\/\/www.correiobraziliense.com.br\/cbradar\/o-cha-caseiro-que-ajuda-a-aliviar-tosse-e-muco-sem-precisar-de-remedios-fortes\/#breadcrumb"},"inLanguage":"pt-BR","potentialAction":[{"@type":"ReadAction","target":["https:\/\/www.correiobraziliense.com.br\/cbradar\/o-cha-caseiro-que-ajuda-a-aliviar-tosse-e-muco-sem-precisar-de-remedios-fortes\/"]}]},{"@type":"ImageObject","inLanguage":"pt-BR","@id":"https:\/\/www.correiobraziliense.com.br\/cbradar\/o-cha-caseiro-que-ajuda-a-aliviar-tosse-e-muco-sem-precisar-de-remedios-fortes\/#primaryimage","url":"https:\/\/www.correiobraziliense.com.br\/cbradar\/wp-content\/uploads\/2026\/01\/freepik__imagem-realista-do-ch-de-poejo__208.jpeg","contentUrl":"https:\/\/www.correiobraziliense.com.br\/cbradar\/wp-content\/uploads\/2026\/01\/freepik__imagem-realista-do-ch-de-poejo__208.jpeg","width":1280,"height":720,"caption":"A\u00e7\u00e3o expectorante ajudando a fluidificar o muco acumulado no peito"},{"@type":"BreadcrumbList","@id":"https:\/\/www.correiobraziliense.com.br\/cbradar\/o-cha-caseiro-que-ajuda-a-aliviar-tosse-e-muco-sem-precisar-de-remedios-fortes\/#breadcrumb","itemListElement":[{"@type":"ListItem","position":1,"name":"In\u00edcio","item":"https:\/\/www.correiobraziliense.com.br\/cbradar\/"},{"@type":"ListItem","position":2,"name":"O ch\u00e1 caseiro que ajuda a aliviar tosse e muco sem precisar de rem\u00e9dios fortes"}]},{"@type":"WebSite","@id":"https:\/\/www.correiobraziliense.com.br\/cbradar\/#website","url":"https:\/\/www.correiobraziliense.com.br\/cbradar\/","name":"Correio Braziliense - Radar","description":"Acompanhe as \u00faltimas not\u00edcias e fique bem informado sobre tudo o que acontece no Brasil e no mundo.","potentialAction":[{"@type":"SearchAction","target":{"@type":"EntryPoint","urlTemplate":"https:\/\/www.correiobraziliense.com.br\/cbradar\/?s={search_term_string}"},"query-input":{"@type":"PropertyValueSpecification","valueRequired":true,"valueName":"search_term_string"}}],"inLanguage":"pt-BR"},{"@type":"Person","@id":"https:\/\/www.correiobraziliense.com.br\/cbradar\/#\/schema\/person\/7356666e12ec0ee53f348ee5db227032","name":"Daniely Cardoso","image":{"@type":"ImageObject","inLanguage":"pt-BR","@id":"https:\/\/www.correiobraziliense.com.br\/cbradar\/#\/schema\/person\/image\/","url":"https:\/\/secure.gravatar.com\/avatar\/4b80ddbd124d1f071b626d52d62e5dff?s=96&d=mm&r=g","contentUrl":"https:\/\/secure.gravatar.com\/avatar\/4b80ddbd124d1f071b626d52d62e5dff?s=96&d=mm&r=g","caption":"Daniely Cardoso"},"description":"Redatora nos portais CB Radar e EM Foco, formada pela Universidade Federal de Goi\u00e1s, em Goi\u00e2nia. Apaixonada por comunica\u00e7\u00e3o, arte, decora\u00e7\u00e3o e tend\u00eancias, atuo na produ\u00e7\u00e3o de conte\u00fados envolventes sobre curiosidades, moda, beleza e paisagismo, sempre com um olhar atento \u00e0s novidades do momento.","sameAs":["https:\/\/www.correiobraziliense.com.br\/cbradar"],"url":"https:\/\/www.correiobraziliense.com.br\/cbradar\/author\/danielymyth\/"}]}},"_links":{"self":[{"href":"https:\/\/www.correiobraziliense.com.br\/cbradar\/wp-json\/wp\/v2\/posts\/179164","targetHints":{"allow":["GET"]}}],"collection":[{"href":"https:\/\/www.correiobraziliense.com.br\/cbradar\/wp-json\/wp\/v2\/posts"}],"about":[{"href":"https:\/\/www.correiobraziliense.com.br\/cbradar\/wp-json\/wp\/v2\/types\/post"}],"author":[{"embeddable":true,"href":"https:\/\/www.correiobraziliense.com.br\/cbradar\/wp-json\/wp\/v2\/users\/9"}],"replies":[{"embeddable":true,"href":"https:\/\/www.correiobraziliense.com.br\/cbradar\/wp-json\/wp\/v2\/comments?post=179164"}],"version-history":[{"count":3,"href":"https:\/\/www.correiobraziliense.com.br\/cbradar\/wp-json\/wp\/v2\/posts\/179164\/revisions"}],"predecessor-version":[{"id":179456,"href":"https:\/\/www.correiobraziliense.com.br\/cbradar\/wp-json\/wp\/v2\/posts\/179164\/revisions\/179456"}],"wp:featuredmedia":[{"embeddable":true,"href":"https:\/\/www.correiobraziliense.com.br\/cbradar\/wp-json\/wp\/v2\/media\/179672"}],"wp:attachment":[{"href":"https:\/\/www.correiobraziliense.com.br\/cbradar\/wp-json\/wp\/v2\/media?parent=179164"}],"wp:term":[{"taxonomy":"category","embeddable":true,"href":"https:\/\/www.correiobraziliense.com.br\/cbradar\/wp-json\/wp\/v2\/categories?post=179164"},{"taxonomy":"post_tag","embeddable":true,"href":"https:\/\/www.correiobraziliense.com.br\/cbradar\/wp-json\/wp\/v2\/tags?post=179164"}],"curies":[{"name":"wp","href":"https:\/\/api.w.org\/{rel}","templated":true}]}}