{"id":179178,"date":"2026-01-21T20:40:00","date_gmt":"2026-01-21T23:40:00","guid":{"rendered":"https:\/\/www.correiobraziliense.com.br\/cbradar\/?p=179178"},"modified":"2026-01-21T23:46:55","modified_gmt":"2026-01-22T02:46:55","slug":"a-fruta-que-ajuda-a-melhorar-a-circulacao-e-reduzir-o-cansaco-nas-pernas","status":"publish","type":"post","link":"https:\/\/www.correiobraziliense.com.br\/cbradar\/a-fruta-que-ajuda-a-melhorar-a-circulacao-e-reduzir-o-cansaco-nas-pernas\/","title":{"rendered":"A fruta que ajuda a melhorar a circula\u00e7\u00e3o e reduzir o cansa\u00e7o nas pernas"},"content":{"rendered":"\n<p>Sentir as pernas pesadas e inchadas ao final do dia \u00e9 um sinal claro de que o sistema circulat\u00f3rio precisa de aten\u00e7\u00e3o redobrada e nutrientes espec\u00edficos para funcionar corretamente. O consumo regular de frutas c\u00edtricas, ricas em compostos bioativos e vitamina C, surge como uma solu\u00e7\u00e3o natural poderosa para fortalecer as paredes dos vasos sangu\u00edneos e promover uma sensa\u00e7\u00e3o imediata de leveza e vitalidade. Integrar esses alimentos \u00e0 rotina n\u00e3o apenas combate o desconforto f\u00edsico, mas tamb\u00e9m garante a prote\u00e7\u00e3o antioxidante necess\u00e1ria para uma longevidade plena e ativa.<\/p>\n\n\n\n<h2 class=\"wp-block-heading\">Por que os antioxidantes c\u00edtricos s\u00e3o eficazes contra o cansa\u00e7o nas pernas?<\/h2>\n\n\n\n<p>As frutas como laranja e lim\u00e3o cont\u00eam flavonoides espec\u00edficos que possuem propriedades anti-inflamat\u00f3rias potentes, capazes de reduzir a inflama\u00e7\u00e3o nas veias profundas e tamb\u00e9m nas superficiais. Esses compostos ajudam a diminuir a viscosidade do sangue, facilitando o retorno venoso e impedindo que o l\u00edquido fique estagnado de forma dolorosa nos tornozelos e nas panturrilhas. O resultado direto dessa a\u00e7\u00e3o qu\u00edmica natural \u00e9 a diminui\u00e7\u00e3o da dor e do peso que costumam surgir diariamente.<\/p>\n\n\n\n<p>A combina\u00e7\u00e3o de hidrata\u00e7\u00e3o natural e nutrientes presentes na polpa dessas frutas ajuda a eliminar toxinas acumuladas que contribuem para a fadiga muscular persistente e desanimadora. Quando o sistema circulat\u00f3rio trabalha com menos resist\u00eancia, o oxig\u00eanio chega mais rapidamente aos tecidos das pernas, revitalizando a musculatura de forma r\u00e1pida e surpreendente. Essa melhora no transporte de nutrientes \u00e9 vital para quem busca uma rotina mais din\u00e2mica, produtiva e totalmente livre de dores cr\u00f4nicas.<\/p>\n\n\n<div class=\"wp-block-image\">\n<figure class=\"aligncenter size-large\"><img decoding=\"async\" width=\"1024\" height=\"576\" src=\"https:\/\/www.correiobraziliense.com.br\/cbradar\/wp-content\/uploads\/2026\/01\/Gemini_Generated_Image_pzanxlpzanxlpzan-1-1-1024x576.png\" alt=\"A fruta que ajuda a melhorar a circula\u00e7\u00e3o e reduzir o cansa\u00e7o nas pernas\" class=\"wp-image-179180\" srcset=\"https:\/\/www.correiobraziliense.com.br\/cbradar\/wp-content\/uploads\/2026\/01\/Gemini_Generated_Image_pzanxlpzanxlpzan-1-1-1024x576.png 1024w, https:\/\/www.correiobraziliense.com.br\/cbradar\/wp-content\/uploads\/2026\/01\/Gemini_Generated_Image_pzanxlpzanxlpzan-1-1-300x169.png 300w, https:\/\/www.correiobraziliense.com.br\/cbradar\/wp-content\/uploads\/2026\/01\/Gemini_Generated_Image_pzanxlpzanxlpzan-1-1-768x432.png 768w, https:\/\/www.correiobraziliense.com.br\/cbradar\/wp-content\/uploads\/2026\/01\/Gemini_Generated_Image_pzanxlpzanxlpzan-1-1-750x422.png 750w, https:\/\/www.correiobraziliense.com.br\/cbradar\/wp-content\/uploads\/2026\/01\/Gemini_Generated_Image_pzanxlpzanxlpzan-1-1-1140x641.png 1140w, https:\/\/www.correiobraziliense.com.br\/cbradar\/wp-content\/uploads\/2026\/01\/Gemini_Generated_Image_pzanxlpzanxlpzan-1-1.png 1280w\" sizes=\"(max-width: 1024px) 100vw, 1024px\" \/><figcaption class=\"wp-element-caption\">Alimenta\u00e7\u00e3o pode influenciar a leveza das pernas<\/figcaption><\/figure><\/div>\n\n\n<h2 class=\"wp-block-heading\">Como a vitamina C atua na regenera\u00e7\u00e3o e fortalecimento dos vasos sangu\u00edneos?<\/h2>\n\n\n\n<p>A vitamina C desempenha um papel fundamental na s\u00edntese do col\u00e1geno, uma prote\u00edna essencial que confere estrutura, elasticidade e resist\u00eancia a todas as veias e art\u00e9rias do corpo humano. Sem a presen\u00e7a adequada desse nutriente, as paredes vasculares tornam-se mais fr\u00e1geis, o que facilita o surgimento de problemas circulat\u00f3rios e a inc\u00f4moda sensa\u00e7\u00e3o de fadiga constante nos membros inferiores. O fortalecimento desses canais \u00e9 o primeiro passo para garantir que o sangue flua com total efici\u00eancia e vitalidade.<\/p>\n\n\n\n<p><strong>Este mecanismo de reparo celular \u00e9 amplamente documentado por \u00f3rg\u00e3os de refer\u00eancia em nutri\u00e7\u00e3o, que destacam a import\u00e2ncia deste nutriente na manuten\u00e7\u00e3o da integridade do sistema cardiovascular.<\/strong> De acordo com o <a target=\"_blank\" rel=\"noreferrer noopener\" href=\"https:\/\/ods.od.nih.gov\/factsheets\/VitaminC-HealthProfessional\/\">National Institutes of Health (NIH)<\/a>, a vitamina C \u00e9 um cofator indispens\u00e1vel para a bios\u00edntese de col\u00e1geno, sendo essencial para a cicatriza\u00e7\u00e3o de tecidos e para o fortalecimento do endot\u00e9lio vascular, o que previne a fragilidade capilar.<\/p>\n\n\n\n<p>Existem diversos mecanismos biol\u00f3gicos que s\u00e3o ativados por essa ingest\u00e3o constante, proporcionando ganhos reais para a sua qualidade de vida:<\/p>\n\n\n\n<div class=\"vitc-safe-wrapper\">\n\n<style>\n\/* ===== ISOLAMENTO TOTAL ===== *\/\n.vitc-safe-wrapper{\n  all: initial;\n  display:block;\n  max-width:1100px;\n  margin:40px auto;\n  font-family:inherit;\n}\n\n\/* ===== GRID ===== *\/\n.vitc-safe-grid{\n  display:grid;\n  grid-template-columns:repeat(auto-fit,minmax(260px,1fr));\n  gap:18px;\n}\n\n\/* ===== CARD ===== *\/\n.vitc-safe-card{\n  background:#f8fbf7;\n  border-radius:16px;\n  padding:18px 18px;\n  box-shadow:0 6px 18px rgba(0,0,0,.06);\n  border-top:4px solid #6fbf73;\n}\n\n\/* ===== TITULO ===== *\/\n.vitc-safe-title{\n  font-size:15px;\n  margin:0 0 6px;\n  display:flex;\n  align-items:center;\n  gap:8px;\n  color:#2e5e34;\n  font-weight:600;\n}\n\n\/* ===== TEXTO ===== *\/\n.vitc-safe-text{\n  font-size:13px;\n  line-height:1.55;\n  margin:0;\n  color:#444;\n}\n\n\/* ===== DESTAQUE ===== *\/\n.vitc-safe-highlight{\n  margin-top:20px;\n  background:#fff3e0;\n  border-radius:14px;\n  padding:14px 16px;\n  font-size:13px;\n  color:#5a3b00;\n  border-left:5px solid #ffa726;\n}\n<\/style>\n\n<div class=\"vitc-safe-grid\">\n\n  <div class=\"vitc-safe-card\">\n    <div class=\"vitc-safe-title\">\ud83e\uddec S\u00edntese de col\u00e1geno<\/div>\n    <div class=\"vitc-safe-text\">\n      A vitamina C \u00e9 essencial para formar col\u00e1geno, garantindo estrutura, elasticidade e resist\u00eancia \u00e0s veias e art\u00e9rias.\n    <\/div>\n  <\/div>\n\n  <div class=\"vitc-safe-card\">\n    <div class=\"vitc-safe-title\">\ud83e\ude78 Fortalecimento vascular<\/div>\n    <div class=\"vitc-safe-text\">\n      Paredes vasculares mais fortes reduzem fragilidade, melhoram a circula\u00e7\u00e3o e diminuem a sensa\u00e7\u00e3o de peso nas pernas.\n    <\/div>\n  <\/div>\n\n  <div class=\"vitc-safe-card\">\n    <div class=\"vitc-safe-title\">\ud83d\udee1\ufe0f A\u00e7\u00e3o antioxidante<\/div>\n    <div class=\"vitc-safe-text\">\n      Combate radicais livres respons\u00e1veis pelo envelhecimento precoce das c\u00e9lulas do sistema circulat\u00f3rio.\n    <\/div>\n  <\/div>\n\n  <div class=\"vitc-safe-card\">\n    <div class=\"vitc-safe-title\">\ud83d\udd04 Fluxo sangu\u00edneo eficiente<\/div>\n    <div class=\"vitc-safe-text\">\n      Favorece reparos cont\u00ednuos nos vasos, mantendo o sangue fluindo com mais vitalidade e efici\u00eancia.\n    <\/div>\n  <\/div>\n\n<\/div>\n\n<div class=\"vitc-safe-highlight\">\n  \ud83c\udf4a <strong>Dica pr\u00e1tica:<\/strong> o consumo di\u00e1rio de alimentos ricos em vitamina C fornece ao organismo os recursos necess\u00e1rios para proteger e otimizar toda a rede circulat\u00f3ria.\n<\/div>\n\n<\/div>\n\n\n\n\n<h2 class=\"wp-block-heading\">Quais s\u00e3o as estrat\u00e9gias mais eficientes para consumir essas frutas e obter resultados?<\/h2>\n\n\n\n<p>A melhor forma de aproveitar todos os benef\u00edcios \u00e9 consumir a fruta fresca ou em sucos naturais preparados no exato momento da ingest\u00e3o para evitar a oxida\u00e7\u00e3o de nutrientes. O consumo do baga\u00e7o, especialmente no caso da laranja, tamb\u00e9m \u00e9 altamente recomendado por fornecer fibras que auxiliam no controle glic\u00eamico, o que indiretamente favorece a sa\u00fade metab\u00f3lica e vascular. Pequenas mudan\u00e7as na escolha dos alimentos podem transformar completamente a sua disposi\u00e7\u00e3o f\u00edsica e mental ao longo de toda a semana.<\/p>\n\n\n\n<p>Para maximizar a absor\u00e7\u00e3o dos compostos bioativos, \u00e9 interessante diversificar os tipos de citrinos utilizados nas refei\u00e7\u00f5es principais e tamb\u00e9m nos pequenos lanches intermedi\u00e1rios de forma estrat\u00e9gica. Criar uma rotina alimentar rica em cores e sabores c\u00edtricos \u00e9 o caminho mais simples e prazeroso para tratar o organismo com o respeito que ele realmente merece. Veja abaixo algumas dicas pr\u00e1ticas para integrar essas frutas poderosas no seu planejamento alimentar di\u00e1rio com total facilidade:<\/p>\n\n\n\n<ul class=\"wp-block-list\">\n<li>Adicionar rodelas de lim\u00e3o na \u00e1gua para manter a hidrata\u00e7\u00e3o purificante.<\/li>\n\n\n\n<li>Utilizar o suco de laranja como base para molhos de saladas verdes.<\/li>\n\n\n\n<li>Consumir uma fruta c\u00edtrica inteira ap\u00f3s o almo\u00e7o para absorver minerais.<\/li>\n<\/ul>\n\n\n\n<p>Muito al\u00e9m da moda, a <strong>\u00e1gua com lim\u00e3o<\/strong> desperta muitas d\u00favidas. O canal <strong>N\u00e3o Perca F\u00e9 perca Peso e dicas do Dia Dia<\/strong>, com <strong>12,7 mil inscritos<\/strong>, explica quais s\u00e3o os reais benef\u00edcios dessa bebida e como ela pode influenciar o dia a dia:<\/p>\n\n\n\n<iframe loading=\"lazy\" width=\"459\" height=\"816\" src=\"https:\/\/www.youtube.com\/embed\/Izf0d50EQcs\" title=\"Quais s\u00e3o os reais benef\u00edcios da \u00e1gua com lim\u00e3o\" frameborder=\"0\" allow=\"accelerometer; autoplay; clipboard-write; encrypted-media; gyroscope; picture-in-picture; web-share\" referrerpolicy=\"strict-origin-when-cross-origin\" allowfullscreen><\/iframe>\n\n\n\n<p>Leia tamb\u00e9m: <a href=\"https:\/\/www.correiobraziliense.com.br\/cbradar\/a-verdura-nutritiva-que-surpreende-na-cozinha-e-rende-colheitas-generosas\/\" target=\"_blank\" rel=\"noreferrer noopener\">A verdura nutritiva que surpreende na cozinha e rende colheitas generosas<\/a><\/p>\n\n\n\n<h2 class=\"wp-block-heading\">Quais h\u00e1bitos complementares ajudam a potencializar o efeito circulat\u00f3rio dos nutrientes?<\/h2>\n\n\n\n<p>Embora a nutri\u00e7\u00e3o seja o pilar central, a efic\u00e1cia das frutas c\u00edtricas \u00e9 amplificada quando associada a pr\u00e1ticas de movimento que estimulam mecanicamente a circula\u00e7\u00e3o de retorno. Caminhadas leves ou exerc\u00edcios de alongamento para as panturrilhas funcionam como uma bomba natural que empurra o sangue de volta ao cora\u00e7\u00e3o, complementando a a\u00e7\u00e3o dos nutrientes. O equil\u00edbrio entre o que se ingere e como o corpo se movimenta determina a rapidez da sua recupera\u00e7\u00e3o f\u00edsica di\u00e1ria.<\/p>\n\n\n\n<p>Manter a hidrata\u00e7\u00e3o elevada e evitar o consumo excessivo de s\u00f3dio tamb\u00e9m s\u00e3o medidas cruciais para impedir que a reten\u00e7\u00e3o de l\u00edquidos anule os efeitos positivos das frutas. Ao cuidar do ambiente interno com bons alimentos e garantir o descanso adequado, voc\u00ea cria o cen\u00e1rio ideal para uma vida vibrante e cheia de energia positiva. A uni\u00e3o desses cuidados simples garante que as pernas permane\u00e7am leves e prontas para qualquer desafio que a sua rotina possa apresentar.<\/p>\n","protected":false},"excerpt":{"rendered":"<p>Sentir as pernas pesadas e inchadas ao final do dia \u00e9 um sinal claro de que o sistema circulat\u00f3rio precisa de aten\u00e7\u00e3o redobrada e nutrientes espec\u00edficos para funcionar corretamente. O consumo regular de frutas c\u00edtricas, ricas em compostos bioativos e vitamina C, surge como uma solu\u00e7\u00e3o natural poderosa para fortalecer as paredes dos vasos sangu\u00edneos [&hellip;]<\/p>\n","protected":false},"author":21,"featured_media":179179,"comment_status":"open","ping_status":"open","sticky":false,"template":"","format":"standard","meta":{"_yoast_wpseo_focuskw":"pernas cansadas","_yoast_wpseo_title":"","_yoast_wpseo_metadesc":"Um desconforto comum no fim do dia pode estar ligado \u00e0 alimenta\u00e7\u00e3o e a nutrientes pouco observados na rotina.","jnews-multi-image_gallery":[],"jnews_single_post":{"format":"standard"},"jnews_primary_category":[],"jnews_social_meta":[],"jnews_override_counter":[],"footnotes":""},"categories":[119,4404],"tags":[120,867,841,1318],"class_list":["post-179178","post","type-post","status-publish","format-standard","has-post-thumbnail","hentry","category-bem-estar","category-saude","tag-bem-estar","tag-laranja","tag-limao","tag-saude-2"],"yoast_head":"<!-- This site is optimized with the Yoast SEO plugin v24.6 - https:\/\/yoast.com\/wordpress\/plugins\/seo\/ -->\n<title>A fruta que ajuda a melhorar a circula\u00e7\u00e3o e reduzir o cansa\u00e7o nas pernas - Correio Braziliense - Radar<\/title>\n<meta name=\"description\" content=\"Um desconforto comum no fim do dia pode estar ligado \u00e0 alimenta\u00e7\u00e3o e a nutrientes pouco observados na rotina.\" \/>\n<meta name=\"robots\" content=\"index, follow, max-snippet:-1, max-image-preview:large, max-video-preview:-1\" \/>\n<link rel=\"canonical\" href=\"https:\/\/www.correiobraziliense.com.br\/cbradar\/a-fruta-que-ajuda-a-melhorar-a-circulacao-e-reduzir-o-cansaco-nas-pernas\/\" \/>\n<meta property=\"og:locale\" content=\"pt_BR\" \/>\n<meta property=\"og:type\" content=\"article\" \/>\n<meta property=\"og:title\" content=\"A fruta que ajuda a melhorar a circula\u00e7\u00e3o e reduzir o cansa\u00e7o nas pernas - Correio Braziliense - Radar\" \/>\n<meta property=\"og:description\" content=\"Um desconforto comum no fim do dia pode estar ligado \u00e0 alimenta\u00e7\u00e3o e a nutrientes pouco observados na rotina.\" \/>\n<meta property=\"og:url\" content=\"https:\/\/www.correiobraziliense.com.br\/cbradar\/a-fruta-que-ajuda-a-melhorar-a-circulacao-e-reduzir-o-cansaco-nas-pernas\/\" \/>\n<meta property=\"og:site_name\" content=\"Correio Braziliense - Radar\" \/>\n<meta property=\"article:published_time\" content=\"2026-01-21T23:40:00+00:00\" \/>\n<meta property=\"article:modified_time\" content=\"2026-01-22T02:46:55+00:00\" \/>\n<meta property=\"og:image\" content=\"https:\/\/www.correiobraziliense.com.br\/cbradar\/wp-content\/uploads\/2026\/01\/Gemini_Generated_Image_il8aspil8aspil8a-1-1.png\" \/>\n\t<meta property=\"og:image:width\" content=\"1280\" \/>\n\t<meta property=\"og:image:height\" content=\"720\" \/>\n\t<meta property=\"og:image:type\" content=\"image\/png\" \/>\n<meta name=\"author\" content=\"Patrick Silva\" \/>\n<meta name=\"twitter:card\" content=\"summary_large_image\" \/>\n<meta name=\"twitter:label1\" content=\"Escrito por\" \/>\n\t<meta name=\"twitter:data1\" content=\"Patrick Silva\" \/>\n\t<meta name=\"twitter:label2\" content=\"Est. tempo de leitura\" \/>\n\t<meta name=\"twitter:data2\" content=\"6 minutos\" \/>\n<!-- \/ Yoast SEO plugin. -->","yoast_head_json":{"title":"A fruta que ajuda a melhorar a circula\u00e7\u00e3o e reduzir o cansa\u00e7o nas pernas - Correio Braziliense - Radar","description":"Um desconforto comum no fim do dia pode estar ligado \u00e0 alimenta\u00e7\u00e3o e a nutrientes pouco observados na rotina.","robots":{"index":"index","follow":"follow","max-snippet":"max-snippet:-1","max-image-preview":"max-image-preview:large","max-video-preview":"max-video-preview:-1"},"canonical":"https:\/\/www.correiobraziliense.com.br\/cbradar\/a-fruta-que-ajuda-a-melhorar-a-circulacao-e-reduzir-o-cansaco-nas-pernas\/","og_locale":"pt_BR","og_type":"article","og_title":"A fruta que ajuda a melhorar a circula\u00e7\u00e3o e reduzir o cansa\u00e7o nas pernas - Correio Braziliense - Radar","og_description":"Um desconforto comum no fim do dia pode estar ligado \u00e0 alimenta\u00e7\u00e3o e a nutrientes pouco observados na rotina.","og_url":"https:\/\/www.correiobraziliense.com.br\/cbradar\/a-fruta-que-ajuda-a-melhorar-a-circulacao-e-reduzir-o-cansaco-nas-pernas\/","og_site_name":"Correio Braziliense - Radar","article_published_time":"2026-01-21T23:40:00+00:00","article_modified_time":"2026-01-22T02:46:55+00:00","og_image":[{"width":1280,"height":720,"url":"https:\/\/www.correiobraziliense.com.br\/cbradar\/wp-content\/uploads\/2026\/01\/Gemini_Generated_Image_il8aspil8aspil8a-1-1.png","type":"image\/png"}],"author":"Patrick Silva","twitter_card":"summary_large_image","twitter_misc":{"Escrito por":"Patrick Silva","Est. tempo de leitura":"6 minutos"},"schema":{"@context":"https:\/\/schema.org","@graph":[{"@type":"WebPage","@id":"https:\/\/www.correiobraziliense.com.br\/cbradar\/a-fruta-que-ajuda-a-melhorar-a-circulacao-e-reduzir-o-cansaco-nas-pernas\/","url":"https:\/\/www.correiobraziliense.com.br\/cbradar\/a-fruta-que-ajuda-a-melhorar-a-circulacao-e-reduzir-o-cansaco-nas-pernas\/","name":"A fruta que ajuda a melhorar a circula\u00e7\u00e3o e reduzir o cansa\u00e7o nas pernas - Correio Braziliense - Radar","isPartOf":{"@id":"https:\/\/www.correiobraziliense.com.br\/cbradar\/#website"},"primaryImageOfPage":{"@id":"https:\/\/www.correiobraziliense.com.br\/cbradar\/a-fruta-que-ajuda-a-melhorar-a-circulacao-e-reduzir-o-cansaco-nas-pernas\/#primaryimage"},"image":{"@id":"https:\/\/www.correiobraziliense.com.br\/cbradar\/a-fruta-que-ajuda-a-melhorar-a-circulacao-e-reduzir-o-cansaco-nas-pernas\/#primaryimage"},"thumbnailUrl":"https:\/\/www.correiobraziliense.com.br\/cbradar\/wp-content\/uploads\/2026\/01\/Gemini_Generated_Image_il8aspil8aspil8a-1-1.png","datePublished":"2026-01-21T23:40:00+00:00","dateModified":"2026-01-22T02:46:55+00:00","author":{"@id":"https:\/\/www.correiobraziliense.com.br\/cbradar\/#\/schema\/person\/5440b72be9c7eb74f446c846479dc4da"},"description":"Um desconforto comum no fim do dia pode estar ligado \u00e0 alimenta\u00e7\u00e3o e a nutrientes pouco observados na rotina.","breadcrumb":{"@id":"https:\/\/www.correiobraziliense.com.br\/cbradar\/a-fruta-que-ajuda-a-melhorar-a-circulacao-e-reduzir-o-cansaco-nas-pernas\/#breadcrumb"},"inLanguage":"pt-BR","potentialAction":[{"@type":"ReadAction","target":["https:\/\/www.correiobraziliense.com.br\/cbradar\/a-fruta-que-ajuda-a-melhorar-a-circulacao-e-reduzir-o-cansaco-nas-pernas\/"]}]},{"@type":"ImageObject","inLanguage":"pt-BR","@id":"https:\/\/www.correiobraziliense.com.br\/cbradar\/a-fruta-que-ajuda-a-melhorar-a-circulacao-e-reduzir-o-cansaco-nas-pernas\/#primaryimage","url":"https:\/\/www.correiobraziliense.com.br\/cbradar\/wp-content\/uploads\/2026\/01\/Gemini_Generated_Image_il8aspil8aspil8a-1-1.png","contentUrl":"https:\/\/www.correiobraziliense.com.br\/cbradar\/wp-content\/uploads\/2026\/01\/Gemini_Generated_Image_il8aspil8aspil8a-1-1.png","width":1280,"height":720,"caption":"Alimenta\u00e7\u00e3o pode influenciar a leveza das pernas"},{"@type":"BreadcrumbList","@id":"https:\/\/www.correiobraziliense.com.br\/cbradar\/a-fruta-que-ajuda-a-melhorar-a-circulacao-e-reduzir-o-cansaco-nas-pernas\/#breadcrumb","itemListElement":[{"@type":"ListItem","position":1,"name":"In\u00edcio","item":"https:\/\/www.correiobraziliense.com.br\/cbradar\/"},{"@type":"ListItem","position":2,"name":"A fruta que ajuda a melhorar a circula\u00e7\u00e3o e reduzir o cansa\u00e7o nas pernas"}]},{"@type":"WebSite","@id":"https:\/\/www.correiobraziliense.com.br\/cbradar\/#website","url":"https:\/\/www.correiobraziliense.com.br\/cbradar\/","name":"Correio Braziliense - Radar","description":"Acompanhe as \u00faltimas not\u00edcias e fique bem informado sobre tudo o que acontece no Brasil e no mundo.","potentialAction":[{"@type":"SearchAction","target":{"@type":"EntryPoint","urlTemplate":"https:\/\/www.correiobraziliense.com.br\/cbradar\/?s={search_term_string}"},"query-input":{"@type":"PropertyValueSpecification","valueRequired":true,"valueName":"search_term_string"}}],"inLanguage":"pt-BR"},{"@type":"Person","@id":"https:\/\/www.correiobraziliense.com.br\/cbradar\/#\/schema\/person\/5440b72be9c7eb74f446c846479dc4da","name":"Patrick Silva","image":{"@type":"ImageObject","inLanguage":"pt-BR","@id":"https:\/\/www.correiobraziliense.com.br\/cbradar\/#\/schema\/person\/image\/","url":"https:\/\/secure.gravatar.com\/avatar\/944109df296fc087785c9715fd5f80b2?s=96&d=mm&r=g","contentUrl":"https:\/\/secure.gravatar.com\/avatar\/944109df296fc087785c9715fd5f80b2?s=96&d=mm&r=g","caption":"Patrick Silva"},"sameAs":["https:\/\/www.correiobraziliense.com.br\/cbradar\/"],"url":"https:\/\/www.correiobraziliense.com.br\/cbradar\/author\/patrick-silva\/"}]}},"_links":{"self":[{"href":"https:\/\/www.correiobraziliense.com.br\/cbradar\/wp-json\/wp\/v2\/posts\/179178","targetHints":{"allow":["GET"]}}],"collection":[{"href":"https:\/\/www.correiobraziliense.com.br\/cbradar\/wp-json\/wp\/v2\/posts"}],"about":[{"href":"https:\/\/www.correiobraziliense.com.br\/cbradar\/wp-json\/wp\/v2\/types\/post"}],"author":[{"embeddable":true,"href":"https:\/\/www.correiobraziliense.com.br\/cbradar\/wp-json\/wp\/v2\/users\/21"}],"replies":[{"embeddable":true,"href":"https:\/\/www.correiobraziliense.com.br\/cbradar\/wp-json\/wp\/v2\/comments?post=179178"}],"version-history":[{"count":3,"href":"https:\/\/www.correiobraziliense.com.br\/cbradar\/wp-json\/wp\/v2\/posts\/179178\/revisions"}],"predecessor-version":[{"id":179493,"href":"https:\/\/www.correiobraziliense.com.br\/cbradar\/wp-json\/wp\/v2\/posts\/179178\/revisions\/179493"}],"wp:featuredmedia":[{"embeddable":true,"href":"https:\/\/www.correiobraziliense.com.br\/cbradar\/wp-json\/wp\/v2\/media\/179179"}],"wp:attachment":[{"href":"https:\/\/www.correiobraziliense.com.br\/cbradar\/wp-json\/wp\/v2\/media?parent=179178"}],"wp:term":[{"taxonomy":"category","embeddable":true,"href":"https:\/\/www.correiobraziliense.com.br\/cbradar\/wp-json\/wp\/v2\/categories?post=179178"},{"taxonomy":"post_tag","embeddable":true,"href":"https:\/\/www.correiobraziliense.com.br\/cbradar\/wp-json\/wp\/v2\/tags?post=179178"}],"curies":[{"name":"wp","href":"https:\/\/api.w.org\/{rel}","templated":true}]}}