{"id":179182,"date":"2026-01-21T19:10:00","date_gmt":"2026-01-21T22:10:00","guid":{"rendered":"https:\/\/www.correiobraziliense.com.br\/cbradar\/?p=179182"},"modified":"2026-01-21T12:25:20","modified_gmt":"2026-01-21T15:25:20","slug":"o-cha-que-ajuda-a-aliviar-colicas-e-reduzir-o-inchaco-abdominal","status":"publish","type":"post","link":"https:\/\/www.correiobraziliense.com.br\/cbradar\/o-cha-que-ajuda-a-aliviar-colicas-e-reduzir-o-inchaco-abdominal\/","title":{"rendered":"O ch\u00e1 que ajuda a aliviar c\u00f3licas e reduzir o incha\u00e7o abdominal"},"content":{"rendered":"\n<p>Sentir o abd\u00f4men pesado ou enfrentar as dores agudas das c\u00f3licas pode prejudicar drasticamente a sua qualidade de vida e a produtividade di\u00e1ria. O uso estrat\u00e9gico de infus\u00f5es naturais surge como uma alternativa terap\u00eautica eficaz, proporcionando al\u00edvio imediato atrav\u00e9s de propriedades relaxantes que agem diretamente no foco do desconforto. Entender como essas plantas medicinais operam no organismo \u00e9 o primeiro passo para conquistar um estado de equil\u00edbrio f\u00edsico e bem-estar pleno.<\/p>\n\n\n\n<h2 class=\"wp-block-heading\">Como a a\u00e7\u00e3o antiespasm\u00f3dica alivia as c\u00f3licas menstruais?<\/h2>\n\n\n\n<p>As c\u00f3licas s\u00e3o causadas por contra\u00e7\u00f5es vigorosas do \u00fatero, um processo natural que pode ser suavizado atrav\u00e9s de subst\u00e2ncias relaxantes presentes na camomila. Essa flor cont\u00e9m apigenina, um flavonoide que atua nos receptores cerebrais e musculares para reduzir a intensidade dos espasmos dolorosos de forma segura. O resultado \u00e9 um al\u00edvio gradual que permite retomar as atividades com maior conforto e tranquilidade emocional.<\/p>\n\n\n\n<p><strong>O reconhecimento dessas propriedades transcende a tradi\u00e7\u00e3o milenar, encontrando respaldo em an\u00e1lises cient\u00edficas que detalham os mecanismos bioqu\u00edmicos pelos quais os extratos vegetais interagem com o sistema neuromuscular.<\/strong> De acordo com um <a href=\"https:\/\/www.ncbi.nlm.nih.gov\/pmc\/articles\/PMC2995283\/\" target=\"_blank\" rel=\"noreferrer noopener\">estudo de revis\u00e3o publicado na National Library of Medicine (PubMed)<\/a>, a camomila \u00e9 amplamente documentada por suas propriedades anti-inflamat\u00f3rias e antiespasm\u00f3dicas, sendo eficaz no relaxamento da musculatura lisa e no suporte ao tratamento de dist\u00farbios gastrointestinais e menstruais.<\/p>\n\n\n<div class=\"wp-block-image\">\n<figure class=\"aligncenter size-large\"><img decoding=\"async\" width=\"1024\" height=\"576\" src=\"https:\/\/www.correiobraziliense.com.br\/cbradar\/wp-content\/uploads\/2026\/01\/Gemini_Generated_Image_4so71l4so71l4so7-1-1-1024x576.png\" alt=\"O ch\u00e1 que ajuda a aliviar c\u00f3licas e reduzir o incha\u00e7o abdominal\" class=\"wp-image-179184\" srcset=\"https:\/\/www.correiobraziliense.com.br\/cbradar\/wp-content\/uploads\/2026\/01\/Gemini_Generated_Image_4so71l4so71l4so7-1-1-1024x576.png 1024w, https:\/\/www.correiobraziliense.com.br\/cbradar\/wp-content\/uploads\/2026\/01\/Gemini_Generated_Image_4so71l4so71l4so7-1-1-300x169.png 300w, https:\/\/www.correiobraziliense.com.br\/cbradar\/wp-content\/uploads\/2026\/01\/Gemini_Generated_Image_4so71l4so71l4so7-1-1-768x432.png 768w, https:\/\/www.correiobraziliense.com.br\/cbradar\/wp-content\/uploads\/2026\/01\/Gemini_Generated_Image_4so71l4so71l4so7-1-1-750x422.png 750w, https:\/\/www.correiobraziliense.com.br\/cbradar\/wp-content\/uploads\/2026\/01\/Gemini_Generated_Image_4so71l4so71l4so7-1-1-1140x641.png 1140w, https:\/\/www.correiobraziliense.com.br\/cbradar\/wp-content\/uploads\/2026\/01\/Gemini_Generated_Image_4so71l4so71l4so7-1-1.png 1280w\" sizes=\"(max-width: 1024px) 100vw, 1024px\" \/><figcaption class=\"wp-element-caption\">Desconforto abdominal pode ter origem em h\u00e1bitos simples<\/figcaption><\/figure><\/div>\n\n\n<h2 class=\"wp-block-heading\">Quais s\u00e3o os melhores ch\u00e1s para reduzir o incha\u00e7o abdominal?<\/h2>\n\n\n\n<p>O ac\u00famulo de gases e a reten\u00e7\u00e3o de l\u00edquidos s\u00e3o as principais causas da distens\u00e3o na regi\u00e3o da barriga, gerando um inc\u00f4modo est\u00e9tico e f\u00edsico constante. Plantas como a hortel\u00e3 e a erva-doce possuem \u00f3leos essenciais que estimulam a motilidade intestinal e facilitam a expuls\u00e3o do ar retido de forma natural. Essa a\u00e7\u00e3o direta promove uma sensa\u00e7\u00e3o de leveza quase instant\u00e2nea logo ap\u00f3s o consumo da bebida morna.<\/p>\n\n\n\n<p>A escolha correta das ervas depende da origem do desconforto, mas algumas op\u00e7\u00f5es s\u00e3o amplamente reconhecidas pela ci\u00eancia por sua efic\u00e1cia comprovada no tratamento desses sintomas. Para quem deseja desinflamar o corpo e melhorar o tr\u00e2nsito digestivo, as infus\u00f5es mais indicadas pela medicina natural apresentam as seguintes caracter\u00edsticas fundamentais para a recupera\u00e7\u00e3o:<\/p>\n\n\n\n<div style=\"max-width:900px;margin:30px auto;font-family:inherit;\">\n\n  <style>\n    .ervas-digestivas{\n      display:grid;\n      grid-template-columns:repeat(auto-fit,minmax(240px,1fr));\n      gap:14px;\n    }\n    .erva-card{\n      background:#f6faf6;\n      border-radius:14px;\n      padding:15px 16px;\n      box-shadow:0 3px 12px rgba(0,0,0,.05);\n      display:flex;\n      gap:14px;\n      align-items:flex-start;\n      border-left:5px solid #7bbf8e;\n    }\n    .erva-icon{\n      min-width:38px;\n      height:38px;\n      border-radius:10px;\n      background:#e2f1e7;\n      display:flex;\n      align-items:center;\n      justify-content:center;\n      font-size:18px;\n    }\n    .erva-text h3{\n      font-size:15px;\n      margin:0 0 4px;\n      color:#245c3a;\n    }\n    .erva-text p{\n      font-size:13px;\n      line-height:1.5;\n      margin:0;\n      color:#444;\n    }\n  <\/style>\n\n  <div class=\"ervas-digestivas\">\n\n    <div class=\"erva-card\">\n      <div class=\"erva-icon\">\ud83c\udf3f<\/div>\n      <div class=\"erva-text\">\n        <h3>Hortel\u00e3-pimenta<\/h3>\n        <p>Ajuda a relaxar os m\u00fasculos do trato gastrointestinal, aliviando espasmos e desconfortos abdominais.<\/p>\n      <\/div>\n    <\/div>\n\n    <div class=\"erva-card\">\n      <div class=\"erva-icon\">\ud83c\udf3c<\/div>\n      <div class=\"erva-text\">\n        <h3>Erva-doce<\/h3>\n        <p>Reduz a fermenta\u00e7\u00e3o excessiva dos alimentos, combatendo gases e distens\u00e3o abdominal.<\/p>\n      <\/div>\n    <\/div>\n\n    <div class=\"erva-card\">\n      <div class=\"erva-icon\">\ud83e\udeda<\/div>\n      <div class=\"erva-text\">\n        <h3>Gengibre<\/h3>\n        <p>Acelera o esvaziamento g\u00e1strico, auxiliando na digest\u00e3o e diminuindo n\u00e1useas.<\/p>\n      <\/div>\n    <\/div>\n\n  <\/div>\n\n<\/div>\n\n\n\n<h2 class=\"wp-block-heading\">Por que a erva-doce e a hortel\u00e3 favorecem a digest\u00e3o?<\/h2>\n\n\n\n<p>O processo digestivo eficiente \u00e9 a base para um corpo saud\u00e1vel e livre de press\u00f5es abdominais desagrad\u00e1veis que surgem ap\u00f3s as refei\u00e7\u00f5es pesadas. A erva-doce atua relaxando o esf\u00edncter esof\u00e1gico e facilitando a passagem dos alimentos, enquanto a hortel\u00e3 estimula a produ\u00e7\u00e3o adequada de bile pelo f\u00edgado. Essa sinergia garante que os nutrientes sejam absorvidos sem gerar os efeitos colaterais t\u00edpicos da m\u00e1 digest\u00e3o.<\/p>\n\n\n\n<p>Integrar essas ervas na rotina di\u00e1ria pode transformar a forma como seu organismo processa diferentes tipos de alimentos, evitando crises de estufamento recorrentes. Ao preparar sua infus\u00e3o, \u00e9 poss\u00edvel potencializar os efeitos terap\u00eauticos seguindo algumas diretrizes simples que garantem a preserva\u00e7\u00e3o de todos os princ\u00edpios ativos das plantas selecionadas para o consumo:<\/p>\n\n\n\n<ul class=\"wp-block-list\">\n<li>Utilizar \u00e1gua quente, mas sem atingir o ponto de fervura total.<\/li>\n\n\n\n<li>Manter a x\u00edcara devidamente abafada durante cinco a dez minutos.<\/li>\n\n\n\n<li>Consumir a bebida ainda morna para otimizar a absor\u00e7\u00e3o g\u00e1strica.<\/li>\n<\/ul>\n\n\n\n<p>Leve, arom\u00e1tico e cheio de propriedades naturais, o <strong>ch\u00e1 de erva-doce<\/strong> pode trazer v\u00e1rios benef\u00edcios para a sa\u00fade. O canal <strong>HelpFarma<\/strong>, com <strong>253 mil inscritos<\/strong>, revela 6 benef\u00edcios incr\u00edveis da bebida e ensina como prepar\u00e1-la da forma correta:<\/p>\n\n\n\n<iframe loading=\"lazy\" width=\"459\" height=\"816\" src=\"https:\/\/www.youtube.com\/embed\/4D2NOgR6z8w\" title=\"6 benef\u00edcios incr\u00edveis do ch\u00e1 de erva-doce e como fazer certo!\" frameborder=\"0\" allow=\"accelerometer; autoplay; clipboard-write; encrypted-media; gyroscope; picture-in-picture; web-share\" referrerpolicy=\"strict-origin-when-cross-origin\" allowfullscreen><\/iframe>\n\n\n\n<p>Leia tamb\u00e9m: <a href=\"https:\/\/www.correiobraziliense.com.br\/cbradar\/a-verdura-nutritiva-que-surpreende-na-cozinha-e-rende-colheitas-generosas\/\" target=\"_blank\" rel=\"noreferrer noopener\">A verdura nutritiva que surpreende na cozinha e rende colheitas generosas<\/a><\/p>\n\n\n\n<h2 class=\"wp-block-heading\">Qual \u00e9 a import\u00e2ncia da temperatura do ch\u00e1 no al\u00edvio da dor?<\/h2>\n\n\n\n<p>A temperatura morna do ch\u00e1 atua como uma compressa interna, auxiliando no relaxamento das fibras musculares lisas que comp\u00f5em os \u00f3rg\u00e3os abdominais sens\u00edveis. Esse calor ajuda a dissipar a tens\u00e3o acumulada, permitindo que os espasmos cessem de forma mais r\u00e1pida do que se a bebida fosse consumida gelada. O contato t\u00e9rmico \u00e9 um fator determinante para que as propriedades antiespasm\u00f3dicas das ervas ajam com precis\u00e3o.<\/p>\n\n\n\n<p>Al\u00e9m disso, o ritual de segurar e ingerir uma bebida quente promove uma pausa necess\u00e1ria no ritmo acelerado do dia, auxiliando na regula\u00e7\u00e3o do cortisol. Essa abordagem hol\u00edstica foca tanto no sintoma f\u00edsico quanto no gatilho emocional que muitas vezes piora o incha\u00e7o e a c\u00f3lica intestinal. Manter a const\u00e2ncia nesse h\u00e1bito \u00e9 o segredo para prevenir crises futuras e viver com mais leveza.<\/p>\n","protected":false},"excerpt":{"rendered":"<p>Sentir o abd\u00f4men pesado ou enfrentar as dores agudas das c\u00f3licas pode prejudicar drasticamente a sua qualidade de vida e a produtividade di\u00e1ria. O uso estrat\u00e9gico de infus\u00f5es naturais surge como uma alternativa terap\u00eautica eficaz, proporcionando al\u00edvio imediato atrav\u00e9s de propriedades relaxantes que agem diretamente no foco do desconforto. Entender como essas plantas medicinais operam [&hellip;]<\/p>\n","protected":false},"author":21,"featured_media":179183,"comment_status":"open","ping_status":"open","sticky":false,"template":"","format":"standard","meta":{"_yoast_wpseo_focuskw":"abd\u00f4men inchado","_yoast_wpseo_title":"","_yoast_wpseo_metadesc":"Incha\u00e7o e c\u00f3licas abdominais podem estar ligados a h\u00e1bitos simples que passam despercebidos no dia a dia.","jnews-multi-image_gallery":[],"jnews_single_post":{"format":"standard"},"jnews_primary_category":[],"jnews_social_meta":[],"jnews_override_counter":[],"footnotes":""},"categories":[119,4404],"tags":[8861,535,3307,4574],"class_list":["post-179182","post","type-post","status-publish","format-standard","has-post-thumbnail","hentry","category-bem-estar","category-saude","tag-abdominal","tag-cha","tag-colicas","tag-inchaco"],"yoast_head":"<!-- This site is optimized with the Yoast SEO plugin v24.6 - https:\/\/yoast.com\/wordpress\/plugins\/seo\/ -->\n<title>O ch\u00e1 que ajuda a aliviar c\u00f3licas e reduzir o incha\u00e7o abdominal - Correio Braziliense - Radar<\/title>\n<meta name=\"description\" content=\"Incha\u00e7o e c\u00f3licas abdominais podem estar ligados a h\u00e1bitos simples que passam despercebidos no dia a dia.\" \/>\n<meta name=\"robots\" content=\"index, follow, max-snippet:-1, max-image-preview:large, max-video-preview:-1\" \/>\n<link rel=\"canonical\" href=\"https:\/\/www.correiobraziliense.com.br\/cbradar\/o-cha-que-ajuda-a-aliviar-colicas-e-reduzir-o-inchaco-abdominal\/\" \/>\n<meta property=\"og:locale\" content=\"pt_BR\" \/>\n<meta property=\"og:type\" content=\"article\" \/>\n<meta property=\"og:title\" content=\"O ch\u00e1 que ajuda a aliviar c\u00f3licas e reduzir o incha\u00e7o abdominal - Correio Braziliense - Radar\" \/>\n<meta property=\"og:description\" content=\"Incha\u00e7o e c\u00f3licas abdominais podem estar ligados a h\u00e1bitos simples que passam despercebidos no dia a dia.\" \/>\n<meta property=\"og:url\" content=\"https:\/\/www.correiobraziliense.com.br\/cbradar\/o-cha-que-ajuda-a-aliviar-colicas-e-reduzir-o-inchaco-abdominal\/\" \/>\n<meta property=\"og:site_name\" content=\"Correio Braziliense - Radar\" \/>\n<meta property=\"article:published_time\" content=\"2026-01-21T22:10:00+00:00\" \/>\n<meta property=\"og:image\" content=\"https:\/\/www.correiobraziliense.com.br\/cbradar\/wp-content\/uploads\/2026\/01\/Gemini_Generated_Image_k5hc2ik5hc2ik5hc-1-1.png\" \/>\n\t<meta property=\"og:image:width\" content=\"1280\" \/>\n\t<meta property=\"og:image:height\" content=\"720\" \/>\n\t<meta property=\"og:image:type\" content=\"image\/png\" \/>\n<meta name=\"author\" content=\"Patrick Silva\" \/>\n<meta name=\"twitter:card\" content=\"summary_large_image\" \/>\n<meta name=\"twitter:label1\" content=\"Escrito por\" \/>\n\t<meta name=\"twitter:data1\" content=\"Patrick Silva\" \/>\n\t<meta name=\"twitter:label2\" content=\"Est. tempo de leitura\" \/>\n\t<meta name=\"twitter:data2\" content=\"5 minutos\" \/>\n<!-- \/ Yoast SEO plugin. -->","yoast_head_json":{"title":"O ch\u00e1 que ajuda a aliviar c\u00f3licas e reduzir o incha\u00e7o abdominal - Correio Braziliense - Radar","description":"Incha\u00e7o e c\u00f3licas abdominais podem estar ligados a h\u00e1bitos simples que passam despercebidos no dia a dia.","robots":{"index":"index","follow":"follow","max-snippet":"max-snippet:-1","max-image-preview":"max-image-preview:large","max-video-preview":"max-video-preview:-1"},"canonical":"https:\/\/www.correiobraziliense.com.br\/cbradar\/o-cha-que-ajuda-a-aliviar-colicas-e-reduzir-o-inchaco-abdominal\/","og_locale":"pt_BR","og_type":"article","og_title":"O ch\u00e1 que ajuda a aliviar c\u00f3licas e reduzir o incha\u00e7o abdominal - Correio Braziliense - Radar","og_description":"Incha\u00e7o e c\u00f3licas abdominais podem estar ligados a h\u00e1bitos simples que passam despercebidos no dia a dia.","og_url":"https:\/\/www.correiobraziliense.com.br\/cbradar\/o-cha-que-ajuda-a-aliviar-colicas-e-reduzir-o-inchaco-abdominal\/","og_site_name":"Correio Braziliense - Radar","article_published_time":"2026-01-21T22:10:00+00:00","og_image":[{"width":1280,"height":720,"url":"https:\/\/www.correiobraziliense.com.br\/cbradar\/wp-content\/uploads\/2026\/01\/Gemini_Generated_Image_k5hc2ik5hc2ik5hc-1-1.png","type":"image\/png"}],"author":"Patrick Silva","twitter_card":"summary_large_image","twitter_misc":{"Escrito por":"Patrick Silva","Est. tempo de leitura":"5 minutos"},"schema":{"@context":"https:\/\/schema.org","@graph":[{"@type":"WebPage","@id":"https:\/\/www.correiobraziliense.com.br\/cbradar\/o-cha-que-ajuda-a-aliviar-colicas-e-reduzir-o-inchaco-abdominal\/","url":"https:\/\/www.correiobraziliense.com.br\/cbradar\/o-cha-que-ajuda-a-aliviar-colicas-e-reduzir-o-inchaco-abdominal\/","name":"O ch\u00e1 que ajuda a aliviar c\u00f3licas e reduzir o incha\u00e7o abdominal - Correio Braziliense - Radar","isPartOf":{"@id":"https:\/\/www.correiobraziliense.com.br\/cbradar\/#website"},"primaryImageOfPage":{"@id":"https:\/\/www.correiobraziliense.com.br\/cbradar\/o-cha-que-ajuda-a-aliviar-colicas-e-reduzir-o-inchaco-abdominal\/#primaryimage"},"image":{"@id":"https:\/\/www.correiobraziliense.com.br\/cbradar\/o-cha-que-ajuda-a-aliviar-colicas-e-reduzir-o-inchaco-abdominal\/#primaryimage"},"thumbnailUrl":"https:\/\/www.correiobraziliense.com.br\/cbradar\/wp-content\/uploads\/2026\/01\/Gemini_Generated_Image_k5hc2ik5hc2ik5hc-1-1.png","datePublished":"2026-01-21T22:10:00+00:00","author":{"@id":"https:\/\/www.correiobraziliense.com.br\/cbradar\/#\/schema\/person\/5440b72be9c7eb74f446c846479dc4da"},"description":"Incha\u00e7o e c\u00f3licas abdominais podem estar ligados a h\u00e1bitos simples que passam despercebidos no dia a dia.","breadcrumb":{"@id":"https:\/\/www.correiobraziliense.com.br\/cbradar\/o-cha-que-ajuda-a-aliviar-colicas-e-reduzir-o-inchaco-abdominal\/#breadcrumb"},"inLanguage":"pt-BR","potentialAction":[{"@type":"ReadAction","target":["https:\/\/www.correiobraziliense.com.br\/cbradar\/o-cha-que-ajuda-a-aliviar-colicas-e-reduzir-o-inchaco-abdominal\/"]}]},{"@type":"ImageObject","inLanguage":"pt-BR","@id":"https:\/\/www.correiobraziliense.com.br\/cbradar\/o-cha-que-ajuda-a-aliviar-colicas-e-reduzir-o-inchaco-abdominal\/#primaryimage","url":"https:\/\/www.correiobraziliense.com.br\/cbradar\/wp-content\/uploads\/2026\/01\/Gemini_Generated_Image_k5hc2ik5hc2ik5hc-1-1.png","contentUrl":"https:\/\/www.correiobraziliense.com.br\/cbradar\/wp-content\/uploads\/2026\/01\/Gemini_Generated_Image_k5hc2ik5hc2ik5hc-1-1.png","width":1280,"height":720,"caption":"Desconforto abdominal pode ter origem em h\u00e1bitos simples"},{"@type":"BreadcrumbList","@id":"https:\/\/www.correiobraziliense.com.br\/cbradar\/o-cha-que-ajuda-a-aliviar-colicas-e-reduzir-o-inchaco-abdominal\/#breadcrumb","itemListElement":[{"@type":"ListItem","position":1,"name":"In\u00edcio","item":"https:\/\/www.correiobraziliense.com.br\/cbradar\/"},{"@type":"ListItem","position":2,"name":"O ch\u00e1 que ajuda a aliviar c\u00f3licas e reduzir o incha\u00e7o abdominal"}]},{"@type":"WebSite","@id":"https:\/\/www.correiobraziliense.com.br\/cbradar\/#website","url":"https:\/\/www.correiobraziliense.com.br\/cbradar\/","name":"Correio Braziliense - Radar","description":"Acompanhe as \u00faltimas not\u00edcias e fique bem informado sobre tudo o que acontece no Brasil e no mundo.","potentialAction":[{"@type":"SearchAction","target":{"@type":"EntryPoint","urlTemplate":"https:\/\/www.correiobraziliense.com.br\/cbradar\/?s={search_term_string}"},"query-input":{"@type":"PropertyValueSpecification","valueRequired":true,"valueName":"search_term_string"}}],"inLanguage":"pt-BR"},{"@type":"Person","@id":"https:\/\/www.correiobraziliense.com.br\/cbradar\/#\/schema\/person\/5440b72be9c7eb74f446c846479dc4da","name":"Patrick Silva","image":{"@type":"ImageObject","inLanguage":"pt-BR","@id":"https:\/\/www.correiobraziliense.com.br\/cbradar\/#\/schema\/person\/image\/","url":"https:\/\/secure.gravatar.com\/avatar\/944109df296fc087785c9715fd5f80b2?s=96&d=mm&r=g","contentUrl":"https:\/\/secure.gravatar.com\/avatar\/944109df296fc087785c9715fd5f80b2?s=96&d=mm&r=g","caption":"Patrick Silva"},"sameAs":["https:\/\/www.correiobraziliense.com.br\/cbradar\/"],"url":"https:\/\/www.correiobraziliense.com.br\/cbradar\/author\/patrick-silva\/"}]}},"_links":{"self":[{"href":"https:\/\/www.correiobraziliense.com.br\/cbradar\/wp-json\/wp\/v2\/posts\/179182","targetHints":{"allow":["GET"]}}],"collection":[{"href":"https:\/\/www.correiobraziliense.com.br\/cbradar\/wp-json\/wp\/v2\/posts"}],"about":[{"href":"https:\/\/www.correiobraziliense.com.br\/cbradar\/wp-json\/wp\/v2\/types\/post"}],"author":[{"embeddable":true,"href":"https:\/\/www.correiobraziliense.com.br\/cbradar\/wp-json\/wp\/v2\/users\/21"}],"replies":[{"embeddable":true,"href":"https:\/\/www.correiobraziliense.com.br\/cbradar\/wp-json\/wp\/v2\/comments?post=179182"}],"version-history":[{"count":4,"href":"https:\/\/www.correiobraziliense.com.br\/cbradar\/wp-json\/wp\/v2\/posts\/179182\/revisions"}],"predecessor-version":[{"id":179213,"href":"https:\/\/www.correiobraziliense.com.br\/cbradar\/wp-json\/wp\/v2\/posts\/179182\/revisions\/179213"}],"wp:featuredmedia":[{"embeddable":true,"href":"https:\/\/www.correiobraziliense.com.br\/cbradar\/wp-json\/wp\/v2\/media\/179183"}],"wp:attachment":[{"href":"https:\/\/www.correiobraziliense.com.br\/cbradar\/wp-json\/wp\/v2\/media?parent=179182"}],"wp:term":[{"taxonomy":"category","embeddable":true,"href":"https:\/\/www.correiobraziliense.com.br\/cbradar\/wp-json\/wp\/v2\/categories?post=179182"},{"taxonomy":"post_tag","embeddable":true,"href":"https:\/\/www.correiobraziliense.com.br\/cbradar\/wp-json\/wp\/v2\/tags?post=179182"}],"curies":[{"name":"wp","href":"https:\/\/api.w.org\/{rel}","templated":true}]}}