{"id":17919,"date":"2025-04-02T20:10:00","date_gmt":"2025-04-02T23:10:00","guid":{"rendered":"https:\/\/www.correiobraziliense.com.br\/cbradar\/?p=17919"},"modified":"2025-04-01T17:02:57","modified_gmt":"2025-04-01T20:02:57","slug":"conheca-a-cidade-onde-supermercados-funcionam-sem-funcionarios","status":"publish","type":"post","link":"https:\/\/www.correiobraziliense.com.br\/cbradar\/conheca-a-cidade-onde-supermercados-funcionam-sem-funcionarios\/","title":{"rendered":"Conhe\u00e7a a cidade onde supermercados funcionam sem funcion\u00e1rios"},"content":{"rendered":"\n<p>Na vanguardista <strong>Estocolmo<\/strong>, capital da <strong>Su\u00e9cia<\/strong>, fazer compras pode ser uma experi\u00eancia totalmente aut\u00f4noma. A cidade abriga supermercados que <strong>funcionam sem nenhum funcion\u00e1rio presencial<\/strong>, operando 24 horas por dia com base em <strong>tecnologia de autoatendimento, aplicativos e intelig\u00eancia artificial<\/strong>.<\/p>\n\n\n\n<p>Essa inova\u00e7\u00e3o faz parte do modelo escandinavo de confian\u00e7a social e efici\u00eancia urbana \u2014 e est\u00e1 mudando a forma como os moradores interagem com o com\u00e9rcio do dia a dia.<\/p>\n\n\n\n<h2 class=\"wp-block-heading\"><strong>Como funcionam os supermercados sem funcion\u00e1rios?<\/strong><\/h2>\n\n\n\n<p>Em redes como a <strong>Lifvs<\/strong> e outras lojas aut\u00f4nomas espalhadas por Estocolmo, o processo \u00e9 simples:<\/p>\n\n\n\n<ul class=\"wp-block-list\">\n<li>O cliente <strong>acessa a loja usando um aplicativo no celular<\/strong> (com autentica\u00e7\u00e3o por QR Code)<\/li>\n\n\n\n<li>Dentro da loja, os produtos s\u00e3o escaneados pelo pr\u00f3prio usu\u00e1rio<\/li>\n\n\n\n<li>O pagamento \u00e9 feito via app, por cart\u00e3o de cr\u00e9dito ou carteiras digitais<\/li>\n\n\n\n<li><strong>C\u00e2meras e sensores monitoram os produtos<\/strong> e garantem a seguran\u00e7a<\/li>\n\n\n\n<li>O reabastecimento \u00e9 feito por equipes log\u00edsticas que visitam periodicamente as lojas<\/li>\n<\/ul>\n\n\n\n<p>Tudo \u00e9 baseado na confian\u00e7a, no bom comportamento da comunidade e na tecnologia de rastreamento.<\/p>\n\n\n\n<figure class=\"wp-block-image size-large\"><img decoding=\"async\" width=\"1024\" height=\"576\" src=\"https:\/\/www.correiobraziliense.com.br\/cbradar\/wp-content\/uploads\/2025\/04\/Estocolmo_1743528386703-1024x576.jpg\" alt=\"Conhe\u00e7a a cidade onde supermercados funcionam sem funcion\u00e1rios\" class=\"wp-image-17921\" srcset=\"https:\/\/www.correiobraziliense.com.br\/cbradar\/wp-content\/uploads\/2025\/04\/Estocolmo_1743528386703-1024x576.jpg 1024w, https:\/\/www.correiobraziliense.com.br\/cbradar\/wp-content\/uploads\/2025\/04\/Estocolmo_1743528386703-300x169.jpg 300w, https:\/\/www.correiobraziliense.com.br\/cbradar\/wp-content\/uploads\/2025\/04\/Estocolmo_1743528386703-768x432.jpg 768w, https:\/\/www.correiobraziliense.com.br\/cbradar\/wp-content\/uploads\/2025\/04\/Estocolmo_1743528386703-750x422.jpg 750w, https:\/\/www.correiobraziliense.com.br\/cbradar\/wp-content\/uploads\/2025\/04\/Estocolmo_1743528386703-1140x641.jpg 1140w, https:\/\/www.correiobraziliense.com.br\/cbradar\/wp-content\/uploads\/2025\/04\/Estocolmo_1743528386703.jpg 1280w\" sizes=\"(max-width: 1024px) 100vw, 1024px\" \/><figcaption class=\"wp-element-caption\">Estocolmo. Cr\u00e9ditos: depositphotos.com \/ f11photo<\/figcaption><\/figure>\n\n\n\n<h2 class=\"wp-block-heading\"><strong>Por que Estocolmo apostou em supermercados aut\u00f4nomos?<\/strong><\/h2>\n\n\n\n<p>A proposta atende a diversos objetivos da cidade:<\/p>\n\n\n\n<ul class=\"wp-block-list\">\n<li><strong>Ampliar o acesso a alimentos em bairros com menos com\u00e9rcio<\/strong><\/li>\n\n\n\n<li><strong>Reduzir custos operacionais e aumentar a efici\u00eancia<\/strong><\/li>\n\n\n\n<li><strong>Oferecer conveni\u00eancia com funcionamento 24\/7<\/strong><\/li>\n\n\n\n<li><strong>Incentivar solu\u00e7\u00f5es de consumo inteligentes e sustent\u00e1veis<\/strong><\/li>\n<\/ul>\n\n\n\n<p>Al\u00e9m disso, a cultura sueca de <strong>respeito \u00e0s regras e alta digitaliza\u00e7\u00e3o<\/strong> torna o modelo vi\u00e1vel e eficaz.<\/p>\n\n\n\n<h2 class=\"wp-block-heading\"><strong>Curiosidades sobre os mercados aut\u00f4nomos em Estocolmo<\/strong><\/h2>\n\n\n\n<ul class=\"wp-block-list\">\n<li><strong>Alguns funcionam em vilarejos remotos<\/strong>, onde seria invi\u00e1vel manter lojas tradicionais<\/li>\n\n\n\n<li><strong>O app do mercado tamb\u00e9m mostra receitas e promo\u00e7\u00f5es personalizadas<\/strong><\/li>\n\n\n\n<li>H\u00e1 <strong>vers\u00f5es m\u00f3veis desses mercados<\/strong>, instalados em cont\u00eaineres que se movem de bairro em bairro<\/li>\n\n\n\n<li><strong>Estocolmo tem um dos \u00edndices mais baixos de furtos em lojas da Europa<\/strong><\/li>\n\n\n\n<li><strong>O modelo j\u00e1 inspirou iniciativas em pa\u00edses como Alemanha, Jap\u00e3o e Estados Unidos<\/strong><\/li>\n<\/ul>\n\n\n\n<p>Estocolmo mostra que <strong>confian\u00e7a, tecnologia e praticidade podem andar juntas<\/strong>, criando um novo jeito de consumir \u2014 mais r\u00e1pido, eficiente e adaptado ao ritmo da vida urbana moderna.<\/p>\n","protected":false},"excerpt":{"rendered":"<p>Em Estocolmo, mercados funcionam sem funcion\u00e1rios, 24 horas por dia. Veja como a tecnologia transformou o jeito de fazer compras na Su\u00e9cia.<\/p>\n","protected":false},"author":3,"featured_media":17920,"comment_status":"open","ping_status":"open","sticky":false,"template":"","format":"standard","meta":{"_yoast_wpseo_focuskw":"cidade supermercado","_yoast_wpseo_title":"%%title%%","_yoast_wpseo_metadesc":"Em Estocolmo, mercados funcionam sem funcion\u00e1rios, 24 horas por dia. Veja como a tecnologia transformou o jeito de fazer compras na Su\u00e9cia.","jnews-multi-image_gallery":[],"jnews_single_post":{"format":"standard"},"jnews_primary_category":[],"jnews_social_meta":[],"jnews_override_counter":[],"footnotes":""},"categories":[108],"tags":[109],"class_list":["post-17919","post","type-post","status-publish","format-standard","has-post-thumbnail","hentry","category-cidades","tag-cidades"],"yoast_head":"<!-- This site is optimized with the Yoast SEO plugin v24.6 - https:\/\/yoast.com\/wordpress\/plugins\/seo\/ -->\n<title>Conhe\u00e7a a cidade onde supermercados funcionam sem funcion\u00e1rios<\/title>\n<meta name=\"description\" content=\"Em Estocolmo, mercados funcionam sem funcion\u00e1rios, 24 horas por dia. Veja como a tecnologia transformou o jeito de fazer compras na Su\u00e9cia.\" \/>\n<meta name=\"robots\" content=\"index, follow, max-snippet:-1, max-image-preview:large, max-video-preview:-1\" \/>\n<link rel=\"canonical\" href=\"https:\/\/www.correiobraziliense.com.br\/cbradar\/conheca-a-cidade-onde-supermercados-funcionam-sem-funcionarios\/\" \/>\n<meta property=\"og:locale\" content=\"pt_BR\" \/>\n<meta property=\"og:type\" content=\"article\" \/>\n<meta property=\"og:title\" content=\"Conhe\u00e7a a cidade onde supermercados funcionam sem funcion\u00e1rios\" \/>\n<meta property=\"og:description\" content=\"Em Estocolmo, mercados funcionam sem funcion\u00e1rios, 24 horas por dia. Veja como a tecnologia transformou o jeito de fazer compras na Su\u00e9cia.\" \/>\n<meta property=\"og:url\" content=\"https:\/\/www.correiobraziliense.com.br\/cbradar\/conheca-a-cidade-onde-supermercados-funcionam-sem-funcionarios\/\" \/>\n<meta property=\"og:site_name\" content=\"Correio Braziliense - Radar\" \/>\n<meta property=\"article:published_time\" content=\"2025-04-02T23:10:00+00:00\" \/>\n<meta property=\"og:image\" content=\"https:\/\/www.correiobraziliense.com.br\/cbradar\/wp-content\/uploads\/2025\/04\/Estocolmo_1743528363602.jpg\" \/>\n\t<meta property=\"og:image:width\" content=\"1280\" \/>\n\t<meta property=\"og:image:height\" content=\"720\" \/>\n\t<meta property=\"og:image:type\" content=\"image\/jpeg\" \/>\n<meta name=\"author\" content=\"Larissa Carvalho\" \/>\n<meta name=\"twitter:card\" content=\"summary_large_image\" \/>\n<meta name=\"twitter:label1\" content=\"Escrito por\" \/>\n\t<meta name=\"twitter:data1\" content=\"Larissa Carvalho\" \/>\n\t<meta name=\"twitter:label2\" content=\"Est. tempo de leitura\" \/>\n\t<meta name=\"twitter:data2\" content=\"3 minutos\" \/>\n<!-- \/ Yoast SEO plugin. -->","yoast_head_json":{"title":"Conhe\u00e7a a cidade onde supermercados funcionam sem funcion\u00e1rios","description":"Em Estocolmo, mercados funcionam sem funcion\u00e1rios, 24 horas por dia. Veja como a tecnologia transformou o jeito de fazer compras na Su\u00e9cia.","robots":{"index":"index","follow":"follow","max-snippet":"max-snippet:-1","max-image-preview":"max-image-preview:large","max-video-preview":"max-video-preview:-1"},"canonical":"https:\/\/www.correiobraziliense.com.br\/cbradar\/conheca-a-cidade-onde-supermercados-funcionam-sem-funcionarios\/","og_locale":"pt_BR","og_type":"article","og_title":"Conhe\u00e7a a cidade onde supermercados funcionam sem funcion\u00e1rios","og_description":"Em Estocolmo, mercados funcionam sem funcion\u00e1rios, 24 horas por dia. Veja como a tecnologia transformou o jeito de fazer compras na Su\u00e9cia.","og_url":"https:\/\/www.correiobraziliense.com.br\/cbradar\/conheca-a-cidade-onde-supermercados-funcionam-sem-funcionarios\/","og_site_name":"Correio Braziliense - Radar","article_published_time":"2025-04-02T23:10:00+00:00","og_image":[{"width":1280,"height":720,"url":"https:\/\/www.correiobraziliense.com.br\/cbradar\/wp-content\/uploads\/2025\/04\/Estocolmo_1743528363602.jpg","type":"image\/jpeg"}],"author":"Larissa Carvalho","twitter_card":"summary_large_image","twitter_misc":{"Escrito por":"Larissa Carvalho","Est. tempo de leitura":"3 minutos"},"schema":{"@context":"https:\/\/schema.org","@graph":[{"@type":"WebPage","@id":"https:\/\/www.correiobraziliense.com.br\/cbradar\/conheca-a-cidade-onde-supermercados-funcionam-sem-funcionarios\/","url":"https:\/\/www.correiobraziliense.com.br\/cbradar\/conheca-a-cidade-onde-supermercados-funcionam-sem-funcionarios\/","name":"Conhe\u00e7a a cidade onde supermercados funcionam sem funcion\u00e1rios","isPartOf":{"@id":"https:\/\/www.correiobraziliense.com.br\/cbradar\/#website"},"primaryImageOfPage":{"@id":"https:\/\/www.correiobraziliense.com.br\/cbradar\/conheca-a-cidade-onde-supermercados-funcionam-sem-funcionarios\/#primaryimage"},"image":{"@id":"https:\/\/www.correiobraziliense.com.br\/cbradar\/conheca-a-cidade-onde-supermercados-funcionam-sem-funcionarios\/#primaryimage"},"thumbnailUrl":"https:\/\/www.correiobraziliense.com.br\/cbradar\/wp-content\/uploads\/2025\/04\/Estocolmo_1743528363602.jpg","datePublished":"2025-04-02T23:10:00+00:00","author":{"@id":"https:\/\/www.correiobraziliense.com.br\/cbradar\/#\/schema\/person\/58422787644df994b53a19d3e56c1513"},"description":"Em Estocolmo, mercados funcionam sem funcion\u00e1rios, 24 horas por dia. Veja como a tecnologia transformou o jeito de fazer compras na Su\u00e9cia.","breadcrumb":{"@id":"https:\/\/www.correiobraziliense.com.br\/cbradar\/conheca-a-cidade-onde-supermercados-funcionam-sem-funcionarios\/#breadcrumb"},"inLanguage":"pt-BR","potentialAction":[{"@type":"ReadAction","target":["https:\/\/www.correiobraziliense.com.br\/cbradar\/conheca-a-cidade-onde-supermercados-funcionam-sem-funcionarios\/"]}]},{"@type":"ImageObject","inLanguage":"pt-BR","@id":"https:\/\/www.correiobraziliense.com.br\/cbradar\/conheca-a-cidade-onde-supermercados-funcionam-sem-funcionarios\/#primaryimage","url":"https:\/\/www.correiobraziliense.com.br\/cbradar\/wp-content\/uploads\/2025\/04\/Estocolmo_1743528363602.jpg","contentUrl":"https:\/\/www.correiobraziliense.com.br\/cbradar\/wp-content\/uploads\/2025\/04\/Estocolmo_1743528363602.jpg","width":1280,"height":720,"caption":"Estocolmo. Cr\u00e9ditos: depositphotos.com \/ JuliVasylegaBO"},{"@type":"BreadcrumbList","@id":"https:\/\/www.correiobraziliense.com.br\/cbradar\/conheca-a-cidade-onde-supermercados-funcionam-sem-funcionarios\/#breadcrumb","itemListElement":[{"@type":"ListItem","position":1,"name":"In\u00edcio","item":"https:\/\/www.correiobraziliense.com.br\/cbradar\/"},{"@type":"ListItem","position":2,"name":"Conhe\u00e7a a cidade onde supermercados funcionam sem funcion\u00e1rios"}]},{"@type":"WebSite","@id":"https:\/\/www.correiobraziliense.com.br\/cbradar\/#website","url":"https:\/\/www.correiobraziliense.com.br\/cbradar\/","name":"Correio Braziliense - Radar","description":"Acompanhe as \u00faltimas not\u00edcias e fique bem informado sobre tudo o que acontece no Brasil e no mundo.","potentialAction":[{"@type":"SearchAction","target":{"@type":"EntryPoint","urlTemplate":"https:\/\/www.correiobraziliense.com.br\/cbradar\/?s={search_term_string}"},"query-input":{"@type":"PropertyValueSpecification","valueRequired":true,"valueName":"search_term_string"}}],"inLanguage":"pt-BR"},{"@type":"Person","@id":"https:\/\/www.correiobraziliense.com.br\/cbradar\/#\/schema\/person\/58422787644df994b53a19d3e56c1513","name":"Larissa Carvalho","image":{"@type":"ImageObject","inLanguage":"pt-BR","@id":"https:\/\/www.correiobraziliense.com.br\/cbradar\/#\/schema\/person\/image\/","url":"https:\/\/secure.gravatar.com\/avatar\/fe4f91a0de32b52a838d0d612abdc1aa?s=96&d=mm&r=g","contentUrl":"https:\/\/secure.gravatar.com\/avatar\/fe4f91a0de32b52a838d0d612abdc1aa?s=96&d=mm&r=g","caption":"Larissa Carvalho"},"url":"https:\/\/www.correiobraziliense.com.br\/cbradar\/author\/larissamyth\/"}]}},"_links":{"self":[{"href":"https:\/\/www.correiobraziliense.com.br\/cbradar\/wp-json\/wp\/v2\/posts\/17919","targetHints":{"allow":["GET"]}}],"collection":[{"href":"https:\/\/www.correiobraziliense.com.br\/cbradar\/wp-json\/wp\/v2\/posts"}],"about":[{"href":"https:\/\/www.correiobraziliense.com.br\/cbradar\/wp-json\/wp\/v2\/types\/post"}],"author":[{"embeddable":true,"href":"https:\/\/www.correiobraziliense.com.br\/cbradar\/wp-json\/wp\/v2\/users\/3"}],"replies":[{"embeddable":true,"href":"https:\/\/www.correiobraziliense.com.br\/cbradar\/wp-json\/wp\/v2\/comments?post=17919"}],"version-history":[{"count":1,"href":"https:\/\/www.correiobraziliense.com.br\/cbradar\/wp-json\/wp\/v2\/posts\/17919\/revisions"}],"predecessor-version":[{"id":17922,"href":"https:\/\/www.correiobraziliense.com.br\/cbradar\/wp-json\/wp\/v2\/posts\/17919\/revisions\/17922"}],"wp:featuredmedia":[{"embeddable":true,"href":"https:\/\/www.correiobraziliense.com.br\/cbradar\/wp-json\/wp\/v2\/media\/17920"}],"wp:attachment":[{"href":"https:\/\/www.correiobraziliense.com.br\/cbradar\/wp-json\/wp\/v2\/media?parent=17919"}],"wp:term":[{"taxonomy":"category","embeddable":true,"href":"https:\/\/www.correiobraziliense.com.br\/cbradar\/wp-json\/wp\/v2\/categories?post=17919"},{"taxonomy":"post_tag","embeddable":true,"href":"https:\/\/www.correiobraziliense.com.br\/cbradar\/wp-json\/wp\/v2\/tags?post=17919"}],"curies":[{"name":"wp","href":"https:\/\/api.w.org\/{rel}","templated":true}]}}