{"id":179198,"date":"2026-01-23T14:25:09","date_gmt":"2026-01-23T17:25:09","guid":{"rendered":"https:\/\/www.correiobraziliense.com.br\/cbradar\/?p=179198"},"modified":"2026-01-22T15:49:34","modified_gmt":"2026-01-22T18:49:34","slug":"o-alimento-discreto-que-muitos-homens-usam-para-apoiar-a-saude-da-prostata","status":"publish","type":"post","link":"https:\/\/www.correiobraziliense.com.br\/cbradar\/o-alimento-discreto-que-muitos-homens-usam-para-apoiar-a-saude-da-prostata\/","title":{"rendered":"O alimento discreto que muitos homens usam para apoiar a sa\u00fade da pr\u00f3stata"},"content":{"rendered":"\n<p>Voc\u00ea j\u00e1 reparou como alguns h\u00e1bitos simples, como mastigar um punhado de sementes, podem se tornar aliados silenciosos da nossa sa\u00fade com o passar dos anos? A <strong>semente<\/strong> de ab\u00f3bora vem ganhando espa\u00e7o na rotina alimentar de quem busca cuidar da <strong>sa\u00fade<\/strong> da pr\u00f3stata de forma simples e acess\u00edvel. Rica em gorduras boas, vitaminas e minerais, ela pode ser consumida pura, em prepara\u00e7\u00f5es salgadas ou at\u00e9 em receitas doces. Especialistas destacam que o consumo frequente est\u00e1 associado ao bem-estar do sistema urin\u00e1rio masculino, especialmente em homens a partir da meia-idade.<\/p>\n\n\n\n<h2 class=\"wp-block-heading\">Por que a semente de ab\u00f3bora \u00e9 associada \u00e0 sa\u00fade da pr\u00f3stata<\/h2>\n\n\n\n<p>A liga\u00e7\u00e3o entre a <strong>semente<\/strong> de ab\u00f3bora e a sa\u00fade da pr\u00f3stata vem principalmente da presen\u00e7a de zinco, fitoster\u00f3is e antioxidantes, que atuam em conjunto no corpo. A <strong>pr\u00f3stata<\/strong> concentra uma boa quantidade de zinco, mineral envolvido em fun\u00e7\u00f5es hormonais e imunol\u00f3gicas, e a semente de ab\u00f3bora \u00e9 considerada uma boa fonte desse nutriente.<\/p>\n\n\n\n<p>Os fitoster\u00f3is, presentes na gordura natural da semente, s\u00e3o compostos vegetais que podem colaborar na manuten\u00e7\u00e3o de um perfil hormonal adequado. Em alguns estudos, a combina\u00e7\u00e3o de \u00f3leo de semente de ab\u00f3bora com outros nutrientes mostrou resultados positivos em homens com sintomas de aumento benigno da pr\u00f3stata, como dificuldade para urinar \u00e0 noite, sem substituir o acompanhamento com um <strong>urologista<\/strong>.<\/p>\n\n\n<div class=\"wp-block-image\">\n<figure class=\"aligncenter size-large\"><img decoding=\"async\" width=\"1024\" height=\"576\" src=\"https:\/\/www.correiobraziliense.com.br\/cbradar\/wp-content\/uploads\/2025\/07\/semente-de-abobora_1753484468318-1024x576.jpg\" alt=\"\" class=\"wp-image-75282\" srcset=\"https:\/\/www.correiobraziliense.com.br\/cbradar\/wp-content\/uploads\/2025\/07\/semente-de-abobora_1753484468318-1024x576.jpg 1024w, https:\/\/www.correiobraziliense.com.br\/cbradar\/wp-content\/uploads\/2025\/07\/semente-de-abobora_1753484468318-300x169.jpg 300w, https:\/\/www.correiobraziliense.com.br\/cbradar\/wp-content\/uploads\/2025\/07\/semente-de-abobora_1753484468318-768x432.jpg 768w, https:\/\/www.correiobraziliense.com.br\/cbradar\/wp-content\/uploads\/2025\/07\/semente-de-abobora_1753484468318-750x422.jpg 750w, https:\/\/www.correiobraziliense.com.br\/cbradar\/wp-content\/uploads\/2025\/07\/semente-de-abobora_1753484468318-1140x641.jpg 1140w, https:\/\/www.correiobraziliense.com.br\/cbradar\/wp-content\/uploads\/2025\/07\/semente-de-abobora_1753484468318.jpg 1280w\" sizes=\"(max-width: 1024px) 100vw, 1024px\" \/><figcaption class=\"wp-element-caption\">Propriedade antioxidante atrav\u00e9s dos compostos fen\u00f3licos e carotenoides &#8211; Cr\u00e9ditos: depositphotos.com \/ AntonMatyukha<\/figcaption><\/figure><\/div>\n\n\n<p>Leia tamb\u00e9m:&nbsp;<a href=\"https:\/\/www.correiobraziliense.com.br\/cbradar\/a-fruta-tropical-com-efeitos-calmantes-que-fortalece-o-sistema-imunologico-e-rica-em-magnesio-e-facil-de-plantar\/\" target=\"_blank\" rel=\"noopener\">A fruta tropical com efeitos calmantes que fortalece o sistema imunol\u00f3gico, \u00e9 rica em magn\u00e9sio e f\u00e1cil de plantar<\/a><\/p>\n\n\n\n<h2 class=\"wp-block-heading\">Quais s\u00e3o os principais nutrientes da semente de ab\u00f3bora para a pr\u00f3stata<\/h2>\n\n\n\n<p>Ao analisar a <strong>semente<\/strong> de ab\u00f3bora em rela\u00e7\u00e3o \u00e0 pr\u00f3stata, chama aten\u00e7\u00e3o o conjunto de nutrientes que atuam em diferentes frentes no organismo masculino. Esses componentes ajudam tanto na prote\u00e7\u00e3o das c\u00e9lulas quanto no equil\u00edbrio geral do corpo, incluindo o conforto urin\u00e1rio e o bem-estar di\u00e1rio.<\/p>\n\n\n\n<p>Entre os principais nutrientes ligados \u00e0 sa\u00fade da pr\u00f3stata e ao cuidado global do homem, destacam-se:<\/p>\n\n\n\n<ul class=\"wp-block-list\">\n<li><strong>Zinco:<\/strong> participa da produ\u00e7\u00e3o de horm\u00f4nios e da prote\u00e7\u00e3o de tecidos, incluindo a pr\u00f3stata.<\/li>\n\n\n\n<li><strong>Magn\u00e9sio:<\/strong> contribui para o relaxamento muscular e para o funcionamento adequado de nervos e m\u00fasculos do trato urin\u00e1rio.<\/li>\n\n\n\n<li><strong>Gorduras<\/strong> insaturadas: auxiliam no equil\u00edbrio do colesterol, o que impacta a sa\u00fade cardiovascular e, indiretamente, a circula\u00e7\u00e3o sangu\u00ednea na regi\u00e3o p\u00e9lvica.<\/li>\n\n\n\n<li><strong>Vitamina<\/strong> E e carotenoides: atuam como antioxidantes, ajudando a combater radicais livres que podem afetar as c\u00e9lulas da pr\u00f3stata.<\/li>\n\n\n\n<li><strong>Fibras:<\/strong> colaboram com o funcionamento intestinal, o que tamb\u00e9m influencia o conforto p\u00e9lvico.<\/li>\n<\/ul>\n\n\n\n<h2 class=\"wp-block-heading\">Como consumir semente de ab\u00f3bora no dia a dia de forma simples<\/h2>\n\n\n\n<p>O consumo da <strong>semente<\/strong> de ab\u00f3bora para a sa\u00fade da pr\u00f3stata pode ser feito de maneiras bem pr\u00e1ticas, sem grandes mudan\u00e7as na rotina. Em geral, recomenda-se dar prefer\u00eancia \u00e0s vers\u00f5es torradas sem excesso de sal ou cruas, quando bem higienizadas e armazenadas, sempre respeitando as necessidades individuais.<\/p>\n\n\n\n<p>A quantidade ideal varia de pessoa para pessoa, mas por\u00e7\u00f5es entre 1 e 3 colheres de sopa ao dia costumam ser usadas como refer\u00eancia em orienta\u00e7\u00f5es nutricionais. \u00c9 poss\u00edvel incluir as sementes em saladas, sopas, p\u00e3es, iogurtes ou como lanche, e tamb\u00e9m usar o \u00f3leo de semente de ab\u00f3bora em prepara\u00e7\u00f5es frias, sempre como complemento, e n\u00e3o como \u00fanico cuidado com a <strong>pr\u00f3stata<\/strong>. Se voc\u00ea gosta de ouvir opini\u00e3o de profissionais, separamos esse v\u00eddeo do canal <a href=\"https:\/\/www.youtube.com\/@urologistacuritiba\" target=\"_blank\" rel=\"noreferrer noopener\">Dr. Andre Matos &#8211; Urologista<\/a> falando sobre a semente de ab\u00f3bora: <\/p>\n\n\n\n<figure class=\"wp-block-embed is-type-video is-provider-youtube wp-block-embed-youtube wp-embed-aspect-16-9 wp-has-aspect-ratio\"><div class=\"wp-block-embed__wrapper\">\n<div class=\"jeg_video_container jeg_video_content\"><iframe loading=\"lazy\" title=\"Semente de ab\u00f3bora faz bem para pr\u00f3stata? - Com Dr. Andr\u00e9 Matos Urologista\" width=\"500\" height=\"281\" src=\"https:\/\/www.youtube.com\/embed\/mWQrqkSjmNQ?feature=oembed\" frameborder=\"0\" allow=\"accelerometer; autoplay; clipboard-write; encrypted-media; gyroscope; picture-in-picture; web-share\" referrerpolicy=\"strict-origin-when-cross-origin\" allowfullscreen><\/iframe><\/div>\n<\/div><\/figure>\n\n\n\n<h2 class=\"wp-block-heading\">Quais cuidados e limites s\u00e3o importantes ao consumir semente de ab\u00f3bora<\/h2>\n\n\n\n<p>Apesar dos potenciais benef\u00edcios, a <strong>semente<\/strong> de ab\u00f3bora n\u00e3o \u00e9 isenta de cuidados e precisa ser consumida com modera\u00e7\u00e3o. Por ser cal\u00f3rica e rica em gorduras, o uso exagerado pode contribuir para ganho de peso em algumas pessoas, especialmente se a alimenta\u00e7\u00e3o j\u00e1 for muito energ\u00e9tica.<\/p>\n\n\n\n<p>Vers\u00f5es muito salgadas ou industrializadas podem elevar a ingest\u00e3o de s\u00f3dio, fator associado \u00e0 press\u00e3o alta. Pessoas com alergia a sementes ou com doen\u00e7as renais, que exigem controle rigoroso de minerais, devem conversar com profissionais de <strong>sa\u00fade<\/strong>. Em casos de sintomas urin\u00e1rios intensos, a recomenda\u00e7\u00e3o \u00e9 buscar avalia\u00e7\u00e3o de um <strong>m\u00e9dico<\/strong>, pois a semente de ab\u00f3bora n\u00e3o substitui diagn\u00f3stico nem tratamento.<\/p>\n\n\n\n<h2 class=\"wp-block-heading\">Quais s\u00e3o os principais dados nutricionais da semente de ab\u00f3bora<\/h2>\n\n\n\n<p>A tabela abaixo apresenta valores m\u00e9dios a cada 100 g de <strong>semente<\/strong> de ab\u00f3bora, que podem variar conforme a marca, o tipo de ab\u00f3bora e o m\u00e9todo de processamento. Esses n\u00fameros ajudam a entender por que esse alimento \u00e9 t\u00e3o comentado quando o assunto \u00e9 sa\u00fade masculina e equil\u00edbrio alimentar.<\/p>\n\n\n\n<figure class=\"wp-block-table is-style-stripes\"><table class=\"has-vivid-red-color has-text-color has-link-color has-fixed-layout\"><tbody><tr><th>Componente<\/th><th>Quantidade aproximada por 100 g<\/th><\/tr><tr><td><strong>Energia<\/strong><\/td><td>cerca de 550 kcal<\/td><\/tr><tr><td><strong>Carboidratos<\/strong> totais<\/td><td>cerca de 10 g<\/td><\/tr><tr><td><strong>Prote\u00ednas<\/strong><\/td><td>aproximadamente 30 g<\/td><\/tr><tr><td>Gorduras totais<\/td><td>em torno de 45 g<\/td><\/tr><tr><td>Gorduras saturadas<\/td><td>cerca de 8 g<\/td><\/tr><tr><td>Gorduras insaturadas (mono e poli)<\/td><td>aproximadamente 30\u201335 g<\/td><\/tr><tr><td>Fibras<\/td><td>em torno de 6\u20138 g<\/td><\/tr><tr><td>Zinco<\/td><td>cerca de 7\u20138 mg<\/td><\/tr><tr><td>Magn\u00e9sio<\/td><td>em torno de 500 mg<\/td><\/tr><tr><td>Ferro<\/td><td>cerca de 7\u20138 mg<\/td><\/tr><\/tbody><\/table><\/figure>\n\n\n\n<p>Quando combinada a outros alimentos integrais, frutas, legumes e fontes variadas de prote\u00edna, a <strong>semente<\/strong> de ab\u00f3bora pode contribuir para um padr\u00e3o alimentar mais completo. Assim, torna-se uma aliada no cuidado di\u00e1rio com a pr\u00f3stata e na preven\u00e7\u00e3o em sa\u00fade em <strong>2026<\/strong>, desde que inserida em um estilo de vida equilibrado.<\/p>\n\n\n\n<h2 class=\"wp-block-heading\">Pr\u00f3ximo passo para cuidar melhor da pr\u00f3stata<\/h2>\n\n\n\n<p>Incluir a <strong>semente<\/strong> de ab\u00f3bora na rotina \u00e9 um gesto simples que, somado a h\u00e1bitos saud\u00e1veis, pode apoiar a sa\u00fade da pr\u00f3stata ao longo dos anos. Mais do que buscar um \u201calimento milagroso\u201d, vale olhar para o conjunto: alimenta\u00e7\u00e3o variada, exames em dia e aten\u00e7\u00e3o aos sinais do pr\u00f3prio <strong>corpo<\/strong>.<\/p>\n\n\n\n<p>Se voc\u00ea quer dar o pr\u00f3ximo passo, comece ajustando pequenas escolhas no prato e marque uma consulta com seu <strong>urologista<\/strong> de confian\u00e7a. Compartilhe este conte\u00fado com quem voc\u00ea gosta e incentive outros homens a se cuidarem melhor a partir de agora, construindo uma rotina de sa\u00fade mais ativa em <strong>2026<\/strong>.<\/p>\n","protected":false},"excerpt":{"rendered":"<p>Voc\u00ea j\u00e1 reparou como alguns h\u00e1bitos simples, como mastigar um punhado de sementes, podem se tornar aliados silenciosos da nossa sa\u00fade com o passar dos anos? A semente de ab\u00f3bora vem ganhando espa\u00e7o na rotina alimentar de quem busca cuidar da sa\u00fade da pr\u00f3stata de forma simples e acess\u00edvel. Rica em gorduras boas, vitaminas e [&hellip;]<\/p>\n","protected":false},"author":9,"featured_media":179669,"comment_status":"open","ping_status":"open","sticky":false,"template":"","format":"standard","meta":{"_yoast_wpseo_focuskw":"semente de ab\u00f3bora","_yoast_wpseo_title":"","_yoast_wpseo_metadesc":"Alimento nutritivo que apoia o bem-estar urin\u00e1rio e oferece zinco, antioxidantes e gorduras boas quando usado com modera\u00e7\u00e3o.","jnews-multi-image_gallery":[],"jnews_single_post":{"format":"standard"},"jnews_primary_category":[],"jnews_social_meta":[],"jnews_override_counter":[],"footnotes":""},"categories":[119,4404],"tags":[194,14302,9293],"class_list":["post-179198","post","type-post","status-publish","format-standard","has-post-thumbnail","hentry","category-bem-estar","category-saude","tag-beneficios","tag-saude-da-prostata","tag-semente-de-abobora"],"yoast_head":"<!-- This site is optimized with the Yoast SEO plugin v24.6 - https:\/\/yoast.com\/wordpress\/plugins\/seo\/ -->\n<title>O alimento discreto que muitos homens usam para apoiar a sa\u00fade da pr\u00f3stata - Correio Braziliense - Radar<\/title>\n<meta name=\"description\" content=\"Alimento nutritivo que apoia o bem-estar urin\u00e1rio e oferece zinco, antioxidantes e gorduras boas quando usado com modera\u00e7\u00e3o.\" \/>\n<meta name=\"robots\" content=\"index, follow, max-snippet:-1, max-image-preview:large, max-video-preview:-1\" \/>\n<link rel=\"canonical\" href=\"https:\/\/www.correiobraziliense.com.br\/cbradar\/o-alimento-discreto-que-muitos-homens-usam-para-apoiar-a-saude-da-prostata\/\" \/>\n<meta property=\"og:locale\" content=\"pt_BR\" \/>\n<meta property=\"og:type\" content=\"article\" \/>\n<meta property=\"og:title\" content=\"O alimento discreto que muitos homens usam para apoiar a sa\u00fade da pr\u00f3stata - Correio Braziliense - Radar\" \/>\n<meta property=\"og:description\" content=\"Alimento nutritivo que apoia o bem-estar urin\u00e1rio e oferece zinco, antioxidantes e gorduras boas quando usado com modera\u00e7\u00e3o.\" \/>\n<meta property=\"og:url\" content=\"https:\/\/www.correiobraziliense.com.br\/cbradar\/o-alimento-discreto-que-muitos-homens-usam-para-apoiar-a-saude-da-prostata\/\" \/>\n<meta property=\"og:site_name\" content=\"Correio Braziliense - Radar\" \/>\n<meta property=\"article:published_time\" content=\"2026-01-23T17:25:09+00:00\" \/>\n<meta property=\"og:image\" content=\"https:\/\/www.correiobraziliense.com.br\/cbradar\/wp-content\/uploads\/2026\/01\/freepik__imagem-realista-de-sementes-de-abbora__204.jpeg\" \/>\n\t<meta property=\"og:image:width\" content=\"1280\" \/>\n\t<meta property=\"og:image:height\" content=\"720\" \/>\n\t<meta property=\"og:image:type\" content=\"image\/jpeg\" \/>\n<meta name=\"author\" content=\"Daniely Cardoso\" \/>\n<meta name=\"twitter:card\" content=\"summary_large_image\" \/>\n<meta name=\"twitter:label1\" content=\"Escrito por\" \/>\n\t<meta name=\"twitter:data1\" content=\"Daniely Cardoso\" \/>\n\t<meta name=\"twitter:label2\" content=\"Est. tempo de leitura\" \/>\n\t<meta name=\"twitter:data2\" content=\"6 minutos\" \/>\n<!-- \/ Yoast SEO plugin. -->","yoast_head_json":{"title":"O alimento discreto que muitos homens usam para apoiar a sa\u00fade da pr\u00f3stata - Correio Braziliense - Radar","description":"Alimento nutritivo que apoia o bem-estar urin\u00e1rio e oferece zinco, antioxidantes e gorduras boas quando usado com modera\u00e7\u00e3o.","robots":{"index":"index","follow":"follow","max-snippet":"max-snippet:-1","max-image-preview":"max-image-preview:large","max-video-preview":"max-video-preview:-1"},"canonical":"https:\/\/www.correiobraziliense.com.br\/cbradar\/o-alimento-discreto-que-muitos-homens-usam-para-apoiar-a-saude-da-prostata\/","og_locale":"pt_BR","og_type":"article","og_title":"O alimento discreto que muitos homens usam para apoiar a sa\u00fade da pr\u00f3stata - Correio Braziliense - Radar","og_description":"Alimento nutritivo que apoia o bem-estar urin\u00e1rio e oferece zinco, antioxidantes e gorduras boas quando usado com modera\u00e7\u00e3o.","og_url":"https:\/\/www.correiobraziliense.com.br\/cbradar\/o-alimento-discreto-que-muitos-homens-usam-para-apoiar-a-saude-da-prostata\/","og_site_name":"Correio Braziliense - Radar","article_published_time":"2026-01-23T17:25:09+00:00","og_image":[{"width":1280,"height":720,"url":"https:\/\/www.correiobraziliense.com.br\/cbradar\/wp-content\/uploads\/2026\/01\/freepik__imagem-realista-de-sementes-de-abbora__204.jpeg","type":"image\/jpeg"}],"author":"Daniely Cardoso","twitter_card":"summary_large_image","twitter_misc":{"Escrito por":"Daniely Cardoso","Est. tempo de leitura":"6 minutos"},"schema":{"@context":"https:\/\/schema.org","@graph":[{"@type":"WebPage","@id":"https:\/\/www.correiobraziliense.com.br\/cbradar\/o-alimento-discreto-que-muitos-homens-usam-para-apoiar-a-saude-da-prostata\/","url":"https:\/\/www.correiobraziliense.com.br\/cbradar\/o-alimento-discreto-que-muitos-homens-usam-para-apoiar-a-saude-da-prostata\/","name":"O alimento discreto que muitos homens usam para apoiar a sa\u00fade da pr\u00f3stata - Correio Braziliense - Radar","isPartOf":{"@id":"https:\/\/www.correiobraziliense.com.br\/cbradar\/#website"},"primaryImageOfPage":{"@id":"https:\/\/www.correiobraziliense.com.br\/cbradar\/o-alimento-discreto-que-muitos-homens-usam-para-apoiar-a-saude-da-prostata\/#primaryimage"},"image":{"@id":"https:\/\/www.correiobraziliense.com.br\/cbradar\/o-alimento-discreto-que-muitos-homens-usam-para-apoiar-a-saude-da-prostata\/#primaryimage"},"thumbnailUrl":"https:\/\/www.correiobraziliense.com.br\/cbradar\/wp-content\/uploads\/2026\/01\/freepik__imagem-realista-de-sementes-de-abbora__204.jpeg","datePublished":"2026-01-23T17:25:09+00:00","author":{"@id":"https:\/\/www.correiobraziliense.com.br\/cbradar\/#\/schema\/person\/7356666e12ec0ee53f348ee5db227032"},"description":"Alimento nutritivo que apoia o bem-estar urin\u00e1rio e oferece zinco, antioxidantes e gorduras boas quando usado com modera\u00e7\u00e3o.","breadcrumb":{"@id":"https:\/\/www.correiobraziliense.com.br\/cbradar\/o-alimento-discreto-que-muitos-homens-usam-para-apoiar-a-saude-da-prostata\/#breadcrumb"},"inLanguage":"pt-BR","potentialAction":[{"@type":"ReadAction","target":["https:\/\/www.correiobraziliense.com.br\/cbradar\/o-alimento-discreto-que-muitos-homens-usam-para-apoiar-a-saude-da-prostata\/"]}]},{"@type":"ImageObject","inLanguage":"pt-BR","@id":"https:\/\/www.correiobraziliense.com.br\/cbradar\/o-alimento-discreto-que-muitos-homens-usam-para-apoiar-a-saude-da-prostata\/#primaryimage","url":"https:\/\/www.correiobraziliense.com.br\/cbradar\/wp-content\/uploads\/2026\/01\/freepik__imagem-realista-de-sementes-de-abbora__204.jpeg","contentUrl":"https:\/\/www.correiobraziliense.com.br\/cbradar\/wp-content\/uploads\/2026\/01\/freepik__imagem-realista-de-sementes-de-abbora__204.jpeg","width":1280,"height":720,"caption":"A semente de ab\u00f3bora contribui para a sa\u00fade da pr\u00f3stata"},{"@type":"BreadcrumbList","@id":"https:\/\/www.correiobraziliense.com.br\/cbradar\/o-alimento-discreto-que-muitos-homens-usam-para-apoiar-a-saude-da-prostata\/#breadcrumb","itemListElement":[{"@type":"ListItem","position":1,"name":"In\u00edcio","item":"https:\/\/www.correiobraziliense.com.br\/cbradar\/"},{"@type":"ListItem","position":2,"name":"O alimento discreto que muitos homens usam para apoiar a sa\u00fade da pr\u00f3stata"}]},{"@type":"WebSite","@id":"https:\/\/www.correiobraziliense.com.br\/cbradar\/#website","url":"https:\/\/www.correiobraziliense.com.br\/cbradar\/","name":"Correio Braziliense - Radar","description":"Acompanhe as \u00faltimas not\u00edcias e fique bem informado sobre tudo o que acontece no Brasil e no mundo.","potentialAction":[{"@type":"SearchAction","target":{"@type":"EntryPoint","urlTemplate":"https:\/\/www.correiobraziliense.com.br\/cbradar\/?s={search_term_string}"},"query-input":{"@type":"PropertyValueSpecification","valueRequired":true,"valueName":"search_term_string"}}],"inLanguage":"pt-BR"},{"@type":"Person","@id":"https:\/\/www.correiobraziliense.com.br\/cbradar\/#\/schema\/person\/7356666e12ec0ee53f348ee5db227032","name":"Daniely Cardoso","image":{"@type":"ImageObject","inLanguage":"pt-BR","@id":"https:\/\/www.correiobraziliense.com.br\/cbradar\/#\/schema\/person\/image\/","url":"https:\/\/secure.gravatar.com\/avatar\/4b80ddbd124d1f071b626d52d62e5dff?s=96&d=mm&r=g","contentUrl":"https:\/\/secure.gravatar.com\/avatar\/4b80ddbd124d1f071b626d52d62e5dff?s=96&d=mm&r=g","caption":"Daniely Cardoso"},"description":"Redatora nos portais CB Radar e EM Foco, formada pela Universidade Federal de Goi\u00e1s, em Goi\u00e2nia. Apaixonada por comunica\u00e7\u00e3o, arte, decora\u00e7\u00e3o e tend\u00eancias, atuo na produ\u00e7\u00e3o de conte\u00fados envolventes sobre curiosidades, moda, beleza e paisagismo, sempre com um olhar atento \u00e0s novidades do momento.","sameAs":["https:\/\/www.correiobraziliense.com.br\/cbradar"],"url":"https:\/\/www.correiobraziliense.com.br\/cbradar\/author\/danielymyth\/"}]}},"_links":{"self":[{"href":"https:\/\/www.correiobraziliense.com.br\/cbradar\/wp-json\/wp\/v2\/posts\/179198","targetHints":{"allow":["GET"]}}],"collection":[{"href":"https:\/\/www.correiobraziliense.com.br\/cbradar\/wp-json\/wp\/v2\/posts"}],"about":[{"href":"https:\/\/www.correiobraziliense.com.br\/cbradar\/wp-json\/wp\/v2\/types\/post"}],"author":[{"embeddable":true,"href":"https:\/\/www.correiobraziliense.com.br\/cbradar\/wp-json\/wp\/v2\/users\/9"}],"replies":[{"embeddable":true,"href":"https:\/\/www.correiobraziliense.com.br\/cbradar\/wp-json\/wp\/v2\/comments?post=179198"}],"version-history":[{"count":2,"href":"https:\/\/www.correiobraziliense.com.br\/cbradar\/wp-json\/wp\/v2\/posts\/179198\/revisions"}],"predecessor-version":[{"id":179479,"href":"https:\/\/www.correiobraziliense.com.br\/cbradar\/wp-json\/wp\/v2\/posts\/179198\/revisions\/179479"}],"wp:featuredmedia":[{"embeddable":true,"href":"https:\/\/www.correiobraziliense.com.br\/cbradar\/wp-json\/wp\/v2\/media\/179669"}],"wp:attachment":[{"href":"https:\/\/www.correiobraziliense.com.br\/cbradar\/wp-json\/wp\/v2\/media?parent=179198"}],"wp:term":[{"taxonomy":"category","embeddable":true,"href":"https:\/\/www.correiobraziliense.com.br\/cbradar\/wp-json\/wp\/v2\/categories?post=179198"},{"taxonomy":"post_tag","embeddable":true,"href":"https:\/\/www.correiobraziliense.com.br\/cbradar\/wp-json\/wp\/v2\/tags?post=179198"}],"curies":[{"name":"wp","href":"https:\/\/api.w.org\/{rel}","templated":true}]}}