{"id":179200,"date":"2026-01-23T17:45:22","date_gmt":"2026-01-23T20:45:22","guid":{"rendered":"https:\/\/www.correiobraziliense.com.br\/cbradar\/?p=179200"},"modified":"2026-01-22T16:03:56","modified_gmt":"2026-01-22T19:03:56","slug":"a-mistura-simples-do-dia-a-dia-que-muita-gente-usa-para-dar-um-apoio-extra-a-imunidade","status":"publish","type":"post","link":"https:\/\/www.correiobraziliense.com.br\/cbradar\/a-mistura-simples-do-dia-a-dia-que-muita-gente-usa-para-dar-um-apoio-extra-a-imunidade\/","title":{"rendered":"A mistura simples do dia a dia que muita gente usa para dar um apoio extra \u00e0 imunidade"},"content":{"rendered":"\n<p>Voc\u00ea j\u00e1 se pegou procurando uma forma simples de cuidar da <strong>sa\u00fade<\/strong> no dia a dia, sem receitas complicadas? O suco de cenoura com laranja costuma entrar exatamente nesse momento: \u00e9 f\u00e1cil de preparar, traz sensa\u00e7\u00e3o de bem-estar e ainda passa a ideia de cuidado com o corpo, podendo apoiar a <strong>imunidade<\/strong> de maneira pr\u00e1tica quando associado a um estilo de vida equilibrado.<\/p>\n\n\n\n<h2 class=\"wp-block-heading\">Como o suco de cenoura com laranja contribui para a imunidade<\/h2>\n\n\n\n<p>Nos \u00faltimos anos, o tema fortalecimento da imunidade ganhou ainda mais espa\u00e7o, especialmente em per\u00edodos de maior circula\u00e7\u00e3o de v\u00edrus respirat\u00f3rios. Nesse contexto, o suco de cenoura com laranja \u00e9 mencionado como aliado dentro de uma alimenta\u00e7\u00e3o equilibrada, embora n\u00e3o substitua tratamentos m\u00e9dicos nem suplementos prescritos.<\/p>\n\n\n\n<p>A combina\u00e7\u00e3o de cenoura e laranja oferece nutrientes que participam de diferentes processos ligados ao sistema imunol\u00f3gico. A <strong>laranja<\/strong> \u00e9 fonte reconhecida de <strong>vitamina C<\/strong>, enquanto a cenoura fornece betacaroteno, que pode ser convertido em vitamina A, ambos com papel importante na prote\u00e7\u00e3o das c\u00e9lulas e das barreiras de defesa.<\/p>\n\n\n<div class=\"wp-block-image\">\n<figure class=\"aligncenter size-large\"><img decoding=\"async\" width=\"1024\" height=\"576\" src=\"https:\/\/www.correiobraziliense.com.br\/cbradar\/wp-content\/uploads\/2025\/11\/Gemini_Generated_Image_kl79kl79kl79kl79-1-1024x576.png\" alt=\"\" class=\"wp-image-145049\" srcset=\"https:\/\/www.correiobraziliense.com.br\/cbradar\/wp-content\/uploads\/2025\/11\/Gemini_Generated_Image_kl79kl79kl79kl79-1-1024x576.png 1024w, https:\/\/www.correiobraziliense.com.br\/cbradar\/wp-content\/uploads\/2025\/11\/Gemini_Generated_Image_kl79kl79kl79kl79-1-300x169.png 300w, https:\/\/www.correiobraziliense.com.br\/cbradar\/wp-content\/uploads\/2025\/11\/Gemini_Generated_Image_kl79kl79kl79kl79-1-768x432.png 768w, https:\/\/www.correiobraziliense.com.br\/cbradar\/wp-content\/uploads\/2025\/11\/Gemini_Generated_Image_kl79kl79kl79kl79-1-750x422.png 750w, https:\/\/www.correiobraziliense.com.br\/cbradar\/wp-content\/uploads\/2025\/11\/Gemini_Generated_Image_kl79kl79kl79kl79-1-1140x641.png 1140w, https:\/\/www.correiobraziliense.com.br\/cbradar\/wp-content\/uploads\/2025\/11\/Gemini_Generated_Image_kl79kl79kl79kl79-1.png 1280w\" sizes=\"(max-width: 1024px) 100vw, 1024px\" \/><figcaption class=\"wp-element-caption\">Al\u00e9m de rica em vitamina C, a laranja fornece fibras, vitamina A, folato e pot\u00e1ssio, que s\u00e3o fundamentais para o funcionamento equilibrado do corpo<\/figcaption><\/figure><\/div>\n\n\n<p>Leia tamb\u00e9m:&nbsp;<a href=\"https:\/\/www.correiobraziliense.com.br\/cbradar\/a-fruta-tropical-com-efeitos-calmantes-que-fortalece-o-sistema-imunologico-e-rica-em-magnesio-e-facil-de-plantar\/\" target=\"_blank\" rel=\"noopener\">A fruta tropical com efeitos calmantes que fortalece o sistema imunol\u00f3gico, \u00e9 rica em magn\u00e9sio e f\u00e1cil de plantar<\/a><\/p>\n\n\n\n<h2 class=\"wp-block-heading\">Quais s\u00e3o os principais nutrientes do suco de cenoura com laranja<\/h2>\n\n\n\n<p>Al\u00e9m do sabor marcante, o suco de cenoura com laranja re\u00fane nutrientes que ajudam o corpo a funcionar melhor no dia a dia. Ele \u00e9 lembrado principalmente pela vitamina C e pelo betacaroteno, mas tamb\u00e9m oferece carboidratos, fibras, pot\u00e1ssio e compostos antioxidantes que atuam de forma complementar na sa\u00fade.<\/p>\n\n\n\n<p>Para entender melhor o papel desse suco para o fortalecimento da imunidade, \u00e9 \u00fatil observar seus nutrientes de forma organizada. Abaixo est\u00e1 uma tabela nutricional aproximada para um copo de 200 ml de suco preparado com laranja natural e cenoura fresca, sem adi\u00e7\u00e3o de a\u00e7\u00facar, lembrando que os valores podem variar conforme ingredientes e modo de preparo.<\/p>\n\n\n\n<figure class=\"wp-block-table is-style-stripes\"><table class=\"has-vivid-red-color has-text-color has-link-color has-fixed-layout\"><tbody><tr><th>Nutriente<\/th><th>Quantidade aproximada por 200 ml<\/th><th>Fun\u00e7\u00e3o relacionada \u00e0 imunidade<\/th><\/tr><tr><td>Calorias<\/td><td>70\u201390 kcal<\/td><td>Fornecimento de energia para as c\u00e9lulas do organismo<\/td><\/tr><tr><td>Vitamina C<\/td><td>40\u201360 mg<\/td><td>Contribui para a prote\u00e7\u00e3o das c\u00e9lulas e funcionamento do sistema imunol\u00f3gico<\/td><\/tr><tr><td>Vitamina A (equivalente em retinol)<\/td><td>400\u2013600 \u00b5g<\/td><td>Auxilia na integridade da pele e das mucosas, importantes como barreiras f\u00edsicas<\/td><\/tr><tr><td>Carboidratos totais<\/td><td>15\u201320 g<\/td><td>Fonte de energia para as c\u00e9lulas de defesa<\/td><\/tr><tr><td>Fibras<\/td><td>1,0\u20132,0 g<\/td><td>Colabora com a sa\u00fade intestinal, associada ao equil\u00edbrio imunol\u00f3gico<\/td><\/tr><tr><td>Pot\u00e1ssio<\/td><td>200\u2013300 mg<\/td><td>Participa do equil\u00edbrio de fluidos e do funcionamento celular<\/td><\/tr><tr><td>Carotenoides (incluindo betacaroteno)<\/td><td>Varia conforme a cenoura utilizada<\/td><td>Atuam como antioxidantes e precursores de vitamina A<\/td><\/tr><\/tbody><\/table><\/figure>\n\n\n\n<p>Esses dados mostram que o suco de cenoura com laranja \u00e9 uma bebida relativamente leve, com presen\u00e7a relevante de vitaminas antioxidantes. Em estrat\u00e9gias de fortalecimento da imunidade, destaca-se especialmente a combina\u00e7\u00e3o de vitamina C, vitamina A e compostos bioativos, sempre inseridos em um card\u00e1pio variado.<\/p>\n\n\n\n<h2 class=\"wp-block-heading\">Como preparar o suco de cenoura com laranja para o dia a dia<\/h2>\n\n\n\n<p>O preparo do suco de cenoura com laranja \u00e9 simples e pode ser adaptado \u00e0 rotina de cada pessoa, mesmo de quem tem pouco tempo. Em geral, recomenda-se priorizar frutas frescas, evitar o uso excessivo de a\u00e7\u00facar e consumir o suco logo ap\u00f3s o preparo, para aproveitar melhor os nutrientes sens\u00edveis \u00e0 luz e ao calor.<\/p>\n\n\n\n<p>A seguir, um passo a passo b\u00e1sico que costuma ser adotado em cozinhas dom\u00e9sticas e que pode ser repetido facilmente durante a semana. Algumas pessoas tamb\u00e9m optam por ajustar a consist\u00eancia com \u00e1gua ou gelo, mantendo o sabor agrad\u00e1vel sem necessidade de ado\u00e7ar.<\/p>\n\n\n<div class=\"wp-block-image\">\n<figure class=\"aligncenter size-large\"><img decoding=\"async\" width=\"1024\" height=\"576\" src=\"https:\/\/www.correiobraziliense.com.br\/cbradar\/wp-content\/uploads\/2025\/11\/Gemini_Generated_Image_7vaz7q7vaz7q7vaz-1-1024x576.png\" alt=\"\" class=\"wp-image-147040\" srcset=\"https:\/\/www.correiobraziliense.com.br\/cbradar\/wp-content\/uploads\/2025\/11\/Gemini_Generated_Image_7vaz7q7vaz7q7vaz-1-1024x576.png 1024w, https:\/\/www.correiobraziliense.com.br\/cbradar\/wp-content\/uploads\/2025\/11\/Gemini_Generated_Image_7vaz7q7vaz7q7vaz-1-300x169.png 300w, https:\/\/www.correiobraziliense.com.br\/cbradar\/wp-content\/uploads\/2025\/11\/Gemini_Generated_Image_7vaz7q7vaz7q7vaz-1-768x432.png 768w, https:\/\/www.correiobraziliense.com.br\/cbradar\/wp-content\/uploads\/2025\/11\/Gemini_Generated_Image_7vaz7q7vaz7q7vaz-1-750x422.png 750w, https:\/\/www.correiobraziliense.com.br\/cbradar\/wp-content\/uploads\/2025\/11\/Gemini_Generated_Image_7vaz7q7vaz7q7vaz-1-1140x641.png 1140w, https:\/\/www.correiobraziliense.com.br\/cbradar\/wp-content\/uploads\/2025\/11\/Gemini_Generated_Image_7vaz7q7vaz7q7vaz-1.png 1280w\" sizes=\"(max-width: 1024px) 100vw, 1024px\" \/><figcaption class=\"wp-element-caption\">O principal benef\u00edcio terap\u00eautico da cenoura para a sa\u00fade da pele est\u00e1 intrinsecamente ligado ao seu alto teor de beta-caroteno<\/figcaption><\/figure><\/div>\n\n\n<ol class=\"wp-block-list\">\n<li>Lavar bem as cenouras e as laranjas em \u00e1gua corrente.<\/li>\n\n\n\n<li>Descascar as laranjas, retirando sementes quando poss\u00edvel.<\/li>\n\n\n\n<li>Cortar 1 cenoura m\u00e9dia em rodelas ou cubos para facilitar a tritura\u00e7\u00e3o.<\/li>\n\n\n\n<li>Colocar no liquidificador o suco de 2 a 3 laranjas e a cenoura picada.<\/li>\n\n\n\n<li>Adicionar um pouco de \u00e1gua, se necess\u00e1rio, para ajustar a consist\u00eancia.<\/li>\n\n\n\n<li>Bater at\u00e9 obter um l\u00edquido homog\u00eaneo; coar ou n\u00e3o, conforme a prefer\u00eancia por fibras.<\/li>\n\n\n\n<li>Servir em seguida, de prefer\u00eancia sem ado\u00e7ar ou com m\u00ednima adi\u00e7\u00e3o de a\u00e7\u00facar.<\/li>\n<\/ol>\n\n\n\n<p>Em algumas rotinas, o suco de cenoura com laranja para fortalecer a imunidade recebe complementos como gengibre, c\u00farcuma ou outras frutas c\u00edtricas, como lim\u00e3o. Essas varia\u00e7\u00f5es podem modificar o sabor e o teor de nutrientes, deixando a bebida mais arom\u00e1tica, al\u00e9m de ampliar o leque de compostos antioxidantes.<\/p>\n\n\n\n<h2 class=\"wp-block-heading\">Quando o suco de cenoura com laranja \u00e9 mais indicado<\/h2>\n\n\n\n<p>Especialistas em nutri\u00e7\u00e3o costumam refor\u00e7ar que o suco de cenoura com laranja \u00e9 mais efetivo quando inserido em um padr\u00e3o alimentar equilibrado. Ele pode ser consumido em diferentes momentos do dia, encaixando-se na rotina de fam\u00edlias, pessoas que trabalham fora e de quem pratica atividade f\u00edsica regularmente.<\/p>\n\n\n\n<p>Em diversas situa\u00e7\u00f5es, a bebida \u00e9 usada como complemento de refei\u00e7\u00f5es leves ou lanches intermedi\u00e1rios, ajudando a aumentar a ingest\u00e3o de frutas e legumes. Abaixo est\u00e3o alguns exemplos de momentos oportunos para inclu\u00ed-la, sempre em conjunto com outros h\u00e1bitos saud\u00e1veis:<\/p>\n\n\n\n<ul class=\"wp-block-list\">\n<li><strong>Caf\u00e9 da manh\u00e3:<\/strong> acompanhado de fontes de prote\u00edna, como ovos, queijo branco ou iogurte.<\/li>\n\n\n\n<li><strong>Lanches intermedi\u00e1rios:<\/strong> entre as principais refei\u00e7\u00f5es, para aumentar a ingest\u00e3o de frutas e legumes.<\/li>\n\n\n\n<li><strong>Per\u00edodos de maior exig\u00eancia f\u00edsica:<\/strong> como complemento de hidrata\u00e7\u00e3o e aporte energ\u00e9tico leve.<\/li>\n<\/ul>\n\n\n\n<p>Separamos esse v\u00eddeo do canal <a href=\"https:\/\/www.youtube.com\/@receitassemblablabla\" target=\"_blank\" rel=\"noreferrer noopener\">Receitas sem Bl\u00e1 Bl\u00e1 Bl\u00e1<\/a> mostrando os benef\u00edcios e como fazer esse suco:<\/p>\n\n\n\n<figure class=\"wp-block-embed is-type-video is-provider-youtube wp-block-embed-youtube wp-embed-aspect-16-9 wp-has-aspect-ratio\"><div class=\"wp-block-embed__wrapper\">\n<div class=\"jeg_video_container jeg_video_content\"><iframe loading=\"lazy\" title=\"PRA QUE SERVE O SUCO DE CENOURA COM LARANJA? DESCUBRA OS BENEF\u00cdCIOS E APRENDA COMO FAZER!\" width=\"500\" height=\"281\" src=\"https:\/\/www.youtube.com\/embed\/aNeNsqCuNt4?feature=oembed\" frameborder=\"0\" allow=\"accelerometer; autoplay; clipboard-write; encrypted-media; gyroscope; picture-in-picture; web-share\" referrerpolicy=\"strict-origin-when-cross-origin\" allowfullscreen><\/iframe><\/div>\n<\/div><\/figure>\n\n\n\n<p>Para quem busca fortalecimento da imunidade em 2026, o suco de cenoura com laranja \u00e9 citado como mais um recurso alimentar entre v\u00e1rios. Sono adequado, pr\u00e1tica regular de atividade f\u00edsica, manejo do estresse, ingest\u00e3o de \u00e1gua e acompanhamento profissional tamb\u00e9m s\u00e3o mencionados como pilares para o bom funcionamento do sistema imunol\u00f3gico.<\/p>\n\n\n\n<h2 class=\"wp-block-heading\">Como incluir o suco de cenoura com laranja na rotina<\/h2>\n\n\n\n<p>O suco de cenoura com laranja pode ser um gesto simples de autocuidado, trazendo mais cor e sabor ao dia enquanto oferece nutrientes importantes. Ele n\u00e3o \u00e9 solu\u00e7\u00e3o milagrosa, mas, dentro de um estilo de vida equilibrado, ajuda a manter o corpo mais nutrido e potencialmente mais preparado para os desafios do cotidiano.<\/p>\n\n\n\n<p>Se voc\u00ea deseja fortalecer a <strong>imunidade<\/strong> de forma pr\u00e1tica, experimente incluir esse suco em um dos seus hor\u00e1rios favoritos e observe como se sente nas pr\u00f3ximas semanas. Sempre que poss\u00edvel, converse com um <strong>nutricionista<\/strong> para ajustar a receita \u00e0 sua realidade e dar o pr\u00f3ximo passo rumo a uma alimenta\u00e7\u00e3o mais consciente, prazerosa e adequada \u00e0s suas necessidades individuais.<\/p>\n","protected":false},"excerpt":{"rendered":"<p>Voc\u00ea j\u00e1 se pegou procurando uma forma simples de cuidar da sa\u00fade no dia a dia, sem receitas complicadas? O suco de cenoura com laranja costuma entrar exatamente nesse momento: \u00e9 f\u00e1cil de preparar, traz sensa\u00e7\u00e3o de bem-estar e ainda passa a ideia de cuidado com o corpo, podendo apoiar a imunidade de maneira pr\u00e1tica [&hellip;]<\/p>\n","protected":false},"author":9,"featured_media":179686,"comment_status":"open","ping_status":"open","sticky":false,"template":"","format":"standard","meta":{"_yoast_wpseo_focuskw":"suco de cenoura com laranja","_yoast_wpseo_title":"","_yoast_wpseo_metadesc":"Bebida nutritiva com vitamina C, betacaroteno e antioxidantes que pode apoiar a imunidade de forma pr\u00e1tica no dia a dia.","jnews-multi-image_gallery":[],"jnews_single_post":{"format":"standard"},"jnews_primary_category":[],"jnews_social_meta":[],"jnews_override_counter":[],"footnotes":""},"categories":[119,4404],"tags":[194,1666,14303],"class_list":["post-179200","post","type-post","status-publish","format-standard","has-post-thumbnail","hentry","category-bem-estar","category-saude","tag-beneficios","tag-detox","tag-suco-de-cenoura-com-laranja"],"yoast_head":"<!-- This site is optimized with the Yoast SEO plugin v24.6 - https:\/\/yoast.com\/wordpress\/plugins\/seo\/ -->\n<title>A mistura simples do dia a dia que muita gente usa para dar um apoio extra \u00e0 imunidade - Correio Braziliense - Radar<\/title>\n<meta name=\"description\" content=\"Bebida nutritiva com vitamina C, betacaroteno e antioxidantes que pode apoiar a imunidade de forma pr\u00e1tica no dia a dia.\" \/>\n<meta name=\"robots\" content=\"index, follow, max-snippet:-1, max-image-preview:large, max-video-preview:-1\" \/>\n<link rel=\"canonical\" href=\"https:\/\/www.correiobraziliense.com.br\/cbradar\/a-mistura-simples-do-dia-a-dia-que-muita-gente-usa-para-dar-um-apoio-extra-a-imunidade\/\" \/>\n<meta property=\"og:locale\" content=\"pt_BR\" \/>\n<meta property=\"og:type\" content=\"article\" \/>\n<meta property=\"og:title\" content=\"A mistura simples do dia a dia que muita gente usa para dar um apoio extra \u00e0 imunidade - Correio Braziliense - Radar\" \/>\n<meta property=\"og:description\" content=\"Bebida nutritiva com vitamina C, betacaroteno e antioxidantes que pode apoiar a imunidade de forma pr\u00e1tica no dia a dia.\" \/>\n<meta property=\"og:url\" content=\"https:\/\/www.correiobraziliense.com.br\/cbradar\/a-mistura-simples-do-dia-a-dia-que-muita-gente-usa-para-dar-um-apoio-extra-a-imunidade\/\" \/>\n<meta property=\"og:site_name\" content=\"Correio Braziliense - Radar\" \/>\n<meta property=\"article:published_time\" content=\"2026-01-23T20:45:22+00:00\" \/>\n<meta property=\"og:image\" content=\"https:\/\/www.correiobraziliense.com.br\/cbradar\/wp-content\/uploads\/2026\/01\/freepik__imagem-realista-do-suco-de-cenoura-com-laranja__220.jpeg\" \/>\n\t<meta property=\"og:image:width\" content=\"1280\" \/>\n\t<meta property=\"og:image:height\" content=\"720\" \/>\n\t<meta property=\"og:image:type\" content=\"image\/jpeg\" \/>\n<meta name=\"author\" content=\"Daniely Cardoso\" \/>\n<meta name=\"twitter:card\" content=\"summary_large_image\" \/>\n<meta name=\"twitter:label1\" content=\"Escrito por\" \/>\n\t<meta name=\"twitter:data1\" content=\"Daniely Cardoso\" \/>\n\t<meta name=\"twitter:label2\" content=\"Est. tempo de leitura\" \/>\n\t<meta name=\"twitter:data2\" content=\"7 minutos\" \/>\n<!-- \/ Yoast SEO plugin. -->","yoast_head_json":{"title":"A mistura simples do dia a dia que muita gente usa para dar um apoio extra \u00e0 imunidade - Correio Braziliense - Radar","description":"Bebida nutritiva com vitamina C, betacaroteno e antioxidantes que pode apoiar a imunidade de forma pr\u00e1tica no dia a dia.","robots":{"index":"index","follow":"follow","max-snippet":"max-snippet:-1","max-image-preview":"max-image-preview:large","max-video-preview":"max-video-preview:-1"},"canonical":"https:\/\/www.correiobraziliense.com.br\/cbradar\/a-mistura-simples-do-dia-a-dia-que-muita-gente-usa-para-dar-um-apoio-extra-a-imunidade\/","og_locale":"pt_BR","og_type":"article","og_title":"A mistura simples do dia a dia que muita gente usa para dar um apoio extra \u00e0 imunidade - Correio Braziliense - Radar","og_description":"Bebida nutritiva com vitamina C, betacaroteno e antioxidantes que pode apoiar a imunidade de forma pr\u00e1tica no dia a dia.","og_url":"https:\/\/www.correiobraziliense.com.br\/cbradar\/a-mistura-simples-do-dia-a-dia-que-muita-gente-usa-para-dar-um-apoio-extra-a-imunidade\/","og_site_name":"Correio Braziliense - Radar","article_published_time":"2026-01-23T20:45:22+00:00","og_image":[{"width":1280,"height":720,"url":"https:\/\/www.correiobraziliense.com.br\/cbradar\/wp-content\/uploads\/2026\/01\/freepik__imagem-realista-do-suco-de-cenoura-com-laranja__220.jpeg","type":"image\/jpeg"}],"author":"Daniely Cardoso","twitter_card":"summary_large_image","twitter_misc":{"Escrito por":"Daniely Cardoso","Est. tempo de leitura":"7 minutos"},"schema":{"@context":"https:\/\/schema.org","@graph":[{"@type":"WebPage","@id":"https:\/\/www.correiobraziliense.com.br\/cbradar\/a-mistura-simples-do-dia-a-dia-que-muita-gente-usa-para-dar-um-apoio-extra-a-imunidade\/","url":"https:\/\/www.correiobraziliense.com.br\/cbradar\/a-mistura-simples-do-dia-a-dia-que-muita-gente-usa-para-dar-um-apoio-extra-a-imunidade\/","name":"A mistura simples do dia a dia que muita gente usa para dar um apoio extra \u00e0 imunidade - Correio Braziliense - Radar","isPartOf":{"@id":"https:\/\/www.correiobraziliense.com.br\/cbradar\/#website"},"primaryImageOfPage":{"@id":"https:\/\/www.correiobraziliense.com.br\/cbradar\/a-mistura-simples-do-dia-a-dia-que-muita-gente-usa-para-dar-um-apoio-extra-a-imunidade\/#primaryimage"},"image":{"@id":"https:\/\/www.correiobraziliense.com.br\/cbradar\/a-mistura-simples-do-dia-a-dia-que-muita-gente-usa-para-dar-um-apoio-extra-a-imunidade\/#primaryimage"},"thumbnailUrl":"https:\/\/www.correiobraziliense.com.br\/cbradar\/wp-content\/uploads\/2026\/01\/freepik__imagem-realista-do-suco-de-cenoura-com-laranja__220.jpeg","datePublished":"2026-01-23T20:45:22+00:00","author":{"@id":"https:\/\/www.correiobraziliense.com.br\/cbradar\/#\/schema\/person\/7356666e12ec0ee53f348ee5db227032"},"description":"Bebida nutritiva com vitamina C, betacaroteno e antioxidantes que pode apoiar a imunidade de forma pr\u00e1tica no dia a dia.","breadcrumb":{"@id":"https:\/\/www.correiobraziliense.com.br\/cbradar\/a-mistura-simples-do-dia-a-dia-que-muita-gente-usa-para-dar-um-apoio-extra-a-imunidade\/#breadcrumb"},"inLanguage":"pt-BR","potentialAction":[{"@type":"ReadAction","target":["https:\/\/www.correiobraziliense.com.br\/cbradar\/a-mistura-simples-do-dia-a-dia-que-muita-gente-usa-para-dar-um-apoio-extra-a-imunidade\/"]}]},{"@type":"ImageObject","inLanguage":"pt-BR","@id":"https:\/\/www.correiobraziliense.com.br\/cbradar\/a-mistura-simples-do-dia-a-dia-que-muita-gente-usa-para-dar-um-apoio-extra-a-imunidade\/#primaryimage","url":"https:\/\/www.correiobraziliense.com.br\/cbradar\/wp-content\/uploads\/2026\/01\/freepik__imagem-realista-do-suco-de-cenoura-com-laranja__220.jpeg","contentUrl":"https:\/\/www.correiobraziliense.com.br\/cbradar\/wp-content\/uploads\/2026\/01\/freepik__imagem-realista-do-suco-de-cenoura-com-laranja__220.jpeg","width":1280,"height":720,"caption":"Fortalecimento natural do sistema imunol\u00f3gico"},{"@type":"BreadcrumbList","@id":"https:\/\/www.correiobraziliense.com.br\/cbradar\/a-mistura-simples-do-dia-a-dia-que-muita-gente-usa-para-dar-um-apoio-extra-a-imunidade\/#breadcrumb","itemListElement":[{"@type":"ListItem","position":1,"name":"In\u00edcio","item":"https:\/\/www.correiobraziliense.com.br\/cbradar\/"},{"@type":"ListItem","position":2,"name":"A mistura simples do dia a dia que muita gente usa para dar um apoio extra \u00e0 imunidade"}]},{"@type":"WebSite","@id":"https:\/\/www.correiobraziliense.com.br\/cbradar\/#website","url":"https:\/\/www.correiobraziliense.com.br\/cbradar\/","name":"Correio Braziliense - Radar","description":"Acompanhe as \u00faltimas not\u00edcias e fique bem informado sobre tudo o que acontece no Brasil e no mundo.","potentialAction":[{"@type":"SearchAction","target":{"@type":"EntryPoint","urlTemplate":"https:\/\/www.correiobraziliense.com.br\/cbradar\/?s={search_term_string}"},"query-input":{"@type":"PropertyValueSpecification","valueRequired":true,"valueName":"search_term_string"}}],"inLanguage":"pt-BR"},{"@type":"Person","@id":"https:\/\/www.correiobraziliense.com.br\/cbradar\/#\/schema\/person\/7356666e12ec0ee53f348ee5db227032","name":"Daniely Cardoso","image":{"@type":"ImageObject","inLanguage":"pt-BR","@id":"https:\/\/www.correiobraziliense.com.br\/cbradar\/#\/schema\/person\/image\/","url":"https:\/\/secure.gravatar.com\/avatar\/4b80ddbd124d1f071b626d52d62e5dff?s=96&d=mm&r=g","contentUrl":"https:\/\/secure.gravatar.com\/avatar\/4b80ddbd124d1f071b626d52d62e5dff?s=96&d=mm&r=g","caption":"Daniely Cardoso"},"description":"Redatora nos portais CB Radar e EM Foco, formada pela Universidade Federal de Goi\u00e1s, em Goi\u00e2nia. Apaixonada por comunica\u00e7\u00e3o, arte, decora\u00e7\u00e3o e tend\u00eancias, atuo na produ\u00e7\u00e3o de conte\u00fados envolventes sobre curiosidades, moda, beleza e paisagismo, sempre com um olhar atento \u00e0s novidades do momento.","sameAs":["https:\/\/www.correiobraziliense.com.br\/cbradar"],"url":"https:\/\/www.correiobraziliense.com.br\/cbradar\/author\/danielymyth\/"}]}},"_links":{"self":[{"href":"https:\/\/www.correiobraziliense.com.br\/cbradar\/wp-json\/wp\/v2\/posts\/179200","targetHints":{"allow":["GET"]}}],"collection":[{"href":"https:\/\/www.correiobraziliense.com.br\/cbradar\/wp-json\/wp\/v2\/posts"}],"about":[{"href":"https:\/\/www.correiobraziliense.com.br\/cbradar\/wp-json\/wp\/v2\/types\/post"}],"author":[{"embeddable":true,"href":"https:\/\/www.correiobraziliense.com.br\/cbradar\/wp-json\/wp\/v2\/users\/9"}],"replies":[{"embeddable":true,"href":"https:\/\/www.correiobraziliense.com.br\/cbradar\/wp-json\/wp\/v2\/comments?post=179200"}],"version-history":[{"count":2,"href":"https:\/\/www.correiobraziliense.com.br\/cbradar\/wp-json\/wp\/v2\/posts\/179200\/revisions"}],"predecessor-version":[{"id":179485,"href":"https:\/\/www.correiobraziliense.com.br\/cbradar\/wp-json\/wp\/v2\/posts\/179200\/revisions\/179485"}],"wp:featuredmedia":[{"embeddable":true,"href":"https:\/\/www.correiobraziliense.com.br\/cbradar\/wp-json\/wp\/v2\/media\/179686"}],"wp:attachment":[{"href":"https:\/\/www.correiobraziliense.com.br\/cbradar\/wp-json\/wp\/v2\/media?parent=179200"}],"wp:term":[{"taxonomy":"category","embeddable":true,"href":"https:\/\/www.correiobraziliense.com.br\/cbradar\/wp-json\/wp\/v2\/categories?post=179200"},{"taxonomy":"post_tag","embeddable":true,"href":"https:\/\/www.correiobraziliense.com.br\/cbradar\/wp-json\/wp\/v2\/tags?post=179200"}],"curies":[{"name":"wp","href":"https:\/\/api.w.org\/{rel}","templated":true}]}}