{"id":179225,"date":"2026-01-23T06:05:00","date_gmt":"2026-01-23T09:05:00","guid":{"rendered":"https:\/\/www.correiobraziliense.com.br\/cbradar\/?p=179225"},"modified":"2026-01-21T13:05:24","modified_gmt":"2026-01-21T16:05:24","slug":"o-preparo-essencial-para-curtir-o-carnaval-sem-cansaco","status":"publish","type":"post","link":"https:\/\/www.correiobraziliense.com.br\/cbradar\/o-preparo-essencial-para-curtir-o-carnaval-sem-cansaco\/","title":{"rendered":"O preparo essencial para curtir o Carnaval sem cansa\u00e7o"},"content":{"rendered":"\n<p>No <strong>Carnaval<\/strong>, a energia e o ritmo fazem parte da festa, mas para vivenciar esses momentos ao m\u00e1ximo, manter um bom <strong>F\u00f4lego <\/strong>\u00e9 essencial. Durante os desfiles e blocos, o corpo enfrenta desafios f\u00edsicos significativos como dan\u00e7ar por longos per\u00edodos e suportar o calor. Essas condi\u00e7\u00f5es exigem mais do sistema cardiovascular, destacando a import\u00e2ncia de uma respira\u00e7\u00e3o eficiente e uma boa oxigena\u00e7\u00e3o muscular.<\/p>\n\n\n\n<p>O preparador f\u00edsico Ricardo Ferreira ressalta que o F\u00f4lego \u00e9 essencial para manter a resist\u00eancia e evitar a fadiga. Um F\u00f4lego aprimorado ajuda o corpo no uso mais eficiente do oxig\u00eanio, resultando em menos cansa\u00e7o e melhor desempenho f\u00edsico. Assim, entender e melhorar o F\u00f4lego pode fazer a diferen\u00e7a entre uma experi\u00eancia cansativa e um Carnaval pleno de energia.<\/p>\n\n\n\n<h2 class=\"wp-block-heading\">Como melhorar o F\u00f4lego antes da festa?<\/h2>\n\n\n\n<p>A prepara\u00e7\u00e3o para o Carnaval envolve estrat\u00e9gias que podem aprimorar a capacidade respirat\u00f3ria e a resist\u00eancia geral. Algumas semanas de exerc\u00edcios planejados ajudam a fortalecer o cora\u00e7\u00e3o e aprimorar a respira\u00e7\u00e3o, preparando o corpo para os desafios da folia. Entre as pr\u00e1ticas recomendadas est\u00e3o a caminhada com varia\u00e7\u00e3o de ritmo e exerc\u00edcios respirat\u00f3rios.<\/p>\n\n\n\n<p>Na caminhada, intercalar passos lentos com r\u00e1pidos simula o ritmo intenso do Carnaval, enquanto t\u00e9cnicas respirat\u00f3rias, como a respira\u00e7\u00e3o diafragm\u00e1tica, aumentam a capacidade pulmonar. Adicionalmente, subir escadas \u00e9 excelente para o condicionamento cardiorrespirat\u00f3rio, e dan\u00e7ar como treino pr\u00e9-Carnaval n\u00e3o s\u00f3 diverte, mas tamb\u00e9m melhora o F\u00f4lego.<\/p>\n\n\n\n<h2 class=\"wp-block-heading\">Quais s\u00e3o as melhores pr\u00e1ticas respirat\u00f3rias durante a folia?<\/h2>\n\n\n\n<p>Durante o Carnaval, a respira\u00e7\u00e3o adequada \u00e9 fundamental para manter a energia. Estrat\u00e9gias simples como respirar pelo nariz e soltar pela boca ajudam a manter o ar \u00famido e as vias respirat\u00f3rias protegidas. \u00c9 importante tamb\u00e9m n\u00e3o prender a respira\u00e7\u00e3o, pois isso pode provocar fadiga mais rapidamente. Adequar o ritmo da respira\u00e7\u00e3o ao da dan\u00e7a, inspirando e expirando em compasso, tamb\u00e9m ajuda a manter a energia.<\/p>\n\n\n\n<p>Fazer pausas para respirar profundamente e hidratar-se \u00e9 crucial. Pequenos intervalos para beber \u00e1gua e descansar ajudam na recupera\u00e7\u00e3o de energia e evitam a sensa\u00e7\u00e3o de falta de ar. Essas pr\u00e1ticas mant\u00eam o corpo em equil\u00edbrio e garantem divers\u00e3o cont\u00ednua nos blocos carnavalescos.<\/p>\n\n\n\n<h2 class=\"wp-block-heading\">Alimenta\u00e7\u00e3o: aliada do F\u00f4lego no carnaval<\/h2>\n\n\n\n<p>A alimenta\u00e7\u00e3o durante o Carnaval tamb\u00e9m desempenha um papel vital na manuten\u00e7\u00e3o do F\u00f4lego. Optar por alimentos leves e ricos em \u00e1gua favorece a respira\u00e7\u00e3o e a disposi\u00e7\u00e3o. Evitar comidas pesadas e gordurosas ajuda na digest\u00e3o e beneficia a efici\u00eancia pulmonar. Frutas e sucos naturais, aliados aos carboidratos complexos, fornecem a energia necess\u00e1ria de forma gradual.<\/p>\n\n\n<div class=\"wp-block-image\">\n<figure class=\"aligncenter size-large\"><img decoding=\"async\" width=\"1024\" height=\"576\" src=\"https:\/\/www.correiobraziliense.com.br\/cbradar\/wp-content\/uploads\/2026\/01\/Folego_1769011407006-1024x576.jpg\" alt=\"\" class=\"wp-image-179227\" srcset=\"https:\/\/www.correiobraziliense.com.br\/cbradar\/wp-content\/uploads\/2026\/01\/Folego_1769011407006-1024x576.jpg 1024w, https:\/\/www.correiobraziliense.com.br\/cbradar\/wp-content\/uploads\/2026\/01\/Folego_1769011407006-300x169.jpg 300w, https:\/\/www.correiobraziliense.com.br\/cbradar\/wp-content\/uploads\/2026\/01\/Folego_1769011407006-768x432.jpg 768w, https:\/\/www.correiobraziliense.com.br\/cbradar\/wp-content\/uploads\/2026\/01\/Folego_1769011407006-750x422.jpg 750w, https:\/\/www.correiobraziliense.com.br\/cbradar\/wp-content\/uploads\/2026\/01\/Folego_1769011407006-1140x641.jpg 1140w, https:\/\/www.correiobraziliense.com.br\/cbradar\/wp-content\/uploads\/2026\/01\/Folego_1769011407006.jpg 1280w\" sizes=\"(max-width: 1024px) 100vw, 1024px\" \/><figcaption class=\"wp-element-caption\">F\u00f4lego &#8211; Cr\u00e9ditos: depositphotos.com \/ Veronika_GorianskaBO<\/figcaption><\/figure><\/div>\n\n\n<p>A hidrata\u00e7\u00e3o antes, durante e ap\u00f3s as festividades \u00e9 igualmente importante, pois a desidrata\u00e7\u00e3o pode reduzir a capacidade pulmonar e causar tonturas. Assim, a \u00e1gua torna-se um combust\u00edvel essencial para manter o f\u00f4lego e a vitalidade durante toda a festa.<\/p>\n\n\n\n<h2 class=\"wp-block-heading\">Como recuperar o F\u00f4lego ap\u00f3s a folia?<\/h2>\n\n\n\n<p>Depois da intensidade do Carnaval, o corpo clama por recupera\u00e7\u00e3o. Respeitar o tempo necess\u00e1rio para esta etapa \u00e9 crucial para evitar desgastes e dores musculares. Pr\u00e1ticas como alongamentos leves e caminhadas suaves s\u00e3o recomendadas para ajudar na reorganiza\u00e7\u00e3o do organismo. O descanso de qualidade, junto a uma boa alimenta\u00e7\u00e3o e hidrata\u00e7\u00e3o, tamb\u00e9m s\u00e3o fundamentais para recuperar a energia e o f\u00f4lego.<\/p>\n\n\n\n<p>Compreender a import\u00e2ncia do F\u00f4lego n\u00e3o s\u00f3 para o Carnaval, mas para a qualidade de vida em geral, pode transformar a experi\u00eancia da festa. Respirar bem contribui para uma melhor postura, recupera\u00e7\u00e3o mais r\u00e1pida e redu\u00e7\u00e3o do estresse, permitindo aproveitar o Carnaval de forma plena e equilibrada. Com prepara\u00e7\u00e3o e aten\u00e7\u00e3o, \u00e9 poss\u00edvel desfrutar do Carnaval intensamente sem comprometer a <a href=\"https:\/\/www.correiobraziliense.com.br\/cbradar\/cabeca-achatada-em-bebes-merece-atencao\/\" target=\"_blank\" rel=\"noreferrer noopener\">sa\u00fade <\/a>e o bem-estar.<\/p>\n\n\n<a href=\"https:\/\/www.instagram.com\/dra.annaluisabf\/\" target=\"_blank\" rel=\"noopener\" style=\"text-decoration: none; color: inherit;\">\n    <span style=\"display: inline-block; border: 1px solid #ccc; border-radius: 10px; padding: 15px; max-width: 550px; font-family: sans-serif; box-shadow: 0 2px 5px rgba(0,0,0,0.1); width: 100%;\">\n\n      <!-- T\u00edtulo -->\n      <span style=\"display: block; margin: 0 0 15px 0; font-weight: bold; color: #2c3e50; text-align: center;\">\n        Entre em contato:\n      <\/span>\n\n      <!-- Linha do perfil -->\n      <span style=\"display: flex; align-items: center; gap: 15px;\">\n        <img decoding=\"async\"\n          src=\"https:\/\/www.correiobraziliense.com.br\/cbradar\/wp-content\/uploads\/2025\/08\/dra_anna_luisa.jpeg\"\n          alt=\"Foto da Dra. Anna Lu\u00edsa\"\n          style=\"border-radius: 50%; width: 80px; height: 80px; object-fit: cover;\"\n        \/>\n        <span style=\"display: flex; flex-direction: column;\">\n          <span style=\"font-size: 18px; font-weight: 700; color: #2c3e50;\">Dra. Anna Lu\u00edsa Barbosa Fernandes<\/span>\n          <span style=\"color: #555;\">CRM-GO 33.271<\/span>\n        <\/span>\n      <\/span>\n\n      <!-- Redes -->\n      <span style=\"display: flex; align-items: center; gap: 10px; margin-top: 12px;\">\n        <img decoding=\"async\" src=\"https:\/\/cdn-icons-png.flaticon.com\/24\/1384\/1384063.png\" alt=\"Instagram\" width=\"24\" height=\"24\" \/>\n        <span style=\"text-decoration: underline; color: #2c3e50;\">@dra.annaluisabf<\/span>\n      <\/span>\n\n    <\/span>\n  <\/a>","protected":false},"excerpt":{"rendered":"<p>No Carnaval, a energia e o ritmo fazem parte da festa, mas para vivenciar esses momentos ao m\u00e1ximo, manter um bom F\u00f4lego \u00e9 essencial. Durante os desfiles e blocos, o corpo enfrenta desafios f\u00edsicos significativos como dan\u00e7ar por longos per\u00edodos e suportar o calor. Essas condi\u00e7\u00f5es exigem mais do sistema cardiovascular, destacando a import\u00e2ncia de [&hellip;]<\/p>\n","protected":false},"author":14,"featured_media":179226,"comment_status":"open","ping_status":"open","sticky":false,"template":"","format":"standard","meta":{"_yoast_wpseo_focuskw":"F\u00f4lego","_yoast_wpseo_title":"","_yoast_wpseo_metadesc":"Manter o f\u00f4lego no Carnaval exige preparo, respira\u00e7\u00e3o adequada e h\u00e1bitos simples que ajudam a reduzir o cansa\u00e7o.","jnews-multi-image_gallery":[],"jnews_single_post":{"format":"standard"},"jnews_primary_category":[],"jnews_social_meta":[],"jnews_override_counter":[],"footnotes":""},"categories":[4404],"tags":[120,247,1318],"class_list":["post-179225","post","type-post","status-publish","format-standard","has-post-thumbnail","hentry","category-saude","tag-bem-estar","tag-qualidade-de-vida","tag-saude-2"],"yoast_head":"<!-- This site is optimized with the Yoast SEO plugin v24.6 - https:\/\/yoast.com\/wordpress\/plugins\/seo\/ -->\n<title>O preparo essencial para curtir o Carnaval sem cansa\u00e7o - Correio Braziliense - Radar<\/title>\n<meta name=\"description\" content=\"Manter o f\u00f4lego no Carnaval exige preparo, respira\u00e7\u00e3o adequada e h\u00e1bitos simples que ajudam a reduzir o cansa\u00e7o.\" \/>\n<meta name=\"robots\" content=\"index, follow, max-snippet:-1, max-image-preview:large, max-video-preview:-1\" \/>\n<link rel=\"canonical\" href=\"https:\/\/www.correiobraziliense.com.br\/cbradar\/o-preparo-essencial-para-curtir-o-carnaval-sem-cansaco\/\" \/>\n<meta property=\"og:locale\" content=\"pt_BR\" \/>\n<meta property=\"og:type\" content=\"article\" \/>\n<meta property=\"og:title\" content=\"O preparo essencial para curtir o Carnaval sem cansa\u00e7o - Correio Braziliense - Radar\" \/>\n<meta property=\"og:description\" content=\"Manter o f\u00f4lego no Carnaval exige preparo, respira\u00e7\u00e3o adequada e h\u00e1bitos simples que ajudam a reduzir o cansa\u00e7o.\" \/>\n<meta property=\"og:url\" content=\"https:\/\/www.correiobraziliense.com.br\/cbradar\/o-preparo-essencial-para-curtir-o-carnaval-sem-cansaco\/\" \/>\n<meta property=\"og:site_name\" content=\"Correio Braziliense - Radar\" \/>\n<meta property=\"article:published_time\" content=\"2026-01-23T09:05:00+00:00\" \/>\n<meta property=\"og:image\" content=\"https:\/\/www.correiobraziliense.com.br\/cbradar\/wp-content\/uploads\/2026\/01\/Folego_1769011315667.jpg\" \/>\n\t<meta property=\"og:image:width\" content=\"1280\" \/>\n\t<meta property=\"og:image:height\" content=\"720\" \/>\n\t<meta property=\"og:image:type\" content=\"image\/jpeg\" \/>\n<meta name=\"author\" content=\"guilherme_saude\" \/>\n<meta name=\"twitter:card\" content=\"summary_large_image\" \/>\n<meta name=\"twitter:label1\" content=\"Escrito por\" \/>\n\t<meta name=\"twitter:data1\" content=\"guilherme_saude\" \/>\n\t<meta name=\"twitter:label2\" content=\"Est. tempo de leitura\" \/>\n\t<meta name=\"twitter:data2\" content=\"5 minutos\" \/>\n<!-- \/ Yoast SEO plugin. -->","yoast_head_json":{"title":"O preparo essencial para curtir o Carnaval sem cansa\u00e7o - Correio Braziliense - Radar","description":"Manter o f\u00f4lego no Carnaval exige preparo, respira\u00e7\u00e3o adequada e h\u00e1bitos simples que ajudam a reduzir o cansa\u00e7o.","robots":{"index":"index","follow":"follow","max-snippet":"max-snippet:-1","max-image-preview":"max-image-preview:large","max-video-preview":"max-video-preview:-1"},"canonical":"https:\/\/www.correiobraziliense.com.br\/cbradar\/o-preparo-essencial-para-curtir-o-carnaval-sem-cansaco\/","og_locale":"pt_BR","og_type":"article","og_title":"O preparo essencial para curtir o Carnaval sem cansa\u00e7o - Correio Braziliense - Radar","og_description":"Manter o f\u00f4lego no Carnaval exige preparo, respira\u00e7\u00e3o adequada e h\u00e1bitos simples que ajudam a reduzir o cansa\u00e7o.","og_url":"https:\/\/www.correiobraziliense.com.br\/cbradar\/o-preparo-essencial-para-curtir-o-carnaval-sem-cansaco\/","og_site_name":"Correio Braziliense - Radar","article_published_time":"2026-01-23T09:05:00+00:00","og_image":[{"width":1280,"height":720,"url":"https:\/\/www.correiobraziliense.com.br\/cbradar\/wp-content\/uploads\/2026\/01\/Folego_1769011315667.jpg","type":"image\/jpeg"}],"author":"guilherme_saude","twitter_card":"summary_large_image","twitter_misc":{"Escrito por":"guilherme_saude","Est. tempo de leitura":"5 minutos"},"schema":{"@context":"https:\/\/schema.org","@graph":[{"@type":"WebPage","@id":"https:\/\/www.correiobraziliense.com.br\/cbradar\/o-preparo-essencial-para-curtir-o-carnaval-sem-cansaco\/","url":"https:\/\/www.correiobraziliense.com.br\/cbradar\/o-preparo-essencial-para-curtir-o-carnaval-sem-cansaco\/","name":"O preparo essencial para curtir o Carnaval sem cansa\u00e7o - Correio Braziliense - Radar","isPartOf":{"@id":"https:\/\/www.correiobraziliense.com.br\/cbradar\/#website"},"primaryImageOfPage":{"@id":"https:\/\/www.correiobraziliense.com.br\/cbradar\/o-preparo-essencial-para-curtir-o-carnaval-sem-cansaco\/#primaryimage"},"image":{"@id":"https:\/\/www.correiobraziliense.com.br\/cbradar\/o-preparo-essencial-para-curtir-o-carnaval-sem-cansaco\/#primaryimage"},"thumbnailUrl":"https:\/\/www.correiobraziliense.com.br\/cbradar\/wp-content\/uploads\/2026\/01\/Folego_1769011315667.jpg","datePublished":"2026-01-23T09:05:00+00:00","author":{"@id":"https:\/\/www.correiobraziliense.com.br\/cbradar\/#\/schema\/person\/5aa4bf3c8fa699c267933611de12978b"},"description":"Manter o f\u00f4lego no Carnaval exige preparo, respira\u00e7\u00e3o adequada e h\u00e1bitos simples que ajudam a reduzir o cansa\u00e7o.","breadcrumb":{"@id":"https:\/\/www.correiobraziliense.com.br\/cbradar\/o-preparo-essencial-para-curtir-o-carnaval-sem-cansaco\/#breadcrumb"},"inLanguage":"pt-BR","potentialAction":[{"@type":"ReadAction","target":["https:\/\/www.correiobraziliense.com.br\/cbradar\/o-preparo-essencial-para-curtir-o-carnaval-sem-cansaco\/"]}]},{"@type":"ImageObject","inLanguage":"pt-BR","@id":"https:\/\/www.correiobraziliense.com.br\/cbradar\/o-preparo-essencial-para-curtir-o-carnaval-sem-cansaco\/#primaryimage","url":"https:\/\/www.correiobraziliense.com.br\/cbradar\/wp-content\/uploads\/2026\/01\/Folego_1769011315667.jpg","contentUrl":"https:\/\/www.correiobraziliense.com.br\/cbradar\/wp-content\/uploads\/2026\/01\/Folego_1769011315667.jpg","width":1280,"height":720,"caption":"F\u00f4lego - Cr\u00e9ditos: depositphotos.com \/ AntonMatyukha"},{"@type":"BreadcrumbList","@id":"https:\/\/www.correiobraziliense.com.br\/cbradar\/o-preparo-essencial-para-curtir-o-carnaval-sem-cansaco\/#breadcrumb","itemListElement":[{"@type":"ListItem","position":1,"name":"In\u00edcio","item":"https:\/\/www.correiobraziliense.com.br\/cbradar\/"},{"@type":"ListItem","position":2,"name":"O preparo essencial para curtir o Carnaval sem cansa\u00e7o"}]},{"@type":"WebSite","@id":"https:\/\/www.correiobraziliense.com.br\/cbradar\/#website","url":"https:\/\/www.correiobraziliense.com.br\/cbradar\/","name":"Correio Braziliense - Radar","description":"Acompanhe as \u00faltimas not\u00edcias e fique bem informado sobre tudo o que acontece no Brasil e no mundo.","potentialAction":[{"@type":"SearchAction","target":{"@type":"EntryPoint","urlTemplate":"https:\/\/www.correiobraziliense.com.br\/cbradar\/?s={search_term_string}"},"query-input":{"@type":"PropertyValueSpecification","valueRequired":true,"valueName":"search_term_string"}}],"inLanguage":"pt-BR"},{"@type":"Person","@id":"https:\/\/www.correiobraziliense.com.br\/cbradar\/#\/schema\/person\/5aa4bf3c8fa699c267933611de12978b","name":"guilherme_saude","image":{"@type":"ImageObject","inLanguage":"pt-BR","@id":"https:\/\/www.correiobraziliense.com.br\/cbradar\/#\/schema\/person\/image\/","url":"https:\/\/secure.gravatar.com\/avatar\/df9adfb835d344bc0af109d41756253f?s=96&d=mm&r=g","contentUrl":"https:\/\/secure.gravatar.com\/avatar\/df9adfb835d344bc0af109d41756253f?s=96&d=mm&r=g","caption":"guilherme_saude"},"url":"https:\/\/www.correiobraziliense.com.br\/cbradar\/author\/guilherme_saude\/"}]}},"_links":{"self":[{"href":"https:\/\/www.correiobraziliense.com.br\/cbradar\/wp-json\/wp\/v2\/posts\/179225","targetHints":{"allow":["GET"]}}],"collection":[{"href":"https:\/\/www.correiobraziliense.com.br\/cbradar\/wp-json\/wp\/v2\/posts"}],"about":[{"href":"https:\/\/www.correiobraziliense.com.br\/cbradar\/wp-json\/wp\/v2\/types\/post"}],"author":[{"embeddable":true,"href":"https:\/\/www.correiobraziliense.com.br\/cbradar\/wp-json\/wp\/v2\/users\/14"}],"replies":[{"embeddable":true,"href":"https:\/\/www.correiobraziliense.com.br\/cbradar\/wp-json\/wp\/v2\/comments?post=179225"}],"version-history":[{"count":1,"href":"https:\/\/www.correiobraziliense.com.br\/cbradar\/wp-json\/wp\/v2\/posts\/179225\/revisions"}],"predecessor-version":[{"id":179228,"href":"https:\/\/www.correiobraziliense.com.br\/cbradar\/wp-json\/wp\/v2\/posts\/179225\/revisions\/179228"}],"wp:featuredmedia":[{"embeddable":true,"href":"https:\/\/www.correiobraziliense.com.br\/cbradar\/wp-json\/wp\/v2\/media\/179226"}],"wp:attachment":[{"href":"https:\/\/www.correiobraziliense.com.br\/cbradar\/wp-json\/wp\/v2\/media?parent=179225"}],"wp:term":[{"taxonomy":"category","embeddable":true,"href":"https:\/\/www.correiobraziliense.com.br\/cbradar\/wp-json\/wp\/v2\/categories?post=179225"},{"taxonomy":"post_tag","embeddable":true,"href":"https:\/\/www.correiobraziliense.com.br\/cbradar\/wp-json\/wp\/v2\/tags?post=179225"}],"curies":[{"name":"wp","href":"https:\/\/api.w.org\/{rel}","templated":true}]}}