{"id":17923,"date":"2025-04-02T21:30:00","date_gmt":"2025-04-03T00:30:00","guid":{"rendered":"https:\/\/www.correiobraziliense.com.br\/cbradar\/?p=17923"},"modified":"2025-04-01T17:01:59","modified_gmt":"2025-04-01T20:01:59","slug":"conheca-a-cidade-onde-avenidas-inteiras-sao-cobertas-por-guarda-chuvas-coloridos","status":"publish","type":"post","link":"https:\/\/www.correiobraziliense.com.br\/cbradar\/conheca-a-cidade-onde-avenidas-inteiras-sao-cobertas-por-guarda-chuvas-coloridos\/","title":{"rendered":"Conhe\u00e7a a cidade onde avenidas inteiras s\u00e3o cobertas por guarda-chuvas coloridos"},"content":{"rendered":"\n<p>Em <strong>\u00c1gueda<\/strong>, uma pequena cidade no centro-norte de <strong>Portugal<\/strong>, o c\u00e9u ganhou cor e criatividade. Todos os anos, durante o ver\u00e3o, <strong>avenidas inteiras s\u00e3o cobertas por guarda-chuvas coloridos suspensos<\/strong>, criando um espet\u00e1culo visual \u00fanico que encanta moradores e turistas.<\/p>\n\n\n\n<p>Essa interven\u00e7\u00e3o art\u00edstica urbana faz parte do projeto <strong>\u201cUmbrella Sky Project\u201d<\/strong>, e transformou \u00c1gueda em um dos <strong>destinos mais fotografados da Europa<\/strong>, celebrando arte, sombra e alegria nas ruas.<\/p>\n\n\n\n<h2 class=\"wp-block-heading\"><strong>Como surgiu o Umbrella Sky Project?<\/strong><\/h2>\n\n\n\n<p>O projeto teve in\u00edcio em 2011, como parte do <strong>Agit\u00c1gueda \u2013 Festival de Arte e Cultura<\/strong>, com o objetivo de:<\/p>\n\n\n\n<ul class=\"wp-block-list\">\n<li><strong>Transformar o espa\u00e7o urbano com instala\u00e7\u00f5es art\u00edsticas acess\u00edveis<\/strong><\/li>\n\n\n\n<li>Criar <strong>sombra nas ruas em dias de sol intenso<\/strong>, de forma criativa e l\u00fadica<\/li>\n\n\n\n<li><strong>Convidar as pessoas a ocuparem o espa\u00e7o p\u00fablico com mais leveza e cor<\/strong><\/li>\n<\/ul>\n\n\n\n<p>Os guarda-chuvas s\u00e3o suspensos com cabos invis\u00edveis, formando <strong>um teto flutuante de cores vibrantes<\/strong>, que dan\u00e7a com o vento e muda conforme a luz do dia.<\/p>\n\n\n\n<figure class=\"wp-block-image size-large\"><img decoding=\"async\" width=\"1024\" height=\"576\" src=\"https:\/\/www.correiobraziliense.com.br\/cbradar\/wp-content\/uploads\/2025\/04\/Agueda_1743528497889-1024x576.jpg\" alt=\"Conhe\u00e7a a cidade onde avenidas inteiras s\u00e3o cobertas por guarda-chuvas coloridos\" class=\"wp-image-17925\" srcset=\"https:\/\/www.correiobraziliense.com.br\/cbradar\/wp-content\/uploads\/2025\/04\/Agueda_1743528497889-1024x576.jpg 1024w, https:\/\/www.correiobraziliense.com.br\/cbradar\/wp-content\/uploads\/2025\/04\/Agueda_1743528497889-300x169.jpg 300w, https:\/\/www.correiobraziliense.com.br\/cbradar\/wp-content\/uploads\/2025\/04\/Agueda_1743528497889-768x432.jpg 768w, https:\/\/www.correiobraziliense.com.br\/cbradar\/wp-content\/uploads\/2025\/04\/Agueda_1743528497889-750x422.jpg 750w, https:\/\/www.correiobraziliense.com.br\/cbradar\/wp-content\/uploads\/2025\/04\/Agueda_1743528497889-1140x641.jpg 1140w, https:\/\/www.correiobraziliense.com.br\/cbradar\/wp-content\/uploads\/2025\/04\/Agueda_1743528497889.jpg 1280w\" sizes=\"(max-width: 1024px) 100vw, 1024px\" \/><figcaption class=\"wp-element-caption\">\u00c1gueda. Cr\u00e9ditos: depositphotos.com \/ onlyfabrizio<\/figcaption><\/figure>\n\n\n\n<h2 class=\"wp-block-heading\"><strong>Por que \u00c1gueda se tornou s\u00edmbolo dessa ideia?<\/strong><\/h2>\n\n\n\n<p>A cidade uniu <strong>arte, funcionalidade e identidade local<\/strong> de forma inovadora, o que trouxe benef\u00edcios como:<\/p>\n\n\n\n<ul class=\"wp-block-list\">\n<li><strong>Aumento expressivo do turismo durante o festival<\/strong><\/li>\n\n\n\n<li><strong>Valoriza\u00e7\u00e3o do com\u00e9rcio local<\/strong>, com vitrines decoradas e produtos tem\u00e1ticos<\/li>\n\n\n\n<li><strong>Reconhecimento internacional como cidade criativa<\/strong><\/li>\n\n\n\n<li>Inspira\u00e7\u00e3o para outras cidades replicarem o projeto em diferentes formatos<\/li>\n<\/ul>\n\n\n\n<p>A ideia \u00e9 simples, barata e poderosa: <strong>usar o design urbano para transformar a percep\u00e7\u00e3o do cotidiano<\/strong>.<\/p>\n\n\n\n<h2 class=\"wp-block-heading\"><strong>Curiosidades sobre \u00c1gueda e os guarda-chuvas flutuantes<\/strong><\/h2>\n\n\n\n<ul class=\"wp-block-list\">\n<li><strong>Os guarda-chuvas s\u00e3o trocados todos os anos com novas paletas de cores e padr\u00f5es<\/strong><\/li>\n\n\n\n<li><strong>Outras ruas recebem instala\u00e7\u00f5es com l\u00e2mpadas, fitas e elementos reciclados<\/strong><\/li>\n\n\n\n<li>A cidade tamb\u00e9m abriga <strong>murais gigantes, bancos art\u00edsticos e arte em escadarias<\/strong><\/li>\n\n\n\n<li><strong>As fotos das ruas cobertas viralizaram nas redes sociais<\/strong>, atraindo visitantes de todo o mundo<\/li>\n\n\n\n<li>O projeto foi exportado para cidades como Paris, Miami, Dubai e T\u00f3quio<\/li>\n<\/ul>\n\n\n\n<p>\u00c1gueda prova que <strong>uma boa ideia, somada \u00e0 arte acess\u00edvel, pode mudar a cara de uma cidade \u2014 e at\u00e9 o humor de quem passa por ela<\/strong>. Um simples guarda-chuva virou <strong>s\u00edmbolo de transforma\u00e7\u00e3o urbana e criatividade portuguesa<\/strong>.<\/p>\n","protected":false},"excerpt":{"rendered":"<p>Em \u00c1gueda, Portugal, avenidas ganham vida com guarda-chuvas coloridos suspensos. Veja como a arte urbana transformou a cidade em \u00edcone visual.<\/p>\n","protected":false},"author":3,"featured_media":17924,"comment_status":"open","ping_status":"open","sticky":false,"template":"","format":"standard","meta":{"_yoast_wpseo_focuskw":"cidade avenidas guarda-chuva","_yoast_wpseo_title":"%%title%%","_yoast_wpseo_metadesc":"Em \u00c1gueda, Portugal, avenidas ganham vida com guarda-chuvas coloridos suspensos. Veja como a arte urbana transformou a cidade em \u00edcone visual.","jnews-multi-image_gallery":[],"jnews_single_post":{"format":"standard"},"jnews_primary_category":[],"jnews_social_meta":[],"jnews_override_counter":[],"footnotes":""},"categories":[108],"tags":[109],"class_list":["post-17923","post","type-post","status-publish","format-standard","has-post-thumbnail","hentry","category-cidades","tag-cidades"],"yoast_head":"<!-- This site is optimized with the Yoast SEO plugin v24.6 - https:\/\/yoast.com\/wordpress\/plugins\/seo\/ -->\n<title>Conhe\u00e7a a cidade onde avenidas inteiras s\u00e3o cobertas por guarda-chuvas coloridos<\/title>\n<meta name=\"description\" content=\"Em \u00c1gueda, Portugal, avenidas ganham vida com guarda-chuvas coloridos suspensos. Veja como a arte urbana transformou a cidade em \u00edcone visual.\" \/>\n<meta name=\"robots\" content=\"index, follow, max-snippet:-1, max-image-preview:large, max-video-preview:-1\" \/>\n<link rel=\"canonical\" href=\"https:\/\/www.correiobraziliense.com.br\/cbradar\/conheca-a-cidade-onde-avenidas-inteiras-sao-cobertas-por-guarda-chuvas-coloridos\/\" \/>\n<meta property=\"og:locale\" content=\"pt_BR\" \/>\n<meta property=\"og:type\" content=\"article\" \/>\n<meta property=\"og:title\" content=\"Conhe\u00e7a a cidade onde avenidas inteiras s\u00e3o cobertas por guarda-chuvas coloridos\" \/>\n<meta property=\"og:description\" content=\"Em \u00c1gueda, Portugal, avenidas ganham vida com guarda-chuvas coloridos suspensos. Veja como a arte urbana transformou a cidade em \u00edcone visual.\" \/>\n<meta property=\"og:url\" content=\"https:\/\/www.correiobraziliense.com.br\/cbradar\/conheca-a-cidade-onde-avenidas-inteiras-sao-cobertas-por-guarda-chuvas-coloridos\/\" \/>\n<meta property=\"og:site_name\" content=\"Correio Braziliense - Radar\" \/>\n<meta property=\"article:published_time\" content=\"2025-04-03T00:30:00+00:00\" \/>\n<meta property=\"og:image\" content=\"https:\/\/www.correiobraziliense.com.br\/cbradar\/wp-content\/uploads\/2025\/04\/Agueda_1743528468007.jpg\" \/>\n\t<meta property=\"og:image:width\" content=\"1280\" \/>\n\t<meta property=\"og:image:height\" content=\"720\" \/>\n\t<meta property=\"og:image:type\" content=\"image\/jpeg\" \/>\n<meta name=\"author\" content=\"Larissa Carvalho\" \/>\n<meta name=\"twitter:card\" content=\"summary_large_image\" \/>\n<meta name=\"twitter:label1\" content=\"Escrito por\" \/>\n\t<meta name=\"twitter:data1\" content=\"Larissa Carvalho\" \/>\n\t<meta name=\"twitter:label2\" content=\"Est. tempo de leitura\" \/>\n\t<meta name=\"twitter:data2\" content=\"3 minutos\" \/>\n<!-- \/ Yoast SEO plugin. -->","yoast_head_json":{"title":"Conhe\u00e7a a cidade onde avenidas inteiras s\u00e3o cobertas por guarda-chuvas coloridos","description":"Em \u00c1gueda, Portugal, avenidas ganham vida com guarda-chuvas coloridos suspensos. Veja como a arte urbana transformou a cidade em \u00edcone visual.","robots":{"index":"index","follow":"follow","max-snippet":"max-snippet:-1","max-image-preview":"max-image-preview:large","max-video-preview":"max-video-preview:-1"},"canonical":"https:\/\/www.correiobraziliense.com.br\/cbradar\/conheca-a-cidade-onde-avenidas-inteiras-sao-cobertas-por-guarda-chuvas-coloridos\/","og_locale":"pt_BR","og_type":"article","og_title":"Conhe\u00e7a a cidade onde avenidas inteiras s\u00e3o cobertas por guarda-chuvas coloridos","og_description":"Em \u00c1gueda, Portugal, avenidas ganham vida com guarda-chuvas coloridos suspensos. Veja como a arte urbana transformou a cidade em \u00edcone visual.","og_url":"https:\/\/www.correiobraziliense.com.br\/cbradar\/conheca-a-cidade-onde-avenidas-inteiras-sao-cobertas-por-guarda-chuvas-coloridos\/","og_site_name":"Correio Braziliense - Radar","article_published_time":"2025-04-03T00:30:00+00:00","og_image":[{"width":1280,"height":720,"url":"https:\/\/www.correiobraziliense.com.br\/cbradar\/wp-content\/uploads\/2025\/04\/Agueda_1743528468007.jpg","type":"image\/jpeg"}],"author":"Larissa Carvalho","twitter_card":"summary_large_image","twitter_misc":{"Escrito por":"Larissa Carvalho","Est. tempo de leitura":"3 minutos"},"schema":{"@context":"https:\/\/schema.org","@graph":[{"@type":"WebPage","@id":"https:\/\/www.correiobraziliense.com.br\/cbradar\/conheca-a-cidade-onde-avenidas-inteiras-sao-cobertas-por-guarda-chuvas-coloridos\/","url":"https:\/\/www.correiobraziliense.com.br\/cbradar\/conheca-a-cidade-onde-avenidas-inteiras-sao-cobertas-por-guarda-chuvas-coloridos\/","name":"Conhe\u00e7a a cidade onde avenidas inteiras s\u00e3o cobertas por guarda-chuvas coloridos","isPartOf":{"@id":"https:\/\/www.correiobraziliense.com.br\/cbradar\/#website"},"primaryImageOfPage":{"@id":"https:\/\/www.correiobraziliense.com.br\/cbradar\/conheca-a-cidade-onde-avenidas-inteiras-sao-cobertas-por-guarda-chuvas-coloridos\/#primaryimage"},"image":{"@id":"https:\/\/www.correiobraziliense.com.br\/cbradar\/conheca-a-cidade-onde-avenidas-inteiras-sao-cobertas-por-guarda-chuvas-coloridos\/#primaryimage"},"thumbnailUrl":"https:\/\/www.correiobraziliense.com.br\/cbradar\/wp-content\/uploads\/2025\/04\/Agueda_1743528468007.jpg","datePublished":"2025-04-03T00:30:00+00:00","author":{"@id":"https:\/\/www.correiobraziliense.com.br\/cbradar\/#\/schema\/person\/58422787644df994b53a19d3e56c1513"},"description":"Em \u00c1gueda, Portugal, avenidas ganham vida com guarda-chuvas coloridos suspensos. Veja como a arte urbana transformou a cidade em \u00edcone visual.","breadcrumb":{"@id":"https:\/\/www.correiobraziliense.com.br\/cbradar\/conheca-a-cidade-onde-avenidas-inteiras-sao-cobertas-por-guarda-chuvas-coloridos\/#breadcrumb"},"inLanguage":"pt-BR","potentialAction":[{"@type":"ReadAction","target":["https:\/\/www.correiobraziliense.com.br\/cbradar\/conheca-a-cidade-onde-avenidas-inteiras-sao-cobertas-por-guarda-chuvas-coloridos\/"]}]},{"@type":"ImageObject","inLanguage":"pt-BR","@id":"https:\/\/www.correiobraziliense.com.br\/cbradar\/conheca-a-cidade-onde-avenidas-inteiras-sao-cobertas-por-guarda-chuvas-coloridos\/#primaryimage","url":"https:\/\/www.correiobraziliense.com.br\/cbradar\/wp-content\/uploads\/2025\/04\/Agueda_1743528468007.jpg","contentUrl":"https:\/\/www.correiobraziliense.com.br\/cbradar\/wp-content\/uploads\/2025\/04\/Agueda_1743528468007.jpg","width":1280,"height":720,"caption":"\u00c1gueda. Cr\u00e9ditos: depositphotos.com \/ JoeMcUbed"},{"@type":"BreadcrumbList","@id":"https:\/\/www.correiobraziliense.com.br\/cbradar\/conheca-a-cidade-onde-avenidas-inteiras-sao-cobertas-por-guarda-chuvas-coloridos\/#breadcrumb","itemListElement":[{"@type":"ListItem","position":1,"name":"In\u00edcio","item":"https:\/\/www.correiobraziliense.com.br\/cbradar\/"},{"@type":"ListItem","position":2,"name":"Conhe\u00e7a a cidade onde avenidas inteiras s\u00e3o cobertas por guarda-chuvas coloridos"}]},{"@type":"WebSite","@id":"https:\/\/www.correiobraziliense.com.br\/cbradar\/#website","url":"https:\/\/www.correiobraziliense.com.br\/cbradar\/","name":"Correio Braziliense - Radar","description":"Acompanhe as \u00faltimas not\u00edcias e fique bem informado sobre tudo o que acontece no Brasil e no mundo.","potentialAction":[{"@type":"SearchAction","target":{"@type":"EntryPoint","urlTemplate":"https:\/\/www.correiobraziliense.com.br\/cbradar\/?s={search_term_string}"},"query-input":{"@type":"PropertyValueSpecification","valueRequired":true,"valueName":"search_term_string"}}],"inLanguage":"pt-BR"},{"@type":"Person","@id":"https:\/\/www.correiobraziliense.com.br\/cbradar\/#\/schema\/person\/58422787644df994b53a19d3e56c1513","name":"Larissa Carvalho","image":{"@type":"ImageObject","inLanguage":"pt-BR","@id":"https:\/\/www.correiobraziliense.com.br\/cbradar\/#\/schema\/person\/image\/","url":"https:\/\/secure.gravatar.com\/avatar\/fe4f91a0de32b52a838d0d612abdc1aa?s=96&d=mm&r=g","contentUrl":"https:\/\/secure.gravatar.com\/avatar\/fe4f91a0de32b52a838d0d612abdc1aa?s=96&d=mm&r=g","caption":"Larissa Carvalho"},"url":"https:\/\/www.correiobraziliense.com.br\/cbradar\/author\/larissamyth\/"}]}},"_links":{"self":[{"href":"https:\/\/www.correiobraziliense.com.br\/cbradar\/wp-json\/wp\/v2\/posts\/17923","targetHints":{"allow":["GET"]}}],"collection":[{"href":"https:\/\/www.correiobraziliense.com.br\/cbradar\/wp-json\/wp\/v2\/posts"}],"about":[{"href":"https:\/\/www.correiobraziliense.com.br\/cbradar\/wp-json\/wp\/v2\/types\/post"}],"author":[{"embeddable":true,"href":"https:\/\/www.correiobraziliense.com.br\/cbradar\/wp-json\/wp\/v2\/users\/3"}],"replies":[{"embeddable":true,"href":"https:\/\/www.correiobraziliense.com.br\/cbradar\/wp-json\/wp\/v2\/comments?post=17923"}],"version-history":[{"count":1,"href":"https:\/\/www.correiobraziliense.com.br\/cbradar\/wp-json\/wp\/v2\/posts\/17923\/revisions"}],"predecessor-version":[{"id":17926,"href":"https:\/\/www.correiobraziliense.com.br\/cbradar\/wp-json\/wp\/v2\/posts\/17923\/revisions\/17926"}],"wp:featuredmedia":[{"embeddable":true,"href":"https:\/\/www.correiobraziliense.com.br\/cbradar\/wp-json\/wp\/v2\/media\/17924"}],"wp:attachment":[{"href":"https:\/\/www.correiobraziliense.com.br\/cbradar\/wp-json\/wp\/v2\/media?parent=17923"}],"wp:term":[{"taxonomy":"category","embeddable":true,"href":"https:\/\/www.correiobraziliense.com.br\/cbradar\/wp-json\/wp\/v2\/categories?post=17923"},{"taxonomy":"post_tag","embeddable":true,"href":"https:\/\/www.correiobraziliense.com.br\/cbradar\/wp-json\/wp\/v2\/tags?post=17923"}],"curies":[{"name":"wp","href":"https:\/\/api.w.org\/{rel}","templated":true}]}}