{"id":179233,"date":"2026-01-23T09:35:00","date_gmt":"2026-01-23T12:35:00","guid":{"rendered":"https:\/\/www.correiobraziliense.com.br\/cbradar\/?p=179233"},"modified":"2026-01-21T13:15:05","modified_gmt":"2026-01-21T16:15:05","slug":"a-prevencao-mais-inovadora-contra-o-hiv-comeca-no-brasil","status":"publish","type":"post","link":"https:\/\/www.correiobraziliense.com.br\/cbradar\/a-prevencao-mais-inovadora-contra-o-hiv-comeca-no-brasil\/","title":{"rendered":"A preven\u00e7\u00e3o mais inovadora contra o HIV come\u00e7a no Brasil"},"content":{"rendered":"\n<p>A<strong> Funda\u00e7\u00e3o Oswaldo Cruz (Fiocruz<\/strong>) est\u00e1 prestes a iniciar um novo estudo que visa avaliar a incorpora\u00e7\u00e3o de uma inje\u00e7\u00e3o semestral de preven\u00e7\u00e3o ao <strong>HIV <\/strong>no Sistema \u00danico de Sa\u00fade (SUS). Esta iniciativa marca um passo importante na luta contra o v\u00edrus, utilizando a vacina lenacapavir, desenvolvida pela Gilead Sciences. Recentemente, a Ag\u00eancia Nacional de Vigil\u00e2ncia Sanit\u00e1ria (Anvisa) autorizou o uso deste medicamento como PrEP (profilaxia pr\u00e9-exposi\u00e7\u00e3o), uma escolha que promete revolucionar a forma como se previne a infec\u00e7\u00e3o pelo HIV-1.<\/p>\n\n\n\n<p>O lenacapavir destaca-se por sua alta efic\u00e1cia e pela praticidade de administra\u00e7\u00e3o, j\u00e1 que precisa ser aplicado apenas duas vezes ao ano. Essa caracter\u00edstica \u00e9 um avan\u00e7o significativo, considerando as necessidades de ades\u00e3o e acessibilidade no tratamento profil\u00e1tico do HIV. A Anvisa enfatiza a indica\u00e7\u00e3o do f\u00e1rmaco para adolescentes a partir de 12 anos e adultos que pesem no m\u00ednimo 35 quilogramas, desde que o teste para HIV-1 resulte negativo antes do in\u00edcio do tratamento.<\/p>\n\n\n\n<h2 class=\"wp-block-heading\">O que \u00e9 a profilaxia pr\u00e9-exposi\u00e7\u00e3o ao HIV?<\/h2>\n\n\n\n<p>A profilaxia pr\u00e9-exposi\u00e7\u00e3o, ou PrEP, \u00e9 uma estrat\u00e9gia de preven\u00e7\u00e3o que utiliza medicamentos antirretrovirais para evitar a infec\u00e7\u00e3o pelo HIV em pessoas com maior risco de exposi\u00e7\u00e3o ao v\u00edrus. Esta abordagem tem se mostrado eficaz em v\u00e1rios contextos, ampliando as op\u00e7\u00f5es de preven\u00e7\u00e3o junto ao uso de preservativos e outras medidas. O uso do lenacapavir como PrEP refor\u00e7a essa estrat\u00e9gia, oferecendo uma solu\u00e7\u00e3o duradoura e menos dependente de rotinas di\u00e1rias.<\/p>\n\n\n<div class=\"wp-block-image\">\n<figure class=\"aligncenter size-large\"><img decoding=\"async\" width=\"1024\" height=\"576\" src=\"https:\/\/www.correiobraziliense.com.br\/cbradar\/wp-content\/uploads\/2025\/06\/hiv_1750425160193-1024x576.jpg\" alt=\"\" class=\"wp-image-56349\" srcset=\"https:\/\/www.correiobraziliense.com.br\/cbradar\/wp-content\/uploads\/2025\/06\/hiv_1750425160193-1024x576.jpg 1024w, https:\/\/www.correiobraziliense.com.br\/cbradar\/wp-content\/uploads\/2025\/06\/hiv_1750425160193-300x169.jpg 300w, https:\/\/www.correiobraziliense.com.br\/cbradar\/wp-content\/uploads\/2025\/06\/hiv_1750425160193-768x432.jpg 768w, https:\/\/www.correiobraziliense.com.br\/cbradar\/wp-content\/uploads\/2025\/06\/hiv_1750425160193-750x422.jpg 750w, https:\/\/www.correiobraziliense.com.br\/cbradar\/wp-content\/uploads\/2025\/06\/hiv_1750425160193-1140x641.jpg 1140w, https:\/\/www.correiobraziliense.com.br\/cbradar\/wp-content\/uploads\/2025\/06\/hiv_1750425160193.jpg 1280w\" sizes=\"(max-width: 1024px) 100vw, 1024px\" \/><figcaption class=\"wp-element-caption\">HIV &#8211; Cr\u00e9ditos: depositphotos.com \/ VadimVasenin<\/figcaption><\/figure><\/div>\n\n\n<h2 class=\"wp-block-heading\">Como a Fiocruz est\u00e1 conduzindo este estudo?<\/h2>\n\n\n\n<p>O estudo, denominado ImPrEP LEN Brasil, concentra-se em grupos espec\u00edficos da popula\u00e7\u00e3o mais vulner\u00e1veis \u00e0 infec\u00e7\u00e3o pelo HIV. Est\u00e3o inclu\u00eddos homens gays e bissexuais, pessoas n\u00e3o bin\u00e1rias identificadas como do sexo masculino ao nascer e pessoas transg\u00eanero, todos entre 16 e 30 anos. O objetivo \u00e9 avaliar a efetividade do lenacapavir em ambientes reais. As cidades contempladas para o projeto s\u00e3o S\u00e3o Paulo, Rio de Janeiro, Salvador, Florian\u00f3polis, Manaus, Campinas e Nova Igua\u00e7u, refletindo o compromisso em atingir diversas regi\u00f5es do Brasil.<\/p>\n\n\n\n<h2 class=\"wp-block-heading\">Quando o lenacapavir estar\u00e1 dispon\u00edvel no Brasil?<\/h2>\n\n\n\n<p>Conforme anunciado pela Fiocruz, as doses do lenacapavir j\u00e1 foram fornecidas pela Gilead Sciences. A administra\u00e7\u00e3o do medicamento depende agora da chegada de agulhas espec\u00edficas, necess\u00e1rias para a aplica\u00e7\u00e3o subcut\u00e2nea, ao Brasil. A expectativa \u00e9 que, uma vez superado este ponto log\u00edstico, a vacina possa come\u00e7ar a ser aplicada, oferecendo uma nova esperan\u00e7a na preven\u00e7\u00e3o do HIV.<\/p>\n\n\n\n<h2 class=\"wp-block-heading\">Quais s\u00e3o as implica\u00e7\u00f5es para o SUS?<\/h2>\n\n\n\n<p>Se incorporado ao SUS, o lenacapavir poder\u00e1 transformar a forma como o sistema de sa\u00fade p\u00fablico lida com a preven\u00e7\u00e3o do HIV. A facilidade de uma inje\u00e7\u00e3o semestral \u00e9 particularmente importante em um cen\u00e1rio onde a ades\u00e3o aos medicamentos di\u00e1rios representa um desafio. Esta mudan\u00e7a pode aumentar consideravelmente o alcance dos programas de PrEP, contribuindo para a diminui\u00e7\u00e3o das taxas de infec\u00e7\u00e3o pelo HIV no pa\u00eds e fortalecendo a resposta nacional \u00e0 epidemia.<\/p>\n\n\n\n<p>Essa iniciativa da Fiocruz, aliada \u00e0s decis\u00f5es da Anvisa, demonstra o compromisso do Brasil em adotar solu\u00e7\u00f5es de sa\u00fade inovadoras e acess\u00edveis. O estudo se insere em um contexto maior de esfor\u00e7os globais para erradicar o HIV, alinhando o pa\u00eds \u00e0s estrat\u00e9gias internacionais mais avan\u00e7adas. Portanto, o sucesso deste estudo poder\u00e1 servir de modelo e inspira\u00e7\u00e3o para outras na\u00e7\u00f5es na luta contra o HIV. As pol\u00edticas futuras depender\u00e3o dos resultados destas iniciativas pioneiras.<\/p>\n\n\n<a href=\"https:\/\/www.instagram.com\/dra.annaluisabf\/\" target=\"_blank\" rel=\"noopener\" style=\"text-decoration: none; color: inherit;\">\n    <span style=\"display: inline-block; border: 1px solid #ccc; border-radius: 10px; padding: 15px; max-width: 550px; font-family: sans-serif; box-shadow: 0 2px 5px rgba(0,0,0,0.1); width: 100%;\">\n\n      <!-- T\u00edtulo -->\n      <span style=\"display: block; margin: 0 0 15px 0; font-weight: bold; color: #2c3e50; text-align: center;\">\n        Entre em contato:\n      <\/span>\n\n      <!-- Linha do perfil -->\n      <span style=\"display: flex; align-items: center; gap: 15px;\">\n        <img decoding=\"async\"\n          src=\"https:\/\/www.correiobraziliense.com.br\/cbradar\/wp-content\/uploads\/2025\/08\/dra_anna_luisa.jpeg\"\n          alt=\"Foto da Dra. Anna Lu\u00edsa\"\n          style=\"border-radius: 50%; width: 80px; height: 80px; object-fit: cover;\"\n        \/>\n        <span style=\"display: flex; flex-direction: column;\">\n          <span style=\"font-size: 18px; font-weight: 700; color: #2c3e50;\">Dra. Anna Lu\u00edsa Barbosa Fernandes<\/span>\n          <span style=\"color: #555;\">CRM-GO 33.271<\/span>\n        <\/span>\n      <\/span>\n\n      <!-- Redes -->\n      <span style=\"display: flex; align-items: center; gap: 10px; margin-top: 12px;\">\n        <img decoding=\"async\" src=\"https:\/\/cdn-icons-png.flaticon.com\/24\/1384\/1384063.png\" alt=\"Instagram\" width=\"24\" height=\"24\" \/>\n        <span style=\"text-decoration: underline; color: #2c3e50;\">@dra.annaluisabf<\/span>\n      <\/span>\n\n    <\/span>\n  <\/a>\n\n\n<p><\/p>\n","protected":false},"excerpt":{"rendered":"<p>A Funda\u00e7\u00e3o Oswaldo Cruz (Fiocruz) est\u00e1 prestes a iniciar um novo estudo que visa avaliar a incorpora\u00e7\u00e3o de uma inje\u00e7\u00e3o semestral de preven\u00e7\u00e3o ao HIV no Sistema \u00danico de Sa\u00fade (SUS). Esta iniciativa marca um passo importante na luta contra o v\u00edrus, utilizando a vacina lenacapavir, desenvolvida pela Gilead Sciences. Recentemente, a Ag\u00eancia Nacional de [&hellip;]<\/p>\n","protected":false},"author":14,"featured_media":56350,"comment_status":"open","ping_status":"open","sticky":false,"template":"","format":"standard","meta":{"_yoast_wpseo_focuskw":"HIV","_yoast_wpseo_title":"","_yoast_wpseo_metadesc":"Nova inje\u00e7\u00e3o semestral contra o HIV est\u00e1 em estudo no Brasil e pode mudar a forma de preven\u00e7\u00e3o em grupos vulner\u00e1veis.","jnews-multi-image_gallery":[],"jnews_single_post":{"format":"standard"},"jnews_primary_category":[],"jnews_social_meta":[],"jnews_override_counter":[],"footnotes":""},"categories":[4404],"tags":[120,247,1318],"class_list":["post-179233","post","type-post","status-publish","format-standard","has-post-thumbnail","hentry","category-saude","tag-bem-estar","tag-qualidade-de-vida","tag-saude-2"],"yoast_head":"<!-- This site is optimized with the Yoast SEO plugin v24.6 - https:\/\/yoast.com\/wordpress\/plugins\/seo\/ -->\n<title>A preven\u00e7\u00e3o mais inovadora contra o HIV come\u00e7a no Brasil - Correio Braziliense - Radar<\/title>\n<meta name=\"description\" content=\"Nova inje\u00e7\u00e3o semestral contra o HIV est\u00e1 em estudo no Brasil e pode mudar a forma de preven\u00e7\u00e3o em grupos vulner\u00e1veis.\" \/>\n<meta name=\"robots\" content=\"index, follow, max-snippet:-1, max-image-preview:large, max-video-preview:-1\" \/>\n<link rel=\"canonical\" href=\"https:\/\/www.correiobraziliense.com.br\/cbradar\/a-prevencao-mais-inovadora-contra-o-hiv-comeca-no-brasil\/\" \/>\n<meta property=\"og:locale\" content=\"pt_BR\" \/>\n<meta property=\"og:type\" content=\"article\" \/>\n<meta property=\"og:title\" content=\"A preven\u00e7\u00e3o mais inovadora contra o HIV come\u00e7a no Brasil - Correio Braziliense - Radar\" \/>\n<meta property=\"og:description\" content=\"Nova inje\u00e7\u00e3o semestral contra o HIV est\u00e1 em estudo no Brasil e pode mudar a forma de preven\u00e7\u00e3o em grupos vulner\u00e1veis.\" \/>\n<meta property=\"og:url\" content=\"https:\/\/www.correiobraziliense.com.br\/cbradar\/a-prevencao-mais-inovadora-contra-o-hiv-comeca-no-brasil\/\" \/>\n<meta property=\"og:site_name\" content=\"Correio Braziliense - Radar\" \/>\n<meta property=\"article:published_time\" content=\"2026-01-23T12:35:00+00:00\" \/>\n<meta property=\"og:image\" content=\"https:\/\/www.correiobraziliense.com.br\/cbradar\/wp-content\/uploads\/2025\/06\/hiv_1750425182369.jpg\" \/>\n\t<meta property=\"og:image:width\" content=\"1280\" \/>\n\t<meta property=\"og:image:height\" content=\"720\" \/>\n\t<meta property=\"og:image:type\" content=\"image\/jpeg\" \/>\n<meta name=\"author\" content=\"guilherme_saude\" \/>\n<meta name=\"twitter:card\" content=\"summary_large_image\" \/>\n<meta name=\"twitter:label1\" content=\"Escrito por\" \/>\n\t<meta name=\"twitter:data1\" content=\"guilherme_saude\" \/>\n\t<meta name=\"twitter:label2\" content=\"Est. tempo de leitura\" \/>\n\t<meta name=\"twitter:data2\" content=\"4 minutos\" \/>\n<!-- \/ Yoast SEO plugin. -->","yoast_head_json":{"title":"A preven\u00e7\u00e3o mais inovadora contra o HIV come\u00e7a no Brasil - Correio Braziliense - Radar","description":"Nova inje\u00e7\u00e3o semestral contra o HIV est\u00e1 em estudo no Brasil e pode mudar a forma de preven\u00e7\u00e3o em grupos vulner\u00e1veis.","robots":{"index":"index","follow":"follow","max-snippet":"max-snippet:-1","max-image-preview":"max-image-preview:large","max-video-preview":"max-video-preview:-1"},"canonical":"https:\/\/www.correiobraziliense.com.br\/cbradar\/a-prevencao-mais-inovadora-contra-o-hiv-comeca-no-brasil\/","og_locale":"pt_BR","og_type":"article","og_title":"A preven\u00e7\u00e3o mais inovadora contra o HIV come\u00e7a no Brasil - Correio Braziliense - Radar","og_description":"Nova inje\u00e7\u00e3o semestral contra o HIV est\u00e1 em estudo no Brasil e pode mudar a forma de preven\u00e7\u00e3o em grupos vulner\u00e1veis.","og_url":"https:\/\/www.correiobraziliense.com.br\/cbradar\/a-prevencao-mais-inovadora-contra-o-hiv-comeca-no-brasil\/","og_site_name":"Correio Braziliense - Radar","article_published_time":"2026-01-23T12:35:00+00:00","og_image":[{"width":1280,"height":720,"url":"https:\/\/www.correiobraziliense.com.br\/cbradar\/wp-content\/uploads\/2025\/06\/hiv_1750425182369.jpg","type":"image\/jpeg"}],"author":"guilherme_saude","twitter_card":"summary_large_image","twitter_misc":{"Escrito por":"guilherme_saude","Est. tempo de leitura":"4 minutos"},"schema":{"@context":"https:\/\/schema.org","@graph":[{"@type":"WebPage","@id":"https:\/\/www.correiobraziliense.com.br\/cbradar\/a-prevencao-mais-inovadora-contra-o-hiv-comeca-no-brasil\/","url":"https:\/\/www.correiobraziliense.com.br\/cbradar\/a-prevencao-mais-inovadora-contra-o-hiv-comeca-no-brasil\/","name":"A preven\u00e7\u00e3o mais inovadora contra o HIV come\u00e7a no Brasil - Correio Braziliense - Radar","isPartOf":{"@id":"https:\/\/www.correiobraziliense.com.br\/cbradar\/#website"},"primaryImageOfPage":{"@id":"https:\/\/www.correiobraziliense.com.br\/cbradar\/a-prevencao-mais-inovadora-contra-o-hiv-comeca-no-brasil\/#primaryimage"},"image":{"@id":"https:\/\/www.correiobraziliense.com.br\/cbradar\/a-prevencao-mais-inovadora-contra-o-hiv-comeca-no-brasil\/#primaryimage"},"thumbnailUrl":"https:\/\/www.correiobraziliense.com.br\/cbradar\/wp-content\/uploads\/2025\/06\/hiv_1750425182369.jpg","datePublished":"2026-01-23T12:35:00+00:00","author":{"@id":"https:\/\/www.correiobraziliense.com.br\/cbradar\/#\/schema\/person\/5aa4bf3c8fa699c267933611de12978b"},"description":"Nova inje\u00e7\u00e3o semestral contra o HIV est\u00e1 em estudo no Brasil e pode mudar a forma de preven\u00e7\u00e3o em grupos vulner\u00e1veis.","breadcrumb":{"@id":"https:\/\/www.correiobraziliense.com.br\/cbradar\/a-prevencao-mais-inovadora-contra-o-hiv-comeca-no-brasil\/#breadcrumb"},"inLanguage":"pt-BR","potentialAction":[{"@type":"ReadAction","target":["https:\/\/www.correiobraziliense.com.br\/cbradar\/a-prevencao-mais-inovadora-contra-o-hiv-comeca-no-brasil\/"]}]},{"@type":"ImageObject","inLanguage":"pt-BR","@id":"https:\/\/www.correiobraziliense.com.br\/cbradar\/a-prevencao-mais-inovadora-contra-o-hiv-comeca-no-brasil\/#primaryimage","url":"https:\/\/www.correiobraziliense.com.br\/cbradar\/wp-content\/uploads\/2025\/06\/hiv_1750425182369.jpg","contentUrl":"https:\/\/www.correiobraziliense.com.br\/cbradar\/wp-content\/uploads\/2025\/06\/hiv_1750425182369.jpg","width":1280,"height":720,"caption":"HIV - Cr\u00e9ditos: depositphotos.com \/ VadimVasenin"},{"@type":"BreadcrumbList","@id":"https:\/\/www.correiobraziliense.com.br\/cbradar\/a-prevencao-mais-inovadora-contra-o-hiv-comeca-no-brasil\/#breadcrumb","itemListElement":[{"@type":"ListItem","position":1,"name":"In\u00edcio","item":"https:\/\/www.correiobraziliense.com.br\/cbradar\/"},{"@type":"ListItem","position":2,"name":"A preven\u00e7\u00e3o mais inovadora contra o HIV come\u00e7a no Brasil"}]},{"@type":"WebSite","@id":"https:\/\/www.correiobraziliense.com.br\/cbradar\/#website","url":"https:\/\/www.correiobraziliense.com.br\/cbradar\/","name":"Correio Braziliense - Radar","description":"Acompanhe as \u00faltimas not\u00edcias e fique bem informado sobre tudo o que acontece no Brasil e no mundo.","potentialAction":[{"@type":"SearchAction","target":{"@type":"EntryPoint","urlTemplate":"https:\/\/www.correiobraziliense.com.br\/cbradar\/?s={search_term_string}"},"query-input":{"@type":"PropertyValueSpecification","valueRequired":true,"valueName":"search_term_string"}}],"inLanguage":"pt-BR"},{"@type":"Person","@id":"https:\/\/www.correiobraziliense.com.br\/cbradar\/#\/schema\/person\/5aa4bf3c8fa699c267933611de12978b","name":"guilherme_saude","image":{"@type":"ImageObject","inLanguage":"pt-BR","@id":"https:\/\/www.correiobraziliense.com.br\/cbradar\/#\/schema\/person\/image\/","url":"https:\/\/secure.gravatar.com\/avatar\/df9adfb835d344bc0af109d41756253f?s=96&d=mm&r=g","contentUrl":"https:\/\/secure.gravatar.com\/avatar\/df9adfb835d344bc0af109d41756253f?s=96&d=mm&r=g","caption":"guilherme_saude"},"url":"https:\/\/www.correiobraziliense.com.br\/cbradar\/author\/guilherme_saude\/"}]}},"_links":{"self":[{"href":"https:\/\/www.correiobraziliense.com.br\/cbradar\/wp-json\/wp\/v2\/posts\/179233","targetHints":{"allow":["GET"]}}],"collection":[{"href":"https:\/\/www.correiobraziliense.com.br\/cbradar\/wp-json\/wp\/v2\/posts"}],"about":[{"href":"https:\/\/www.correiobraziliense.com.br\/cbradar\/wp-json\/wp\/v2\/types\/post"}],"author":[{"embeddable":true,"href":"https:\/\/www.correiobraziliense.com.br\/cbradar\/wp-json\/wp\/v2\/users\/14"}],"replies":[{"embeddable":true,"href":"https:\/\/www.correiobraziliense.com.br\/cbradar\/wp-json\/wp\/v2\/comments?post=179233"}],"version-history":[{"count":1,"href":"https:\/\/www.correiobraziliense.com.br\/cbradar\/wp-json\/wp\/v2\/posts\/179233\/revisions"}],"predecessor-version":[{"id":179234,"href":"https:\/\/www.correiobraziliense.com.br\/cbradar\/wp-json\/wp\/v2\/posts\/179233\/revisions\/179234"}],"wp:featuredmedia":[{"embeddable":true,"href":"https:\/\/www.correiobraziliense.com.br\/cbradar\/wp-json\/wp\/v2\/media\/56350"}],"wp:attachment":[{"href":"https:\/\/www.correiobraziliense.com.br\/cbradar\/wp-json\/wp\/v2\/media?parent=179233"}],"wp:term":[{"taxonomy":"category","embeddable":true,"href":"https:\/\/www.correiobraziliense.com.br\/cbradar\/wp-json\/wp\/v2\/categories?post=179233"},{"taxonomy":"post_tag","embeddable":true,"href":"https:\/\/www.correiobraziliense.com.br\/cbradar\/wp-json\/wp\/v2\/tags?post=179233"}],"curies":[{"name":"wp","href":"https:\/\/api.w.org\/{rel}","templated":true}]}}