{"id":179236,"date":"2026-01-23T15:55:09","date_gmt":"2026-01-23T18:55:09","guid":{"rendered":"https:\/\/www.correiobraziliense.com.br\/cbradar\/?p=179236"},"modified":"2026-01-21T15:17:16","modified_gmt":"2026-01-21T18:17:16","slug":"os-sintomas-silenciosos-que-podem-indicar-risco-cardiaco","status":"publish","type":"post","link":"https:\/\/www.correiobraziliense.com.br\/cbradar\/os-sintomas-silenciosos-que-podem-indicar-risco-cardiaco\/","title":{"rendered":"Os sintomas silenciosos que podem indicar risco card\u00edaco"},"content":{"rendered":"\n<p>As <strong>Doen\u00e7as Cardiovasculares<\/strong> figuram entre as principais causas de mortes no Brasil, de acordo com a Sociedade Brasileira de Cardiologia (SBC). A maioria desses \u00f3bitos poderia ser evitada ou adiada com medidas preventivas e terap\u00eauticas adequadas. A SBC ressalta a import\u00e2ncia de se identificar precocemente os sintomas de problemas cardiovasculares para um tratamento eficaz.<\/p>\n\n\n\n<p>Dentre as condi\u00e7\u00f5es mais cr\u00edticas, o Acidente Vascular Cerebral (AVC) se destaca. Este ocorre devido \u00e0 obstru\u00e7\u00e3o dos vasos sangu\u00edneos cerebrais por placas de gordura. Os sinais incluem dificuldade para falar, tontura e fraqueza de um lado do corpo. A identifica\u00e7\u00e3o r\u00e1pida desses sintomas pode ser crucial para o tratamento eficiente.<\/p>\n\n\n\n<h2 class=\"wp-block-heading\">Quais s\u00e3o as principais Doen\u00e7as Cardiovasculares?<\/h2>\n\n\n\n<p>A cardiomiopatia \u00e9 uma condi\u00e7\u00e3o s\u00e9ria que afeta o cora\u00e7\u00e3o ao provocar a inflama\u00e7\u00e3o e o incha\u00e7o do m\u00fasculo card\u00edaco. Nos casos mais graves, pode ser necess\u00e1rio at\u00e9 um transplante de cora\u00e7\u00e3o. Os sintomas englobam fraqueza frequente, incha\u00e7os e fadiga. J\u00e1 o infarto do mioc\u00e1rdio ocorre quando o fluxo sangu\u00edneo no m\u00fasculo mioc\u00e1rdio \u00e9 interrompido, podendo resultar em dano tecidual severo.<\/p>\n\n\n\n<p>Al\u00e9m disso, a insufici\u00eancia card\u00edaca est\u00e1 entre as doen\u00e7as do cora\u00e7\u00e3o mais prevalentes. Esta condi\u00e7\u00e3o compromete a capacidade do cora\u00e7\u00e3o de bombear sangue de forma eficaz, causando sintomas como fadiga e dificuldade respirat\u00f3ria. As causas principais s\u00e3o infec\u00e7\u00f5es, diabetes e h\u00e1bitos de vida n\u00e3o saud\u00e1veis. A preven\u00e7\u00e3o dessas condi\u00e7\u00f5es est\u00e1 fortemente vinculada \u00e0 manuten\u00e7\u00e3o de um estilo de vida saud\u00e1vel.<\/p>\n\n\n<div class=\"wp-block-image\">\n<figure class=\"aligncenter size-large\"><img decoding=\"async\" width=\"1024\" height=\"576\" src=\"https:\/\/www.correiobraziliense.com.br\/cbradar\/wp-content\/uploads\/2025\/06\/coracao-doenca_1749496919133-1024x576.jpg\" alt=\"\" class=\"wp-image-50673\" srcset=\"https:\/\/www.correiobraziliense.com.br\/cbradar\/wp-content\/uploads\/2025\/06\/coracao-doenca_1749496919133-1024x576.jpg 1024w, https:\/\/www.correiobraziliense.com.br\/cbradar\/wp-content\/uploads\/2025\/06\/coracao-doenca_1749496919133-300x169.jpg 300w, https:\/\/www.correiobraziliense.com.br\/cbradar\/wp-content\/uploads\/2025\/06\/coracao-doenca_1749496919133-768x432.jpg 768w, https:\/\/www.correiobraziliense.com.br\/cbradar\/wp-content\/uploads\/2025\/06\/coracao-doenca_1749496919133-750x422.jpg 750w, https:\/\/www.correiobraziliense.com.br\/cbradar\/wp-content\/uploads\/2025\/06\/coracao-doenca_1749496919133-1140x641.jpg 1140w, https:\/\/www.correiobraziliense.com.br\/cbradar\/wp-content\/uploads\/2025\/06\/coracao-doenca_1749496919133.jpg 1280w\" sizes=\"(max-width: 1024px) 100vw, 1024px\" \/><figcaption class=\"wp-element-caption\">Doen\u00e7a no cora\u00e7\u00e3o &#8211; Cr\u00e9ditos: depositphotos.com \/ KostyaKlimenko<\/figcaption><\/figure><\/div>\n\n\n<h2 class=\"wp-block-heading\">Como prevenir doen\u00e7as arteriais?<\/h2>\n\n\n\n<p>Um exemplo de doen\u00e7a arterial \u00e9 a perif\u00e9rica, que \u00e9 desencadeada pela forma\u00e7\u00e3o de placas gordurosas nas art\u00e9rias que levam sangue para os membros inferiores. O n\u00edvel elevado de colesterol e o tabagismo s\u00e3o fatores que contribuem significativamente para essa condi\u00e7\u00e3o. Seus sintomas incluem feridas que n\u00e3o cicatrizam, incha\u00e7os e disfun\u00e7\u00e3o er\u00e9til.<\/p>\n\n\n\n<p>A endocardite, por outro lado, \u00e9 causada por infec\u00e7\u00f5es bacterianas, f\u00fangicas ou virais, e pode levar a calafrios e fadiga severa. Dependendo da gravidade, o tratamento pode exigir interven\u00e7\u00e3o cir\u00fargica. A miocardite, inflama\u00e7\u00e3o do m\u00fasculo card\u00edaco, tamb\u00e9m merece aten\u00e7\u00e3o, especialmente devido aos riscos de frequ\u00eancia card\u00edaca anormal e morte s\u00fabita.<\/p>\n\n\n\n<h2 class=\"wp-block-heading\">Como adotar h\u00e1bitos saud\u00e1veis para um cora\u00e7\u00e3o forte?<\/h2>\n\n\n\n<p>Muitos dos sintomas comuns a diversas doen\u00e7as card\u00edacas incluem cansa\u00e7o inexplic\u00e1vel, falta de apetite, dificuldade respirat\u00f3ria e tonturas. A preven\u00e7\u00e3o eficaz envolve manter h\u00e1bitos alimentares saud\u00e1veis, a pr\u00e1tica regular de exerc\u00edcios f\u00edsicos e o cuidado com a <a href=\"https:\/\/www.correiobraziliense.com.br\/cbradar\/cabeca-achatada-em-bebes-merece-atencao\/\" target=\"_blank\" rel=\"noreferrer noopener\">sa\u00fade <\/a>mental.<\/p>\n\n\n\n<p>A cartilha de Diretriz de Preven\u00e7\u00e3o Cardiovascular da SBC destaca que a conscientiza\u00e7\u00e3o e a educa\u00e7\u00e3o s\u00e3o essenciais para prevenir doen\u00e7as card\u00edacas. Portanto, a promo\u00e7\u00e3o de um estilo de vida saud\u00e1vel \u00e9 um pilar fundamental nessa luta, colocando em evid\u00eancia a necessidade de atitudes proativas para a manuten\u00e7\u00e3o do bem-estar cardiovascular.<\/p>\n\n\n<a href=\"https:\/\/www.instagram.com\/dra.annaluisabf\/\" target=\"_blank\" rel=\"noopener\" style=\"text-decoration: none; color: inherit;\">\n    <span style=\"display: inline-block; border: 1px solid #ccc; border-radius: 10px; padding: 15px; max-width: 550px; font-family: sans-serif; box-shadow: 0 2px 5px rgba(0,0,0,0.1); width: 100%;\">\n\n      <!-- T\u00edtulo -->\n      <span style=\"display: block; margin: 0 0 15px 0; font-weight: bold; color: #2c3e50; text-align: center;\">\n        Entre em contato:\n      <\/span>\n\n      <!-- Linha do perfil -->\n      <span style=\"display: flex; align-items: center; gap: 15px;\">\n        <img decoding=\"async\"\n          src=\"https:\/\/www.correiobraziliense.com.br\/cbradar\/wp-content\/uploads\/2025\/08\/dra_anna_luisa.jpeg\"\n          alt=\"Foto da Dra. Anna Lu\u00edsa\"\n          style=\"border-radius: 50%; width: 80px; height: 80px; object-fit: cover;\"\n        \/>\n        <span style=\"display: flex; flex-direction: column;\">\n          <span style=\"font-size: 18px; font-weight: 700; color: #2c3e50;\">Dra. Anna Lu\u00edsa Barbosa Fernandes<\/span>\n          <span style=\"color: #555;\">CRM-GO 33.271<\/span>\n        <\/span>\n      <\/span>\n\n      <!-- Redes -->\n      <span style=\"display: flex; align-items: center; gap: 10px; margin-top: 12px;\">\n        <img decoding=\"async\" src=\"https:\/\/cdn-icons-png.flaticon.com\/24\/1384\/1384063.png\" alt=\"Instagram\" width=\"24\" height=\"24\" \/>\n        <span style=\"text-decoration: underline; color: #2c3e50;\">@dra.annaluisabf<\/span>\n      <\/span>\n\n    <\/span>\n  <\/a>","protected":false},"excerpt":{"rendered":"<p>As Doen\u00e7as Cardiovasculares figuram entre as principais causas de mortes no Brasil, de acordo com a Sociedade Brasileira de Cardiologia (SBC). A maioria desses \u00f3bitos poderia ser evitada ou adiada com medidas preventivas e terap\u00eauticas adequadas. A SBC ressalta a import\u00e2ncia de se identificar precocemente os sintomas de problemas cardiovasculares para um tratamento eficaz. Dentre [&hellip;]<\/p>\n","protected":false},"author":14,"featured_media":179237,"comment_status":"open","ping_status":"open","sticky":false,"template":"","format":"standard","meta":{"_yoast_wpseo_focuskw":"Doen\u00e7as Cardiovasculares","_yoast_wpseo_title":"","_yoast_wpseo_metadesc":"As doen\u00e7as cardiovasculares est\u00e3o entre as principais causas de morte, mas reconhecer sintomas e adotar preven\u00e7\u00e3o pode salvar vidas.","jnews-multi-image_gallery":[],"jnews_single_post":{"format":"standard"},"jnews_primary_category":[],"jnews_social_meta":[],"jnews_override_counter":[],"footnotes":""},"categories":[4404],"tags":[120,247,565],"class_list":["post-179236","post","type-post","status-publish","format-standard","has-post-thumbnail","hentry","category-saude","tag-bem-estar","tag-qualidade-de-vida","tag-saude"],"yoast_head":"<!-- This site is optimized with the Yoast SEO plugin v24.6 - https:\/\/yoast.com\/wordpress\/plugins\/seo\/ -->\n<title>Os sintomas silenciosos que podem indicar risco card\u00edaco - Correio Braziliense - Radar<\/title>\n<meta name=\"description\" content=\"As doen\u00e7as cardiovasculares est\u00e3o entre as principais causas de morte, mas reconhecer sintomas e adotar preven\u00e7\u00e3o pode salvar vidas.\" \/>\n<meta name=\"robots\" content=\"index, follow, max-snippet:-1, max-image-preview:large, max-video-preview:-1\" \/>\n<link rel=\"canonical\" href=\"https:\/\/www.correiobraziliense.com.br\/cbradar\/os-sintomas-silenciosos-que-podem-indicar-risco-cardiaco\/\" \/>\n<meta property=\"og:locale\" content=\"pt_BR\" \/>\n<meta property=\"og:type\" content=\"article\" \/>\n<meta property=\"og:title\" content=\"Os sintomas silenciosos que podem indicar risco card\u00edaco - Correio Braziliense - Radar\" \/>\n<meta property=\"og:description\" content=\"As doen\u00e7as cardiovasculares est\u00e3o entre as principais causas de morte, mas reconhecer sintomas e adotar preven\u00e7\u00e3o pode salvar vidas.\" \/>\n<meta property=\"og:url\" content=\"https:\/\/www.correiobraziliense.com.br\/cbradar\/os-sintomas-silenciosos-que-podem-indicar-risco-cardiaco\/\" \/>\n<meta property=\"og:site_name\" content=\"Correio Braziliense - Radar\" \/>\n<meta property=\"article:published_time\" content=\"2026-01-23T18:55:09+00:00\" \/>\n<meta property=\"og:image\" content=\"https:\/\/www.correiobraziliense.com.br\/cbradar\/wp-content\/uploads\/2026\/01\/Doencas-Cardiovasculares_1769012848213.jpg\" \/>\n\t<meta property=\"og:image:width\" content=\"1280\" \/>\n\t<meta property=\"og:image:height\" content=\"720\" \/>\n\t<meta property=\"og:image:type\" content=\"image\/jpeg\" \/>\n<meta name=\"author\" content=\"guilherme_saude\" \/>\n<meta name=\"twitter:card\" content=\"summary_large_image\" \/>\n<meta name=\"twitter:label1\" content=\"Escrito por\" \/>\n\t<meta name=\"twitter:data1\" content=\"guilherme_saude\" \/>\n\t<meta name=\"twitter:label2\" content=\"Est. tempo de leitura\" \/>\n\t<meta name=\"twitter:data2\" content=\"4 minutos\" \/>\n<!-- \/ Yoast SEO plugin. -->","yoast_head_json":{"title":"Os sintomas silenciosos que podem indicar risco card\u00edaco - Correio Braziliense - Radar","description":"As doen\u00e7as cardiovasculares est\u00e3o entre as principais causas de morte, mas reconhecer sintomas e adotar preven\u00e7\u00e3o pode salvar vidas.","robots":{"index":"index","follow":"follow","max-snippet":"max-snippet:-1","max-image-preview":"max-image-preview:large","max-video-preview":"max-video-preview:-1"},"canonical":"https:\/\/www.correiobraziliense.com.br\/cbradar\/os-sintomas-silenciosos-que-podem-indicar-risco-cardiaco\/","og_locale":"pt_BR","og_type":"article","og_title":"Os sintomas silenciosos que podem indicar risco card\u00edaco - Correio Braziliense - Radar","og_description":"As doen\u00e7as cardiovasculares est\u00e3o entre as principais causas de morte, mas reconhecer sintomas e adotar preven\u00e7\u00e3o pode salvar vidas.","og_url":"https:\/\/www.correiobraziliense.com.br\/cbradar\/os-sintomas-silenciosos-que-podem-indicar-risco-cardiaco\/","og_site_name":"Correio Braziliense - Radar","article_published_time":"2026-01-23T18:55:09+00:00","og_image":[{"width":1280,"height":720,"url":"https:\/\/www.correiobraziliense.com.br\/cbradar\/wp-content\/uploads\/2026\/01\/Doencas-Cardiovasculares_1769012848213.jpg","type":"image\/jpeg"}],"author":"guilherme_saude","twitter_card":"summary_large_image","twitter_misc":{"Escrito por":"guilherme_saude","Est. tempo de leitura":"4 minutos"},"schema":{"@context":"https:\/\/schema.org","@graph":[{"@type":"WebPage","@id":"https:\/\/www.correiobraziliense.com.br\/cbradar\/os-sintomas-silenciosos-que-podem-indicar-risco-cardiaco\/","url":"https:\/\/www.correiobraziliense.com.br\/cbradar\/os-sintomas-silenciosos-que-podem-indicar-risco-cardiaco\/","name":"Os sintomas silenciosos que podem indicar risco card\u00edaco - Correio Braziliense - Radar","isPartOf":{"@id":"https:\/\/www.correiobraziliense.com.br\/cbradar\/#website"},"primaryImageOfPage":{"@id":"https:\/\/www.correiobraziliense.com.br\/cbradar\/os-sintomas-silenciosos-que-podem-indicar-risco-cardiaco\/#primaryimage"},"image":{"@id":"https:\/\/www.correiobraziliense.com.br\/cbradar\/os-sintomas-silenciosos-que-podem-indicar-risco-cardiaco\/#primaryimage"},"thumbnailUrl":"https:\/\/www.correiobraziliense.com.br\/cbradar\/wp-content\/uploads\/2026\/01\/Doencas-Cardiovasculares_1769012848213.jpg","datePublished":"2026-01-23T18:55:09+00:00","author":{"@id":"https:\/\/www.correiobraziliense.com.br\/cbradar\/#\/schema\/person\/5aa4bf3c8fa699c267933611de12978b"},"description":"As doen\u00e7as cardiovasculares est\u00e3o entre as principais causas de morte, mas reconhecer sintomas e adotar preven\u00e7\u00e3o pode salvar vidas.","breadcrumb":{"@id":"https:\/\/www.correiobraziliense.com.br\/cbradar\/os-sintomas-silenciosos-que-podem-indicar-risco-cardiaco\/#breadcrumb"},"inLanguage":"pt-BR","potentialAction":[{"@type":"ReadAction","target":["https:\/\/www.correiobraziliense.com.br\/cbradar\/os-sintomas-silenciosos-que-podem-indicar-risco-cardiaco\/"]}]},{"@type":"ImageObject","inLanguage":"pt-BR","@id":"https:\/\/www.correiobraziliense.com.br\/cbradar\/os-sintomas-silenciosos-que-podem-indicar-risco-cardiaco\/#primaryimage","url":"https:\/\/www.correiobraziliense.com.br\/cbradar\/wp-content\/uploads\/2026\/01\/Doencas-Cardiovasculares_1769012848213.jpg","contentUrl":"https:\/\/www.correiobraziliense.com.br\/cbradar\/wp-content\/uploads\/2026\/01\/Doencas-Cardiovasculares_1769012848213.jpg","width":1280,"height":720,"caption":"Doen\u00e7as Cardiovasculares - Cr\u00e9ditos: depositphotos.com \/ scienceanm"},{"@type":"BreadcrumbList","@id":"https:\/\/www.correiobraziliense.com.br\/cbradar\/os-sintomas-silenciosos-que-podem-indicar-risco-cardiaco\/#breadcrumb","itemListElement":[{"@type":"ListItem","position":1,"name":"In\u00edcio","item":"https:\/\/www.correiobraziliense.com.br\/cbradar\/"},{"@type":"ListItem","position":2,"name":"Os sintomas silenciosos que podem indicar risco card\u00edaco"}]},{"@type":"WebSite","@id":"https:\/\/www.correiobraziliense.com.br\/cbradar\/#website","url":"https:\/\/www.correiobraziliense.com.br\/cbradar\/","name":"Correio Braziliense - Radar","description":"Acompanhe as \u00faltimas not\u00edcias e fique bem informado sobre tudo o que acontece no Brasil e no mundo.","potentialAction":[{"@type":"SearchAction","target":{"@type":"EntryPoint","urlTemplate":"https:\/\/www.correiobraziliense.com.br\/cbradar\/?s={search_term_string}"},"query-input":{"@type":"PropertyValueSpecification","valueRequired":true,"valueName":"search_term_string"}}],"inLanguage":"pt-BR"},{"@type":"Person","@id":"https:\/\/www.correiobraziliense.com.br\/cbradar\/#\/schema\/person\/5aa4bf3c8fa699c267933611de12978b","name":"guilherme_saude","image":{"@type":"ImageObject","inLanguage":"pt-BR","@id":"https:\/\/www.correiobraziliense.com.br\/cbradar\/#\/schema\/person\/image\/","url":"https:\/\/secure.gravatar.com\/avatar\/df9adfb835d344bc0af109d41756253f?s=96&d=mm&r=g","contentUrl":"https:\/\/secure.gravatar.com\/avatar\/df9adfb835d344bc0af109d41756253f?s=96&d=mm&r=g","caption":"guilherme_saude"},"url":"https:\/\/www.correiobraziliense.com.br\/cbradar\/author\/guilherme_saude\/"}]}},"_links":{"self":[{"href":"https:\/\/www.correiobraziliense.com.br\/cbradar\/wp-json\/wp\/v2\/posts\/179236","targetHints":{"allow":["GET"]}}],"collection":[{"href":"https:\/\/www.correiobraziliense.com.br\/cbradar\/wp-json\/wp\/v2\/posts"}],"about":[{"href":"https:\/\/www.correiobraziliense.com.br\/cbradar\/wp-json\/wp\/v2\/types\/post"}],"author":[{"embeddable":true,"href":"https:\/\/www.correiobraziliense.com.br\/cbradar\/wp-json\/wp\/v2\/users\/14"}],"replies":[{"embeddable":true,"href":"https:\/\/www.correiobraziliense.com.br\/cbradar\/wp-json\/wp\/v2\/comments?post=179236"}],"version-history":[{"count":1,"href":"https:\/\/www.correiobraziliense.com.br\/cbradar\/wp-json\/wp\/v2\/posts\/179236\/revisions"}],"predecessor-version":[{"id":179238,"href":"https:\/\/www.correiobraziliense.com.br\/cbradar\/wp-json\/wp\/v2\/posts\/179236\/revisions\/179238"}],"wp:featuredmedia":[{"embeddable":true,"href":"https:\/\/www.correiobraziliense.com.br\/cbradar\/wp-json\/wp\/v2\/media\/179237"}],"wp:attachment":[{"href":"https:\/\/www.correiobraziliense.com.br\/cbradar\/wp-json\/wp\/v2\/media?parent=179236"}],"wp:term":[{"taxonomy":"category","embeddable":true,"href":"https:\/\/www.correiobraziliense.com.br\/cbradar\/wp-json\/wp\/v2\/categories?post=179236"},{"taxonomy":"post_tag","embeddable":true,"href":"https:\/\/www.correiobraziliense.com.br\/cbradar\/wp-json\/wp\/v2\/tags?post=179236"}],"curies":[{"name":"wp","href":"https:\/\/api.w.org\/{rel}","templated":true}]}}