{"id":179249,"date":"2026-01-25T15:45:00","date_gmt":"2026-01-25T18:45:00","guid":{"rendered":"https:\/\/www.correiobraziliense.com.br\/cbradar\/?p=179249"},"modified":"2026-01-24T12:16:55","modified_gmt":"2026-01-24T15:16:55","slug":"o-que-acontece-com-o-seu-corpo-quando-voce-come-sementes-de-chia-regularmente","status":"publish","type":"post","link":"https:\/\/www.correiobraziliense.com.br\/cbradar\/o-que-acontece-com-o-seu-corpo-quando-voce-come-sementes-de-chia-regularmente\/","title":{"rendered":"O que acontece com o seu corpo quando voc\u00ea come sementes de chia regularmente?"},"content":{"rendered":"\n<p>O consumo frequente de <strong>sementes de chia<\/strong> tem chamado aten\u00e7\u00e3o de profissionais de sa\u00fade e de pessoas interessadas em alimenta\u00e7\u00e3o equilibrada. Pequenas no tamanho, mas concentradas em nutrientes, essas sementes costumam aparecer em iogurtes, vitaminas, mingaus e at\u00e9 em receitas de p\u00e3es, levantando d\u00favidas sobre como o uso di\u00e1rio pode influenciar o intestino, o cora\u00e7\u00e3o, o controle da glicemia e quais s\u00e3o as por\u00e7\u00f5es e cuidados mais adequados.<\/p>\n\n\n\n<h2 class=\"wp-block-heading\">O que torna as sementes de chia interessantes do ponto de vista nutricional<\/h2>\n\n\n\n<p>As sementes de chia s\u00e3o interessantes do ponto de vista nutricional por serem ricas em fibras, o que contribui para a sa\u00fade digestiva. Elas ajudam a aumentar a sensa\u00e7\u00e3o de saciedade e auxiliam no controle do apetite. Tamb\u00e9m fornecem carboidratos de absor\u00e7\u00e3o lenta, favorecendo n\u00edveis est\u00e1veis de energia. Isso as torna \u00fateis em dietas equilibradas, como trouxe a pesquisa <a href=\"https:\/\/www.mdpi.com\/2076-2607\/10\/12\/2507\" target=\"_blank\" rel=\"noreferrer noopener\">&#8220;Dietary Fiber Intake and Gut Microbiota in Human Health&#8221;.<\/a><\/p>\n\n\n\n<p>Al\u00e9m disso, a chia \u00e9 fonte de \u00e1cidos graxos \u00f4mega-3, importantes para a sa\u00fade do cora\u00e7\u00e3o e do c\u00e9rebro. Cont\u00e9m prote\u00ednas vegetais, vitaminas e minerais como c\u00e1lcio, magn\u00e9sio e ferro. Esses nutrientes contribuem para ossos fortes e bom funcionamento muscular. Por isso, a chia \u00e9 considerada um alimento funcional.<\/p>\n\n\n\n<p>Para aprofundarmos no tema, trouxemos o v\u00eddeo do perfil Dr. Julio Luchamnn (@julioluchmann):<\/p>\n\n\n\n<blockquote class=\"tiktok-embed\" cite=\"https:\/\/www.tiktok.com\/@julioluchmann\/video\/7415357163641523461\" data-video-id=\"7415357163641523461\" style=\"max-width: 605px;min-width: 325px;\" > <section> <a target=\"_blank\" title=\"@julioluchmann\" href=\"https:\/\/www.tiktok.com\/@julioluchmann?refer=embed\">@julioluchmann<\/a> <a title=\"chia\" target=\"_blank\" href=\"https:\/\/www.tiktok.com\/tag\/chia?refer=embed\">#chia<\/a> <a title=\"saude\" target=\"_blank\" href=\"https:\/\/www.tiktok.com\/tag\/saude?refer=embed\">#saude<\/a> <a title=\"intestino\" target=\"_blank\" href=\"https:\/\/www.tiktok.com\/tag\/intestino?refer=embed\">#intestino<\/a> <a title=\"julioluchmann\" target=\"_blank\" href=\"https:\/\/www.tiktok.com\/tag\/julioluchmann?refer=embed\">#julioluchmann<\/a> <a target=\"_blank\" title=\"\u266c som original - J\u00falio\u2002luchmann\" href=\"https:\/\/www.tiktok.com\/music\/som-original-7415357308076641030?refer=embed\">\u266c som original &#8211; J\u00falio\u2002luchmann<\/a> <\/section> <\/blockquote> <script async src=\"https:\/\/www.tiktok.com\/embed.js\"><\/script>\n\n\n\n<h2 class=\"wp-block-heading\">Como o consumo di\u00e1rio de sementes de chia age no intestino e no metabolismo<\/h2>\n\n\n\n<p>Um dos efeitos mais conhecidos da <strong>chia<\/strong> est\u00e1 ligado ao <strong>tr\u00e2nsito intestinal<\/strong>. As fibras sol\u00faveis absorvem \u00e1gua e formam um gel que aumenta o volume do bolo fecal, hidratando as fezes e ajudando a prevenir a constipa\u00e7\u00e3o, enquanto as fibras insol\u00faveis estimulam a movimenta\u00e7\u00e3o intestinal, favorecendo evacua\u00e7\u00f5es mais regulares.<\/p>\n\n\n\n<p>No metabolismo, a combina\u00e7\u00e3o de <strong>fibras e prote\u00ednas vegetais<\/strong> retarda a digest\u00e3o, ajudando a evitar picos r\u00e1pidos de glicose ap\u00f3s as refei\u00e7\u00f5es e contribuindo para melhor <strong>sensibilidade \u00e0 insulina<\/strong>. As fibras viscosas tamb\u00e9m interferem na absor\u00e7\u00e3o de gorduras e colesterol, enquanto o \u00f4mega-3 vegetal e os polifen\u00f3is exercem efeito <strong>anti-inflamat\u00f3rio<\/strong>, relevante para a sa\u00fade cardiovascular e o equil\u00edbrio metab\u00f3lico.<\/p>\n\n\n\n<h2 class=\"wp-block-heading\">De que forma as sementes de chia ajudam na saciedade e na sa\u00fade \u00f3ssea<\/h2>\n\n\n\n<p>No tema da <strong>saciedade<\/strong>, a chia \u00e9 frequentemente citada como aliada em estrat\u00e9gias de controle de peso. Quando hidratadas, as sementes aumentam de volume e formam um gel espesso, prolongando a sensa\u00e7\u00e3o de est\u00f4mago cheio e podendo reduzir a ingest\u00e3o cal\u00f3rica em refei\u00e7\u00f5es seguintes, desde que inseridas em um contexto geral de <strong>dieta equilibrada<\/strong> e h\u00e1bitos saud\u00e1veis.<\/p>\n\n\n\n<p>Em rela\u00e7\u00e3o \u00e0 <strong>sa\u00fade \u00f3ssea<\/strong>, as sementes de chia fornecem <strong>c\u00e1lcio<\/strong> em quantidades expressivas, al\u00e9m de <strong>magn\u00e9sio, f\u00f3sforo e mangan\u00eas<\/strong>, minerais que participam da forma\u00e7\u00e3o e manuten\u00e7\u00e3o da estrutura \u00f3ssea. Para quem consome poucos latic\u00ednios ou segue padr\u00f5es alimentares baseados em vegetais, a chia atua como fonte adicional de c\u00e1lcio, servindo como <strong>complemento<\/strong> e n\u00e3o como \u00fanica fonte do nutriente.<\/p>\n\n\n\n<h2 class=\"wp-block-heading\">Quais s\u00e3o os poss\u00edveis efeitos adversos e cuidados ao consumir chia todos os dias<\/h2>\n\n\n\n<p>Apesar de serem consideradas seguras para a maioria das pessoas, as <strong>sementes de chia<\/strong> podem causar <strong>desconfortos digestivos<\/strong> quando o aumento do consumo de fibras \u00e9 muito brusco. Gases, sensa\u00e7\u00e3o de estufamento, c\u00f3licas leves e at\u00e9 diarreia podem aparecer em indiv\u00edduos n\u00e3o acostumados com alimentos ricos em fibras, raz\u00e3o pela qual se recomenda aumento gradual das por\u00e7\u00f5es, sempre com boa hidrata\u00e7\u00e3o.<\/p>\n\n\n\n<p>Outro cuidado importante est\u00e1 relacionado \u00e0 <strong>forma de consumo<\/strong>. Em contato com l\u00edquidos, a chia incha e forma um gel espesso; quando ingerida seca em grandes quantidades e logo em seguida exposta a \u00e1gua ou outras bebidas, pode formar um bolo compacto, causando desconforto e, em situa\u00e7\u00f5es extremas, impacta\u00e7\u00e3o no es\u00f4fago. Por isso, recomenda-se deixar as sementes de molho at\u00e9 expandirem totalmente ou mistur\u00e1-las a prepara\u00e7\u00f5es \u00famidas, como iogurtes, sucos, sopas e massas.<\/p>\n\n\n\n<figure class=\"wp-block-image size-large\"><img decoding=\"async\" width=\"1024\" height=\"576\" src=\"https:\/\/www.correiobraziliense.com.br\/cbradar\/wp-content\/uploads\/2026\/01\/\u2705-BANNER-MYTH-35-2-1024x576.png\" alt=\"O que acontece com o seu corpo quando voc\u00ea come sementes de chia regularmente?\" class=\"wp-image-179251\" srcset=\"https:\/\/www.correiobraziliense.com.br\/cbradar\/wp-content\/uploads\/2026\/01\/\u2705-BANNER-MYTH-35-2-1024x576.png 1024w, https:\/\/www.correiobraziliense.com.br\/cbradar\/wp-content\/uploads\/2026\/01\/\u2705-BANNER-MYTH-35-2-300x169.png 300w, https:\/\/www.correiobraziliense.com.br\/cbradar\/wp-content\/uploads\/2026\/01\/\u2705-BANNER-MYTH-35-2-768x432.png 768w, https:\/\/www.correiobraziliense.com.br\/cbradar\/wp-content\/uploads\/2026\/01\/\u2705-BANNER-MYTH-35-2-750x422.png 750w, https:\/\/www.correiobraziliense.com.br\/cbradar\/wp-content\/uploads\/2026\/01\/\u2705-BANNER-MYTH-35-2-1140x641.png 1140w, https:\/\/www.correiobraziliense.com.br\/cbradar\/wp-content\/uploads\/2026\/01\/\u2705-BANNER-MYTH-35-2.png 1280w\" sizes=\"(max-width: 1024px) 100vw, 1024px\" \/><figcaption class=\"wp-element-caption\">Polvilhe chia no iogurte ou suco: texturinha gostosa que cuida do intestino e cora\u00e7\u00e3o de forma simples e pr\u00e1tica todo dia!<\/figcaption><\/figure>\n\n\n\n<h2 class=\"wp-block-heading\">Como incluir sementes de chia na alimenta\u00e7\u00e3o do dia a dia<\/h2>\n\n\n\n<p>A incorpora\u00e7\u00e3o da <strong>chia na dieta<\/strong> pode ser feita de forma simples, sem necessidade de receitas complexas. Em pequenas quantidades, ela se adapta a prepara\u00e7\u00f5es doces e salgadas, ajudando a aumentar o teor de fibras e gorduras boas das refei\u00e7\u00f5es. A seguir, alguns exemplos pr\u00e1ticos de uso cotidiano que facilitam o consumo regular.<\/p>\n\n\n\n<ul class=\"wp-block-list\">\n<li>Misturar uma colher de sopa em <strong>iogurtes naturais<\/strong>, kefir ou coalhadas.<\/li>\n\n\n\n<li>Adicionar ao preparo de <strong>mingaus de aveia<\/strong>, cremes de frutas ou papas.<\/li>\n\n\n\n<li>Incluir em vitaminas e smoothies, deixando <strong>hidratar<\/strong> por alguns minutos.<\/li>\n\n\n\n<li>Usar em <strong>p\u00e3es, bolos e panquecas<\/strong>, combinada com outras farinhas.<\/li>\n\n\n\n<li>Preparar \u201cpudins\u201d de chia, deixando de molho em <strong>leite ou bebida vegetal<\/strong> por algumas horas.<\/li>\n\n\n\n<li>Salpicar sobre <strong>saladas, sopas e frutas picadas<\/strong> para enriquecer o valor nutricional.<\/li>\n<\/ul>\n\n\n\n<p>Para quem est\u00e1 come\u00e7ando, uma estrat\u00e9gia \u00e9 seguir um aumento progressivo da quantidade, observando a resposta do organismo e mantendo ingest\u00e3o adequada de \u00e1gua. Assim, o uso regular de sementes de chia, em por\u00e7\u00f5es moderadas e bem hidratadas, tende a favorecer o funcionamento intestinal, a saciedade e o equil\u00edbrio metab\u00f3lico, sendo recomend\u00e1vel buscar <strong>orienta\u00e7\u00e3o profissional individualizada<\/strong> para ajustar quantidades e poss\u00edveis intera\u00e7\u00f5es com condi\u00e7\u00f5es de sa\u00fade espec\u00edficas.<\/p>\n","protected":false},"excerpt":{"rendered":"<p>Sementes de chia: benef\u00edcios para digest\u00e3o, diabetes, ossos e saciedade com fibras, \u00f4mega-3 e antioxidantes para a sa\u00fade di\u00e1ria.<\/p>\n","protected":false},"author":3,"featured_media":180728,"comment_status":"open","ping_status":"open","sticky":false,"template":"","format":"standard","meta":{"_yoast_wpseo_focuskw":"benef\u00edcios semente de chia","_yoast_wpseo_title":"%%title%%","_yoast_wpseo_metadesc":"Sementes de chia: benef\u00edcios para digest\u00e3o, diabetes, ossos e saciedade com fibras, \u00f4mega-3 e antioxidantes para a sa\u00fade di\u00e1ria.","jnews-multi-image_gallery":[],"jnews_single_post":{"format":"standard"},"jnews_primary_category":[],"jnews_social_meta":[],"jnews_override_counter":[],"footnotes":""},"categories":[112],"tags":[281,1423,7115,144,565,12112],"class_list":["post-179249","post","type-post","status-publish","format-standard","has-post-thumbnail","hentry","category-curiosidades","tag-alimentacao","tag-alimentos","tag-chia","tag-curiosidades","tag-saude","tag-sementes-de-chia"],"yoast_head":"<!-- This site is optimized with the Yoast SEO plugin v24.6 - https:\/\/yoast.com\/wordpress\/plugins\/seo\/ -->\n<title>O que acontece com o seu corpo quando voc\u00ea come sementes de chia regularmente?<\/title>\n<meta name=\"description\" content=\"Sementes de chia: benef\u00edcios para digest\u00e3o, diabetes, ossos e saciedade com fibras, \u00f4mega-3 e antioxidantes para a sa\u00fade di\u00e1ria.\" \/>\n<meta name=\"robots\" content=\"index, follow, max-snippet:-1, max-image-preview:large, max-video-preview:-1\" \/>\n<link rel=\"canonical\" href=\"https:\/\/www.correiobraziliense.com.br\/cbradar\/o-que-acontece-com-o-seu-corpo-quando-voce-come-sementes-de-chia-regularmente\/\" \/>\n<meta property=\"og:locale\" content=\"pt_BR\" \/>\n<meta property=\"og:type\" content=\"article\" \/>\n<meta property=\"og:title\" content=\"O que acontece com o seu corpo quando voc\u00ea come sementes de chia regularmente?\" \/>\n<meta property=\"og:description\" content=\"Sementes de chia: benef\u00edcios para digest\u00e3o, diabetes, ossos e saciedade com fibras, \u00f4mega-3 e antioxidantes para a sa\u00fade di\u00e1ria.\" \/>\n<meta property=\"og:url\" content=\"https:\/\/www.correiobraziliense.com.br\/cbradar\/o-que-acontece-com-o-seu-corpo-quando-voce-come-sementes-de-chia-regularmente\/\" \/>\n<meta property=\"og:site_name\" content=\"Correio Braziliense - Radar\" \/>\n<meta property=\"article:published_time\" content=\"2026-01-25T18:45:00+00:00\" \/>\n<meta property=\"og:image\" content=\"https:\/\/www.correiobraziliense.com.br\/cbradar\/wp-content\/uploads\/2026\/01\/sementes-de-chia-_1769267460380.jpg\" \/>\n\t<meta property=\"og:image:width\" content=\"1280\" \/>\n\t<meta property=\"og:image:height\" content=\"720\" \/>\n\t<meta property=\"og:image:type\" content=\"image\/jpeg\" \/>\n<meta name=\"author\" content=\"Larissa Carvalho\" \/>\n<meta name=\"twitter:card\" content=\"summary_large_image\" \/>\n<meta name=\"twitter:label1\" content=\"Escrito por\" \/>\n\t<meta name=\"twitter:data1\" content=\"Larissa Carvalho\" \/>\n\t<meta name=\"twitter:label2\" content=\"Est. tempo de leitura\" \/>\n\t<meta name=\"twitter:data2\" content=\"6 minutos\" \/>\n<!-- \/ Yoast SEO plugin. -->","yoast_head_json":{"title":"O que acontece com o seu corpo quando voc\u00ea come sementes de chia regularmente?","description":"Sementes de chia: benef\u00edcios para digest\u00e3o, diabetes, ossos e saciedade com fibras, \u00f4mega-3 e antioxidantes para a sa\u00fade di\u00e1ria.","robots":{"index":"index","follow":"follow","max-snippet":"max-snippet:-1","max-image-preview":"max-image-preview:large","max-video-preview":"max-video-preview:-1"},"canonical":"https:\/\/www.correiobraziliense.com.br\/cbradar\/o-que-acontece-com-o-seu-corpo-quando-voce-come-sementes-de-chia-regularmente\/","og_locale":"pt_BR","og_type":"article","og_title":"O que acontece com o seu corpo quando voc\u00ea come sementes de chia regularmente?","og_description":"Sementes de chia: benef\u00edcios para digest\u00e3o, diabetes, ossos e saciedade com fibras, \u00f4mega-3 e antioxidantes para a sa\u00fade di\u00e1ria.","og_url":"https:\/\/www.correiobraziliense.com.br\/cbradar\/o-que-acontece-com-o-seu-corpo-quando-voce-come-sementes-de-chia-regularmente\/","og_site_name":"Correio Braziliense - Radar","article_published_time":"2026-01-25T18:45:00+00:00","og_image":[{"width":1280,"height":720,"url":"https:\/\/www.correiobraziliense.com.br\/cbradar\/wp-content\/uploads\/2026\/01\/sementes-de-chia-_1769267460380.jpg","type":"image\/jpeg"}],"author":"Larissa Carvalho","twitter_card":"summary_large_image","twitter_misc":{"Escrito por":"Larissa Carvalho","Est. tempo de leitura":"6 minutos"},"schema":{"@context":"https:\/\/schema.org","@graph":[{"@type":"WebPage","@id":"https:\/\/www.correiobraziliense.com.br\/cbradar\/o-que-acontece-com-o-seu-corpo-quando-voce-come-sementes-de-chia-regularmente\/","url":"https:\/\/www.correiobraziliense.com.br\/cbradar\/o-que-acontece-com-o-seu-corpo-quando-voce-come-sementes-de-chia-regularmente\/","name":"O que acontece com o seu corpo quando voc\u00ea come sementes de chia regularmente?","isPartOf":{"@id":"https:\/\/www.correiobraziliense.com.br\/cbradar\/#website"},"primaryImageOfPage":{"@id":"https:\/\/www.correiobraziliense.com.br\/cbradar\/o-que-acontece-com-o-seu-corpo-quando-voce-come-sementes-de-chia-regularmente\/#primaryimage"},"image":{"@id":"https:\/\/www.correiobraziliense.com.br\/cbradar\/o-que-acontece-com-o-seu-corpo-quando-voce-come-sementes-de-chia-regularmente\/#primaryimage"},"thumbnailUrl":"https:\/\/www.correiobraziliense.com.br\/cbradar\/wp-content\/uploads\/2026\/01\/sementes-de-chia-_1769267460380.jpg","datePublished":"2026-01-25T18:45:00+00:00","author":{"@id":"https:\/\/www.correiobraziliense.com.br\/cbradar\/#\/schema\/person\/58422787644df994b53a19d3e56c1513"},"description":"Sementes de chia: benef\u00edcios para digest\u00e3o, diabetes, ossos e saciedade com fibras, \u00f4mega-3 e antioxidantes para a sa\u00fade di\u00e1ria.","breadcrumb":{"@id":"https:\/\/www.correiobraziliense.com.br\/cbradar\/o-que-acontece-com-o-seu-corpo-quando-voce-come-sementes-de-chia-regularmente\/#breadcrumb"},"inLanguage":"pt-BR","potentialAction":[{"@type":"ReadAction","target":["https:\/\/www.correiobraziliense.com.br\/cbradar\/o-que-acontece-com-o-seu-corpo-quando-voce-come-sementes-de-chia-regularmente\/"]}]},{"@type":"ImageObject","inLanguage":"pt-BR","@id":"https:\/\/www.correiobraziliense.com.br\/cbradar\/o-que-acontece-com-o-seu-corpo-quando-voce-come-sementes-de-chia-regularmente\/#primaryimage","url":"https:\/\/www.correiobraziliense.com.br\/cbradar\/wp-content\/uploads\/2026\/01\/sementes-de-chia-_1769267460380.jpg","contentUrl":"https:\/\/www.correiobraziliense.com.br\/cbradar\/wp-content\/uploads\/2026\/01\/sementes-de-chia-_1769267460380.jpg","width":1280,"height":720,"caption":"Polvilhe chia no iogurte ou suco: texturinha gostosa que cuida do intestino e cora\u00e7\u00e3o de forma simples e pr\u00e1tica todo dia! - Cr\u00e9ditos: depositphotos.com \/ AntonMatyukha"},{"@type":"BreadcrumbList","@id":"https:\/\/www.correiobraziliense.com.br\/cbradar\/o-que-acontece-com-o-seu-corpo-quando-voce-come-sementes-de-chia-regularmente\/#breadcrumb","itemListElement":[{"@type":"ListItem","position":1,"name":"In\u00edcio","item":"https:\/\/www.correiobraziliense.com.br\/cbradar\/"},{"@type":"ListItem","position":2,"name":"O que acontece com o seu corpo quando voc\u00ea come sementes de chia regularmente?"}]},{"@type":"WebSite","@id":"https:\/\/www.correiobraziliense.com.br\/cbradar\/#website","url":"https:\/\/www.correiobraziliense.com.br\/cbradar\/","name":"Correio Braziliense - Radar","description":"Acompanhe as \u00faltimas not\u00edcias e fique bem informado sobre tudo o que acontece no Brasil e no mundo.","potentialAction":[{"@type":"SearchAction","target":{"@type":"EntryPoint","urlTemplate":"https:\/\/www.correiobraziliense.com.br\/cbradar\/?s={search_term_string}"},"query-input":{"@type":"PropertyValueSpecification","valueRequired":true,"valueName":"search_term_string"}}],"inLanguage":"pt-BR"},{"@type":"Person","@id":"https:\/\/www.correiobraziliense.com.br\/cbradar\/#\/schema\/person\/58422787644df994b53a19d3e56c1513","name":"Larissa Carvalho","image":{"@type":"ImageObject","inLanguage":"pt-BR","@id":"https:\/\/www.correiobraziliense.com.br\/cbradar\/#\/schema\/person\/image\/","url":"https:\/\/secure.gravatar.com\/avatar\/fe4f91a0de32b52a838d0d612abdc1aa?s=96&d=mm&r=g","contentUrl":"https:\/\/secure.gravatar.com\/avatar\/fe4f91a0de32b52a838d0d612abdc1aa?s=96&d=mm&r=g","caption":"Larissa Carvalho"},"url":"https:\/\/www.correiobraziliense.com.br\/cbradar\/author\/larissamyth\/"}]}},"_links":{"self":[{"href":"https:\/\/www.correiobraziliense.com.br\/cbradar\/wp-json\/wp\/v2\/posts\/179249","targetHints":{"allow":["GET"]}}],"collection":[{"href":"https:\/\/www.correiobraziliense.com.br\/cbradar\/wp-json\/wp\/v2\/posts"}],"about":[{"href":"https:\/\/www.correiobraziliense.com.br\/cbradar\/wp-json\/wp\/v2\/types\/post"}],"author":[{"embeddable":true,"href":"https:\/\/www.correiobraziliense.com.br\/cbradar\/wp-json\/wp\/v2\/users\/3"}],"replies":[{"embeddable":true,"href":"https:\/\/www.correiobraziliense.com.br\/cbradar\/wp-json\/wp\/v2\/comments?post=179249"}],"version-history":[{"count":3,"href":"https:\/\/www.correiobraziliense.com.br\/cbradar\/wp-json\/wp\/v2\/posts\/179249\/revisions"}],"predecessor-version":[{"id":180682,"href":"https:\/\/www.correiobraziliense.com.br\/cbradar\/wp-json\/wp\/v2\/posts\/179249\/revisions\/180682"}],"wp:featuredmedia":[{"embeddable":true,"href":"https:\/\/www.correiobraziliense.com.br\/cbradar\/wp-json\/wp\/v2\/media\/180728"}],"wp:attachment":[{"href":"https:\/\/www.correiobraziliense.com.br\/cbradar\/wp-json\/wp\/v2\/media?parent=179249"}],"wp:term":[{"taxonomy":"category","embeddable":true,"href":"https:\/\/www.correiobraziliense.com.br\/cbradar\/wp-json\/wp\/v2\/categories?post=179249"},{"taxonomy":"post_tag","embeddable":true,"href":"https:\/\/www.correiobraziliense.com.br\/cbradar\/wp-json\/wp\/v2\/tags?post=179249"}],"curies":[{"name":"wp","href":"https:\/\/api.w.org\/{rel}","templated":true}]}}