{"id":179257,"date":"2026-01-25T20:15:00","date_gmt":"2026-01-25T23:15:00","guid":{"rendered":"https:\/\/www.correiobraziliense.com.br\/cbradar\/?p=179257"},"modified":"2026-01-24T12:27:35","modified_gmt":"2026-01-24T15:27:35","slug":"o-que-acontece-com-o-seu-corpo-quando-voce-come-carne-vermelha-regularmente","status":"publish","type":"post","link":"https:\/\/www.correiobraziliense.com.br\/cbradar\/o-que-acontece-com-o-seu-corpo-quando-voce-come-carne-vermelha-regularmente\/","title":{"rendered":"O que acontece com o seu corpo quando voc\u00ea come carne vermelha regularmente?"},"content":{"rendered":"\n<p>O consumo de <strong>carne vermelha<\/strong> faz parte da rotina alimentar de muitas pessoas e aparece com frequ\u00eancia em pratos do dia a dia, churrascos e receitas t\u00edpicas. Ao mesmo tempo, a rela\u00e7\u00e3o entre carne bovina, su\u00edna, cordeiro e vitela e a sa\u00fade tem sido tema constante em pesquisas cient\u00edficas, j\u00e1 que esse alimento pode oferecer nutrientes importantes, mas tamb\u00e9m riscos quando consumido em excesso ou em prepara\u00e7\u00f5es inadequadas.<\/p>\n\n\n\n<h2 class=\"wp-block-heading\">Qual \u00e9 o valor nutricional da carne vermelha e por que ele importa<\/h2>\n\n\n\n<p>A <strong>carne vermelha<\/strong> \u00e9 formada principalmente por fibras musculares e fornece <strong>prote\u00ednas de alta qualidade<\/strong>, com todos os amino\u00e1cidos essenciais. Essas prote\u00ednas participam da constru\u00e7\u00e3o e reparo de tecidos, incluindo m\u00fasculos, pele e \u00f3rg\u00e3os, sendo relevantes para praticantes de atividade f\u00edsica intensa e idosos com risco de perda de massa muscular.<\/p>\n\n\n\n<p>Al\u00e9m das prote\u00ednas, a carne bovina e su\u00edna cont\u00e9m quantidades relevantes de <strong>ferro heme<\/strong>, mais facilmente absorvido que o ferro vegetal, al\u00e9m de <strong>vitamina B12<\/strong>, <strong>zinco<\/strong>, <strong>sel\u00eanio<\/strong>, f\u00f3sforo e magn\u00e9sio. Esses nutrientes contribuem para a <strong>imunidade<\/strong>, a sa\u00fade \u00f3ssea, o metabolismo energ\u00e9tico e a manuten\u00e7\u00e3o do sistema nervoso em bom funcionamento, como trouxe a pesquisa <a href=\"https:\/\/www.mdpi.com\/2304-8158\/11\/14\/2063\" target=\"_blank\" rel=\"noreferrer noopener\">&#8220;Benefits and Risks Associated with Meat Consumption during&#8221;.<\/a><\/p>\n\n\n\n<figure class=\"wp-block-image size-large\"><img decoding=\"async\" width=\"1024\" height=\"576\" src=\"https:\/\/www.correiobraziliense.com.br\/cbradar\/wp-content\/uploads\/2026\/01\/\u2705-BANNER-MYTH-37-2-1024x576.png\" alt=\"O que acontece com o seu corpo quando voc\u00ea come carne vermelha regularmente?\" class=\"wp-image-179262\" srcset=\"https:\/\/www.correiobraziliense.com.br\/cbradar\/wp-content\/uploads\/2026\/01\/\u2705-BANNER-MYTH-37-2-1024x576.png 1024w, https:\/\/www.correiobraziliense.com.br\/cbradar\/wp-content\/uploads\/2026\/01\/\u2705-BANNER-MYTH-37-2-300x169.png 300w, https:\/\/www.correiobraziliense.com.br\/cbradar\/wp-content\/uploads\/2026\/01\/\u2705-BANNER-MYTH-37-2-768x432.png 768w, https:\/\/www.correiobraziliense.com.br\/cbradar\/wp-content\/uploads\/2026\/01\/\u2705-BANNER-MYTH-37-2-750x422.png 750w, https:\/\/www.correiobraziliense.com.br\/cbradar\/wp-content\/uploads\/2026\/01\/\u2705-BANNER-MYTH-37-2-1140x641.png 1140w, https:\/\/www.correiobraziliense.com.br\/cbradar\/wp-content\/uploads\/2026\/01\/\u2705-BANNER-MYTH-37-2.png 1280w\" sizes=\"(max-width: 1024px) 100vw, 1024px\" \/><figcaption class=\"wp-element-caption\">Carne vermelha (bovina, su\u00edna, cordeiro) fornece ferro, prote\u00ednas e B12, mas excesso eleva riscos card\u00edacos e c\u00e2ncer colorretal em dietas di\u00e1rias.<\/figcaption><\/figure>\n\n\n\n<h2 class=\"wp-block-heading\">Quais s\u00e3o os riscos do consumo excessivo de carne vermelha<\/h2>\n\n\n\n<p>O principal ponto de aten\u00e7\u00e3o em rela\u00e7\u00e3o \u00e0 <strong>carne vermelha na sa\u00fade<\/strong> est\u00e1 associado ao teor de <strong>gorduras saturadas<\/strong> e ao consumo de carnes processadas, como salsicha, bacon, presunto e embutidos em geral. Ingerir grandes quantidades de gordura saturada por longos per\u00edodos pode aumentar o <strong>colesterol LDL<\/strong> e, consequentemente, o risco de doen\u00e7as cardiovasculares.<\/p>\n\n\n\n<p>Pesquisas apontam que o consumo frequente de <strong>carnes processadas<\/strong> est\u00e1 ligado a maior risco de c\u00e2ncer colorretal e de <strong>diabetes tipo 2<\/strong>, devido a conservantes, aditivos e alto teor de s\u00f3dio. No caso da carne vermelha fresca, o risco se relaciona principalmente \u00e0 <strong>quantidade ingerida<\/strong>, ao tipo de corte (mais gordo ou magro) e \u00e0 forma de preparo, sobretudo quando h\u00e1 excesso de frituras e partes queimadas.<\/p>\n\n\n\n<h2 class=\"wp-block-heading\">Como aproveitar os benef\u00edcios da carne vermelha com mais seguran\u00e7a<\/h2>\n\n\n\n<p>O uso equilibrado da <strong>carne vermelha na alimenta\u00e7\u00e3o<\/strong> passa por tr\u00eas pilares principais: <strong>quantidade<\/strong>, <strong>tipo de corte<\/strong> e <strong>forma de preparo<\/strong>. Em vez de coloc\u00e1-la como \u00fanica fonte de prote\u00edna, recomenda-se combin\u00e1-la com aves, peixes, ovos, leguminosas (feij\u00e3o, lentilha, gr\u00e3o-de-bico) e oleaginosas (castanhas e nozes), criando um padr\u00e3o alimentar mais variado e protetor.<\/p>\n\n\n\n<p>Algumas estrat\u00e9gias pr\u00e1ticas ajudam a reduzir riscos e potencializar benef\u00edcios no dia a dia, facilitando escolhas mais saud\u00e1veis sem necessidade de excluir totalmente a carne vermelha da dieta:<\/p>\n\n\n\n<ul class=\"wp-block-list\">\n<li><strong>Preferir cortes magros<\/strong>, como patinho, cox\u00e3o mole, lagarto, maminha, fil\u00e9 mignon, lombo e fil\u00e9 de porco.<\/li>\n\n\n\n<li><strong>Retirar o excesso de gordura aparente<\/strong> antes do preparo, reduzindo o teor de gordura saturada.<\/li>\n\n\n\n<li><strong>Dar prioridade a carnes frescas<\/strong> e reduzir o consumo de embutidos, defumados e curados.<\/li>\n\n\n\n<li><strong>Variar as fontes de prote\u00edna<\/strong> ao longo da semana, incluindo peixe, frango, ovos e prote\u00ednas vegetais.<\/li>\n\n\n\n<li><strong>Incluir sempre frutas, verduras e legumes<\/strong> nas refei\u00e7\u00f5es com carne, aumentando fibras e antioxidantes.<\/li>\n<\/ul>\n\n\n\n<p>Tamb\u00e9m \u00e9 relevante observar como a carne \u00e9 cozida, evitando grelhar em excesso, queimar ou deixar partes muito tostadas, que podem formar compostos indesej\u00e1veis. Preparos como <strong>cozidos<\/strong>, assados em temperatura moderada, ensopados e refogados tendem a ser op\u00e7\u00f5es mais adequadas para o consumo frequente.<\/p>\n\n\n\n<p>Para aprofundarmos no tema, trouxemos o v\u00eddeo do nutricionista Bruno Bueno (@brunobuenonutricao):<\/p>\n\n\n\n<blockquote class=\"tiktok-embed\" cite=\"https:\/\/www.tiktok.com\/@brunobuenonutricao\/video\/7486496493642304775\" data-video-id=\"7486496493642304775\" style=\"max-width: 605px;min-width: 325px;\" > <section> <a target=\"_blank\" title=\"@brunobuenonutricao\" href=\"https:\/\/www.tiktok.com\/@brunobuenonutricao?refer=embed\">@brunobuenonutricao<\/a> 4 benef\u00edcios da carne vermelha <a title=\"nutri\u00e7\u00e3o\" target=\"_blank\" href=\"https:\/\/www.tiktok.com\/tag\/nutri%C3%A7%C3%A3o?refer=embed\">#nutri\u00e7\u00e3o<\/a> <a title=\"saude\" target=\"_blank\" href=\"https:\/\/www.tiktok.com\/tag\/saude?refer=embed\">#saude<\/a> <a title=\"dieta\" target=\"_blank\" href=\"https:\/\/www.tiktok.com\/tag\/dieta?refer=embed\">#dieta<\/a> <a title=\"fitness\" target=\"_blank\" href=\"https:\/\/www.tiktok.com\/tag\/fitness?refer=embed\">#fitness<\/a> <a title=\"carne\" target=\"_blank\" href=\"https:\/\/www.tiktok.com\/tag\/carne?refer=embed\">#carne<\/a> <a title=\"dicas\" target=\"_blank\" href=\"https:\/\/www.tiktok.com\/tag\/dicas?refer=embed\">#dicas<\/a> <a target=\"_blank\" title=\"\u266c som original - Bruno Bueno\" href=\"https:\/\/www.tiktok.com\/music\/som-original-7486496525875432209?refer=embed\">\u266c som original &#8211; Bruno Bueno<\/a> <\/section> <\/blockquote> <script async src=\"https:\/\/www.tiktok.com\/embed.js\"><\/script>\n\n\n\n<h2 class=\"wp-block-heading\">Como a carne vermelha se relaciona com anemia e sa\u00fade \u00f3ssea<\/h2>\n\n\n\n<p>Entre os principais benef\u00edcios da <strong>carne vermelha na dieta<\/strong> est\u00e1 o fornecimento de <strong>ferro heme<\/strong>, que auxilia na preven\u00e7\u00e3o e no manejo da anemia por defici\u00eancia de ferro. Pessoas que seguem padr\u00f5es alimentares com pouca carne ou totalmente vegetais precisam de aten\u00e7\u00e3o especial ao ferro de origem vegetal e, em alguns casos, de <strong>suplementa\u00e7\u00e3o orientada<\/strong>, especialmente diante de sintomas como cansa\u00e7o frequente, tontura e falta de ar.<\/p>\n\n\n\n<p>A <strong>vitamina B12<\/strong>, presente em carnes bovinas, su\u00ednas e v\u00edsceras como f\u00edgado, participa da forma\u00e7\u00e3o das c\u00e9lulas sangu\u00edneas e da sa\u00fade neurol\u00f3gica. Em rela\u00e7\u00e3o aos ossos, prote\u00ednas, f\u00f3sforo e magn\u00e9sio encontrados na carne contribuem para a <strong>manuten\u00e7\u00e3o da massa \u00f3ssea<\/strong>, enquanto padr\u00f5es alimentares com mais prote\u00ednas vegetais, frutas, verduras e gr\u00e3os integrais podem trazer vantagens adicionais, desde que ferro e B12 sejam monitorados.<\/p>\n\n\n\n<h2 class=\"wp-block-heading\">Quais cuidados s\u00e3o importantes no dia a dia com a carne vermelha<\/h2>\n\n\n\n<p>Al\u00e9m da quantidade ingerida, o <strong>manuseio da carne vermelha<\/strong> \u00e9 fundamental para evitar contamina\u00e7\u00f5es e intoxica\u00e7\u00f5es alimentares. Boas pr\u00e1ticas de <strong>higiene<\/strong>, refrigera\u00e7\u00e3o adequada, congelamento correto e aten\u00e7\u00e3o ao ponto de cozimento reduzem significativamente o risco de bact\u00e9rias patog\u00eanicas e outros microorganismos.<\/p>\n\n\n\n<ol class=\"wp-block-list\">\n<li><strong>Armazenar na geladeira<\/strong> logo ap\u00f3s a compra, em recipientes fechados ou bem embalados.<\/li>\n\n\n\n<li><strong>Congelar<\/strong> se o consumo n\u00e3o for ocorrer em poucos dias, identificando data e tipo de corte.<\/li>\n\n\n\n<li><strong>Observar sinais de altera\u00e7\u00e3o<\/strong>: cheiro forte e desagrad\u00e1vel, textura pegajosa ou viscosa e presen\u00e7a de mofo indicam descarte imediato.<\/li>\n\n\n\n<li><strong>Descongelar na geladeira<\/strong> ou no micro-ondas, evitando deixar por longos per\u00edodos em temperatura ambiente.<\/li>\n\n\n\n<li><strong>Cozinhar bem<\/strong> para reduzir o risco de bact\u00e9rias patog\u00eanicas, especialmente em carne mo\u00edda.<\/li>\n<\/ol>\n\n\n\n<p>De forma geral, a <strong>carne vermelha<\/strong> pode fazer parte de um padr\u00e3o alimentar equilibrado quando consumida em <strong>quantidades moderadas<\/strong>, com prefer\u00eancia por cortes magros e preparos simples, acompanhada de alimentos de origem vegetal variados. A combina\u00e7\u00e3o entre informa\u00e7\u00e3o, aten\u00e7\u00e3o \u00e0s por\u00e7\u00f5es e <strong>variedade nas fontes de prote\u00edna<\/strong> tende a ser o caminho mais seguro para manter esse alimento no prato sem descuidar da sa\u00fade.<\/p>\n","protected":false},"excerpt":{"rendered":"<p>Carne vermelha: benef\u00edcios, riscos e consumo moderado para sa\u00fade do cora\u00e7\u00e3o, m\u00fasculos e preven\u00e7\u00e3o de anemia com ferro e vitamina B12.<\/p>\n","protected":false},"author":3,"featured_media":180754,"comment_status":"open","ping_status":"open","sticky":false,"template":"","format":"standard","meta":{"_yoast_wpseo_focuskw":"benef\u00edcios carne vermelha","_yoast_wpseo_title":"%%title%%","_yoast_wpseo_metadesc":"Carne vermelha: benef\u00edcios, riscos e consumo moderado para sa\u00fade do cora\u00e7\u00e3o, m\u00fasculos e preven\u00e7\u00e3o de anemia com ferro e vitamina B12.","jnews-multi-image_gallery":[],"jnews_single_post":{"format":"standard"},"jnews_primary_category":[],"jnews_social_meta":[],"jnews_override_counter":[],"footnotes":""},"categories":[112],"post_tag":[281,1423,7173,11973,144],"class_list":["post-179257","post","type-post","status-publish","format-standard","has-post-thumbnail","hentry","category-curiosidades","tag-alimentacao","tag-alimentos","tag-carne","tag-carne-vermelha","tag-curiosidades"],"yoast_head":"<!-- This site is optimized with the Yoast SEO plugin v24.6 - https:\/\/yoast.com\/wordpress\/plugins\/seo\/ -->\n<title>O que acontece com o seu corpo quando voc\u00ea come carne vermelha regularmente?<\/title>\n<meta name=\"description\" content=\"Carne vermelha: benef\u00edcios, riscos e consumo moderado para sa\u00fade do cora\u00e7\u00e3o, m\u00fasculos e preven\u00e7\u00e3o de anemia com ferro e vitamina B12.\" \/>\n<meta name=\"robots\" content=\"index, follow, max-snippet:-1, max-image-preview:large, max-video-preview:-1\" \/>\n<link rel=\"canonical\" href=\"https:\/\/www.correiobraziliense.com.br\/cbradar\/o-que-acontece-com-o-seu-corpo-quando-voce-come-carne-vermelha-regularmente\/\" \/>\n<meta property=\"og:locale\" content=\"pt_BR\" \/>\n<meta property=\"og:type\" content=\"article\" \/>\n<meta property=\"og:title\" content=\"O que acontece com o seu corpo quando voc\u00ea come carne vermelha regularmente?\" \/>\n<meta property=\"og:description\" content=\"Carne vermelha: benef\u00edcios, riscos e consumo moderado para sa\u00fade do cora\u00e7\u00e3o, m\u00fasculos e preven\u00e7\u00e3o de anemia com ferro e vitamina B12.\" \/>\n<meta property=\"og:url\" content=\"https:\/\/www.correiobraziliense.com.br\/cbradar\/o-que-acontece-com-o-seu-corpo-quando-voce-come-carne-vermelha-regularmente\/\" \/>\n<meta property=\"og:site_name\" content=\"Correio Braziliense - Radar\" \/>\n<meta property=\"article:published_time\" content=\"2026-01-25T23:15:00+00:00\" \/>\n<meta property=\"og:image\" content=\"https:\/\/www.correiobraziliense.com.br\/cbradar\/wp-content\/uploads\/2026\/01\/carne-vermelha_1769268431133.jpg\" \/>\n\t<meta property=\"og:image:width\" content=\"1280\" \/>\n\t<meta property=\"og:image:height\" content=\"720\" \/>\n\t<meta property=\"og:image:type\" content=\"image\/jpeg\" \/>\n<meta name=\"author\" content=\"Larissa Carvalho\" \/>\n<meta name=\"twitter:card\" content=\"summary_large_image\" \/>\n<meta name=\"twitter:label1\" content=\"Escrito por\" \/>\n\t<meta name=\"twitter:data1\" content=\"Larissa Carvalho\" \/>\n\t<meta name=\"twitter:label2\" content=\"Est. tempo de leitura\" \/>\n\t<meta name=\"twitter:data2\" content=\"6 minutos\" \/>\n<!-- \/ Yoast SEO plugin. -->","yoast_head_json":{"title":"O que acontece com o seu corpo quando voc\u00ea come carne vermelha regularmente?","description":"Carne vermelha: benef\u00edcios, riscos e consumo moderado para sa\u00fade do cora\u00e7\u00e3o, m\u00fasculos e preven\u00e7\u00e3o de anemia com ferro e vitamina B12.","robots":{"index":"index","follow":"follow","max-snippet":"max-snippet:-1","max-image-preview":"max-image-preview:large","max-video-preview":"max-video-preview:-1"},"canonical":"https:\/\/www.correiobraziliense.com.br\/cbradar\/o-que-acontece-com-o-seu-corpo-quando-voce-come-carne-vermelha-regularmente\/","og_locale":"pt_BR","og_type":"article","og_title":"O que acontece com o seu corpo quando voc\u00ea come carne vermelha regularmente?","og_description":"Carne vermelha: benef\u00edcios, riscos e consumo moderado para sa\u00fade do cora\u00e7\u00e3o, m\u00fasculos e preven\u00e7\u00e3o de anemia com ferro e vitamina B12.","og_url":"https:\/\/www.correiobraziliense.com.br\/cbradar\/o-que-acontece-com-o-seu-corpo-quando-voce-come-carne-vermelha-regularmente\/","og_site_name":"Correio Braziliense - Radar","article_published_time":"2026-01-25T23:15:00+00:00","og_image":[{"width":1280,"height":720,"url":"https:\/\/www.correiobraziliense.com.br\/cbradar\/wp-content\/uploads\/2026\/01\/carne-vermelha_1769268431133.jpg","type":"image\/jpeg"}],"author":"Larissa Carvalho","twitter_card":"summary_large_image","twitter_misc":{"Escrito por":"Larissa Carvalho","Est. tempo de leitura":"6 minutos"},"schema":{"@context":"https:\/\/schema.org","@graph":[{"@type":"WebPage","@id":"https:\/\/www.correiobraziliense.com.br\/cbradar\/o-que-acontece-com-o-seu-corpo-quando-voce-come-carne-vermelha-regularmente\/","url":"https:\/\/www.correiobraziliense.com.br\/cbradar\/o-que-acontece-com-o-seu-corpo-quando-voce-come-carne-vermelha-regularmente\/","name":"O que acontece com o seu corpo quando voc\u00ea come carne vermelha regularmente?","isPartOf":{"@id":"https:\/\/www.correiobraziliense.com.br\/cbradar\/#website"},"primaryImageOfPage":{"@id":"https:\/\/www.correiobraziliense.com.br\/cbradar\/o-que-acontece-com-o-seu-corpo-quando-voce-come-carne-vermelha-regularmente\/#primaryimage"},"image":{"@id":"https:\/\/www.correiobraziliense.com.br\/cbradar\/o-que-acontece-com-o-seu-corpo-quando-voce-come-carne-vermelha-regularmente\/#primaryimage"},"thumbnailUrl":"https:\/\/www.correiobraziliense.com.br\/cbradar\/wp-content\/uploads\/2026\/01\/carne-vermelha_1769268431133.jpg","datePublished":"2026-01-25T23:15:00+00:00","author":{"@id":"https:\/\/www.correiobraziliense.com.br\/cbradar\/#\/schema\/person\/58422787644df994b53a19d3e56c1513"},"description":"Carne vermelha: benef\u00edcios, riscos e consumo moderado para sa\u00fade do cora\u00e7\u00e3o, m\u00fasculos e preven\u00e7\u00e3o de anemia com ferro e vitamina B12.","breadcrumb":{"@id":"https:\/\/www.correiobraziliense.com.br\/cbradar\/o-que-acontece-com-o-seu-corpo-quando-voce-come-carne-vermelha-regularmente\/#breadcrumb"},"inLanguage":"pt-BR","potentialAction":[{"@type":"ReadAction","target":["https:\/\/www.correiobraziliense.com.br\/cbradar\/o-que-acontece-com-o-seu-corpo-quando-voce-come-carne-vermelha-regularmente\/"]}]},{"@type":"ImageObject","inLanguage":"pt-BR","@id":"https:\/\/www.correiobraziliense.com.br\/cbradar\/o-que-acontece-com-o-seu-corpo-quando-voce-come-carne-vermelha-regularmente\/#primaryimage","url":"https:\/\/www.correiobraziliense.com.br\/cbradar\/wp-content\/uploads\/2026\/01\/carne-vermelha_1769268431133.jpg","contentUrl":"https:\/\/www.correiobraziliense.com.br\/cbradar\/wp-content\/uploads\/2026\/01\/carne-vermelha_1769268431133.jpg","width":1280,"height":720,"caption":"Carne vermelha (bovina, su\u00edna, cordeiro) fornece ferro, prote\u00ednas e B12, mas excesso eleva riscos card\u00edacos e c\u00e2ncer colorretal em dietas di\u00e1rias. - Cr\u00e9ditos: depositphotos.com \/ marischka"},{"@type":"BreadcrumbList","@id":"https:\/\/www.correiobraziliense.com.br\/cbradar\/o-que-acontece-com-o-seu-corpo-quando-voce-come-carne-vermelha-regularmente\/#breadcrumb","itemListElement":[{"@type":"ListItem","position":1,"name":"In\u00edcio","item":"https:\/\/www.correiobraziliense.com.br\/cbradar\/"},{"@type":"ListItem","position":2,"name":"O que acontece com o seu corpo quando voc\u00ea come carne vermelha regularmente?"}]},{"@type":"WebSite","@id":"https:\/\/www.correiobraziliense.com.br\/cbradar\/#website","url":"https:\/\/www.correiobraziliense.com.br\/cbradar\/","name":"Correio Braziliense - Radar","description":"Acompanhe as \u00faltimas not\u00edcias e fique bem informado sobre tudo o que acontece no Brasil e no mundo.","potentialAction":[{"@type":"SearchAction","target":{"@type":"EntryPoint","urlTemplate":"https:\/\/www.correiobraziliense.com.br\/cbradar\/?s={search_term_string}"},"query-input":{"@type":"PropertyValueSpecification","valueRequired":true,"valueName":"search_term_string"}}],"inLanguage":"pt-BR"},{"@type":"Person","@id":"https:\/\/www.correiobraziliense.com.br\/cbradar\/#\/schema\/person\/58422787644df994b53a19d3e56c1513","name":"Larissa Carvalho","image":{"@type":"ImageObject","inLanguage":"pt-BR","@id":"https:\/\/www.correiobraziliense.com.br\/cbradar\/#\/schema\/person\/image\/","url":"https:\/\/secure.gravatar.com\/avatar\/fe4f91a0de32b52a838d0d612abdc1aa?s=96&d=mm&r=g","contentUrl":"https:\/\/secure.gravatar.com\/avatar\/fe4f91a0de32b52a838d0d612abdc1aa?s=96&d=mm&r=g","caption":"Larissa Carvalho"},"url":"https:\/\/www.correiobraziliense.com.br\/cbradar\/author\/larissamyth\/"}]}},"_links":{"self":[{"href":"https:\/\/www.correiobraziliense.com.br\/cbradar\/wp-json\/wp\/v2\/posts\/179257","targetHints":{"allow":["GET"]}}],"collection":[{"href":"https:\/\/www.correiobraziliense.com.br\/cbradar\/wp-json\/wp\/v2\/posts"}],"about":[{"href":"https:\/\/www.correiobraziliense.com.br\/cbradar\/wp-json\/wp\/v2\/types\/post"}],"author":[{"embeddable":true,"href":"https:\/\/www.correiobraziliense.com.br\/cbradar\/wp-json\/wp\/v2\/users\/3"}],"replies":[{"embeddable":true,"href":"https:\/\/www.correiobraziliense.com.br\/cbradar\/wp-json\/wp\/v2\/comments?post=179257"}],"version-history":[{"count":2,"href":"https:\/\/www.correiobraziliense.com.br\/cbradar\/wp-json\/wp\/v2\/posts\/179257\/revisions"}],"predecessor-version":[{"id":179263,"href":"https:\/\/www.correiobraziliense.com.br\/cbradar\/wp-json\/wp\/v2\/posts\/179257\/revisions\/179263"}],"wp:featuredmedia":[{"embeddable":true,"href":"https:\/\/www.correiobraziliense.com.br\/cbradar\/wp-json\/wp\/v2\/media\/180754"}],"wp:attachment":[{"href":"https:\/\/www.correiobraziliense.com.br\/cbradar\/wp-json\/wp\/v2\/media?parent=179257"}],"wp:term":[{"taxonomy":"category","embeddable":true,"href":"https:\/\/www.correiobraziliense.com.br\/cbradar\/wp-json\/wp\/v2\/categories?post=179257"},{"taxonomy":"post_tag","embeddable":true,"href":"https:\/\/www.correiobraziliense.com.br\/cbradar\/wp-json\/wp\/v2\/post_tag?post=179257"}],"curies":[{"name":"wp","href":"https:\/\/api.w.org\/{rel}","templated":true}]}}