{"id":179266,"date":"2026-01-25T06:55:00","date_gmt":"2026-01-25T09:55:00","guid":{"rendered":"https:\/\/www.correiobraziliense.com.br\/cbradar\/?p=179266"},"modified":"2026-01-24T11:59:42","modified_gmt":"2026-01-24T14:59:42","slug":"o-que-diz-a-ciencia-sobre-os-beneficios-do-banho-gelado","status":"publish","type":"post","link":"https:\/\/www.correiobraziliense.com.br\/cbradar\/o-que-diz-a-ciencia-sobre-os-beneficios-do-banho-gelado\/","title":{"rendered":"O que diz a ci\u00eancia sobre os benef\u00edcios do banho gelado"},"content":{"rendered":"\n<p>A terapia com \u00e1gua fria vem despertando interesse em diferentes \u00e1reas da sa\u00fade e do bem-estar. Conhecida tamb\u00e9m como <strong>imers\u00e3o em \u00e1gua gelada<\/strong>, a pr\u00e1tica envolve banhos frios, banheiras com gelo ou mergulhos em rios e mares em baixas temperaturas, com foco em poss\u00edveis benef\u00edcios como <strong>redu\u00e7\u00e3o de estresse<\/strong>, <strong>melhora do sono<\/strong> e apoio \u00e0 <strong>recupera\u00e7\u00e3o f\u00edsica<\/strong>, embora as evid\u00eancias cient\u00edficas ainda estejam em constru\u00e7\u00e3o. <\/p>\n\n\n\n<h2 class=\"wp-block-heading\">O que \u00e9 terapia com \u00e1gua fria e como ela funciona no corpo<\/h2>\n\n\n\n<p>A terapia com \u00e1gua fria consiste na exposi\u00e7\u00e3o controlada do corpo \u00e0 \u00e1gua em baixa temperatura, como em banhos frios ou imers\u00f5es. Essa pr\u00e1tica \u00e9 usada h\u00e1 s\u00e9culos em diferentes culturas com o objetivo de fortalecer o organismo. Atualmente, tamb\u00e9m \u00e9 associada \u00e0 recupera\u00e7\u00e3o f\u00edsica e ao bem-estar geral. A pesquisa foi realizada pela <a href=\"https:\/\/journals.plos.org\/plosone\/article?id=10.1371\/journal.pone.0317615\" target=\"_blank\" rel=\"noreferrer noopener\">Universidade da Austr\u00e1lia.<\/a><\/p>\n\n\n\n<p>No corpo, a \u00e1gua fria provoca contra\u00e7\u00e3o dos vasos sangu\u00edneos, estimulando a circula\u00e7\u00e3o e ajudando a reduzir inflama\u00e7\u00f5es. Ela tamb\u00e9m ativa o sistema nervoso, aumentando o estado de alerta e a sensa\u00e7\u00e3o de energia. Com o uso regular, pode contribuir para maior resist\u00eancia f\u00edsica e mental.<\/p>\n\n\n\n<p>Para aprofundarmos no tema, trouxemos o v\u00eddeo do especialista Rafael Gratta (@rafaelgrattap):<\/p>\n\n\n\n<blockquote class=\"tiktok-embed\" cite=\"https:\/\/www.tiktok.com\/@rafaelgrattap\/video\/7213859350320876805\" data-video-id=\"7213859350320876805\" style=\"max-width: 605px;min-width: 325px;\" > <section> <a target=\"_blank\" title=\"@rafaelgrattap\" href=\"https:\/\/www.tiktok.com\/@rafaelgrattap?refer=embed\">@rafaelgrattap<\/a> O desconforto gerado pela \u00e1gua gelada faz ela ser a forma mais simples e r\u00e1pida de modular sua dopamina, j\u00e1 tendo sido usada at\u00e9 para dependentes qu\u00edmicos se livrarem do v\u00edcio pela psiquiatra americana, Anna Lembke. \u00c9 o oposto do conforto e prazer imediato de algumas atividades como um doce hiperpal\u00e1vel, que gera um pico de dopamina seguido por uma queda &#8211; o que te deixa menos focado (a) e motivado(a). Al\u00e9m disso, o banho gelado tem sido estudado como uma forma de treinar seu sistema nervoso aut\u00f4nomo para lidar com estresse e por modular seu rel\u00f3gio biol\u00f3gico, j\u00e1 que a \u00e1gua fria gera um reflexo interno no corpo de aumento de metabolismo e secre\u00e7\u00e3o de adrenalina e cortisol. Me conta aqui nos coment\u00e1rios: voc\u00ea percebe que o banho gelado j\u00e1 poderia ter estes benef\u00edcios? Faz sentido para voc\u00ea? <a title=\"banhogelado\" target=\"_blank\" href=\"https:\/\/www.tiktok.com\/tag\/banhogelado?refer=embed\">#banhogelado<\/a> <a title=\"saudemental\" target=\"_blank\" href=\"https:\/\/www.tiktok.com\/tag\/saudemental?refer=embed\">#saudemental<\/a> <a title=\"ansiedade\" target=\"_blank\" href=\"https:\/\/www.tiktok.com\/tag\/ansiedade?refer=embed\">#ansiedade<\/a> <a title=\"depress\u00e3o\" target=\"_blank\" href=\"https:\/\/www.tiktok.com\/tag\/depress%C3%A3o?refer=embed\">#depress\u00e3o<\/a> <a title=\"dopamina\" target=\"_blank\" href=\"https:\/\/www.tiktok.com\/tag\/dopamina?refer=embed\">#dopamina<\/a> <a title=\"metodowimhof\" target=\"_blank\" href=\"https:\/\/www.tiktok.com\/tag\/metodowimhof?refer=embed\">#metodowimhof<\/a> <a target=\"_blank\" title=\"\u266c som original - Rafael Gratta\" href=\"https:\/\/www.tiktok.com\/music\/som-original-7213859358097214213?refer=embed\">\u266c som original &#8211; Rafael Gratta<\/a> <\/section> <\/blockquote> <script async src=\"https:\/\/www.tiktok.com\/embed.js\"><\/script>\n\n\n\n<h2 class=\"wp-block-heading\">A terapia com \u00e1gua fria realmente reduz estresse e melhora o sono<\/h2>\n\n\n\n<p>Estudos recentes sobre <strong>cold water immersion<\/strong> avaliaram n\u00edveis de estresse, qualidade do sono e percep\u00e7\u00e3o de qualidade de vida em diferentes grupos. Em v\u00e1rias an\u00e1lises, a imers\u00e3o em \u00e1gua fria esteve associada a <strong>redu\u00e7\u00e3o de estresse nas horas seguintes<\/strong> \u00e0 exposi\u00e7\u00e3o, sugerindo um efeito mais pontual do que permanente, semelhante a um \u201creset\u201d moment\u00e2neo.<\/p>\n\n\n\n<p>Quanto ao sono, a <strong>exposi\u00e7\u00e3o \u00e0 \u00e1gua fria<\/strong> apresentou resultados promissores em grupos espec\u00edficos, especialmente entre homens, com relatos de adormecer mais r\u00e1pido e sensa\u00e7\u00e3o de descanso ligeiramente melhor. Por\u00e9m, as amostras ainda s\u00e3o pequenas e concentradas em perfis restritos, limitando a extrapola\u00e7\u00e3o para toda a popula\u00e7\u00e3o.<\/p>\n\n\n\n<h2 class=\"wp-block-heading\">Quais s\u00e3o os poss\u00edveis riscos e para quem a terapia com \u00e1gua fria n\u00e3o \u00e9 indicada<\/h2>\n\n\n\n<p>A <strong>terapia com \u00e1gua gelada<\/strong> costuma ser divulgada como pr\u00e1tica simples, mas n\u00e3o \u00e9 isenta de riscos e pode desencadear rea\u00e7\u00f5es intensas em alguns indiv\u00edduos. A resposta inicial ao choque t\u00e9rmico inclui aumento de batimentos card\u00edacos, eleva\u00e7\u00e3o da press\u00e3o arterial e um <strong>pico inflamat\u00f3rio de curta dura\u00e7\u00e3o<\/strong>, o que em pessoas com doen\u00e7as pr\u00e9-existentes pode representar um desafio adicional.<\/p>\n\n\n\n<p>Especialistas chamam aten\u00e7\u00e3o para grupos que exigem cuidado redobrado, em que a <strong>imers\u00e3o em \u00e1gua fria<\/strong> pode potencializar sintomas ou interferir em tratamentos em andamento. Entre os principais perfis que devem buscar avalia\u00e7\u00e3o profissional pr\u00e9via est\u00e3o:<\/p>\n\n\n\n<ul class=\"wp-block-list\">\n<li><strong>pessoas com hist\u00f3rico de infarto<\/strong>, arritmias ou hipertens\u00e3o sem controle adequado;<\/li>\n\n\n\n<li><strong>indiv\u00edduos com doen\u00e7as autoimunes<\/strong> ou inflamat\u00f3rias em atividade;<\/li>\n\n\n\n<li><strong>gestantes<\/strong>, principalmente em est\u00e1gios iniciais, sem avalia\u00e7\u00e3o m\u00e9dica;<\/li>\n\n\n\n<li><strong>pessoas em uso de medicamentos<\/strong> que alteram a press\u00e3o arterial ou a frequ\u00eancia card\u00edaca.<\/li>\n<\/ul>\n\n\n\n<h2 class=\"wp-block-heading\">Como incluir a terapia com \u00e1gua fria na rotina de forma segura<\/h2>\n\n\n\n<p>Entre os interessados em experimentar a <strong>exposi\u00e7\u00e3o ao frio<\/strong> como recurso complementar de bem-estar, a recomenda\u00e7\u00e3o predominante \u00e9 come\u00e7ar de maneira gradual. Em vez de iniciar com banheiras cheias de gelo, muitos protocolos sugerem a <strong>adapta\u00e7\u00e3o progressiva<\/strong> por meio de duchas frias controladas, sempre respeitando limites individuais de conforto e de sa\u00fade.<\/p>\n\n\n\n<p>Algumas diretrizes simples podem ajudar a tornar a pr\u00e1tica mais segura, organizada e alinhada a outros h\u00e1bitos de vida, como sono adequado e atividade f\u00edsica regular. A seguir, est\u00e3o passos frequentemente sugeridos por profissionais para quem deseja testar a <strong>imers\u00e3o em \u00e1gua fria<\/strong> de forma respons\u00e1vel:<\/p>\n\n\n\n<ol class=\"wp-block-list\">\n<li><strong>In\u00edcio progressivo:<\/strong> alternar \u00e1gua morna e fria no final do banho por 20 a 30 segundos.<\/li>\n\n\n\n<li><strong>Aumento gradual:<\/strong> ampliar o tempo em \u00e1gua fria ao longo de semanas, observando sinais como tontura, falta de ar ou dor intensa.<\/li>\n\n\n\n<li><strong>Foco na respira\u00e7\u00e3o:<\/strong> manter respira\u00e7\u00e3o controlada pode ajudar a reduzir o impacto do choque t\u00e9rmico inicial.<\/li>\n\n\n\n<li><strong>Monitoramento da sa\u00fade:<\/strong> acompanhar press\u00e3o arterial, qualidade do sono e sensa\u00e7\u00e3o geral de bem-estar ao longo do tempo.<\/li>\n\n\n\n<li><strong>Evitar excessos:<\/strong> sess\u00f5es muito prolongadas ou em \u00e1gua extremamente gelada aumentam o risco de hipotermia e mal-estar.<\/li>\n<\/ol>\n\n\n\n<figure class=\"wp-block-image size-large\"><img decoding=\"async\" width=\"1024\" height=\"576\" src=\"https:\/\/www.correiobraziliense.com.br\/cbradar\/wp-content\/uploads\/2026\/01\/\u2705-BANNER-MYTH-38-1-1024x576.png\" alt=\"O que diz a ci\u00eancia sobre os benef\u00edcios do banho gelado\" class=\"wp-image-179270\" srcset=\"https:\/\/www.correiobraziliense.com.br\/cbradar\/wp-content\/uploads\/2026\/01\/\u2705-BANNER-MYTH-38-1-1024x576.png 1024w, https:\/\/www.correiobraziliense.com.br\/cbradar\/wp-content\/uploads\/2026\/01\/\u2705-BANNER-MYTH-38-1-300x169.png 300w, https:\/\/www.correiobraziliense.com.br\/cbradar\/wp-content\/uploads\/2026\/01\/\u2705-BANNER-MYTH-38-1-768x432.png 768w, https:\/\/www.correiobraziliense.com.br\/cbradar\/wp-content\/uploads\/2026\/01\/\u2705-BANNER-MYTH-38-1-750x422.png 750w, https:\/\/www.correiobraziliense.com.br\/cbradar\/wp-content\/uploads\/2026\/01\/\u2705-BANNER-MYTH-38-1-1140x641.png 1140w, https:\/\/www.correiobraziliense.com.br\/cbradar\/wp-content\/uploads\/2026\/01\/\u2705-BANNER-MYTH-38-1.png 1280w\" sizes=\"(max-width: 1024px) 100vw, 1024px\" \/><figcaption class=\"wp-element-caption\">Terapia com \u00e1gua fria reduz inflama\u00e7\u00e3o, alivia dor muscular e melhora humor via libera\u00e7\u00e3o de endorfina em banhos gelados di\u00e1rios.<\/figcaption><\/figure>\n\n\n\n<h2 class=\"wp-block-heading\">O que a ci\u00eancia ainda precisa esclarecer sobre a imers\u00e3o em \u00e1gua fria<\/h2>\n\n\n\n<p>Apesar do crescente interesse, pesquisadores destacam que as evid\u00eancias sobre <strong>terapia com \u00e1gua fria<\/strong> ainda apresentam lacunas importantes. A maioria dos estudos at\u00e9 2025 tem dura\u00e7\u00e3o limitada, foco em grupos espec\u00edficos \u2013 como atletas ou adultos jovens \u2013 e protocolos variados, dificultando a defini\u00e7\u00e3o de <strong>dose ideal e frequ\u00eancia segura<\/strong>.<\/p>\n\n\n\n<p>Entre os pontos que ainda exigem investiga\u00e7\u00e3o est\u00e3o os efeitos em longo prazo sobre o sistema cardiovascular, o <strong>impacto real no sistema imunol\u00f3gico<\/strong> em diferentes faixas et\u00e1rias, as diferen\u00e7as de resposta entre homens e mulheres e a intera\u00e7\u00e3o com doen\u00e7as cr\u00f4nicas e medicamentos. Assim, a imers\u00e3o em \u00e1gua fria deve ser vista como uma <strong>ferramenta pontual de bem-estar<\/strong>, cuja ado\u00e7\u00e3o segura depende de informa\u00e7\u00e3o de qualidade, avalia\u00e7\u00e3o de riscos individuais e, quando necess\u00e1rio, acompanhamento profissional.<\/p>\n","protected":false},"excerpt":{"rendered":"<p>Terapia com \u00e1gua fria: descubra benef\u00edcios, limites e cuidados dos banhos gelados para estresse, sono, imunidade e qualidade de vida.<\/p>\n","protected":false},"author":3,"featured_media":180701,"comment_status":"open","ping_status":"open","sticky":false,"template":"","format":"standard","meta":{"_yoast_wpseo_focuskw":"benef\u00edcios banho gelado","_yoast_wpseo_title":"%%title%%","_yoast_wpseo_metadesc":"Terapia com \u00e1gua fria: descubra benef\u00edcios, limites e cuidados dos banhos gelados para estresse, sono, imunidade e qualidade de vida.","jnews-multi-image_gallery":[],"jnews_single_post":{"format":"standard"},"jnews_primary_category":[],"jnews_social_meta":[],"jnews_override_counter":[],"footnotes":""},"categories":[112],"post_tag":[5035,12958,3559,144,565],"class_list":["post-179266","post","type-post","status-publish","format-standard","has-post-thumbnail","hentry","category-curiosidades","tag-banho","tag-banho-gelado","tag-corpo-humano","tag-curiosidades","tag-saude"],"yoast_head":"<!-- This site is optimized with the Yoast SEO plugin v24.6 - https:\/\/yoast.com\/wordpress\/plugins\/seo\/ -->\n<title>O que diz a ci\u00eancia sobre os benef\u00edcios do banho gelado<\/title>\n<meta name=\"description\" content=\"Terapia com \u00e1gua fria: descubra benef\u00edcios, limites e cuidados dos banhos gelados para estresse, sono, imunidade e qualidade de vida.\" \/>\n<meta name=\"robots\" content=\"index, follow, max-snippet:-1, max-image-preview:large, max-video-preview:-1\" \/>\n<link rel=\"canonical\" href=\"https:\/\/www.correiobraziliense.com.br\/cbradar\/o-que-diz-a-ciencia-sobre-os-beneficios-do-banho-gelado\/\" \/>\n<meta property=\"og:locale\" content=\"pt_BR\" \/>\n<meta property=\"og:type\" content=\"article\" \/>\n<meta property=\"og:title\" content=\"O que diz a ci\u00eancia sobre os benef\u00edcios do banho gelado\" \/>\n<meta property=\"og:description\" content=\"Terapia com \u00e1gua fria: descubra benef\u00edcios, limites e cuidados dos banhos gelados para estresse, sono, imunidade e qualidade de vida.\" \/>\n<meta property=\"og:url\" content=\"https:\/\/www.correiobraziliense.com.br\/cbradar\/o-que-diz-a-ciencia-sobre-os-beneficios-do-banho-gelado\/\" \/>\n<meta property=\"og:site_name\" content=\"Correio Braziliense - Radar\" \/>\n<meta property=\"article:published_time\" content=\"2026-01-25T09:55:00+00:00\" \/>\n<meta property=\"og:image\" content=\"https:\/\/www.correiobraziliense.com.br\/cbradar\/wp-content\/uploads\/2026\/01\/banho-gelado_1769266766635.jpg\" \/>\n\t<meta property=\"og:image:width\" content=\"1280\" \/>\n\t<meta property=\"og:image:height\" content=\"720\" \/>\n\t<meta property=\"og:image:type\" content=\"image\/jpeg\" \/>\n<meta name=\"author\" content=\"Larissa Carvalho\" \/>\n<meta name=\"twitter:card\" content=\"summary_large_image\" \/>\n<meta name=\"twitter:label1\" content=\"Escrito por\" \/>\n\t<meta name=\"twitter:data1\" content=\"Larissa Carvalho\" \/>\n\t<meta name=\"twitter:label2\" content=\"Est. tempo de leitura\" \/>\n\t<meta name=\"twitter:data2\" content=\"5 minutos\" \/>\n<!-- \/ Yoast SEO plugin. -->","yoast_head_json":{"title":"O que diz a ci\u00eancia sobre os benef\u00edcios do banho gelado","description":"Terapia com \u00e1gua fria: descubra benef\u00edcios, limites e cuidados dos banhos gelados para estresse, sono, imunidade e qualidade de vida.","robots":{"index":"index","follow":"follow","max-snippet":"max-snippet:-1","max-image-preview":"max-image-preview:large","max-video-preview":"max-video-preview:-1"},"canonical":"https:\/\/www.correiobraziliense.com.br\/cbradar\/o-que-diz-a-ciencia-sobre-os-beneficios-do-banho-gelado\/","og_locale":"pt_BR","og_type":"article","og_title":"O que diz a ci\u00eancia sobre os benef\u00edcios do banho gelado","og_description":"Terapia com \u00e1gua fria: descubra benef\u00edcios, limites e cuidados dos banhos gelados para estresse, sono, imunidade e qualidade de vida.","og_url":"https:\/\/www.correiobraziliense.com.br\/cbradar\/o-que-diz-a-ciencia-sobre-os-beneficios-do-banho-gelado\/","og_site_name":"Correio Braziliense - Radar","article_published_time":"2026-01-25T09:55:00+00:00","og_image":[{"width":1280,"height":720,"url":"https:\/\/www.correiobraziliense.com.br\/cbradar\/wp-content\/uploads\/2026\/01\/banho-gelado_1769266766635.jpg","type":"image\/jpeg"}],"author":"Larissa Carvalho","twitter_card":"summary_large_image","twitter_misc":{"Escrito por":"Larissa Carvalho","Est. tempo de leitura":"5 minutos"},"schema":{"@context":"https:\/\/schema.org","@graph":[{"@type":"WebPage","@id":"https:\/\/www.correiobraziliense.com.br\/cbradar\/o-que-diz-a-ciencia-sobre-os-beneficios-do-banho-gelado\/","url":"https:\/\/www.correiobraziliense.com.br\/cbradar\/o-que-diz-a-ciencia-sobre-os-beneficios-do-banho-gelado\/","name":"O que diz a ci\u00eancia sobre os benef\u00edcios do banho gelado","isPartOf":{"@id":"https:\/\/www.correiobraziliense.com.br\/cbradar\/#website"},"primaryImageOfPage":{"@id":"https:\/\/www.correiobraziliense.com.br\/cbradar\/o-que-diz-a-ciencia-sobre-os-beneficios-do-banho-gelado\/#primaryimage"},"image":{"@id":"https:\/\/www.correiobraziliense.com.br\/cbradar\/o-que-diz-a-ciencia-sobre-os-beneficios-do-banho-gelado\/#primaryimage"},"thumbnailUrl":"https:\/\/www.correiobraziliense.com.br\/cbradar\/wp-content\/uploads\/2026\/01\/banho-gelado_1769266766635.jpg","datePublished":"2026-01-25T09:55:00+00:00","author":{"@id":"https:\/\/www.correiobraziliense.com.br\/cbradar\/#\/schema\/person\/58422787644df994b53a19d3e56c1513"},"description":"Terapia com \u00e1gua fria: descubra benef\u00edcios, limites e cuidados dos banhos gelados para estresse, sono, imunidade e qualidade de vida.","breadcrumb":{"@id":"https:\/\/www.correiobraziliense.com.br\/cbradar\/o-que-diz-a-ciencia-sobre-os-beneficios-do-banho-gelado\/#breadcrumb"},"inLanguage":"pt-BR","potentialAction":[{"@type":"ReadAction","target":["https:\/\/www.correiobraziliense.com.br\/cbradar\/o-que-diz-a-ciencia-sobre-os-beneficios-do-banho-gelado\/"]}]},{"@type":"ImageObject","inLanguage":"pt-BR","@id":"https:\/\/www.correiobraziliense.com.br\/cbradar\/o-que-diz-a-ciencia-sobre-os-beneficios-do-banho-gelado\/#primaryimage","url":"https:\/\/www.correiobraziliense.com.br\/cbradar\/wp-content\/uploads\/2026\/01\/banho-gelado_1769266766635.jpg","contentUrl":"https:\/\/www.correiobraziliense.com.br\/cbradar\/wp-content\/uploads\/2026\/01\/banho-gelado_1769266766635.jpg","width":1280,"height":720,"caption":"Terapia com \u00e1gua fria reduz inflama\u00e7\u00e3o, alivia dor muscular e melhora humor via libera\u00e7\u00e3o de endorfina em banhos gelados di\u00e1rios. - Cr\u00e9ditos: depositphotos.com \/ macniak"},{"@type":"BreadcrumbList","@id":"https:\/\/www.correiobraziliense.com.br\/cbradar\/o-que-diz-a-ciencia-sobre-os-beneficios-do-banho-gelado\/#breadcrumb","itemListElement":[{"@type":"ListItem","position":1,"name":"In\u00edcio","item":"https:\/\/www.correiobraziliense.com.br\/cbradar\/"},{"@type":"ListItem","position":2,"name":"O que diz a ci\u00eancia sobre os benef\u00edcios do banho gelado"}]},{"@type":"WebSite","@id":"https:\/\/www.correiobraziliense.com.br\/cbradar\/#website","url":"https:\/\/www.correiobraziliense.com.br\/cbradar\/","name":"Correio Braziliense - Radar","description":"Acompanhe as \u00faltimas not\u00edcias e fique bem informado sobre tudo o que acontece no Brasil e no mundo.","potentialAction":[{"@type":"SearchAction","target":{"@type":"EntryPoint","urlTemplate":"https:\/\/www.correiobraziliense.com.br\/cbradar\/?s={search_term_string}"},"query-input":{"@type":"PropertyValueSpecification","valueRequired":true,"valueName":"search_term_string"}}],"inLanguage":"pt-BR"},{"@type":"Person","@id":"https:\/\/www.correiobraziliense.com.br\/cbradar\/#\/schema\/person\/58422787644df994b53a19d3e56c1513","name":"Larissa Carvalho","image":{"@type":"ImageObject","inLanguage":"pt-BR","@id":"https:\/\/www.correiobraziliense.com.br\/cbradar\/#\/schema\/person\/image\/","url":"https:\/\/secure.gravatar.com\/avatar\/fe4f91a0de32b52a838d0d612abdc1aa?s=96&d=mm&r=g","contentUrl":"https:\/\/secure.gravatar.com\/avatar\/fe4f91a0de32b52a838d0d612abdc1aa?s=96&d=mm&r=g","caption":"Larissa Carvalho"},"url":"https:\/\/www.correiobraziliense.com.br\/cbradar\/author\/larissamyth\/"}]}},"_links":{"self":[{"href":"https:\/\/www.correiobraziliense.com.br\/cbradar\/wp-json\/wp\/v2\/posts\/179266","targetHints":{"allow":["GET"]}}],"collection":[{"href":"https:\/\/www.correiobraziliense.com.br\/cbradar\/wp-json\/wp\/v2\/posts"}],"about":[{"href":"https:\/\/www.correiobraziliense.com.br\/cbradar\/wp-json\/wp\/v2\/types\/post"}],"author":[{"embeddable":true,"href":"https:\/\/www.correiobraziliense.com.br\/cbradar\/wp-json\/wp\/v2\/users\/3"}],"replies":[{"embeddable":true,"href":"https:\/\/www.correiobraziliense.com.br\/cbradar\/wp-json\/wp\/v2\/comments?post=179266"}],"version-history":[{"count":3,"href":"https:\/\/www.correiobraziliense.com.br\/cbradar\/wp-json\/wp\/v2\/posts\/179266\/revisions"}],"predecessor-version":[{"id":180674,"href":"https:\/\/www.correiobraziliense.com.br\/cbradar\/wp-json\/wp\/v2\/posts\/179266\/revisions\/180674"}],"wp:featuredmedia":[{"embeddable":true,"href":"https:\/\/www.correiobraziliense.com.br\/cbradar\/wp-json\/wp\/v2\/media\/180701"}],"wp:attachment":[{"href":"https:\/\/www.correiobraziliense.com.br\/cbradar\/wp-json\/wp\/v2\/media?parent=179266"}],"wp:term":[{"taxonomy":"category","embeddable":true,"href":"https:\/\/www.correiobraziliense.com.br\/cbradar\/wp-json\/wp\/v2\/categories?post=179266"},{"taxonomy":"post_tag","embeddable":true,"href":"https:\/\/www.correiobraziliense.com.br\/cbradar\/wp-json\/wp\/v2\/post_tag?post=179266"}],"curies":[{"name":"wp","href":"https:\/\/api.w.org\/{rel}","templated":true}]}}