{"id":179269,"date":"2026-01-23T18:25:00","date_gmt":"2026-01-23T21:25:00","guid":{"rendered":"https:\/\/www.correiobraziliense.com.br\/cbradar\/?p=179269"},"modified":"2026-01-21T15:14:25","modified_gmt":"2026-01-21T18:14:25","slug":"a-planta-mais-completa-para-inflamacao-e-saude-urinaria","status":"publish","type":"post","link":"https:\/\/www.correiobraziliense.com.br\/cbradar\/a-planta-mais-completa-para-inflamacao-e-saude-urinaria\/","title":{"rendered":"A planta mais completa para inflama\u00e7\u00e3o e sa\u00fade urin\u00e1ria"},"content":{"rendered":"\n<p>A <strong>Urtiga <\/strong>(Urtica dioica) \u00e9 uma planta rica em compostos bioativos como flavonoides e lignanas, conhecida por seus diversos benef\u00edcios para a sa\u00fade. Comumente utilizada na fitoterapia, ela traz qualidades anti-inflamat\u00f3rias, regula o metabolismo e beneficia a sa\u00fade do trato urin\u00e1rio.<\/p>\n\n\n\n<h2 class=\"wp-block-heading\">Quais s\u00e3o os efeitos anti-inflamat\u00f3rios da urtiga?<\/h2>\n\n\n\n<p>A efic\u00e1cia anti-inflamat\u00f3ria da urtiga \u00e9 atribu\u00edda \u00e0 sua composi\u00e7\u00e3o rica em compostos fen\u00f3licos e \u00e1cidos org\u00e2nicos. Esses elementos desempenham um papel crucial na modula\u00e7\u00e3o da resposta imunol\u00f3gica, suprimindo a produ\u00e7\u00e3o de citocinas inflamat\u00f3rias e prostaglandinas. Dessa forma, a planta tem se mostrado eficaz no al\u00edvio de dores articulares e no combate ao reumatismo, oferecendo uma alternativa natural para o tratamento de doen\u00e7as inflamat\u00f3rias cr\u00f4nicas.<\/p>\n\n\n\n<h2 class=\"wp-block-heading\">Como a urtiga auxilia no controle do metabolismo?<\/h2>\n\n\n\n<p>A capacidade da urtiga de auxiliar no equil\u00edbrio metab\u00f3lico tem atra\u00eddo interesse, especialmente em estudos focados na redu\u00e7\u00e3o dos n\u00edveis de glicose no sangue. Os polissacar\u00eddeos e compostos antioxidantes da planta melhoram a sensibilidade \u00e0 insulina e promovem um metabolismo lip\u00eddico saud\u00e1vel. Estudos indicam que a suplementa\u00e7\u00e3o com urtiga pode beneficiar pessoas com resist\u00eancia \u00e0 insulina e diabetes tipo 2, oferecendo assim uma solu\u00e7\u00e3o natural para o manejo dessas condi\u00e7\u00f5es.<\/p>\n\n\n<div class=\"wp-block-image\">\n<figure class=\"aligncenter size-large\"><img decoding=\"async\" width=\"1024\" height=\"576\" src=\"https:\/\/www.correiobraziliense.com.br\/cbradar\/wp-content\/uploads\/2025\/12\/Urtiga_1766577796870-1024x576.jpg\" alt=\"\" class=\"wp-image-162177\" srcset=\"https:\/\/www.correiobraziliense.com.br\/cbradar\/wp-content\/uploads\/2025\/12\/Urtiga_1766577796870-1024x576.jpg 1024w, https:\/\/www.correiobraziliense.com.br\/cbradar\/wp-content\/uploads\/2025\/12\/Urtiga_1766577796870-300x169.jpg 300w, https:\/\/www.correiobraziliense.com.br\/cbradar\/wp-content\/uploads\/2025\/12\/Urtiga_1766577796870-768x432.jpg 768w, https:\/\/www.correiobraziliense.com.br\/cbradar\/wp-content\/uploads\/2025\/12\/Urtiga_1766577796870-750x422.jpg 750w, https:\/\/www.correiobraziliense.com.br\/cbradar\/wp-content\/uploads\/2025\/12\/Urtiga_1766577796870-1140x641.jpg 1140w, https:\/\/www.correiobraziliense.com.br\/cbradar\/wp-content\/uploads\/2025\/12\/Urtiga_1766577796870.jpg 1280w\" sizes=\"(max-width: 1024px) 100vw, 1024px\" \/><figcaption class=\"wp-element-caption\">Urtiga &#8211; Cr\u00e9ditos: depositphotos.com \/ photooiasson<\/figcaption><\/figure><\/div>\n\n\n<h2 class=\"wp-block-heading\">A urtiga \u00e9 ben\u00e9fica para o trato urin\u00e1rio e a sa\u00fade da pr\u00f3stata?<\/h2>\n\n\n\n<p>Na Europa, a urtiga \u00e9 amplamente utilizada para o tratamento de hiperplasia prost\u00e1tica benigna e dist\u00farbios urin\u00e1rios. Os fitoester\u00f3is e lignanas presentes na planta ajudam na modula\u00e7\u00e3o hormonal e no relaxamento da musculatura vesical. Isso resulta em uma melhora significativa no fluxo urin\u00e1rio e na redu\u00e7\u00e3o da frequ\u00eancia de mic\u00e7\u00f5es noturnas, proporcionando al\u00edvio eficaz dos sintomas relacionados \u00e0 hiperplasia prost\u00e1tica leve a moderada.<\/p>\n\n\n\n<h2 class=\"wp-block-heading\">Como incluir a urtiga na rotina?<\/h2>\n\n\n\n<p>A urtiga pode ser incorporada \u00e0 rotina de diversas formas, como em ch\u00e1s, c\u00e1psulas ou extratos padronizados. Esta inclus\u00e3o permite aproveitar seus benef\u00edcios para a sa\u00fade de forma natural e cientificamente validada. \u00c9 essencial garantir que qualquer forma de consumo seja feita sob orienta\u00e7\u00e3o de um profissional de <a href=\"https:\/\/www.correiobraziliense.com.br\/cbradar\/cabeca-achatada-em-bebes-merece-atencao\/\" target=\"_blank\" rel=\"noreferrer noopener\">sa\u00fade <\/a>qualificado, para otimizar seus efeitos terap\u00eauticos sem comprometer a seguran\u00e7a.<\/p>\n\n\n\n<p>O uso da urtiga como um componente da medicina tradicional reflete seu potencial na promo\u00e7\u00e3o do bem-estar geral. Com benef\u00edcios que v\u00e3o desde a a\u00e7\u00e3o anti-inflamat\u00f3ria at\u00e9 o suporte ao metabolismo e \u00e0 sa\u00fade prost\u00e1tica, a planta se destaca como uma aliada multifuncional na busca pelo equil\u00edbrio e pela sa\u00fade de forma segura e eficaz.<\/p>\n\n\n<a href=\"https:\/\/www.instagram.com\/dra.annaluisabf\/\" target=\"_blank\" rel=\"noopener\" style=\"text-decoration: none; color: inherit;\">\n    <span style=\"display: inline-block; border: 1px solid #ccc; border-radius: 10px; padding: 15px; max-width: 550px; font-family: sans-serif; box-shadow: 0 2px 5px rgba(0,0,0,0.1); width: 100%;\">\n\n      <!-- T\u00edtulo -->\n      <span style=\"display: block; margin: 0 0 15px 0; font-weight: bold; color: #2c3e50; text-align: center;\">\n        Entre em contato:\n      <\/span>\n\n      <!-- Linha do perfil -->\n      <span style=\"display: flex; align-items: center; gap: 15px;\">\n        <img decoding=\"async\"\n          src=\"https:\/\/www.correiobraziliense.com.br\/cbradar\/wp-content\/uploads\/2025\/08\/dra_anna_luisa.jpeg\"\n          alt=\"Foto da Dra. Anna Lu\u00edsa\"\n          style=\"border-radius: 50%; width: 80px; height: 80px; object-fit: cover;\"\n        \/>\n        <span style=\"display: flex; flex-direction: column;\">\n          <span style=\"font-size: 18px; font-weight: 700; color: #2c3e50;\">Dra. Anna Lu\u00edsa Barbosa Fernandes<\/span>\n          <span style=\"color: #555;\">CRM-GO 33.271<\/span>\n        <\/span>\n      <\/span>\n\n      <!-- Redes -->\n      <span style=\"display: flex; align-items: center; gap: 10px; margin-top: 12px;\">\n        <img decoding=\"async\" src=\"https:\/\/cdn-icons-png.flaticon.com\/24\/1384\/1384063.png\" alt=\"Instagram\" width=\"24\" height=\"24\" \/>\n        <span style=\"text-decoration: underline; color: #2c3e50;\">@dra.annaluisabf<\/span>\n      <\/span>\n\n    <\/span>\n  <\/a>","protected":false},"excerpt":{"rendered":"<p>A Urtiga (Urtica dioica) \u00e9 uma planta rica em compostos bioativos como flavonoides e lignanas, conhecida por seus diversos benef\u00edcios para a sa\u00fade. Comumente utilizada na fitoterapia, ela traz qualidades anti-inflamat\u00f3rias, regula o metabolismo e beneficia a sa\u00fade do trato urin\u00e1rio. Quais s\u00e3o os efeitos anti-inflamat\u00f3rios da urtiga? A efic\u00e1cia anti-inflamat\u00f3ria da urtiga \u00e9 atribu\u00edda [&hellip;]<\/p>\n","protected":false},"author":14,"featured_media":93788,"comment_status":"open","ping_status":"open","sticky":false,"template":"","format":"standard","meta":{"_yoast_wpseo_focuskw":"Urtiga","_yoast_wpseo_title":"","_yoast_wpseo_metadesc":"A urtiga \u00e9 uma planta medicinal com a\u00e7\u00e3o anti-inflamat\u00f3ria que pode beneficiar articula\u00e7\u00f5es, metabolismo e sa\u00fade urin\u00e1ria.","jnews-multi-image_gallery":[],"jnews_single_post":{"format":"standard"},"jnews_primary_category":[],"jnews_social_meta":[],"jnews_override_counter":[],"footnotes":""},"categories":[4404],"tags":[120,247,1318],"class_list":["post-179269","post","type-post","status-publish","format-standard","has-post-thumbnail","hentry","category-saude","tag-bem-estar","tag-qualidade-de-vida","tag-saude-2"],"yoast_head":"<!-- This site is optimized with the Yoast SEO plugin v24.6 - https:\/\/yoast.com\/wordpress\/plugins\/seo\/ -->\n<title>A planta mais completa para inflama\u00e7\u00e3o e sa\u00fade urin\u00e1ria - Correio Braziliense - Radar<\/title>\n<meta name=\"description\" content=\"A urtiga \u00e9 uma planta medicinal com a\u00e7\u00e3o anti-inflamat\u00f3ria que pode beneficiar articula\u00e7\u00f5es, metabolismo e sa\u00fade urin\u00e1ria.\" \/>\n<meta name=\"robots\" content=\"index, follow, max-snippet:-1, max-image-preview:large, max-video-preview:-1\" \/>\n<link rel=\"canonical\" href=\"https:\/\/www.correiobraziliense.com.br\/cbradar\/a-planta-mais-completa-para-inflamacao-e-saude-urinaria\/\" \/>\n<meta property=\"og:locale\" content=\"pt_BR\" \/>\n<meta property=\"og:type\" content=\"article\" \/>\n<meta property=\"og:title\" content=\"A planta mais completa para inflama\u00e7\u00e3o e sa\u00fade urin\u00e1ria - Correio Braziliense - Radar\" \/>\n<meta property=\"og:description\" content=\"A urtiga \u00e9 uma planta medicinal com a\u00e7\u00e3o anti-inflamat\u00f3ria que pode beneficiar articula\u00e7\u00f5es, metabolismo e sa\u00fade urin\u00e1ria.\" \/>\n<meta property=\"og:url\" content=\"https:\/\/www.correiobraziliense.com.br\/cbradar\/a-planta-mais-completa-para-inflamacao-e-saude-urinaria\/\" \/>\n<meta property=\"og:site_name\" content=\"Correio Braziliense - Radar\" \/>\n<meta property=\"article:published_time\" content=\"2026-01-23T21:25:00+00:00\" \/>\n<meta property=\"og:image\" content=\"https:\/\/www.correiobraziliense.com.br\/cbradar\/wp-content\/uploads\/2025\/08\/urtiga_1756244890042.jpg\" \/>\n\t<meta property=\"og:image:width\" content=\"1280\" \/>\n\t<meta property=\"og:image:height\" content=\"720\" \/>\n\t<meta property=\"og:image:type\" content=\"image\/jpeg\" \/>\n<meta name=\"author\" content=\"guilherme_saude\" \/>\n<meta name=\"twitter:card\" content=\"summary_large_image\" \/>\n<meta name=\"twitter:label1\" content=\"Escrito por\" \/>\n\t<meta name=\"twitter:data1\" content=\"guilherme_saude\" \/>\n\t<meta name=\"twitter:label2\" content=\"Est. tempo de leitura\" \/>\n\t<meta name=\"twitter:data2\" content=\"4 minutos\" \/>\n<!-- \/ Yoast SEO plugin. -->","yoast_head_json":{"title":"A planta mais completa para inflama\u00e7\u00e3o e sa\u00fade urin\u00e1ria - Correio Braziliense - Radar","description":"A urtiga \u00e9 uma planta medicinal com a\u00e7\u00e3o anti-inflamat\u00f3ria que pode beneficiar articula\u00e7\u00f5es, metabolismo e sa\u00fade urin\u00e1ria.","robots":{"index":"index","follow":"follow","max-snippet":"max-snippet:-1","max-image-preview":"max-image-preview:large","max-video-preview":"max-video-preview:-1"},"canonical":"https:\/\/www.correiobraziliense.com.br\/cbradar\/a-planta-mais-completa-para-inflamacao-e-saude-urinaria\/","og_locale":"pt_BR","og_type":"article","og_title":"A planta mais completa para inflama\u00e7\u00e3o e sa\u00fade urin\u00e1ria - Correio Braziliense - Radar","og_description":"A urtiga \u00e9 uma planta medicinal com a\u00e7\u00e3o anti-inflamat\u00f3ria que pode beneficiar articula\u00e7\u00f5es, metabolismo e sa\u00fade urin\u00e1ria.","og_url":"https:\/\/www.correiobraziliense.com.br\/cbradar\/a-planta-mais-completa-para-inflamacao-e-saude-urinaria\/","og_site_name":"Correio Braziliense - Radar","article_published_time":"2026-01-23T21:25:00+00:00","og_image":[{"width":1280,"height":720,"url":"https:\/\/www.correiobraziliense.com.br\/cbradar\/wp-content\/uploads\/2025\/08\/urtiga_1756244890042.jpg","type":"image\/jpeg"}],"author":"guilherme_saude","twitter_card":"summary_large_image","twitter_misc":{"Escrito por":"guilherme_saude","Est. tempo de leitura":"4 minutos"},"schema":{"@context":"https:\/\/schema.org","@graph":[{"@type":"WebPage","@id":"https:\/\/www.correiobraziliense.com.br\/cbradar\/a-planta-mais-completa-para-inflamacao-e-saude-urinaria\/","url":"https:\/\/www.correiobraziliense.com.br\/cbradar\/a-planta-mais-completa-para-inflamacao-e-saude-urinaria\/","name":"A planta mais completa para inflama\u00e7\u00e3o e sa\u00fade urin\u00e1ria - Correio Braziliense - Radar","isPartOf":{"@id":"https:\/\/www.correiobraziliense.com.br\/cbradar\/#website"},"primaryImageOfPage":{"@id":"https:\/\/www.correiobraziliense.com.br\/cbradar\/a-planta-mais-completa-para-inflamacao-e-saude-urinaria\/#primaryimage"},"image":{"@id":"https:\/\/www.correiobraziliense.com.br\/cbradar\/a-planta-mais-completa-para-inflamacao-e-saude-urinaria\/#primaryimage"},"thumbnailUrl":"https:\/\/www.correiobraziliense.com.br\/cbradar\/wp-content\/uploads\/2025\/08\/urtiga_1756244890042.jpg","datePublished":"2026-01-23T21:25:00+00:00","author":{"@id":"https:\/\/www.correiobraziliense.com.br\/cbradar\/#\/schema\/person\/5aa4bf3c8fa699c267933611de12978b"},"description":"A urtiga \u00e9 uma planta medicinal com a\u00e7\u00e3o anti-inflamat\u00f3ria que pode beneficiar articula\u00e7\u00f5es, metabolismo e sa\u00fade urin\u00e1ria.","breadcrumb":{"@id":"https:\/\/www.correiobraziliense.com.br\/cbradar\/a-planta-mais-completa-para-inflamacao-e-saude-urinaria\/#breadcrumb"},"inLanguage":"pt-BR","potentialAction":[{"@type":"ReadAction","target":["https:\/\/www.correiobraziliense.com.br\/cbradar\/a-planta-mais-completa-para-inflamacao-e-saude-urinaria\/"]}]},{"@type":"ImageObject","inLanguage":"pt-BR","@id":"https:\/\/www.correiobraziliense.com.br\/cbradar\/a-planta-mais-completa-para-inflamacao-e-saude-urinaria\/#primaryimage","url":"https:\/\/www.correiobraziliense.com.br\/cbradar\/wp-content\/uploads\/2025\/08\/urtiga_1756244890042.jpg","contentUrl":"https:\/\/www.correiobraziliense.com.br\/cbradar\/wp-content\/uploads\/2025\/08\/urtiga_1756244890042.jpg","width":1280,"height":720,"caption":"Urtiga - Cr\u00e9ditos: depositphotos.com \/ KostyaKlimenko"},{"@type":"BreadcrumbList","@id":"https:\/\/www.correiobraziliense.com.br\/cbradar\/a-planta-mais-completa-para-inflamacao-e-saude-urinaria\/#breadcrumb","itemListElement":[{"@type":"ListItem","position":1,"name":"In\u00edcio","item":"https:\/\/www.correiobraziliense.com.br\/cbradar\/"},{"@type":"ListItem","position":2,"name":"A planta mais completa para inflama\u00e7\u00e3o e sa\u00fade urin\u00e1ria"}]},{"@type":"WebSite","@id":"https:\/\/www.correiobraziliense.com.br\/cbradar\/#website","url":"https:\/\/www.correiobraziliense.com.br\/cbradar\/","name":"Correio Braziliense - Radar","description":"Acompanhe as \u00faltimas not\u00edcias e fique bem informado sobre tudo o que acontece no Brasil e no mundo.","potentialAction":[{"@type":"SearchAction","target":{"@type":"EntryPoint","urlTemplate":"https:\/\/www.correiobraziliense.com.br\/cbradar\/?s={search_term_string}"},"query-input":{"@type":"PropertyValueSpecification","valueRequired":true,"valueName":"search_term_string"}}],"inLanguage":"pt-BR"},{"@type":"Person","@id":"https:\/\/www.correiobraziliense.com.br\/cbradar\/#\/schema\/person\/5aa4bf3c8fa699c267933611de12978b","name":"guilherme_saude","image":{"@type":"ImageObject","inLanguage":"pt-BR","@id":"https:\/\/www.correiobraziliense.com.br\/cbradar\/#\/schema\/person\/image\/","url":"https:\/\/secure.gravatar.com\/avatar\/df9adfb835d344bc0af109d41756253f?s=96&d=mm&r=g","contentUrl":"https:\/\/secure.gravatar.com\/avatar\/df9adfb835d344bc0af109d41756253f?s=96&d=mm&r=g","caption":"guilherme_saude"},"url":"https:\/\/www.correiobraziliense.com.br\/cbradar\/author\/guilherme_saude\/"}]}},"_links":{"self":[{"href":"https:\/\/www.correiobraziliense.com.br\/cbradar\/wp-json\/wp\/v2\/posts\/179269","targetHints":{"allow":["GET"]}}],"collection":[{"href":"https:\/\/www.correiobraziliense.com.br\/cbradar\/wp-json\/wp\/v2\/posts"}],"about":[{"href":"https:\/\/www.correiobraziliense.com.br\/cbradar\/wp-json\/wp\/v2\/types\/post"}],"author":[{"embeddable":true,"href":"https:\/\/www.correiobraziliense.com.br\/cbradar\/wp-json\/wp\/v2\/users\/14"}],"replies":[{"embeddable":true,"href":"https:\/\/www.correiobraziliense.com.br\/cbradar\/wp-json\/wp\/v2\/comments?post=179269"}],"version-history":[{"count":1,"href":"https:\/\/www.correiobraziliense.com.br\/cbradar\/wp-json\/wp\/v2\/posts\/179269\/revisions"}],"predecessor-version":[{"id":179272,"href":"https:\/\/www.correiobraziliense.com.br\/cbradar\/wp-json\/wp\/v2\/posts\/179269\/revisions\/179272"}],"wp:featuredmedia":[{"embeddable":true,"href":"https:\/\/www.correiobraziliense.com.br\/cbradar\/wp-json\/wp\/v2\/media\/93788"}],"wp:attachment":[{"href":"https:\/\/www.correiobraziliense.com.br\/cbradar\/wp-json\/wp\/v2\/media?parent=179269"}],"wp:term":[{"taxonomy":"category","embeddable":true,"href":"https:\/\/www.correiobraziliense.com.br\/cbradar\/wp-json\/wp\/v2\/categories?post=179269"},{"taxonomy":"post_tag","embeddable":true,"href":"https:\/\/www.correiobraziliense.com.br\/cbradar\/wp-json\/wp\/v2\/tags?post=179269"}],"curies":[{"name":"wp","href":"https:\/\/api.w.org\/{rel}","templated":true}]}}