{"id":17927,"date":"2025-04-02T22:50:00","date_gmt":"2025-04-03T01:50:00","guid":{"rendered":"https:\/\/www.correiobraziliense.com.br\/cbradar\/?p=17927"},"modified":"2025-04-01T16:59:30","modified_gmt":"2025-04-01T19:59:30","slug":"conheca-a-cidade-onde-o-silencio-virou-patrimonio-cultural","status":"publish","type":"post","link":"https:\/\/www.correiobraziliense.com.br\/cbradar\/conheca-a-cidade-onde-o-silencio-virou-patrimonio-cultural\/","title":{"rendered":"Conhe\u00e7a a cidade onde o sil\u00eancio virou patrim\u00f4nio cultural"},"content":{"rendered":"\n<p>No sul da <strong>\u00cdndia<\/strong>, pr\u00f3xima \u00e0 cidade de <strong>Pondicherry<\/strong>, existe um lugar onde o sil\u00eancio \u00e9 mais do que uma escolha \u2014 \u00e9 um <strong>princ\u00edpio de vida<\/strong>. Em <strong>Auroville<\/strong>, uma comunidade internacional ut\u00f3pica, o sil\u00eancio foi oficialmente reconhecido como parte do <strong>patrim\u00f4nio cultural e espiritual da cidade<\/strong>. L\u00e1, ele n\u00e3o representa aus\u00eancia, mas <strong>presen\u00e7a consciente, respeito e conex\u00e3o profunda com o ambiente e com o outro<\/strong>.<\/p>\n\n\n\n<p>Auroville \u00e9 uma cidade onde <strong>a paz interior \u00e9 tratada como valor urbano essencial<\/strong>, e o sil\u00eancio \u00e9 praticado coletivamente em escolas, centros culturais, caf\u00e9s e at\u00e9 nas vias p\u00fablicas.<\/p>\n\n\n\n<h2 class=\"wp-block-heading\"><strong>O que \u00e9 Auroville e por que o sil\u00eancio \u00e9 t\u00e3o importante l\u00e1?<\/strong><\/h2>\n\n\n\n<p>Fundada em 1968 com apoio da UNESCO e do governo indiano, Auroville foi criada como uma <strong>cidade universal<\/strong>, onde pessoas de todas as origens viveriam em harmonia, sem pol\u00edtica, religi\u00e3o ou propriedade privada.<\/p>\n\n\n\n<p>Dentro dessa proposta:<\/p>\n\n\n\n<ul class=\"wp-block-list\">\n<li><strong>O sil\u00eancio \u00e9 incentivado como ferramenta de autoconhecimento e conviv\u00eancia respeitosa<\/strong><\/li>\n\n\n\n<li>Muitos espa\u00e7os, como o <strong>Matrimandir<\/strong> (o templo central), s\u00e3o <strong>zonas de absoluto sil\u00eancio<\/strong><\/li>\n\n\n\n<li><strong>Escolas e centros de medita\u00e7\u00e3o praticam \u201cmomentos de sil\u00eancio\u201d coletivos diariamente<\/strong><\/li>\n\n\n\n<li>O planejamento urbano considera o sil\u00eancio como <strong>fator ambiental<\/strong>, reduzindo ru\u00eddos artificiais<\/li>\n<\/ul>\n\n\n\n<h2 class=\"wp-block-heading\"><strong>Como o sil\u00eancio virou parte oficial da cidade?<\/strong><\/h2>\n\n\n\n<p>O conceito foi institucionalizado por meio de:<\/p>\n\n\n\n<ul class=\"wp-block-list\">\n<li>Diretrizes internas do Conselho de Auroville<\/li>\n\n\n\n<li>Regulamenta\u00e7\u00f5es comunit\u00e1rias em zonas residenciais e \u00e1reas p\u00fablicas<\/li>\n\n\n\n<li>Sinaliza\u00e7\u00f5es que indicam <strong>\u201c\u00e1reas de sil\u00eancio\u201d<\/strong> \u2014 respeitadas inclusive por visitantes<\/li>\n\n\n\n<li>Projetos de arquitetura que reduzem eco, ru\u00eddo e polui\u00e7\u00e3o sonora<\/li>\n<\/ul>\n\n\n\n<p>O sil\u00eancio \u00e9 tratado n\u00e3o como imposi\u00e7\u00e3o, mas como <strong>cultura viva<\/strong>, nutrida pelo coletivo.<\/p>\n\n\n\n<h2 class=\"wp-block-heading\"><strong>Curiosidades sobre Auroville e o sil\u00eancio como patrim\u00f4nio<\/strong><\/h2>\n\n\n\n<ul class=\"wp-block-list\">\n<li><strong>A cidade n\u00e3o tem prefeitos nem partidos pol\u00edticos \u2014 decis\u00f5es s\u00e3o tomadas por consenso silencioso<\/strong><\/li>\n\n\n\n<li><strong>Carros e motos s\u00e3o desestimulados<\/strong>, priorizando bicicletas e caminhos a p\u00e9<\/li>\n\n\n\n<li><strong>O Matrimandir \u00e9 um dos espa\u00e7os mais silenciosos do mundo<\/strong>, usado para medita\u00e7\u00e3o profunda<\/li>\n\n\n\n<li><strong>Auroville abriga moradores de mais de 50 pa\u00edses<\/strong>, unidos pela busca de paz interior<\/li>\n\n\n\n<li><strong>Eventos culturais come\u00e7am com um momento de sil\u00eancio compartilhado<\/strong><\/li>\n<\/ul>\n\n\n\n<p>Auroville mostra que <strong>o sil\u00eancio pode ser um projeto urbano, uma pol\u00edtica p\u00fablica e uma forma de viver em coletivo<\/strong>, onde menos barulho significa <strong>mais presen\u00e7a, escuta e respeito ao espa\u00e7o comum<\/strong>.<\/p>\n","protected":false},"excerpt":{"rendered":"<p>Em Auroville, \u00cdndia, o sil\u00eancio \u00e9 patrim\u00f4nio cultural vivo. Conhe\u00e7a a cidade onde a paz interior e a quietude s\u00e3o pilares da vida urbana.<\/p>\n","protected":false},"author":3,"featured_media":17928,"comment_status":"open","ping_status":"open","sticky":false,"template":"","format":"standard","meta":{"_yoast_wpseo_focuskw":"cidade sil\u00eancio patrim\u00f4nio","_yoast_wpseo_title":"%%title%%","_yoast_wpseo_metadesc":"Em Auroville, \u00cdndia, o sil\u00eancio \u00e9 patrim\u00f4nio cultural vivo. Conhe\u00e7a a cidade onde a paz interior e a quietude s\u00e3o pilares da vida urbana.","jnews-multi-image_gallery":[],"jnews_single_post":{"format":"standard"},"jnews_primary_category":[],"jnews_social_meta":[],"jnews_override_counter":[],"footnotes":""},"categories":[108],"tags":[109],"class_list":["post-17927","post","type-post","status-publish","format-standard","has-post-thumbnail","hentry","category-cidades","tag-cidades"],"yoast_head":"<!-- This site is optimized with the Yoast SEO plugin v24.6 - https:\/\/yoast.com\/wordpress\/plugins\/seo\/ -->\n<title>Conhe\u00e7a a cidade onde o sil\u00eancio virou patrim\u00f4nio cultural<\/title>\n<meta name=\"description\" content=\"Em Auroville, \u00cdndia, o sil\u00eancio \u00e9 patrim\u00f4nio cultural vivo. Conhe\u00e7a a cidade onde a paz interior e a quietude s\u00e3o pilares da vida urbana.\" \/>\n<meta name=\"robots\" content=\"index, follow, max-snippet:-1, max-image-preview:large, max-video-preview:-1\" \/>\n<link rel=\"canonical\" href=\"https:\/\/www.correiobraziliense.com.br\/cbradar\/conheca-a-cidade-onde-o-silencio-virou-patrimonio-cultural\/\" \/>\n<meta property=\"og:locale\" content=\"pt_BR\" \/>\n<meta property=\"og:type\" content=\"article\" \/>\n<meta property=\"og:title\" content=\"Conhe\u00e7a a cidade onde o sil\u00eancio virou patrim\u00f4nio cultural\" \/>\n<meta property=\"og:description\" content=\"Em Auroville, \u00cdndia, o sil\u00eancio \u00e9 patrim\u00f4nio cultural vivo. Conhe\u00e7a a cidade onde a paz interior e a quietude s\u00e3o pilares da vida urbana.\" \/>\n<meta property=\"og:url\" content=\"https:\/\/www.correiobraziliense.com.br\/cbradar\/conheca-a-cidade-onde-o-silencio-virou-patrimonio-cultural\/\" \/>\n<meta property=\"og:site_name\" content=\"Correio Braziliense - Radar\" \/>\n<meta property=\"article:published_time\" content=\"2025-04-03T01:50:00+00:00\" \/>\n<meta property=\"og:image\" content=\"https:\/\/www.correiobraziliense.com.br\/cbradar\/wp-content\/uploads\/2025\/04\/Auroville_1743528577242.jpg\" \/>\n\t<meta property=\"og:image:width\" content=\"1280\" \/>\n\t<meta property=\"og:image:height\" content=\"720\" \/>\n\t<meta property=\"og:image:type\" content=\"image\/jpeg\" \/>\n<meta name=\"author\" content=\"Larissa Carvalho\" \/>\n<meta name=\"twitter:card\" content=\"summary_large_image\" \/>\n<meta name=\"twitter:label1\" content=\"Escrito por\" \/>\n\t<meta name=\"twitter:data1\" content=\"Larissa Carvalho\" \/>\n\t<meta name=\"twitter:label2\" content=\"Est. tempo de leitura\" \/>\n\t<meta name=\"twitter:data2\" content=\"2 minutos\" \/>\n<!-- \/ Yoast SEO plugin. -->","yoast_head_json":{"title":"Conhe\u00e7a a cidade onde o sil\u00eancio virou patrim\u00f4nio cultural","description":"Em Auroville, \u00cdndia, o sil\u00eancio \u00e9 patrim\u00f4nio cultural vivo. Conhe\u00e7a a cidade onde a paz interior e a quietude s\u00e3o pilares da vida urbana.","robots":{"index":"index","follow":"follow","max-snippet":"max-snippet:-1","max-image-preview":"max-image-preview:large","max-video-preview":"max-video-preview:-1"},"canonical":"https:\/\/www.correiobraziliense.com.br\/cbradar\/conheca-a-cidade-onde-o-silencio-virou-patrimonio-cultural\/","og_locale":"pt_BR","og_type":"article","og_title":"Conhe\u00e7a a cidade onde o sil\u00eancio virou patrim\u00f4nio cultural","og_description":"Em Auroville, \u00cdndia, o sil\u00eancio \u00e9 patrim\u00f4nio cultural vivo. Conhe\u00e7a a cidade onde a paz interior e a quietude s\u00e3o pilares da vida urbana.","og_url":"https:\/\/www.correiobraziliense.com.br\/cbradar\/conheca-a-cidade-onde-o-silencio-virou-patrimonio-cultural\/","og_site_name":"Correio Braziliense - Radar","article_published_time":"2025-04-03T01:50:00+00:00","og_image":[{"width":1280,"height":720,"url":"https:\/\/www.correiobraziliense.com.br\/cbradar\/wp-content\/uploads\/2025\/04\/Auroville_1743528577242.jpg","type":"image\/jpeg"}],"author":"Larissa Carvalho","twitter_card":"summary_large_image","twitter_misc":{"Escrito por":"Larissa Carvalho","Est. tempo de leitura":"2 minutos"},"schema":{"@context":"https:\/\/schema.org","@graph":[{"@type":"WebPage","@id":"https:\/\/www.correiobraziliense.com.br\/cbradar\/conheca-a-cidade-onde-o-silencio-virou-patrimonio-cultural\/","url":"https:\/\/www.correiobraziliense.com.br\/cbradar\/conheca-a-cidade-onde-o-silencio-virou-patrimonio-cultural\/","name":"Conhe\u00e7a a cidade onde o sil\u00eancio virou patrim\u00f4nio cultural","isPartOf":{"@id":"https:\/\/www.correiobraziliense.com.br\/cbradar\/#website"},"primaryImageOfPage":{"@id":"https:\/\/www.correiobraziliense.com.br\/cbradar\/conheca-a-cidade-onde-o-silencio-virou-patrimonio-cultural\/#primaryimage"},"image":{"@id":"https:\/\/www.correiobraziliense.com.br\/cbradar\/conheca-a-cidade-onde-o-silencio-virou-patrimonio-cultural\/#primaryimage"},"thumbnailUrl":"https:\/\/www.correiobraziliense.com.br\/cbradar\/wp-content\/uploads\/2025\/04\/Auroville_1743528577242.jpg","datePublished":"2025-04-03T01:50:00+00:00","author":{"@id":"https:\/\/www.correiobraziliense.com.br\/cbradar\/#\/schema\/person\/58422787644df994b53a19d3e56c1513"},"description":"Em Auroville, \u00cdndia, o sil\u00eancio \u00e9 patrim\u00f4nio cultural vivo. Conhe\u00e7a a cidade onde a paz interior e a quietude s\u00e3o pilares da vida urbana.","breadcrumb":{"@id":"https:\/\/www.correiobraziliense.com.br\/cbradar\/conheca-a-cidade-onde-o-silencio-virou-patrimonio-cultural\/#breadcrumb"},"inLanguage":"pt-BR","potentialAction":[{"@type":"ReadAction","target":["https:\/\/www.correiobraziliense.com.br\/cbradar\/conheca-a-cidade-onde-o-silencio-virou-patrimonio-cultural\/"]}]},{"@type":"ImageObject","inLanguage":"pt-BR","@id":"https:\/\/www.correiobraziliense.com.br\/cbradar\/conheca-a-cidade-onde-o-silencio-virou-patrimonio-cultural\/#primaryimage","url":"https:\/\/www.correiobraziliense.com.br\/cbradar\/wp-content\/uploads\/2025\/04\/Auroville_1743528577242.jpg","contentUrl":"https:\/\/www.correiobraziliense.com.br\/cbradar\/wp-content\/uploads\/2025\/04\/Auroville_1743528577242.jpg","width":1280,"height":720,"caption":"Auroville. Cr\u00e9ditos: depositphotos.com \/ lloyd.vas1@gmail.com"},{"@type":"BreadcrumbList","@id":"https:\/\/www.correiobraziliense.com.br\/cbradar\/conheca-a-cidade-onde-o-silencio-virou-patrimonio-cultural\/#breadcrumb","itemListElement":[{"@type":"ListItem","position":1,"name":"In\u00edcio","item":"https:\/\/www.correiobraziliense.com.br\/cbradar\/"},{"@type":"ListItem","position":2,"name":"Conhe\u00e7a a cidade onde o sil\u00eancio virou patrim\u00f4nio cultural"}]},{"@type":"WebSite","@id":"https:\/\/www.correiobraziliense.com.br\/cbradar\/#website","url":"https:\/\/www.correiobraziliense.com.br\/cbradar\/","name":"Correio Braziliense - Radar","description":"Acompanhe as \u00faltimas not\u00edcias e fique bem informado sobre tudo o que acontece no Brasil e no mundo.","potentialAction":[{"@type":"SearchAction","target":{"@type":"EntryPoint","urlTemplate":"https:\/\/www.correiobraziliense.com.br\/cbradar\/?s={search_term_string}"},"query-input":{"@type":"PropertyValueSpecification","valueRequired":true,"valueName":"search_term_string"}}],"inLanguage":"pt-BR"},{"@type":"Person","@id":"https:\/\/www.correiobraziliense.com.br\/cbradar\/#\/schema\/person\/58422787644df994b53a19d3e56c1513","name":"Larissa Carvalho","image":{"@type":"ImageObject","inLanguage":"pt-BR","@id":"https:\/\/www.correiobraziliense.com.br\/cbradar\/#\/schema\/person\/image\/","url":"https:\/\/secure.gravatar.com\/avatar\/fe4f91a0de32b52a838d0d612abdc1aa?s=96&d=mm&r=g","contentUrl":"https:\/\/secure.gravatar.com\/avatar\/fe4f91a0de32b52a838d0d612abdc1aa?s=96&d=mm&r=g","caption":"Larissa Carvalho"},"url":"https:\/\/www.correiobraziliense.com.br\/cbradar\/author\/larissamyth\/"}]}},"_links":{"self":[{"href":"https:\/\/www.correiobraziliense.com.br\/cbradar\/wp-json\/wp\/v2\/posts\/17927","targetHints":{"allow":["GET"]}}],"collection":[{"href":"https:\/\/www.correiobraziliense.com.br\/cbradar\/wp-json\/wp\/v2\/posts"}],"about":[{"href":"https:\/\/www.correiobraziliense.com.br\/cbradar\/wp-json\/wp\/v2\/types\/post"}],"author":[{"embeddable":true,"href":"https:\/\/www.correiobraziliense.com.br\/cbradar\/wp-json\/wp\/v2\/users\/3"}],"replies":[{"embeddable":true,"href":"https:\/\/www.correiobraziliense.com.br\/cbradar\/wp-json\/wp\/v2\/comments?post=17927"}],"version-history":[{"count":1,"href":"https:\/\/www.correiobraziliense.com.br\/cbradar\/wp-json\/wp\/v2\/posts\/17927\/revisions"}],"predecessor-version":[{"id":17929,"href":"https:\/\/www.correiobraziliense.com.br\/cbradar\/wp-json\/wp\/v2\/posts\/17927\/revisions\/17929"}],"wp:featuredmedia":[{"embeddable":true,"href":"https:\/\/www.correiobraziliense.com.br\/cbradar\/wp-json\/wp\/v2\/media\/17928"}],"wp:attachment":[{"href":"https:\/\/www.correiobraziliense.com.br\/cbradar\/wp-json\/wp\/v2\/media?parent=17927"}],"wp:term":[{"taxonomy":"category","embeddable":true,"href":"https:\/\/www.correiobraziliense.com.br\/cbradar\/wp-json\/wp\/v2\/categories?post=17927"},{"taxonomy":"post_tag","embeddable":true,"href":"https:\/\/www.correiobraziliense.com.br\/cbradar\/wp-json\/wp\/v2\/tags?post=17927"}],"curies":[{"name":"wp","href":"https:\/\/api.w.org\/{rel}","templated":true}]}}