{"id":179276,"date":"2026-01-23T17:15:53","date_gmt":"2026-01-23T20:15:53","guid":{"rendered":"https:\/\/www.correiobraziliense.com.br\/cbradar\/?p=179276"},"modified":"2026-01-21T15:59:07","modified_gmt":"2026-01-21T18:59:07","slug":"a-combinacao-natural-mais-poderosa-para-imunidade-e-digestao","status":"publish","type":"post","link":"https:\/\/www.correiobraziliense.com.br\/cbradar\/a-combinacao-natural-mais-poderosa-para-imunidade-e-digestao\/","title":{"rendered":"A combina\u00e7\u00e3o natural mais poderosa para imunidade e digest\u00e3o"},"content":{"rendered":"\n<p>A jun\u00e7\u00e3o de <strong>Cascas de Laranja<\/strong> e canela \u00e9 uma pr\u00e1tica antiga que tem conquistado adeptos devido aos seus variados benef\u00edcios para a sa\u00fade e bem-estar. Essa combina\u00e7\u00e3o n\u00e3o s\u00f3 proporciona um aroma agrad\u00e1vel e reconfortante ao ambiente, como tamb\u00e9m pode atuar positivamente no organismo humano.<\/p>\n\n\n\n<p>Uma das vantagens mais mencionadas \u00e9 a&nbsp;<strong>capacidade da mistura em refor\u00e7ar o sistema imunol\u00f3gico<\/strong>. Isso se deve \u00e0 presen\u00e7a generosa de vitamina C na casca de laranja, aliada aos antioxidantes que ela oferece. J\u00e1 a canela, conhecida h\u00e1 s\u00e9culos por suas propriedades medicinais, tem o potencial de aliviar problemas digestivos. Estes incluem desconfortos estomacais e a redu\u00e7\u00e3o do incha\u00e7o abdominal, contribuindo assim para uma digest\u00e3o mais suave.<\/p>\n\n\n\n<h2 class=\"wp-block-heading\">Quais s\u00e3o os benef\u00edcios dessa mistura de casca de laranja e canela?<\/h2>\n\n\n\n<p>A combina\u00e7\u00e3o da casca de laranja com a canela possui efeitos not\u00e1veis na sa\u00fade. Por um lado, a&nbsp;<strong>casca de laranja<\/strong>&nbsp;\u00e9 rica em compostos antioxidantes, que combatem o estresse oxidativo no corpo, promovendo uma melhora na imunidade. Por outro lado, a&nbsp;<strong>canela<\/strong>&nbsp;\u00e9 um excelente agente para o sistema digestivo, conhecida por suas caracter\u00edsticas anti-inflamat\u00f3rias, que ajudam a aliviar desconfortos no sistema gastrointestinal.<\/p>\n\n\n\n<p>Al\u00e9m de beneficiar o sistema digestivo e imunol\u00f3gico, essa mistura tamb\u00e9m melhora a&nbsp;<strong>circula\u00e7\u00e3o sangu\u00ednea<\/strong>. Os flavonoides encontrados na laranja ajudam a manter os vasos sangu\u00edneos saud\u00e1veis, enquanto o pot\u00e1ssio da fruta contribui para a elimina\u00e7\u00e3o do excesso de s\u00f3dio e l\u00edquidos do organismo, regulando assim a press\u00e3o arterial.<\/p>\n\n\n\n<figure class=\"wp-block-image aligncenter size-large\"><img decoding=\"async\" width=\"1024\" height=\"576\" src=\"https:\/\/www.correiobraziliense.com.br\/cbradar\/wp-content\/uploads\/2025\/05\/casca-de-laranja_1748361106243-1024x576.jpg\" alt=\"\" class=\"wp-image-43691\" srcset=\"https:\/\/www.correiobraziliense.com.br\/cbradar\/wp-content\/uploads\/2025\/05\/casca-de-laranja_1748361106243-1024x576.jpg 1024w, https:\/\/www.correiobraziliense.com.br\/cbradar\/wp-content\/uploads\/2025\/05\/casca-de-laranja_1748361106243-300x169.jpg 300w, https:\/\/www.correiobraziliense.com.br\/cbradar\/wp-content\/uploads\/2025\/05\/casca-de-laranja_1748361106243-768x432.jpg 768w, https:\/\/www.correiobraziliense.com.br\/cbradar\/wp-content\/uploads\/2025\/05\/casca-de-laranja_1748361106243-750x422.jpg 750w, https:\/\/www.correiobraziliense.com.br\/cbradar\/wp-content\/uploads\/2025\/05\/casca-de-laranja_1748361106243-1140x641.jpg 1140w, https:\/\/www.correiobraziliense.com.br\/cbradar\/wp-content\/uploads\/2025\/05\/casca-de-laranja_1748361106243.jpg 1280w\" sizes=\"(max-width: 1024px) 100vw, 1024px\" \/><figcaption class=\"wp-element-caption\">Ch\u00e1 de casca de laranja: bom humor e digest\u00e3o leve &#8211; Cr\u00e9ditos: depositphotos.com \/ asimojet\n<\/figcaption><\/figure>\n\n\n\n<h2 class=\"wp-block-heading\">Como preparar a infus\u00e3o de casca de laranja e canela?<\/h2>\n\n\n\n<p>Para extrair todos esses benef\u00edcios, uma infus\u00e3o simples pode ser preparada. Veja o passo a passo:<\/p>\n\n\n\n<ol class=\"wp-block-list\">\n<li>Comece lavando bem uma laranja antes de remover sua casca.<\/li>\n\n\n\n<li>Ferva 500 ml de \u00e1gua em uma panela.<\/li>\n\n\n\n<li>Adicione as cascas de laranja e um pau de canela na \u00e1gua fervente.<\/li>\n\n\n\n<li>Deixe cozinhar em fogo baixo por cerca de 10 minutos.<\/li>\n\n\n\n<li>Permita que a mistura descanse por alguns minutos antes de servir.<\/li>\n<\/ol>\n\n\n\n<p>Essa infus\u00e3o pode ser desfrutada como uma bebida relaxante ou, se preferir, deixe a panela destampada para que o vapor perfumado se espalhe pela casa, criando uma atmosfera acolhedora.<\/p>\n\n\n\n<h2 class=\"wp-block-heading\">Quais s\u00e3o os principais benef\u00edcios e usos?<\/h2>\n\n\n\n<p>Esta combina\u00e7\u00e3o \u00e9 valorizada n\u00e3o apenas pelos efeitos positivos na <a href=\"https:\/\/www.correiobraziliense.com.br\/cbradar\/cabeca-achatada-em-bebes-merece-atencao\/\" target=\"_blank\" rel=\"noreferrer noopener\">sa\u00fade<\/a>, mas tamb\u00e9m pelo seu uso vers\u00e1til. Entre os principais benef\u00edcios est\u00e3o:<\/p>\n\n\n\n<ul class=\"wp-block-list\">\n<li>Refor\u00e7o do\u00a0<em>sistema imunol\u00f3gico<\/em>\u00a0por meio da vitamina C presente nas cascas de laranja.<\/li>\n\n\n\n<li>A\u00e7\u00e3o\u00a0<strong>anti-inflamat\u00f3ria<\/strong>\u00a0e suporte na digest\u00e3o oferecidos pela canela.<\/li>\n\n\n\n<li>Aprimoramento da\u00a0<strong>circula\u00e7\u00e3o<\/strong>\u00a0e promo\u00e7\u00e3o do bem-estar f\u00edsico em geral.<\/li>\n<\/ul>\n\n\n\n<p>O uso dessa infus\u00e3o n\u00e3o se limita ao consumo, podendo tamb\u00e9m ser utilizada para aromatizar naturalmente ambientes, promovendo uma sensa\u00e7\u00e3o de tranquilidade e bem-estar.<\/p>\n\n\n<a href=\"https:\/\/www.instagram.com\/dra.annaluisabf\/\" target=\"_blank\" rel=\"noopener\" style=\"text-decoration: none; color: inherit;\">\n    <span style=\"display: inline-block; border: 1px solid #ccc; border-radius: 10px; padding: 15px; max-width: 550px; font-family: sans-serif; box-shadow: 0 2px 5px rgba(0,0,0,0.1); width: 100%;\">\n\n      <!-- T\u00edtulo -->\n      <span style=\"display: block; margin: 0 0 15px 0; font-weight: bold; color: #2c3e50; text-align: center;\">\n        Entre em contato:\n      <\/span>\n\n      <!-- Linha do perfil -->\n      <span style=\"display: flex; align-items: center; gap: 15px;\">\n        <img decoding=\"async\"\n          src=\"https:\/\/www.correiobraziliense.com.br\/cbradar\/wp-content\/uploads\/2025\/08\/dra_anna_luisa.jpeg\"\n          alt=\"Foto da Dra. Anna Lu\u00edsa\"\n          style=\"border-radius: 50%; width: 80px; height: 80px; object-fit: cover;\"\n        \/>\n        <span style=\"display: flex; flex-direction: column;\">\n          <span style=\"font-size: 18px; font-weight: 700; color: #2c3e50;\">Dra. Anna Lu\u00edsa Barbosa Fernandes<\/span>\n          <span style=\"color: #555;\">CRM-GO 33.271<\/span>\n        <\/span>\n      <\/span>\n\n      <!-- Redes -->\n      <span style=\"display: flex; align-items: center; gap: 10px; margin-top: 12px;\">\n        <img decoding=\"async\" src=\"https:\/\/cdn-icons-png.flaticon.com\/24\/1384\/1384063.png\" alt=\"Instagram\" width=\"24\" height=\"24\" \/>\n        <span style=\"text-decoration: underline; color: #2c3e50;\">@dra.annaluisabf<\/span>\n      <\/span>\n\n    <\/span>\n  <\/a>","protected":false},"excerpt":{"rendered":"<p>A jun\u00e7\u00e3o de Cascas de Laranja e canela \u00e9 uma pr\u00e1tica antiga que tem conquistado adeptos devido aos seus variados benef\u00edcios para a sa\u00fade e bem-estar. Essa combina\u00e7\u00e3o n\u00e3o s\u00f3 proporciona um aroma agrad\u00e1vel e reconfortante ao ambiente, como tamb\u00e9m pode atuar positivamente no organismo humano. Uma das vantagens mais mencionadas \u00e9 a&nbsp;capacidade da mistura [&hellip;]<\/p>\n","protected":false},"author":14,"featured_media":86836,"comment_status":"open","ping_status":"open","sticky":false,"template":"","format":"standard","meta":{"_yoast_wpseo_focuskw":"Cascas de Laranja","_yoast_wpseo_title":"","_yoast_wpseo_metadesc":"A casca de laranja e canela formam uma infus\u00e3o natural que pode fortalecer a imunidade e melhorar a digest\u00e3o.","jnews-multi-image_gallery":[],"jnews_single_post":{"format":"standard"},"jnews_primary_category":[],"jnews_social_meta":[],"jnews_override_counter":[],"footnotes":""},"categories":[4404],"tags":[120,247,565],"class_list":["post-179276","post","type-post","status-publish","format-standard","has-post-thumbnail","hentry","category-saude","tag-bem-estar","tag-qualidade-de-vida","tag-saude"],"yoast_head":"<!-- This site is optimized with the Yoast SEO plugin v24.6 - https:\/\/yoast.com\/wordpress\/plugins\/seo\/ -->\n<title>A combina\u00e7\u00e3o natural mais poderosa para imunidade e digest\u00e3o - Correio Braziliense - Radar<\/title>\n<meta name=\"description\" content=\"A casca de laranja e canela formam uma infus\u00e3o natural que pode fortalecer a imunidade e melhorar a digest\u00e3o.\" \/>\n<meta name=\"robots\" content=\"index, follow, max-snippet:-1, max-image-preview:large, max-video-preview:-1\" \/>\n<link rel=\"canonical\" href=\"https:\/\/www.correiobraziliense.com.br\/cbradar\/a-combinacao-natural-mais-poderosa-para-imunidade-e-digestao\/\" \/>\n<meta property=\"og:locale\" content=\"pt_BR\" \/>\n<meta property=\"og:type\" content=\"article\" \/>\n<meta property=\"og:title\" content=\"A combina\u00e7\u00e3o natural mais poderosa para imunidade e digest\u00e3o - Correio Braziliense - Radar\" \/>\n<meta property=\"og:description\" content=\"A casca de laranja e canela formam uma infus\u00e3o natural que pode fortalecer a imunidade e melhorar a digest\u00e3o.\" \/>\n<meta property=\"og:url\" content=\"https:\/\/www.correiobraziliense.com.br\/cbradar\/a-combinacao-natural-mais-poderosa-para-imunidade-e-digestao\/\" \/>\n<meta property=\"og:site_name\" content=\"Correio Braziliense - Radar\" \/>\n<meta property=\"article:published_time\" content=\"2026-01-23T20:15:53+00:00\" \/>\n<meta property=\"og:image\" content=\"https:\/\/www.correiobraziliense.com.br\/cbradar\/wp-content\/uploads\/2025\/08\/Cascas-de-Laranja_1755198228526.jpg\" \/>\n\t<meta property=\"og:image:width\" content=\"1280\" \/>\n\t<meta property=\"og:image:height\" content=\"720\" \/>\n\t<meta property=\"og:image:type\" content=\"image\/jpeg\" \/>\n<meta name=\"author\" content=\"guilherme_saude\" \/>\n<meta name=\"twitter:card\" content=\"summary_large_image\" \/>\n<meta name=\"twitter:label1\" content=\"Escrito por\" \/>\n\t<meta name=\"twitter:data1\" content=\"guilherme_saude\" \/>\n\t<meta name=\"twitter:label2\" content=\"Est. tempo de leitura\" \/>\n\t<meta name=\"twitter:data2\" content=\"4 minutos\" \/>\n<!-- \/ Yoast SEO plugin. -->","yoast_head_json":{"title":"A combina\u00e7\u00e3o natural mais poderosa para imunidade e digest\u00e3o - Correio Braziliense - Radar","description":"A casca de laranja e canela formam uma infus\u00e3o natural que pode fortalecer a imunidade e melhorar a digest\u00e3o.","robots":{"index":"index","follow":"follow","max-snippet":"max-snippet:-1","max-image-preview":"max-image-preview:large","max-video-preview":"max-video-preview:-1"},"canonical":"https:\/\/www.correiobraziliense.com.br\/cbradar\/a-combinacao-natural-mais-poderosa-para-imunidade-e-digestao\/","og_locale":"pt_BR","og_type":"article","og_title":"A combina\u00e7\u00e3o natural mais poderosa para imunidade e digest\u00e3o - Correio Braziliense - Radar","og_description":"A casca de laranja e canela formam uma infus\u00e3o natural que pode fortalecer a imunidade e melhorar a digest\u00e3o.","og_url":"https:\/\/www.correiobraziliense.com.br\/cbradar\/a-combinacao-natural-mais-poderosa-para-imunidade-e-digestao\/","og_site_name":"Correio Braziliense - Radar","article_published_time":"2026-01-23T20:15:53+00:00","og_image":[{"width":1280,"height":720,"url":"https:\/\/www.correiobraziliense.com.br\/cbradar\/wp-content\/uploads\/2025\/08\/Cascas-de-Laranja_1755198228526.jpg","type":"image\/jpeg"}],"author":"guilherme_saude","twitter_card":"summary_large_image","twitter_misc":{"Escrito por":"guilherme_saude","Est. tempo de leitura":"4 minutos"},"schema":{"@context":"https:\/\/schema.org","@graph":[{"@type":"WebPage","@id":"https:\/\/www.correiobraziliense.com.br\/cbradar\/a-combinacao-natural-mais-poderosa-para-imunidade-e-digestao\/","url":"https:\/\/www.correiobraziliense.com.br\/cbradar\/a-combinacao-natural-mais-poderosa-para-imunidade-e-digestao\/","name":"A combina\u00e7\u00e3o natural mais poderosa para imunidade e digest\u00e3o - Correio Braziliense - Radar","isPartOf":{"@id":"https:\/\/www.correiobraziliense.com.br\/cbradar\/#website"},"primaryImageOfPage":{"@id":"https:\/\/www.correiobraziliense.com.br\/cbradar\/a-combinacao-natural-mais-poderosa-para-imunidade-e-digestao\/#primaryimage"},"image":{"@id":"https:\/\/www.correiobraziliense.com.br\/cbradar\/a-combinacao-natural-mais-poderosa-para-imunidade-e-digestao\/#primaryimage"},"thumbnailUrl":"https:\/\/www.correiobraziliense.com.br\/cbradar\/wp-content\/uploads\/2025\/08\/Cascas-de-Laranja_1755198228526.jpg","datePublished":"2026-01-23T20:15:53+00:00","author":{"@id":"https:\/\/www.correiobraziliense.com.br\/cbradar\/#\/schema\/person\/5aa4bf3c8fa699c267933611de12978b"},"description":"A casca de laranja e canela formam uma infus\u00e3o natural que pode fortalecer a imunidade e melhorar a digest\u00e3o.","breadcrumb":{"@id":"https:\/\/www.correiobraziliense.com.br\/cbradar\/a-combinacao-natural-mais-poderosa-para-imunidade-e-digestao\/#breadcrumb"},"inLanguage":"pt-BR","potentialAction":[{"@type":"ReadAction","target":["https:\/\/www.correiobraziliense.com.br\/cbradar\/a-combinacao-natural-mais-poderosa-para-imunidade-e-digestao\/"]}]},{"@type":"ImageObject","inLanguage":"pt-BR","@id":"https:\/\/www.correiobraziliense.com.br\/cbradar\/a-combinacao-natural-mais-poderosa-para-imunidade-e-digestao\/#primaryimage","url":"https:\/\/www.correiobraziliense.com.br\/cbradar\/wp-content\/uploads\/2025\/08\/Cascas-de-Laranja_1755198228526.jpg","contentUrl":"https:\/\/www.correiobraziliense.com.br\/cbradar\/wp-content\/uploads\/2025\/08\/Cascas-de-Laranja_1755198228526.jpg","width":1280,"height":720,"caption":"Cascas de Laranja - Cr\u00e9ditos: depositphotos.com \/ asimojet"},{"@type":"BreadcrumbList","@id":"https:\/\/www.correiobraziliense.com.br\/cbradar\/a-combinacao-natural-mais-poderosa-para-imunidade-e-digestao\/#breadcrumb","itemListElement":[{"@type":"ListItem","position":1,"name":"In\u00edcio","item":"https:\/\/www.correiobraziliense.com.br\/cbradar\/"},{"@type":"ListItem","position":2,"name":"A combina\u00e7\u00e3o natural mais poderosa para imunidade e digest\u00e3o"}]},{"@type":"WebSite","@id":"https:\/\/www.correiobraziliense.com.br\/cbradar\/#website","url":"https:\/\/www.correiobraziliense.com.br\/cbradar\/","name":"Correio Braziliense - Radar","description":"Acompanhe as \u00faltimas not\u00edcias e fique bem informado sobre tudo o que acontece no Brasil e no mundo.","potentialAction":[{"@type":"SearchAction","target":{"@type":"EntryPoint","urlTemplate":"https:\/\/www.correiobraziliense.com.br\/cbradar\/?s={search_term_string}"},"query-input":{"@type":"PropertyValueSpecification","valueRequired":true,"valueName":"search_term_string"}}],"inLanguage":"pt-BR"},{"@type":"Person","@id":"https:\/\/www.correiobraziliense.com.br\/cbradar\/#\/schema\/person\/5aa4bf3c8fa699c267933611de12978b","name":"guilherme_saude","image":{"@type":"ImageObject","inLanguage":"pt-BR","@id":"https:\/\/www.correiobraziliense.com.br\/cbradar\/#\/schema\/person\/image\/","url":"https:\/\/secure.gravatar.com\/avatar\/df9adfb835d344bc0af109d41756253f?s=96&d=mm&r=g","contentUrl":"https:\/\/secure.gravatar.com\/avatar\/df9adfb835d344bc0af109d41756253f?s=96&d=mm&r=g","caption":"guilherme_saude"},"url":"https:\/\/www.correiobraziliense.com.br\/cbradar\/author\/guilherme_saude\/"}]}},"_links":{"self":[{"href":"https:\/\/www.correiobraziliense.com.br\/cbradar\/wp-json\/wp\/v2\/posts\/179276","targetHints":{"allow":["GET"]}}],"collection":[{"href":"https:\/\/www.correiobraziliense.com.br\/cbradar\/wp-json\/wp\/v2\/posts"}],"about":[{"href":"https:\/\/www.correiobraziliense.com.br\/cbradar\/wp-json\/wp\/v2\/types\/post"}],"author":[{"embeddable":true,"href":"https:\/\/www.correiobraziliense.com.br\/cbradar\/wp-json\/wp\/v2\/users\/14"}],"replies":[{"embeddable":true,"href":"https:\/\/www.correiobraziliense.com.br\/cbradar\/wp-json\/wp\/v2\/comments?post=179276"}],"version-history":[{"count":1,"href":"https:\/\/www.correiobraziliense.com.br\/cbradar\/wp-json\/wp\/v2\/posts\/179276\/revisions"}],"predecessor-version":[{"id":179279,"href":"https:\/\/www.correiobraziliense.com.br\/cbradar\/wp-json\/wp\/v2\/posts\/179276\/revisions\/179279"}],"wp:featuredmedia":[{"embeddable":true,"href":"https:\/\/www.correiobraziliense.com.br\/cbradar\/wp-json\/wp\/v2\/media\/86836"}],"wp:attachment":[{"href":"https:\/\/www.correiobraziliense.com.br\/cbradar\/wp-json\/wp\/v2\/media?parent=179276"}],"wp:term":[{"taxonomy":"category","embeddable":true,"href":"https:\/\/www.correiobraziliense.com.br\/cbradar\/wp-json\/wp\/v2\/categories?post=179276"},{"taxonomy":"post_tag","embeddable":true,"href":"https:\/\/www.correiobraziliense.com.br\/cbradar\/wp-json\/wp\/v2\/tags?post=179276"}],"curies":[{"name":"wp","href":"https:\/\/api.w.org\/{rel}","templated":true}]}}