{"id":179281,"date":"2026-01-23T11:05:00","date_gmt":"2026-01-23T14:05:00","guid":{"rendered":"https:\/\/www.correiobraziliense.com.br\/cbradar\/?p=179281"},"modified":"2026-01-21T15:24:43","modified_gmt":"2026-01-21T18:24:43","slug":"o-habito-simples-que-fortalece-memoria-e-concentracao","status":"publish","type":"post","link":"https:\/\/www.correiobraziliense.com.br\/cbradar\/o-habito-simples-que-fortalece-memoria-e-concentracao\/","title":{"rendered":"O h\u00e1bito simples que fortalece mem\u00f3ria e concentra\u00e7\u00e3o"},"content":{"rendered":"\n<p>A pr\u00e1tica de <strong>Falar Sozinho<\/strong>, muitas vezes evitada por receio de julgamentos, tem despertado o interesse de pesquisadores devido aos seus potenciais benef\u00edcios cognitivos. Em vez de um sinal de preocupa\u00e7\u00e3o, essa pr\u00e1tica pode ser uma poderosa aliada no aprimoramento de fun\u00e7\u00f5es mentais como mem\u00f3ria e concentra\u00e7\u00e3o.<\/p>\n\n\n\n<p>O ato de verbalizar pensamentos n\u00e3o \u00e9 apenas uma maneira de refletir sobre ideias, mas uma t\u00e9cnica eficaz para refor\u00e7ar o foco. Quando se fala em voz alta, especialmente durante a realiza\u00e7\u00e3o de tarefas, h\u00e1 um aumento na organiza\u00e7\u00e3o das ideias, facilitando a execu\u00e7\u00e3o de atividades de forma mais clara e eficiente.<\/p>\n\n\n\n<h2 class=\"wp-block-heading\">Como o ato de Falar Sozinho beneficia a mente?<\/h2>\n\n\n\n<p>A comunica\u00e7\u00e3o verbal consigo mesmo ativa processos no c\u00e9rebro que s\u00e3o essenciais para a mem\u00f3ria e a tomada de decis\u00f5es. Estudos sugerem que pessoas que conversam consigo durante tarefas visuais, por exemplo, t\u00eam um desempenho superior na identifica\u00e7\u00e3o de elementos. Isso se deve \u00e0 ativa\u00e7\u00e3o de \u00e1reas cerebrais respons\u00e1veis pelo processamento da linguagem e percep\u00e7\u00e3o espacial.<\/p>\n\n\n<div class=\"wp-block-image\">\n<figure class=\"aligncenter size-large\"><img decoding=\"async\" width=\"1024\" height=\"576\" src=\"https:\/\/www.correiobraziliense.com.br\/cbradar\/wp-content\/uploads\/2025\/07\/Falar-Sozinho_1752424499174-1024x576.jpg\" alt=\"\" class=\"wp-image-69435\" srcset=\"https:\/\/www.correiobraziliense.com.br\/cbradar\/wp-content\/uploads\/2025\/07\/Falar-Sozinho_1752424499174-1024x576.jpg 1024w, https:\/\/www.correiobraziliense.com.br\/cbradar\/wp-content\/uploads\/2025\/07\/Falar-Sozinho_1752424499174-300x169.jpg 300w, https:\/\/www.correiobraziliense.com.br\/cbradar\/wp-content\/uploads\/2025\/07\/Falar-Sozinho_1752424499174-768x432.jpg 768w, https:\/\/www.correiobraziliense.com.br\/cbradar\/wp-content\/uploads\/2025\/07\/Falar-Sozinho_1752424499174-750x422.jpg 750w, https:\/\/www.correiobraziliense.com.br\/cbradar\/wp-content\/uploads\/2025\/07\/Falar-Sozinho_1752424499174-1140x641.jpg 1140w, https:\/\/www.correiobraziliense.com.br\/cbradar\/wp-content\/uploads\/2025\/07\/Falar-Sozinho_1752424499174.jpg 1280w\" sizes=\"(max-width: 1024px) 100vw, 1024px\" \/><figcaption class=\"wp-element-caption\">Falar sozinho &#8211; Cr\u00e9ditos: depositphotos.com \/ nevzorovavika<\/figcaption><\/figure><\/div>\n\n\n<h2 class=\"wp-block-heading\">Qual a import\u00e2ncia do autodi\u00e1logo na inf\u00e2ncia?<\/h2>\n\n\n\n<p>Na inf\u00e2ncia, o h\u00e1bito de Falar Sozinho \u00e9 sobretudo uma ferramenta de aprendizagem. Ele permite que as crian\u00e7as processem informa\u00e7\u00f5es de maneira mais eficaz, ajudando-as a seguir instru\u00e7\u00f5es e desempenhar tarefas com maior compet\u00eancia. Este processo contribui significativamente para o desenvolvimento cognitivo e social, aprimorando habilidades motoras e de comunica\u00e7\u00e3o.<\/p>\n\n\n\n<h2 class=\"wp-block-heading\">Como o autodi\u00e1logo \u00e9 incorporado \u00e0s terapias?<\/h2>\n\n\n\n<p>Profissionais de <a href=\"https:\/\/www.correiobraziliense.com.br\/cbradar\/cabeca-achatada-em-bebes-merece-atencao\/\" target=\"_blank\" rel=\"noreferrer noopener\">sa\u00fade <\/a>mental t\u00eam utilizado o autodi\u00e1logo como parte de estrat\u00e9gias terap\u00eauticas para ajudar no gerenciamento do estresse e da ansiedade. A pr\u00e1tica fornece um espa\u00e7o para que as pessoas organizem seus pensamentos e controlem suas emo\u00e7\u00f5es, facilitando uma melhor compreens\u00e3o e resolu\u00e7\u00e3o de conflitos pessoais internos.<\/p>\n\n\n\n<ul class=\"wp-block-list\">\n<li>Auxilia na redu\u00e7\u00e3o do estresse emocional.<\/li>\n\n\n\n<li>Promove a introspec\u00e7\u00e3o e autoconhecimento.<\/li>\n\n\n\n<li>Estimula a autoconfian\u00e7a em decis\u00f5es importantes.<\/li>\n<\/ul>\n\n\n\n<h2 class=\"wp-block-heading\">Quais s\u00e3o os efeitos do autodi\u00e1logo no bem-estar emocional?<\/h2>\n\n\n\n<p>Dialogar consigo mesmo regularmente promove n\u00e3o apenas a clareza mental, mas tamb\u00e9m um senso de conforto e motiva\u00e7\u00e3o di\u00e1ria. Essa pr\u00e1tica tem se mostrado vital para o equil\u00edbrio emocional, incentivando o autocuidado e o desenvolvimento pessoal cont\u00ednuo. A comunica\u00e7\u00e3o interna \u00e9, portanto, uma valiosa aliada na busca por um estilo de vida saud\u00e1vel e equilibrado.<\/p>\n\n\n\n<p>Compreender e aceitar o autodi\u00e1logo como uma ferramenta \u00fatil pode transformar a vis\u00e3o que muitos t\u00eam sobre essa pr\u00e1tica, revelando seu verdadeiro potencial na melhoria da qualidade de vida e no fortalecimento das habilidades emocionais e cognitivas.<\/p>\n\n\n<a href=\"https:\/\/www.instagram.com\/dra.annaluisabf\/\" target=\"_blank\" rel=\"noopener\" style=\"text-decoration: none; color: inherit;\">\n    <span style=\"display: inline-block; border: 1px solid #ccc; border-radius: 10px; padding: 15px; max-width: 550px; font-family: sans-serif; box-shadow: 0 2px 5px rgba(0,0,0,0.1); width: 100%;\">\n\n      <!-- T\u00edtulo -->\n      <span style=\"display: block; margin: 0 0 15px 0; font-weight: bold; color: #2c3e50; text-align: center;\">\n        Entre em contato:\n      <\/span>\n\n      <!-- Linha do perfil -->\n      <span style=\"display: flex; align-items: center; gap: 15px;\">\n        <img decoding=\"async\"\n          src=\"https:\/\/www.correiobraziliense.com.br\/cbradar\/wp-content\/uploads\/2025\/08\/dra_anna_luisa.jpeg\"\n          alt=\"Foto da Dra. Anna Lu\u00edsa\"\n          style=\"border-radius: 50%; width: 80px; height: 80px; object-fit: cover;\"\n        \/>\n        <span style=\"display: flex; flex-direction: column;\">\n          <span style=\"font-size: 18px; font-weight: 700; color: #2c3e50;\">Dra. Anna Lu\u00edsa Barbosa Fernandes<\/span>\n          <span style=\"color: #555;\">CRM-GO 33.271<\/span>\n        <\/span>\n      <\/span>\n\n      <!-- Redes -->\n      <span style=\"display: flex; align-items: center; gap: 10px; margin-top: 12px;\">\n        <img decoding=\"async\" src=\"https:\/\/cdn-icons-png.flaticon.com\/24\/1384\/1384063.png\" alt=\"Instagram\" width=\"24\" height=\"24\" \/>\n        <span style=\"text-decoration: underline; color: #2c3e50;\">@dra.annaluisabf<\/span>\n      <\/span>\n\n    <\/span>\n  <\/a>\n\n\n<p><\/p>\n","protected":false},"excerpt":{"rendered":"<p>A pr\u00e1tica de Falar Sozinho, muitas vezes evitada por receio de julgamentos, tem despertado o interesse de pesquisadores devido aos seus potenciais benef\u00edcios cognitivos. Em vez de um sinal de preocupa\u00e7\u00e3o, essa pr\u00e1tica pode ser uma poderosa aliada no aprimoramento de fun\u00e7\u00f5es mentais como mem\u00f3ria e concentra\u00e7\u00e3o. O ato de verbalizar pensamentos n\u00e3o \u00e9 apenas [&hellip;]<\/p>\n","protected":false},"author":14,"featured_media":69434,"comment_status":"open","ping_status":"open","sticky":false,"template":"","format":"standard","meta":{"_yoast_wpseo_focuskw":"Falar Sozinho","_yoast_wpseo_title":"","_yoast_wpseo_metadesc":"Falar sozinho pode melhorar a mem\u00f3ria, o foco e a organiza\u00e7\u00e3o mental, sendo um h\u00e1bito mais ben\u00e9fico do que parece.","jnews-multi-image_gallery":[],"jnews_single_post":{"format":"standard"},"jnews_primary_category":[],"jnews_social_meta":[],"jnews_override_counter":[],"footnotes":""},"categories":[4404],"post_tag":[120,2530,247,565],"class_list":["post-179281","post","type-post","status-publish","format-standard","has-post-thumbnail","hentry","category-saude","tag-bem-estar","tag-falar-sozinho","tag-qualidade-de-vida","tag-saude"],"yoast_head":"<!-- This site is optimized with the Yoast SEO plugin v24.6 - https:\/\/yoast.com\/wordpress\/plugins\/seo\/ -->\n<title>O h\u00e1bito simples que fortalece mem\u00f3ria e concentra\u00e7\u00e3o - Correio Braziliense - Radar<\/title>\n<meta name=\"description\" content=\"Falar sozinho pode melhorar a mem\u00f3ria, o foco e a organiza\u00e7\u00e3o mental, sendo um h\u00e1bito mais ben\u00e9fico do que parece.\" \/>\n<meta name=\"robots\" content=\"index, follow, max-snippet:-1, max-image-preview:large, max-video-preview:-1\" \/>\n<link rel=\"canonical\" href=\"https:\/\/www.correiobraziliense.com.br\/cbradar\/o-habito-simples-que-fortalece-memoria-e-concentracao\/\" \/>\n<meta property=\"og:locale\" content=\"pt_BR\" \/>\n<meta property=\"og:type\" content=\"article\" \/>\n<meta property=\"og:title\" content=\"O h\u00e1bito simples que fortalece mem\u00f3ria e concentra\u00e7\u00e3o - Correio Braziliense - Radar\" \/>\n<meta property=\"og:description\" content=\"Falar sozinho pode melhorar a mem\u00f3ria, o foco e a organiza\u00e7\u00e3o mental, sendo um h\u00e1bito mais ben\u00e9fico do que parece.\" \/>\n<meta property=\"og:url\" content=\"https:\/\/www.correiobraziliense.com.br\/cbradar\/o-habito-simples-que-fortalece-memoria-e-concentracao\/\" \/>\n<meta property=\"og:site_name\" content=\"Correio Braziliense - Radar\" \/>\n<meta property=\"article:published_time\" content=\"2026-01-23T14:05:00+00:00\" \/>\n<meta property=\"og:image\" content=\"https:\/\/www.correiobraziliense.com.br\/cbradar\/wp-content\/uploads\/2025\/07\/Falar-Sozinho_1752424473761.jpg\" \/>\n\t<meta property=\"og:image:width\" content=\"1280\" \/>\n\t<meta property=\"og:image:height\" content=\"720\" \/>\n\t<meta property=\"og:image:type\" content=\"image\/jpeg\" \/>\n<meta name=\"author\" content=\"guilherme_saude\" \/>\n<meta name=\"twitter:card\" content=\"summary_large_image\" \/>\n<meta name=\"twitter:label1\" content=\"Escrito por\" \/>\n\t<meta name=\"twitter:data1\" content=\"guilherme_saude\" \/>\n\t<meta name=\"twitter:label2\" content=\"Est. tempo de leitura\" \/>\n\t<meta name=\"twitter:data2\" content=\"4 minutos\" \/>\n<!-- \/ Yoast SEO plugin. -->","yoast_head_json":{"title":"O h\u00e1bito simples que fortalece mem\u00f3ria e concentra\u00e7\u00e3o - Correio Braziliense - Radar","description":"Falar sozinho pode melhorar a mem\u00f3ria, o foco e a organiza\u00e7\u00e3o mental, sendo um h\u00e1bito mais ben\u00e9fico do que parece.","robots":{"index":"index","follow":"follow","max-snippet":"max-snippet:-1","max-image-preview":"max-image-preview:large","max-video-preview":"max-video-preview:-1"},"canonical":"https:\/\/www.correiobraziliense.com.br\/cbradar\/o-habito-simples-que-fortalece-memoria-e-concentracao\/","og_locale":"pt_BR","og_type":"article","og_title":"O h\u00e1bito simples que fortalece mem\u00f3ria e concentra\u00e7\u00e3o - Correio Braziliense - Radar","og_description":"Falar sozinho pode melhorar a mem\u00f3ria, o foco e a organiza\u00e7\u00e3o mental, sendo um h\u00e1bito mais ben\u00e9fico do que parece.","og_url":"https:\/\/www.correiobraziliense.com.br\/cbradar\/o-habito-simples-que-fortalece-memoria-e-concentracao\/","og_site_name":"Correio Braziliense - Radar","article_published_time":"2026-01-23T14:05:00+00:00","og_image":[{"width":1280,"height":720,"url":"https:\/\/www.correiobraziliense.com.br\/cbradar\/wp-content\/uploads\/2025\/07\/Falar-Sozinho_1752424473761.jpg","type":"image\/jpeg"}],"author":"guilherme_saude","twitter_card":"summary_large_image","twitter_misc":{"Escrito por":"guilherme_saude","Est. tempo de leitura":"4 minutos"},"schema":{"@context":"https:\/\/schema.org","@graph":[{"@type":"WebPage","@id":"https:\/\/www.correiobraziliense.com.br\/cbradar\/o-habito-simples-que-fortalece-memoria-e-concentracao\/","url":"https:\/\/www.correiobraziliense.com.br\/cbradar\/o-habito-simples-que-fortalece-memoria-e-concentracao\/","name":"O h\u00e1bito simples que fortalece mem\u00f3ria e concentra\u00e7\u00e3o - Correio Braziliense - Radar","isPartOf":{"@id":"https:\/\/www.correiobraziliense.com.br\/cbradar\/#website"},"primaryImageOfPage":{"@id":"https:\/\/www.correiobraziliense.com.br\/cbradar\/o-habito-simples-que-fortalece-memoria-e-concentracao\/#primaryimage"},"image":{"@id":"https:\/\/www.correiobraziliense.com.br\/cbradar\/o-habito-simples-que-fortalece-memoria-e-concentracao\/#primaryimage"},"thumbnailUrl":"https:\/\/www.correiobraziliense.com.br\/cbradar\/wp-content\/uploads\/2025\/07\/Falar-Sozinho_1752424473761.jpg","datePublished":"2026-01-23T14:05:00+00:00","author":{"@id":"https:\/\/www.correiobraziliense.com.br\/cbradar\/#\/schema\/person\/5aa4bf3c8fa699c267933611de12978b"},"description":"Falar sozinho pode melhorar a mem\u00f3ria, o foco e a organiza\u00e7\u00e3o mental, sendo um h\u00e1bito mais ben\u00e9fico do que parece.","breadcrumb":{"@id":"https:\/\/www.correiobraziliense.com.br\/cbradar\/o-habito-simples-que-fortalece-memoria-e-concentracao\/#breadcrumb"},"inLanguage":"pt-BR","potentialAction":[{"@type":"ReadAction","target":["https:\/\/www.correiobraziliense.com.br\/cbradar\/o-habito-simples-que-fortalece-memoria-e-concentracao\/"]}]},{"@type":"ImageObject","inLanguage":"pt-BR","@id":"https:\/\/www.correiobraziliense.com.br\/cbradar\/o-habito-simples-que-fortalece-memoria-e-concentracao\/#primaryimage","url":"https:\/\/www.correiobraziliense.com.br\/cbradar\/wp-content\/uploads\/2025\/07\/Falar-Sozinho_1752424473761.jpg","contentUrl":"https:\/\/www.correiobraziliense.com.br\/cbradar\/wp-content\/uploads\/2025\/07\/Falar-Sozinho_1752424473761.jpg","width":1280,"height":720,"caption":"Falar - Cr\u00e9ditos: depositphotos.com \/ carlotoffolo"},{"@type":"BreadcrumbList","@id":"https:\/\/www.correiobraziliense.com.br\/cbradar\/o-habito-simples-que-fortalece-memoria-e-concentracao\/#breadcrumb","itemListElement":[{"@type":"ListItem","position":1,"name":"In\u00edcio","item":"https:\/\/www.correiobraziliense.com.br\/cbradar\/"},{"@type":"ListItem","position":2,"name":"O h\u00e1bito simples que fortalece mem\u00f3ria e concentra\u00e7\u00e3o"}]},{"@type":"WebSite","@id":"https:\/\/www.correiobraziliense.com.br\/cbradar\/#website","url":"https:\/\/www.correiobraziliense.com.br\/cbradar\/","name":"Correio Braziliense - Radar","description":"Acompanhe as \u00faltimas not\u00edcias e fique bem informado sobre tudo o que acontece no Brasil e no mundo.","potentialAction":[{"@type":"SearchAction","target":{"@type":"EntryPoint","urlTemplate":"https:\/\/www.correiobraziliense.com.br\/cbradar\/?s={search_term_string}"},"query-input":{"@type":"PropertyValueSpecification","valueRequired":true,"valueName":"search_term_string"}}],"inLanguage":"pt-BR"},{"@type":"Person","@id":"https:\/\/www.correiobraziliense.com.br\/cbradar\/#\/schema\/person\/5aa4bf3c8fa699c267933611de12978b","name":"guilherme_saude","image":{"@type":"ImageObject","inLanguage":"pt-BR","@id":"https:\/\/www.correiobraziliense.com.br\/cbradar\/#\/schema\/person\/image\/","url":"https:\/\/secure.gravatar.com\/avatar\/df9adfb835d344bc0af109d41756253f?s=96&d=mm&r=g","contentUrl":"https:\/\/secure.gravatar.com\/avatar\/df9adfb835d344bc0af109d41756253f?s=96&d=mm&r=g","caption":"guilherme_saude"},"url":"https:\/\/www.correiobraziliense.com.br\/cbradar\/author\/guilherme_saude\/"}]}},"_links":{"self":[{"href":"https:\/\/www.correiobraziliense.com.br\/cbradar\/wp-json\/wp\/v2\/posts\/179281","targetHints":{"allow":["GET"]}}],"collection":[{"href":"https:\/\/www.correiobraziliense.com.br\/cbradar\/wp-json\/wp\/v2\/posts"}],"about":[{"href":"https:\/\/www.correiobraziliense.com.br\/cbradar\/wp-json\/wp\/v2\/types\/post"}],"author":[{"embeddable":true,"href":"https:\/\/www.correiobraziliense.com.br\/cbradar\/wp-json\/wp\/v2\/users\/14"}],"replies":[{"embeddable":true,"href":"https:\/\/www.correiobraziliense.com.br\/cbradar\/wp-json\/wp\/v2\/comments?post=179281"}],"version-history":[{"count":1,"href":"https:\/\/www.correiobraziliense.com.br\/cbradar\/wp-json\/wp\/v2\/posts\/179281\/revisions"}],"predecessor-version":[{"id":179283,"href":"https:\/\/www.correiobraziliense.com.br\/cbradar\/wp-json\/wp\/v2\/posts\/179281\/revisions\/179283"}],"wp:featuredmedia":[{"embeddable":true,"href":"https:\/\/www.correiobraziliense.com.br\/cbradar\/wp-json\/wp\/v2\/media\/69434"}],"wp:attachment":[{"href":"https:\/\/www.correiobraziliense.com.br\/cbradar\/wp-json\/wp\/v2\/media?parent=179281"}],"wp:term":[{"taxonomy":"category","embeddable":true,"href":"https:\/\/www.correiobraziliense.com.br\/cbradar\/wp-json\/wp\/v2\/categories?post=179281"},{"taxonomy":"post_tag","embeddable":true,"href":"https:\/\/www.correiobraziliense.com.br\/cbradar\/wp-json\/wp\/v2\/post_tag?post=179281"}],"curies":[{"name":"wp","href":"https:\/\/api.w.org\/{rel}","templated":true}]}}