{"id":179290,"date":"2026-01-25T19:35:00","date_gmt":"2026-01-25T22:35:00","guid":{"rendered":"https:\/\/www.correiobraziliense.com.br\/cbradar\/?p=179290"},"modified":"2026-01-24T12:26:00","modified_gmt":"2026-01-24T15:26:00","slug":"os-sinais-inofensivos-que-apontam-um-comeco-silencioso-do-alzheimer","status":"publish","type":"post","link":"https:\/\/www.correiobraziliense.com.br\/cbradar\/os-sinais-inofensivos-que-apontam-um-comeco-silencioso-do-alzheimer\/","title":{"rendered":"Os sinais inofensivos que apontam um come\u00e7o silencioso do Alzheimer"},"content":{"rendered":"\n<p>A doen\u00e7a de <strong>Alzheimer<\/strong> tem sido cada vez mais mencionada em conversas familiares, consultas m\u00e9dicas e reportagens, sobretudo pelo envelhecimento da popula\u00e7\u00e3o. Trata-se de um dist\u00farbio neurodegenerativo que interfere, de forma lenta e progressiva, na mem\u00f3ria, no racioc\u00ednio e no comportamento. Em muitos casos, os primeiros sinais passam despercebidos e s\u00e3o confundidos com o envelhecimento considerado \u201cnormal\u201d, o que acaba atrasando a procura por ajuda especializada e o in\u00edcio de um <strong>acompanhamento adequado<\/strong>.<\/p>\n\n\n\n<h2 class=\"wp-block-heading\">O que \u00e9 Alzheimer e como a doen\u00e7a evolui ao longo do tempo<\/h2>\n\n\n\n<p>O Alzheimer \u00e9 uma doen\u00e7a neurodegenerativa que afeta principalmente a mem\u00f3ria, o pensamento e o comportamento. Ele ocorre devido \u00e0 morte progressiva de c\u00e9lulas cerebrais, interferindo na comunica\u00e7\u00e3o entre os neur\u00f4nios. Os primeiros sinais costumam ser esquecimentos frequentes e dificuldade de aprendizado. Com o tempo, essas altera\u00e7\u00f5es se tornam mais evidentes.<\/p>\n\n\n\n<p>Ao longo da evolu\u00e7\u00e3o da doen\u00e7a, outras fun\u00e7\u00f5es cognitivas tamb\u00e9m s\u00e3o comprometidas. A pessoa pode apresentar confus\u00e3o, dificuldades de linguagem e perda de autonomia. Em est\u00e1gios mais avan\u00e7ados, tarefas b\u00e1sicas do dia a dia se tornam dif\u00edceis. A progress\u00e3o \u00e9 gradual e varia de pessoa para pessoa.<\/p>\n\n\n\n<h2 class=\"wp-block-heading\">Principais sintomas de Alzheimer e quando ligar o sinal de alerta<\/h2>\n\n\n\n<p>Os primeiros sintomas de <strong>Alzheimer<\/strong> muitas vezes aparecem em detalhes simples da rotina. Familiares relatam epis\u00f3dios de repeti\u00e7\u00e3o de perguntas, troca de objetos de lugar e perda de itens importantes, sinais que n\u00e3o devem ser atribu\u00eddos automaticamente \u00e0 idade, pois podem indicar altera\u00e7\u00f5es precoces da <strong>mem\u00f3ria recente<\/strong> e da organiza\u00e7\u00e3o do pensamento.<\/p>\n\n\n\n<p>Entre os sintomas mais frequentemente observados no in\u00edcio do quadro, destacam-se manifesta\u00e7\u00f5es que afetam mem\u00f3ria, comportamento e orienta\u00e7\u00e3o no espa\u00e7o, exigindo aten\u00e7\u00e3o e avalia\u00e7\u00e3o profissional quando se tornam frequentes ou progressivas:<\/p>\n\n\n\n<ul class=\"wp-block-list\">\n<li><strong>Perda de mem\u00f3ria recente<\/strong>, como n\u00e3o se lembrar de conversas ou acontecimentos de poucas horas ou dias antes;<\/li>\n\n\n\n<li><strong>Dificuldade para realizar tarefas cotidianas<\/strong>, como pagar contas na data correta ou seguir uma receita conhecida;<\/li>\n\n\n\n<li><strong>Repeti\u00e7\u00e3o de perguntas<\/strong> ou coment\u00e1rios em intervalos curtos, sem perceber que o assunto j\u00e1 foi tratado;<\/li>\n\n\n\n<li><strong>Desorienta\u00e7\u00e3o em trajetos conhecidos<\/strong>, incluindo dificuldade para conduzir ou voltar de lugares habituais;<\/li>\n\n\n\n<li><strong>Problemas de linguagem<\/strong>, com dificuldade para encontrar palavras que expressem ideias ou sentimentos;<\/li>\n\n\n\n<li><strong>Mudan\u00e7as de comportamento<\/strong>, como irritabilidade, desconfian\u00e7a sem motivo claro, agressividade, passividade e tend\u00eancia ao isolamento.<\/li>\n<\/ul>\n\n\n\n<p>Para aprofundarmos no tema, trouxemos o v\u00eddeo do Dr. Ivar Brandi (@ivarbrandineuro):<\/p>\n\n\n\n<blockquote class=\"tiktok-embed\" cite=\"https:\/\/www.tiktok.com\/@ivarbrandineuro\/video\/7345601888601001221\" data-video-id=\"7345601888601001221\" style=\"max-width: 605px;min-width: 325px;\" > <section> <a target=\"_blank\" title=\"@ivarbrandineuro\" href=\"https:\/\/www.tiktok.com\/@ivarbrandineuro?refer=embed\">@ivarbrandineuro<\/a> Esses s\u00e3o alguns sinais de alerta sobre a doen\u00e7a de Alzheimer. Voc\u00ea ou algu\u00e9m do seu conv\u00edvio j\u00e1 passou por esses sinais? <a title=\"alzheimer\" target=\"_blank\" href=\"https:\/\/www.tiktok.com\/tag\/alzheimer?refer=embed\">#alzheimer<\/a> <a title=\"doencadealzheimer\" target=\"_blank\" href=\"https:\/\/www.tiktok.com\/tag\/doencadealzheimer?refer=embed\">#doencadealzheimer<\/a> <a title=\"doen\u00e7adealzheimer\" target=\"_blank\" href=\"https:\/\/www.tiktok.com\/tag\/doen%C3%A7adealzheimer?refer=embed\">#doen\u00e7adealzheimer<\/a> <a target=\"_blank\" title=\"\u266c som original - Dr Ivar Brandi Neurologista\" href=\"https:\/\/www.tiktok.com\/music\/som-original-7345601897917598470?refer=embed\">\u266c som original &#8211; Dr Ivar Brandi Neurologista<\/a> <\/section> <\/blockquote> <script async src=\"https:\/\/www.tiktok.com\/embed.js\"><\/script>\n\n\n\n<h2 class=\"wp-block-heading\">Alzheimer tem cura e qual \u00e9 a import\u00e2ncia do diagn\u00f3stico precoce<\/h2>\n\n\n\n<p>At\u00e9 2025, n\u00e3o h\u00e1 <strong>cura estabelecida<\/strong> para a doen\u00e7a de Alzheimer, mas existem tratamentos que podem retardar a progress\u00e3o dos sintomas e contribuir para uma vida mais funcional. Medicamentos espec\u00edficos, aliados a interven\u00e7\u00f5es n\u00e3o farmacol\u00f3gicas \u2013 como <strong>estimula\u00e7\u00e3o cognitiva, fisioterapia, terapia ocupacional e suporte psicol\u00f3gico<\/strong> \u2013 ajudam a preservar por mais tempo as capacidades remanescentes.<\/p>\n\n\n\n<p>Quando o dist\u00farbio \u00e9 identificado precocemente, torna-se poss\u00edvel planejar cuidados futuros, iniciar tratamentos que reduzam a velocidade de piora e orientar a fam\u00edlia quanto a adapta\u00e7\u00f5es na rotina. O controle de doen\u00e7as associadas, como <strong>hipertens\u00e3o, diabetes, depress\u00e3o e apneia do sono<\/strong>, tamb\u00e9m \u00e9 fundamental para evitar piora do quadro e manter a qualidade de vida por mais tempo.<\/p>\n\n\n\n<h2 class=\"wp-block-heading\">Como prevenir a doen\u00e7a de Alzheimer ou reduzir o risco<\/h2>\n\n\n\n<p>A preven\u00e7\u00e3o completa do <strong>Alzheimer<\/strong> ainda n\u00e3o \u00e9 poss\u00edvel, principalmente em situa\u00e7\u00f5es de forte componente gen\u00e9tico ou de avan\u00e7o natural da idade. Mesmo assim, estudos apontam h\u00e1bitos que podem reduzir o risco de desenvolver dem\u00eancia ou postergar o surgimento dos sintomas, refor\u00e7ando a import\u00e2ncia de um <strong>estilo de vida saud\u00e1vel<\/strong> desde a meia-idade.<\/p>\n\n\n\n<p>A prote\u00e7\u00e3o do c\u00e9rebro est\u00e1 intimamente ligada ao cuidado com o cora\u00e7\u00e3o e com o estilo de vida de forma geral. Atividade f\u00edsica regular, alimenta\u00e7\u00e3o equilibrada, est\u00edmulo cognitivo e sono adequado formam um conjunto de a\u00e7\u00f5es que favorecem um c\u00e9rebro mais resistente ao longo do envelhecimento.<\/p>\n\n\n\n<figure class=\"wp-block-image size-large\"><img decoding=\"async\" width=\"1024\" height=\"576\" src=\"https:\/\/www.correiobraziliense.com.br\/cbradar\/wp-content\/uploads\/2026\/01\/\u2705-BANNER-MYTH-41-1-1024x576.png\" alt=\"Os sinais inofensivos que apontam um come\u00e7o silencioso do Alzheimer\" class=\"wp-image-179292\" srcset=\"https:\/\/www.correiobraziliense.com.br\/cbradar\/wp-content\/uploads\/2026\/01\/\u2705-BANNER-MYTH-41-1-1024x576.png 1024w, https:\/\/www.correiobraziliense.com.br\/cbradar\/wp-content\/uploads\/2026\/01\/\u2705-BANNER-MYTH-41-1-300x169.png 300w, https:\/\/www.correiobraziliense.com.br\/cbradar\/wp-content\/uploads\/2026\/01\/\u2705-BANNER-MYTH-41-1-768x432.png 768w, https:\/\/www.correiobraziliense.com.br\/cbradar\/wp-content\/uploads\/2026\/01\/\u2705-BANNER-MYTH-41-1-750x422.png 750w, https:\/\/www.correiobraziliense.com.br\/cbradar\/wp-content\/uploads\/2026\/01\/\u2705-BANNER-MYTH-41-1-1140x641.png 1140w, https:\/\/www.correiobraziliense.com.br\/cbradar\/wp-content\/uploads\/2026\/01\/\u2705-BANNER-MYTH-41-1.png 1280w\" sizes=\"(max-width: 1024px) 100vw, 1024px\" \/><figcaption class=\"wp-element-caption\">Detecte cedo o Alzheimer: preserve mem\u00f3rias, autonomia e la\u00e7os familiares com diagn\u00f3stico precoce e cuidados atenciosos transformadores!<\/figcaption><\/figure>\n\n\n\n<h2 class=\"wp-block-heading\">Qual \u00e9 o papel da fam\u00edlia e da rede de apoio no cuidado com Alzheimer<\/h2>\n\n\n\n<p>O cuidado de uma pessoa com <strong>Alzheimer<\/strong> tende a se tornar cada vez mais complexo \u00e0 medida que a doen\u00e7a avan\u00e7a, exigindo organiza\u00e7\u00e3o e divis\u00e3o de tarefas. A fam\u00edlia costuma assumir papel central, acompanhando consultas, administrando medica\u00e7\u00f5es, organizando finan\u00e7as e garantindo um ambiente seguro, o que pode gerar <strong>sobrecarga f\u00edsica e emocional<\/strong>.<\/p>\n\n\n\n<p>Profissionais de sa\u00fade recomendam que a rede de apoio seja constru\u00edda desde os primeiros sinais, envolvendo parentes, amigos, cuidadores e servi\u00e7os especializados. O acesso \u00e0 informa\u00e7\u00e3o de qualidade, a participa\u00e7\u00e3o em grupos de apoio e o di\u00e1logo transparente com a equipe m\u00e9dica favorecem decis\u00f5es mais seguras e tornam o manejo do Alzheimer uma responsabilidade compartilhada, melhorando as condi\u00e7\u00f5es de cuidado no dia a dia.<\/p>\n","protected":false},"excerpt":{"rendered":"<p>Alzheimer: conhe\u00e7a sintomas iniciais, fases da doen\u00e7a e como prevenir com h\u00e1bitos saud\u00e1veis, diagn\u00f3sticos precoces e apoio especializado.<\/p>\n","protected":false},"author":3,"featured_media":180750,"comment_status":"open","ping_status":"open","sticky":false,"template":"","format":"standard","meta":{"_yoast_wpseo_focuskw":"sinais alzheimer","_yoast_wpseo_title":"%%title%%","_yoast_wpseo_metadesc":"Alzheimer: conhe\u00e7a sintomas iniciais, fases da doen\u00e7a e como prevenir com h\u00e1bitos saud\u00e1veis, diagn\u00f3sticos precoces e apoio especializado.","jnews-multi-image_gallery":[],"jnews_single_post":{"format":"standard"},"jnews_primary_category":[],"jnews_social_meta":[],"jnews_override_counter":[],"footnotes":""},"categories":[112],"post_tag":[2304,3559,144,565,4201],"class_list":["post-179290","post","type-post","status-publish","format-standard","has-post-thumbnail","hentry","category-curiosidades","tag-alzheimer","tag-corpo-humano","tag-curiosidades","tag-saude","tag-sintomas"],"yoast_head":"<!-- This site is optimized with the Yoast SEO plugin v24.6 - https:\/\/yoast.com\/wordpress\/plugins\/seo\/ -->\n<title>Os sinais inofensivos que apontam um come\u00e7o silencioso do Alzheimer<\/title>\n<meta name=\"description\" content=\"Alzheimer: conhe\u00e7a sintomas iniciais, fases da doen\u00e7a e como prevenir com h\u00e1bitos saud\u00e1veis, diagn\u00f3sticos precoces e apoio especializado.\" \/>\n<meta name=\"robots\" content=\"index, follow, max-snippet:-1, max-image-preview:large, max-video-preview:-1\" \/>\n<link rel=\"canonical\" href=\"https:\/\/www.correiobraziliense.com.br\/cbradar\/os-sinais-inofensivos-que-apontam-um-comeco-silencioso-do-alzheimer\/\" \/>\n<meta property=\"og:locale\" content=\"pt_BR\" \/>\n<meta property=\"og:type\" content=\"article\" \/>\n<meta property=\"og:title\" content=\"Os sinais inofensivos que apontam um come\u00e7o silencioso do Alzheimer\" \/>\n<meta property=\"og:description\" content=\"Alzheimer: conhe\u00e7a sintomas iniciais, fases da doen\u00e7a e como prevenir com h\u00e1bitos saud\u00e1veis, diagn\u00f3sticos precoces e apoio especializado.\" \/>\n<meta property=\"og:url\" content=\"https:\/\/www.correiobraziliense.com.br\/cbradar\/os-sinais-inofensivos-que-apontam-um-comeco-silencioso-do-alzheimer\/\" \/>\n<meta property=\"og:site_name\" content=\"Correio Braziliense - Radar\" \/>\n<meta property=\"article:published_time\" content=\"2026-01-25T22:35:00+00:00\" \/>\n<meta property=\"og:image\" content=\"https:\/\/www.correiobraziliense.com.br\/cbradar\/wp-content\/uploads\/2026\/01\/Alzheimer_1769268333232.jpg\" \/>\n\t<meta property=\"og:image:width\" content=\"1280\" \/>\n\t<meta property=\"og:image:height\" content=\"720\" \/>\n\t<meta property=\"og:image:type\" content=\"image\/jpeg\" \/>\n<meta name=\"author\" content=\"Larissa Carvalho\" \/>\n<meta name=\"twitter:card\" content=\"summary_large_image\" \/>\n<meta name=\"twitter:label1\" content=\"Escrito por\" \/>\n\t<meta name=\"twitter:data1\" content=\"Larissa Carvalho\" \/>\n\t<meta name=\"twitter:label2\" content=\"Est. tempo de leitura\" \/>\n\t<meta name=\"twitter:data2\" content=\"5 minutos\" \/>\n<!-- \/ Yoast SEO plugin. -->","yoast_head_json":{"title":"Os sinais inofensivos que apontam um come\u00e7o silencioso do Alzheimer","description":"Alzheimer: conhe\u00e7a sintomas iniciais, fases da doen\u00e7a e como prevenir com h\u00e1bitos saud\u00e1veis, diagn\u00f3sticos precoces e apoio especializado.","robots":{"index":"index","follow":"follow","max-snippet":"max-snippet:-1","max-image-preview":"max-image-preview:large","max-video-preview":"max-video-preview:-1"},"canonical":"https:\/\/www.correiobraziliense.com.br\/cbradar\/os-sinais-inofensivos-que-apontam-um-comeco-silencioso-do-alzheimer\/","og_locale":"pt_BR","og_type":"article","og_title":"Os sinais inofensivos que apontam um come\u00e7o silencioso do Alzheimer","og_description":"Alzheimer: conhe\u00e7a sintomas iniciais, fases da doen\u00e7a e como prevenir com h\u00e1bitos saud\u00e1veis, diagn\u00f3sticos precoces e apoio especializado.","og_url":"https:\/\/www.correiobraziliense.com.br\/cbradar\/os-sinais-inofensivos-que-apontam-um-comeco-silencioso-do-alzheimer\/","og_site_name":"Correio Braziliense - Radar","article_published_time":"2026-01-25T22:35:00+00:00","og_image":[{"width":1280,"height":720,"url":"https:\/\/www.correiobraziliense.com.br\/cbradar\/wp-content\/uploads\/2026\/01\/Alzheimer_1769268333232.jpg","type":"image\/jpeg"}],"author":"Larissa Carvalho","twitter_card":"summary_large_image","twitter_misc":{"Escrito por":"Larissa Carvalho","Est. tempo de leitura":"5 minutos"},"schema":{"@context":"https:\/\/schema.org","@graph":[{"@type":"WebPage","@id":"https:\/\/www.correiobraziliense.com.br\/cbradar\/os-sinais-inofensivos-que-apontam-um-comeco-silencioso-do-alzheimer\/","url":"https:\/\/www.correiobraziliense.com.br\/cbradar\/os-sinais-inofensivos-que-apontam-um-comeco-silencioso-do-alzheimer\/","name":"Os sinais inofensivos que apontam um come\u00e7o silencioso do Alzheimer","isPartOf":{"@id":"https:\/\/www.correiobraziliense.com.br\/cbradar\/#website"},"primaryImageOfPage":{"@id":"https:\/\/www.correiobraziliense.com.br\/cbradar\/os-sinais-inofensivos-que-apontam-um-comeco-silencioso-do-alzheimer\/#primaryimage"},"image":{"@id":"https:\/\/www.correiobraziliense.com.br\/cbradar\/os-sinais-inofensivos-que-apontam-um-comeco-silencioso-do-alzheimer\/#primaryimage"},"thumbnailUrl":"https:\/\/www.correiobraziliense.com.br\/cbradar\/wp-content\/uploads\/2026\/01\/Alzheimer_1769268333232.jpg","datePublished":"2026-01-25T22:35:00+00:00","author":{"@id":"https:\/\/www.correiobraziliense.com.br\/cbradar\/#\/schema\/person\/58422787644df994b53a19d3e56c1513"},"description":"Alzheimer: conhe\u00e7a sintomas iniciais, fases da doen\u00e7a e como prevenir com h\u00e1bitos saud\u00e1veis, diagn\u00f3sticos precoces e apoio especializado.","breadcrumb":{"@id":"https:\/\/www.correiobraziliense.com.br\/cbradar\/os-sinais-inofensivos-que-apontam-um-comeco-silencioso-do-alzheimer\/#breadcrumb"},"inLanguage":"pt-BR","potentialAction":[{"@type":"ReadAction","target":["https:\/\/www.correiobraziliense.com.br\/cbradar\/os-sinais-inofensivos-que-apontam-um-comeco-silencioso-do-alzheimer\/"]}]},{"@type":"ImageObject","inLanguage":"pt-BR","@id":"https:\/\/www.correiobraziliense.com.br\/cbradar\/os-sinais-inofensivos-que-apontam-um-comeco-silencioso-do-alzheimer\/#primaryimage","url":"https:\/\/www.correiobraziliense.com.br\/cbradar\/wp-content\/uploads\/2026\/01\/Alzheimer_1769268333232.jpg","contentUrl":"https:\/\/www.correiobraziliense.com.br\/cbradar\/wp-content\/uploads\/2026\/01\/Alzheimer_1769268333232.jpg","width":1280,"height":720,"caption":"Detecte cedo o Alzheimer: preserve mem\u00f3rias, autonomia e la\u00e7os familiares com diagn\u00f3stico precoce e cuidados atenciosos transformadores! - Cr\u00e9ditos: depositphotos.com \/ Elnur_"},{"@type":"BreadcrumbList","@id":"https:\/\/www.correiobraziliense.com.br\/cbradar\/os-sinais-inofensivos-que-apontam-um-comeco-silencioso-do-alzheimer\/#breadcrumb","itemListElement":[{"@type":"ListItem","position":1,"name":"In\u00edcio","item":"https:\/\/www.correiobraziliense.com.br\/cbradar\/"},{"@type":"ListItem","position":2,"name":"Os sinais inofensivos que apontam um come\u00e7o silencioso do Alzheimer"}]},{"@type":"WebSite","@id":"https:\/\/www.correiobraziliense.com.br\/cbradar\/#website","url":"https:\/\/www.correiobraziliense.com.br\/cbradar\/","name":"Correio Braziliense - Radar","description":"Acompanhe as \u00faltimas not\u00edcias e fique bem informado sobre tudo o que acontece no Brasil e no mundo.","potentialAction":[{"@type":"SearchAction","target":{"@type":"EntryPoint","urlTemplate":"https:\/\/www.correiobraziliense.com.br\/cbradar\/?s={search_term_string}"},"query-input":{"@type":"PropertyValueSpecification","valueRequired":true,"valueName":"search_term_string"}}],"inLanguage":"pt-BR"},{"@type":"Person","@id":"https:\/\/www.correiobraziliense.com.br\/cbradar\/#\/schema\/person\/58422787644df994b53a19d3e56c1513","name":"Larissa Carvalho","image":{"@type":"ImageObject","inLanguage":"pt-BR","@id":"https:\/\/www.correiobraziliense.com.br\/cbradar\/#\/schema\/person\/image\/","url":"https:\/\/secure.gravatar.com\/avatar\/fe4f91a0de32b52a838d0d612abdc1aa?s=96&d=mm&r=g","contentUrl":"https:\/\/secure.gravatar.com\/avatar\/fe4f91a0de32b52a838d0d612abdc1aa?s=96&d=mm&r=g","caption":"Larissa Carvalho"},"url":"https:\/\/www.correiobraziliense.com.br\/cbradar\/author\/larissamyth\/"}]}},"_links":{"self":[{"href":"https:\/\/www.correiobraziliense.com.br\/cbradar\/wp-json\/wp\/v2\/posts\/179290","targetHints":{"allow":["GET"]}}],"collection":[{"href":"https:\/\/www.correiobraziliense.com.br\/cbradar\/wp-json\/wp\/v2\/posts"}],"about":[{"href":"https:\/\/www.correiobraziliense.com.br\/cbradar\/wp-json\/wp\/v2\/types\/post"}],"author":[{"embeddable":true,"href":"https:\/\/www.correiobraziliense.com.br\/cbradar\/wp-json\/wp\/v2\/users\/3"}],"replies":[{"embeddable":true,"href":"https:\/\/www.correiobraziliense.com.br\/cbradar\/wp-json\/wp\/v2\/comments?post=179290"}],"version-history":[{"count":3,"href":"https:\/\/www.correiobraziliense.com.br\/cbradar\/wp-json\/wp\/v2\/posts\/179290\/revisions"}],"predecessor-version":[{"id":180692,"href":"https:\/\/www.correiobraziliense.com.br\/cbradar\/wp-json\/wp\/v2\/posts\/179290\/revisions\/180692"}],"wp:featuredmedia":[{"embeddable":true,"href":"https:\/\/www.correiobraziliense.com.br\/cbradar\/wp-json\/wp\/v2\/media\/180750"}],"wp:attachment":[{"href":"https:\/\/www.correiobraziliense.com.br\/cbradar\/wp-json\/wp\/v2\/media?parent=179290"}],"wp:term":[{"taxonomy":"category","embeddable":true,"href":"https:\/\/www.correiobraziliense.com.br\/cbradar\/wp-json\/wp\/v2\/categories?post=179290"},{"taxonomy":"post_tag","embeddable":true,"href":"https:\/\/www.correiobraziliense.com.br\/cbradar\/wp-json\/wp\/v2\/post_tag?post=179290"}],"curies":[{"name":"wp","href":"https:\/\/api.w.org\/{rel}","templated":true}]}}