{"id":179294,"date":"2026-01-25T09:45:00","date_gmt":"2026-01-25T12:45:00","guid":{"rendered":"https:\/\/www.correiobraziliense.com.br\/cbradar\/?p=179294"},"modified":"2026-01-24T12:01:10","modified_gmt":"2026-01-24T15:01:10","slug":"os-sinais-de-que-voce-ainda-nao-superou-alguem-que-voce-amou-mais-do-que-foi-amado-segundo-a-psicologia","status":"publish","type":"post","link":"https:\/\/www.correiobraziliense.com.br\/cbradar\/os-sinais-de-que-voce-ainda-nao-superou-alguem-que-voce-amou-mais-do-que-foi-amado-segundo-a-psicologia\/","title":{"rendered":"Os sinais de que voc\u00ea ainda n\u00e3o superou algu\u00e9m que voc\u00ea amou mais do que foi amado, segundo a psicologia"},"content":{"rendered":"\n<p>Amar algu\u00e9m em <strong>intensidade diferente<\/strong> da que se recebe de volta \u00e9 uma experi\u00eancia mais comum do que se admite. Muitas vezes, a hist\u00f3ria vai se apagando em sil\u00eancio, enquanto h\u00e1bitos, lembran\u00e7as e rea\u00e7\u00f5es autom\u00e1ticas continuam presentes. O corpo parece lembrar de situa\u00e7\u00f5es que a mente afirma j\u00e1 ter superado, criando um intervalo entre o que a l\u00f3gica aponta e o que o sentimento insiste em sustentar, prolongando o processo de <strong>desapego emocional<\/strong>.<\/p>\n\n\n\n<h2 class=\"wp-block-heading\">O que significa amar mais do que se \u00e9 amado<\/h2>\n\n\n\n<p>Amar mais n\u00e3o \u00e9 medir sentimentos com precis\u00e3o, mas perceber um <strong>desequil\u00edbrio claro<\/strong> entre entrega, disponibilidade e compromisso. Em muitos casos, uma pessoa se adapta, cede e reorganiza a pr\u00f3pria rotina, enquanto a outra mant\u00e9m dist\u00e2ncia emocional, o que se revela em quem sempre toma a iniciativa ou aceita aus\u00eancias frequentes.<\/p>\n\n\n\n<p>Com o tempo, esse padr\u00e3o se consolida, e quem sente mais passa a fazer <strong>ajustes internos constantes<\/strong> para manter o v\u00ednculo. Reduz pedidos de aten\u00e7\u00e3o, normaliza aus\u00eancias e cria explica\u00e7\u00f5es internas para atitudes inc\u00f4modas, convivendo com um esfor\u00e7o cont\u00ednuo para sustentar algo que nunca foi totalmente rec\u00edproco, muitas vezes alimentado por uma forte <strong>idealiza\u00e7\u00e3o do futuro<\/strong>.<\/p>\n\n\n\n<p>Para aprofundarmos no tema, trouxemos o v\u00eddeo da psic\u00f3loga Samara Brito (@psi.samarabrito):<\/p>\n\n\n\n<blockquote class=\"tiktok-embed\" cite=\"https:\/\/www.tiktok.com\/@psi.samarabrito\/video\/7566669460191317255\" data-video-id=\"7566669460191317255\" style=\"max-width: 605px;min-width: 325px;\" > <section> <a target=\"_blank\" title=\"@psi.samarabrito\" href=\"https:\/\/www.tiktok.com\/@psi.samarabrito?refer=embed\">@psi.samarabrito<\/a> J\u00e1 sentiu que ama mais do que \u00e9 amado? Que sempre \u00e9 voc\u00ea quem tenta, quem insiste, quem espera? Amar n\u00e3o \u00e9 se anular \u2014 \u00e9 se reconhecer. \ud83d\udc9b Se isso fez sentido pra voc\u00ea, saiba que n\u00e3o precisa lidar com isso sozinha. Eu posso te ajudar a se reencontrar nesse processo.<a title=\"autocuidado\" target=\"_blank\" href=\"https:\/\/www.tiktok.com\/tag\/autocuidado?refer=embed\">#autocuidado<\/a> <a title=\"psicologia\" target=\"_blank\" href=\"https:\/\/www.tiktok.com\/tag\/psicologia?refer=embed\">#psicologia<\/a> <a title=\"terapiaonline\" target=\"_blank\" href=\"https:\/\/www.tiktok.com\/tag\/terapiaonline?refer=embed\">#terapiaonline<\/a> <a title=\"relacionamentos\" target=\"_blank\" href=\"https:\/\/www.tiktok.com\/tag\/relacionamentos?refer=embed\">#relacionamentos<\/a> <a target=\"_blank\" title=\"\u266c som original - psi.samarabrito\" href=\"https:\/\/www.tiktok.com\/music\/som-original-7566669478793087751?refer=embed\">\u266c som original &#8211; psi.samarabrito<\/a> <\/section> <\/blockquote> <script async src=\"https:\/\/www.tiktok.com\/embed.js\"><\/script>\n\n\n\n<h2 class=\"wp-block-heading\">Quais marcas o amor desigual deixa depois do t\u00e9rmino<\/h2>\n\n\n\n<p>Ap\u00f3s o fim de uma rela\u00e7\u00e3o em que o amor foi desigual, o impacto surge em v\u00e1rios aspectos da vida. Pequenos gestos cotidianos acionam mem\u00f3rias e ondas recorrentes de lembran\u00e7a, e o c\u00e9rebro mant\u00e9m ativo um tipo de <strong>radar emocional<\/strong>, mesmo quando a mente j\u00e1 decidiu seguir em frente, como trouxe a pesquisa <a href=\"https:\/\/www.researchgate.net\/publication\/46608952_Bad_Is_Stronger_than_Good\" target=\"_blank\" rel=\"noreferrer noopener\">&#8220;Bad Is Stronger than Good&#8221;.<\/a><\/p>\n\n\n\n<p>Um efeito comum \u00e9 continuar monitorando, ainda que discretamente, a vida da outra pessoa, o que indica que o v\u00ednculo interno n\u00e3o se desligou por completo. Nas novas rela\u00e7\u00f5es, v\u00ednculos mais est\u00e1veis podem parecer \u201cmornos\u201d \u00e0 primeira vista, pois o sistema emocional ainda associa intensidade a <strong>incerteza, ansiedade e tens\u00e3o<\/strong>.<\/p>\n\n\n\n<h2 class=\"wp-block-heading\">Como identificar o descompasso afetivo e come\u00e7ar a seguir em frente<\/h2>\n\n\n\n<p>Reconhecer que houve um <strong>descompasso afetivo<\/strong> \u00e9 essencial para reorganizar a pr\u00f3pria hist\u00f3ria. Um dos sinais \u00e9 notar o quanto da rela\u00e7\u00e3o foi sustentado por explica\u00e7\u00f5es internas, justificando atrasos, sil\u00eancios e promessas n\u00e3o cumpridas, como se fosse preciso traduzir o outro o tempo todo para manter o v\u00ednculo vivo.<\/p>\n\n\n\n<p>Outro indicativo \u00e9 lembrar quantas vezes necessidades pessoais foram reduzidas para evitar conflito, priorizando a preserva\u00e7\u00e3o da paz em vez de um cuidado m\u00fatuo. Para reorganizar esse processo e fortalecer novos limites internos, algumas estrat\u00e9gias pr\u00e1ticas podem ajudar no dia a dia.<\/p>\n\n\n\n<ul class=\"wp-block-list\">\n<li><strong>Reconhecer o pr\u00f3prio esfor\u00e7o:<\/strong> admitir quanto foi investido emocionalmente ajuda a entender por que o luto \u00e9 mais longo.<\/li>\n\n\n\n<li><strong>Reduzir exposi\u00e7\u00f5es desnecess\u00e1rias:<\/strong> limitar o acesso a not\u00edcias sobre a outra pessoa enfraquece antigos reflexos emocionais.<\/li>\n\n\n\n<li><strong>Reavaliar padr\u00f5es:<\/strong> observar o que foi tolerado permite ajustar limites em v\u00ednculos futuros e evitar repeti\u00e7\u00f5es.<\/li>\n\n\n\n<li><strong>Valorizar mudan\u00e7as internas:<\/strong> reconhecer aprendizados sem atrelar tudo \u00e0 antiga rela\u00e7\u00e3o separa crescimento de depend\u00eancia afetiva.<\/li>\n<\/ul>\n\n\n\n<figure class=\"wp-block-image size-large\"><img decoding=\"async\" width=\"1024\" height=\"576\" src=\"https:\/\/www.correiobraziliense.com.br\/cbradar\/wp-content\/uploads\/2026\/01\/\u2705-BANNER-MYTH-42-1-1024x576.png\" alt=\"Os sinais de que voc\u00ea ainda n\u00e3o superou algu\u00e9m que voc\u00ea amou mais do que foi amado, segundo a psicologia\" class=\"wp-image-179296\" srcset=\"https:\/\/www.correiobraziliense.com.br\/cbradar\/wp-content\/uploads\/2026\/01\/\u2705-BANNER-MYTH-42-1-1024x576.png 1024w, https:\/\/www.correiobraziliense.com.br\/cbradar\/wp-content\/uploads\/2026\/01\/\u2705-BANNER-MYTH-42-1-300x169.png 300w, https:\/\/www.correiobraziliense.com.br\/cbradar\/wp-content\/uploads\/2026\/01\/\u2705-BANNER-MYTH-42-1-768x432.png 768w, https:\/\/www.correiobraziliense.com.br\/cbradar\/wp-content\/uploads\/2026\/01\/\u2705-BANNER-MYTH-42-1-750x422.png 750w, https:\/\/www.correiobraziliense.com.br\/cbradar\/wp-content\/uploads\/2026\/01\/\u2705-BANNER-MYTH-42-1-1140x641.png 1140w, https:\/\/www.correiobraziliense.com.br\/cbradar\/wp-content\/uploads\/2026\/01\/\u2705-BANNER-MYTH-42-1.png 1280w\" sizes=\"(max-width: 1024px) 100vw, 1024px\" \/><figcaption class=\"wp-element-caption\">Amar mais intensamente cria conflito emocional entre l\u00f3gica e sentimento, prolongando desapego com mem\u00f3rias corporais e h\u00e1bitos persistentes<\/figcaption><\/figure>\n\n\n\n<h2 class=\"wp-block-heading\">Por que seguir em frente pode demorar depois de um amor desigual<\/h2>\n\n\n\n<p>Em relacionamentos com amor desigual, o la\u00e7o se forma n\u00e3o s\u00f3 pelos momentos vividos, mas pelo <strong>esfor\u00e7o interno<\/strong> de quem tentou equilibrar o que n\u00e3o era rec\u00edproco. Quando o v\u00ednculo termina, n\u00e3o \u00e9 apenas a rela\u00e7\u00e3o que se desfaz, mas tamb\u00e9m o projeto de vida e a estrutura emocional constru\u00edda em torno dela.<\/p>\n\n\n\n<p>Seguir em frente \u00e9 um processo gradual, que envolve ensinar ao pr\u00f3prio sistema emocional que a intensidade vivida n\u00e3o \u00e9 a \u00fanica forma de conex\u00e3o. Com novas experi\u00eancias, m\u00fasicas perdem peso simb\u00f3lico, lugares ganham outros significados e rela\u00e7\u00f5es equilibradas se tornam mais familiares, at\u00e9 que esse amor desigual se torne apenas uma parte da hist\u00f3ria, sem <strong>definir a forma de amar<\/strong> dali em diante.<\/p>\n","protected":false},"excerpt":{"rendered":"<p>Descubra 9 sinais de que voc\u00ea amou mais do que foi amado e por que seguir em frente d\u00f3i tanto, mesmo quando a l\u00f3gica diz que j\u00e1 passou.<\/p>\n","protected":false},"author":3,"featured_media":180702,"comment_status":"open","ping_status":"open","sticky":false,"template":"","format":"standard","meta":{"_yoast_wpseo_focuskw":"n\u00e3o superou relacionamento","_yoast_wpseo_title":"%%title%%","_yoast_wpseo_metadesc":"Descubra 9 sinais de que voc\u00ea amou mais do que foi amado e por que seguir em frente d\u00f3i tanto, mesmo quando a l\u00f3gica diz que j\u00e1 passou.","jnews-multi-image_gallery":[],"jnews_single_post":{"format":"standard"},"jnews_primary_category":[],"jnews_social_meta":[],"jnews_override_counter":[],"footnotes":""},"categories":[112],"tags":[5598,7037,144,404,3006,5052],"class_list":["post-179294","post","type-post","status-publish","format-standard","has-post-thumbnail","hentry","category-curiosidades","tag-amor","tag-casais","tag-curiosidades","tag-psicologia","tag-relacionamento","tag-relacoes"],"yoast_head":"<!-- This site is optimized with the Yoast SEO plugin v24.6 - https:\/\/yoast.com\/wordpress\/plugins\/seo\/ -->\n<title>Os sinais de que voc\u00ea ainda n\u00e3o superou algu\u00e9m que voc\u00ea amou mais do que foi amado, segundo a psicologia<\/title>\n<meta name=\"description\" content=\"Descubra 9 sinais de que voc\u00ea amou mais do que foi amado e por que seguir em frente d\u00f3i tanto, mesmo quando a l\u00f3gica diz que j\u00e1 passou.\" \/>\n<meta name=\"robots\" content=\"index, follow, max-snippet:-1, max-image-preview:large, max-video-preview:-1\" \/>\n<link rel=\"canonical\" href=\"https:\/\/www.correiobraziliense.com.br\/cbradar\/os-sinais-de-que-voce-ainda-nao-superou-alguem-que-voce-amou-mais-do-que-foi-amado-segundo-a-psicologia\/\" \/>\n<meta property=\"og:locale\" content=\"pt_BR\" \/>\n<meta property=\"og:type\" content=\"article\" \/>\n<meta property=\"og:title\" content=\"Os sinais de que voc\u00ea ainda n\u00e3o superou algu\u00e9m que voc\u00ea amou mais do que foi amado, segundo a psicologia\" \/>\n<meta property=\"og:description\" content=\"Descubra 9 sinais de que voc\u00ea amou mais do que foi amado e por que seguir em frente d\u00f3i tanto, mesmo quando a l\u00f3gica diz que j\u00e1 passou.\" \/>\n<meta property=\"og:url\" content=\"https:\/\/www.correiobraziliense.com.br\/cbradar\/os-sinais-de-que-voce-ainda-nao-superou-alguem-que-voce-amou-mais-do-que-foi-amado-segundo-a-psicologia\/\" \/>\n<meta property=\"og:site_name\" content=\"Correio Braziliense - Radar\" \/>\n<meta property=\"article:published_time\" content=\"2026-01-25T12:45:00+00:00\" \/>\n<meta property=\"og:image\" content=\"https:\/\/www.correiobraziliense.com.br\/cbradar\/wp-content\/uploads\/2026\/01\/amou-_1769266855683.jpg\" \/>\n\t<meta property=\"og:image:width\" content=\"1280\" \/>\n\t<meta property=\"og:image:height\" content=\"720\" \/>\n\t<meta property=\"og:image:type\" content=\"image\/jpeg\" \/>\n<meta name=\"author\" content=\"Larissa Carvalho\" \/>\n<meta name=\"twitter:card\" content=\"summary_large_image\" \/>\n<meta name=\"twitter:label1\" content=\"Escrito por\" \/>\n\t<meta name=\"twitter:data1\" content=\"Larissa Carvalho\" \/>\n\t<meta name=\"twitter:label2\" content=\"Est. tempo de leitura\" \/>\n\t<meta name=\"twitter:data2\" content=\"4 minutos\" \/>\n<!-- \/ Yoast SEO plugin. -->","yoast_head_json":{"title":"Os sinais de que voc\u00ea ainda n\u00e3o superou algu\u00e9m que voc\u00ea amou mais do que foi amado, segundo a psicologia","description":"Descubra 9 sinais de que voc\u00ea amou mais do que foi amado e por que seguir em frente d\u00f3i tanto, mesmo quando a l\u00f3gica diz que j\u00e1 passou.","robots":{"index":"index","follow":"follow","max-snippet":"max-snippet:-1","max-image-preview":"max-image-preview:large","max-video-preview":"max-video-preview:-1"},"canonical":"https:\/\/www.correiobraziliense.com.br\/cbradar\/os-sinais-de-que-voce-ainda-nao-superou-alguem-que-voce-amou-mais-do-que-foi-amado-segundo-a-psicologia\/","og_locale":"pt_BR","og_type":"article","og_title":"Os sinais de que voc\u00ea ainda n\u00e3o superou algu\u00e9m que voc\u00ea amou mais do que foi amado, segundo a psicologia","og_description":"Descubra 9 sinais de que voc\u00ea amou mais do que foi amado e por que seguir em frente d\u00f3i tanto, mesmo quando a l\u00f3gica diz que j\u00e1 passou.","og_url":"https:\/\/www.correiobraziliense.com.br\/cbradar\/os-sinais-de-que-voce-ainda-nao-superou-alguem-que-voce-amou-mais-do-que-foi-amado-segundo-a-psicologia\/","og_site_name":"Correio Braziliense - Radar","article_published_time":"2026-01-25T12:45:00+00:00","og_image":[{"width":1280,"height":720,"url":"https:\/\/www.correiobraziliense.com.br\/cbradar\/wp-content\/uploads\/2026\/01\/amou-_1769266855683.jpg","type":"image\/jpeg"}],"author":"Larissa Carvalho","twitter_card":"summary_large_image","twitter_misc":{"Escrito por":"Larissa Carvalho","Est. tempo de leitura":"4 minutos"},"schema":{"@context":"https:\/\/schema.org","@graph":[{"@type":"WebPage","@id":"https:\/\/www.correiobraziliense.com.br\/cbradar\/os-sinais-de-que-voce-ainda-nao-superou-alguem-que-voce-amou-mais-do-que-foi-amado-segundo-a-psicologia\/","url":"https:\/\/www.correiobraziliense.com.br\/cbradar\/os-sinais-de-que-voce-ainda-nao-superou-alguem-que-voce-amou-mais-do-que-foi-amado-segundo-a-psicologia\/","name":"Os sinais de que voc\u00ea ainda n\u00e3o superou algu\u00e9m que voc\u00ea amou mais do que foi amado, segundo a psicologia","isPartOf":{"@id":"https:\/\/www.correiobraziliense.com.br\/cbradar\/#website"},"primaryImageOfPage":{"@id":"https:\/\/www.correiobraziliense.com.br\/cbradar\/os-sinais-de-que-voce-ainda-nao-superou-alguem-que-voce-amou-mais-do-que-foi-amado-segundo-a-psicologia\/#primaryimage"},"image":{"@id":"https:\/\/www.correiobraziliense.com.br\/cbradar\/os-sinais-de-que-voce-ainda-nao-superou-alguem-que-voce-amou-mais-do-que-foi-amado-segundo-a-psicologia\/#primaryimage"},"thumbnailUrl":"https:\/\/www.correiobraziliense.com.br\/cbradar\/wp-content\/uploads\/2026\/01\/amou-_1769266855683.jpg","datePublished":"2026-01-25T12:45:00+00:00","author":{"@id":"https:\/\/www.correiobraziliense.com.br\/cbradar\/#\/schema\/person\/58422787644df994b53a19d3e56c1513"},"description":"Descubra 9 sinais de que voc\u00ea amou mais do que foi amado e por que seguir em frente d\u00f3i tanto, mesmo quando a l\u00f3gica diz que j\u00e1 passou.","breadcrumb":{"@id":"https:\/\/www.correiobraziliense.com.br\/cbradar\/os-sinais-de-que-voce-ainda-nao-superou-alguem-que-voce-amou-mais-do-que-foi-amado-segundo-a-psicologia\/#breadcrumb"},"inLanguage":"pt-BR","potentialAction":[{"@type":"ReadAction","target":["https:\/\/www.correiobraziliense.com.br\/cbradar\/os-sinais-de-que-voce-ainda-nao-superou-alguem-que-voce-amou-mais-do-que-foi-amado-segundo-a-psicologia\/"]}]},{"@type":"ImageObject","inLanguage":"pt-BR","@id":"https:\/\/www.correiobraziliense.com.br\/cbradar\/os-sinais-de-que-voce-ainda-nao-superou-alguem-que-voce-amou-mais-do-que-foi-amado-segundo-a-psicologia\/#primaryimage","url":"https:\/\/www.correiobraziliense.com.br\/cbradar\/wp-content\/uploads\/2026\/01\/amou-_1769266855683.jpg","contentUrl":"https:\/\/www.correiobraziliense.com.br\/cbradar\/wp-content\/uploads\/2026\/01\/amou-_1769266855683.jpg","width":1280,"height":720,"caption":"Amar mais intensamente cria conflito emocional entre l\u00f3gica e sentimento, prolongando desapego com mem\u00f3rias corporais e h\u00e1bitos persistentes - Cr\u00e9ditos: depositphotos.com \/ HayDmitriy"},{"@type":"BreadcrumbList","@id":"https:\/\/www.correiobraziliense.com.br\/cbradar\/os-sinais-de-que-voce-ainda-nao-superou-alguem-que-voce-amou-mais-do-que-foi-amado-segundo-a-psicologia\/#breadcrumb","itemListElement":[{"@type":"ListItem","position":1,"name":"In\u00edcio","item":"https:\/\/www.correiobraziliense.com.br\/cbradar\/"},{"@type":"ListItem","position":2,"name":"Os sinais de que voc\u00ea ainda n\u00e3o superou algu\u00e9m que voc\u00ea amou mais do que foi amado, segundo a psicologia"}]},{"@type":"WebSite","@id":"https:\/\/www.correiobraziliense.com.br\/cbradar\/#website","url":"https:\/\/www.correiobraziliense.com.br\/cbradar\/","name":"Correio Braziliense - Radar","description":"Acompanhe as \u00faltimas not\u00edcias e fique bem informado sobre tudo o que acontece no Brasil e no mundo.","potentialAction":[{"@type":"SearchAction","target":{"@type":"EntryPoint","urlTemplate":"https:\/\/www.correiobraziliense.com.br\/cbradar\/?s={search_term_string}"},"query-input":{"@type":"PropertyValueSpecification","valueRequired":true,"valueName":"search_term_string"}}],"inLanguage":"pt-BR"},{"@type":"Person","@id":"https:\/\/www.correiobraziliense.com.br\/cbradar\/#\/schema\/person\/58422787644df994b53a19d3e56c1513","name":"Larissa Carvalho","image":{"@type":"ImageObject","inLanguage":"pt-BR","@id":"https:\/\/www.correiobraziliense.com.br\/cbradar\/#\/schema\/person\/image\/","url":"https:\/\/secure.gravatar.com\/avatar\/fe4f91a0de32b52a838d0d612abdc1aa?s=96&d=mm&r=g","contentUrl":"https:\/\/secure.gravatar.com\/avatar\/fe4f91a0de32b52a838d0d612abdc1aa?s=96&d=mm&r=g","caption":"Larissa Carvalho"},"url":"https:\/\/www.correiobraziliense.com.br\/cbradar\/author\/larissamyth\/"}]}},"_links":{"self":[{"href":"https:\/\/www.correiobraziliense.com.br\/cbradar\/wp-json\/wp\/v2\/posts\/179294","targetHints":{"allow":["GET"]}}],"collection":[{"href":"https:\/\/www.correiobraziliense.com.br\/cbradar\/wp-json\/wp\/v2\/posts"}],"about":[{"href":"https:\/\/www.correiobraziliense.com.br\/cbradar\/wp-json\/wp\/v2\/types\/post"}],"author":[{"embeddable":true,"href":"https:\/\/www.correiobraziliense.com.br\/cbradar\/wp-json\/wp\/v2\/users\/3"}],"replies":[{"embeddable":true,"href":"https:\/\/www.correiobraziliense.com.br\/cbradar\/wp-json\/wp\/v2\/comments?post=179294"}],"version-history":[{"count":2,"href":"https:\/\/www.correiobraziliense.com.br\/cbradar\/wp-json\/wp\/v2\/posts\/179294\/revisions"}],"predecessor-version":[{"id":179336,"href":"https:\/\/www.correiobraziliense.com.br\/cbradar\/wp-json\/wp\/v2\/posts\/179294\/revisions\/179336"}],"wp:featuredmedia":[{"embeddable":true,"href":"https:\/\/www.correiobraziliense.com.br\/cbradar\/wp-json\/wp\/v2\/media\/180702"}],"wp:attachment":[{"href":"https:\/\/www.correiobraziliense.com.br\/cbradar\/wp-json\/wp\/v2\/media?parent=179294"}],"wp:term":[{"taxonomy":"category","embeddable":true,"href":"https:\/\/www.correiobraziliense.com.br\/cbradar\/wp-json\/wp\/v2\/categories?post=179294"},{"taxonomy":"post_tag","embeddable":true,"href":"https:\/\/www.correiobraziliense.com.br\/cbradar\/wp-json\/wp\/v2\/tags?post=179294"}],"curies":[{"name":"wp","href":"https:\/\/api.w.org\/{rel}","templated":true}]}}