{"id":179297,"date":"2026-01-22T06:25:00","date_gmt":"2026-01-22T09:25:00","guid":{"rendered":"https:\/\/www.correiobraziliense.com.br\/cbradar\/?p=179297"},"modified":"2026-01-21T20:01:47","modified_gmt":"2026-01-21T23:01:47","slug":"a-suica-brasileira-a-1-628-metros-de-altitude-se-destaca-por-clima-europeu-e-qualidade-de-vida-que-atraem-turistas-o-ano-inteiro","status":"publish","type":"post","link":"https:\/\/www.correiobraziliense.com.br\/cbradar\/a-suica-brasileira-a-1-628-metros-de-altitude-se-destaca-por-clima-europeu-e-qualidade-de-vida-que-atraem-turistas-o-ano-inteiro\/","title":{"rendered":"A Su\u00ed\u00e7a brasileira a 1.628 metros de altitude se destaca por clima europeu e qualidade de vida que atraem turistas o ano inteiro"},"content":{"rendered":"\n<p>No topo da <strong>Serra da Mantiqueira<\/strong>, a 1.628 metros de altitude, <strong>Campos do Jord\u00e3o<\/strong> reina absoluta como o destino de inverno mais sofisticado do Brasil. Localizada a cerca de 170 km de <strong>S\u00e3o Paulo<\/strong>, a &#8220;Su\u00ed\u00e7a brasileira&#8221; oferece aos <strong>jordanenses<\/strong> e milh\u00f5es de turistas uma experi\u00eancia sensorial que mistura o clima alpino com a hospitalidade brasileira, ancorada em uma arquitetura de enxaimel e uma gastronomia de classe mundial.<\/p>\n\n\n\n<h2 class=\"wp-block-heading\">Como a altitude transformou o clima em ativo econ\u00f4mico?<\/h2>\n\n\n\n<p><strong>Campos do Jord\u00e3o \u00e9 o munic\u00edpio mais alto do Brasil, e essa geografia define sua voca\u00e7\u00e3o.<\/strong> O frio n\u00e3o \u00e9 apenas um detalhe meteorol\u00f3gico; \u00e9 a base da economia local. O clima de montanha atrai um turismo de alto padr\u00e3o que movimenta hot\u00e9is de luxo, chocolatarias artesanais e malharias. Para o morador e comerciante, o term\u00f4metro baixo significa hot\u00e9is cheios e com\u00e9rcio aquecido, especialmente no bairro de <strong>Capivari<\/strong>.<\/p>\n\n\n\n<p><strong>Essa &#8220;ind\u00fastria do frio&#8221; gerou uma infraestrutura de servi\u00e7os invej\u00e1vel.<\/strong> A cidade possui uma das melhores redes gastron\u00f4micas do estado, onde fondues e trutas s\u00e3o servidos em ambientes que emulam os Alpes Su\u00ed\u00e7os. Viver aqui \u00e9 estar imerso em uma est\u00e9tica europeia, com ruas arborizadas por pl\u00e1tanos que mudam de cor no outono, criando cen\u00e1rios cinematogr\u00e1ficos.<\/p>\n\n\n<div class=\"wp-block-image\">\n<figure class=\"aligncenter size-large\"><img decoding=\"async\" width=\"1024\" height=\"576\" src=\"https:\/\/www.correiobraziliense.com.br\/cbradar\/wp-content\/uploads\/2025\/05\/Campos-do-Jordao_1748552123588-1024x576.jpg\" alt=\"A Su\u00ed\u00e7a brasileira se destaca por clima europeu e qualidade de vida que atraem turistas o ano inteiro\" class=\"wp-image-45075\" srcset=\"https:\/\/www.correiobraziliense.com.br\/cbradar\/wp-content\/uploads\/2025\/05\/Campos-do-Jordao_1748552123588-1024x576.jpg 1024w, https:\/\/www.correiobraziliense.com.br\/cbradar\/wp-content\/uploads\/2025\/05\/Campos-do-Jordao_1748552123588-300x169.jpg 300w, https:\/\/www.correiobraziliense.com.br\/cbradar\/wp-content\/uploads\/2025\/05\/Campos-do-Jordao_1748552123588-768x432.jpg 768w, https:\/\/www.correiobraziliense.com.br\/cbradar\/wp-content\/uploads\/2025\/05\/Campos-do-Jordao_1748552123588-750x422.jpg 750w, https:\/\/www.correiobraziliense.com.br\/cbradar\/wp-content\/uploads\/2025\/05\/Campos-do-Jordao_1748552123588-1140x641.jpg 1140w, https:\/\/www.correiobraziliense.com.br\/cbradar\/wp-content\/uploads\/2025\/05\/Campos-do-Jordao_1748552123588.jpg 1280w\" sizes=\"(max-width: 1024px) 100vw, 1024px\" \/><figcaption class=\"wp-element-caption\">Campos do Jord\u00e3o, a \u201cSu\u00ed\u00e7a Brasileira\u201d, encanta com clima frio, arquitetura alpina e paisagens \u00fanicas. \/\/ Cr\u00e9ditos: depositphotos.com \/ murilomazzo<\/figcaption><\/figure><\/div>\n\n\n<h2 class=\"wp-block-heading\">O Festival de inverno \u00e9 apenas m\u00fasica cl\u00e1ssica?<\/h2>\n\n\n\n<p>O <strong>Festival de Inverno de Campos do Jord\u00e3o<\/strong> \u00e9 reconhecido como o maior evento de m\u00fasica erudita da <strong>Am\u00e9rica Latina<\/strong>, mas seu impacto vai al\u00e9m das partituras. Ele transforma a cidade em um palco a c\u00e9u aberto durante o m\u00eas de julho, democratizando a alta cultura com concertos gratuitos em pra\u00e7as e igrejas.<\/p>\n\n\n\n<p>Para a comunidade, o festival \u00e9 um motor educacional. Bolsistas de todo o mundo v\u00eam estudar com mestres da m\u00fasica, e o <strong>Audit\u00f3rio Cl\u00e1udio Santoro<\/strong>, sede principal do evento, torna-se o epicentro de uma efervesc\u00eancia cultural que respinga em toda a regi\u00e3o, elevando o n\u00edvel art\u00edstico e educacional local.<\/p>\n\n\n\n<p><strong>Explore o charme da &#8220;Su\u00ed\u00e7a Brasileira&#8221; neste guia completo. <\/strong>O v\u00eddeo \u00e9 do canal <strong>Vamos Fugir Blog<\/strong>, que partilha roteiros detalhados e dicas de viagem, e apresenta Campos do Jord\u00e3o, destacando o centrinho de <strong>Capivari<\/strong>, o telef\u00e9rico para o <strong>Morro do Elefante<\/strong> e o Bosque do Sil\u00eancio, com informa\u00e7\u00f5es sobre pre\u00e7os e as melhores \u00e9pocas para visitar:<\/p>\n\n\n\n<figure class=\"wp-block-embed aligncenter is-type-video is-provider-youtube wp-block-embed-youtube wp-embed-aspect-16-9 wp-has-aspect-ratio\"><div class=\"wp-block-embed__wrapper\">\n<div class=\"jeg_video_container jeg_video_content\"><iframe loading=\"lazy\" title=\"Campos do Jord\u00e3o (com PRE\u00c7OS) - Roteiro completo, melhores passeios, o q fazer e onde se hospedar\" width=\"500\" height=\"281\" src=\"https:\/\/www.youtube.com\/embed\/hW0iecN4Log?start=94&#038;feature=oembed\" frameborder=\"0\" allow=\"accelerometer; autoplay; clipboard-write; encrypted-media; gyroscope; picture-in-picture; web-share\" referrerpolicy=\"strict-origin-when-cross-origin\" allowfullscreen><\/iframe><\/div>\n<\/div><\/figure>\n\n\n\n<h2 class=\"wp-block-heading\">A natureza na Mantiqueira oferece mais que paisagem?<\/h2>\n\n\n\n<p><strong>A cidade \u00e9 cercada por uma natureza exuberante que serve como ref\u00fagio de sa\u00fade.<\/strong> O ar puro da serra foi, historicamente, o motivo da funda\u00e7\u00e3o da cidade (como est\u00e2ncia clim\u00e1tica para tratamento de tuberculose), e hoje continua sendo um ativo de qualidade de vida. O <strong>Horto Florestal<\/strong> ocupa um ter\u00e7o do munic\u00edpio, oferecendo trilhas entre arauc\u00e1rias centen\u00e1rias.<\/p>\n\n\n\n<p>Al\u00e9m do verde, a cidade oferece mirantes espetaculares. O <strong>Pico do Itapeva<\/strong>, embora geograficamente em Pindamonhangaba, tem seu acesso por Campos e oferece uma vista de tirar o f\u00f4lego de todo o Vale do Para\u00edba. J\u00e1 o <strong>Parque Amantikir<\/strong> apresenta jardins tem\u00e1ticos de diversos cantos do mundo, provando que a jardinagem aqui \u00e9 levada a s\u00e9rio como arte.<\/p>\n\n\n\n<p><strong>Leia tamb\u00e9m: <a href=\"https:\/\/www.correiobraziliense.com.br\/cbradar\/o-que-significa-gostar-de-cheirinho-de-casa-limpa-segundo-a-psicologia\/\" target=\"_blank\" rel=\"noreferrer noopener\">O que significa gostar de cheirinho de casa limpa, segundo a psicologia.<\/a><\/strong><\/p>\n\n\n\n<h2 class=\"wp-block-heading\">Quais pal\u00e1cios e parques definem a rotina de lazer?<\/h2>\n\n\n\n<p>O roteiro em Campos do Jord\u00e3o une a hist\u00f3ria pol\u00edtica de S\u00e3o Paulo com a contempla\u00e7\u00e3o art\u00edstica.<\/p>\n\n\n\n<ul class=\"wp-block-list\">\n<li><strong>Pal\u00e1cio Boa Vista<\/strong>: A resid\u00eancia oficial de inverno do governador \u00e9 tamb\u00e9m um museu com obras de Tarsila do Amaral e Portinari, aberto \u00e0 visita\u00e7\u00e3o p\u00fablica.<\/li>\n\n\n\n<li><strong>Museu Fel\u00edcia Leirner<\/strong>: Um museu a c\u00e9u aberto onde esculturas de bronze e cimento branco dialogam com a natureza da serra, no mesmo complexo do audit\u00f3rio.<\/li>\n\n\n\n<li><strong>Bonde Tur\u00edstico<\/strong>: Uma viagem nost\u00e1lgica pelos trilhos que cortam a cidade, ideal para entender a urbaniza\u00e7\u00e3o local.<\/li>\n\n\n\n<li><strong>Ducha de Prata<\/strong>: Um conjunto de quedas d&#8217;\u00e1gua canalizadas onde \u00e9 poss\u00edvel caminhar por plataformas de madeira e comprar artesanato local.<\/li>\n<\/ul>\n\n\n\n<figure class=\"wp-block-image aligncenter size-large\"><img decoding=\"async\" width=\"1024\" height=\"576\" src=\"https:\/\/www.correiobraziliense.com.br\/cbradar\/wp-content\/uploads\/2025\/07\/Edicoes-30-1-1024x576.png\" alt=\"Essas 5 cidades brasileiras fazem qualquer visitante esquecer que ainda est\u00e1 no Brasil\" class=\"wp-image-64709\" srcset=\"https:\/\/www.correiobraziliense.com.br\/cbradar\/wp-content\/uploads\/2025\/07\/Edicoes-30-1-1024x576.png 1024w, https:\/\/www.correiobraziliense.com.br\/cbradar\/wp-content\/uploads\/2025\/07\/Edicoes-30-1-300x169.png 300w, https:\/\/www.correiobraziliense.com.br\/cbradar\/wp-content\/uploads\/2025\/07\/Edicoes-30-1-768x432.png 768w, https:\/\/www.correiobraziliense.com.br\/cbradar\/wp-content\/uploads\/2025\/07\/Edicoes-30-1-750x422.png 750w, https:\/\/www.correiobraziliense.com.br\/cbradar\/wp-content\/uploads\/2025\/07\/Edicoes-30-1-1140x641.png 1140w, https:\/\/www.correiobraziliense.com.br\/cbradar\/wp-content\/uploads\/2025\/07\/Edicoes-30-1.png 1280w\" sizes=\"(max-width: 1024px) 100vw, 1024px\" \/><figcaption class=\"wp-element-caption\"> Viva momentos inesquec\u00edveis nos charmosos caf\u00e9s e jardins de Campos do Jord\u00e3o, destino rom\u00e2ntico da Serra da Mantiqueira. \/\/ Cr\u00e9ditos: YouTube @ArrudaFelipe\n<\/figcaption><\/figure>\n\n\n\n<h2 class=\"wp-block-heading\">Como o frio da serra influencia o planejamento?<\/h2>\n\n\n\n<p><strong>O clima \u00e9 tropical de altitude, com invernos secos e rigorosos (para os padr\u00f5es brasileiros) e ver\u00f5es amenos e chuvosos. <\/strong>A geada \u00e9 um fen\u00f4meno comum e celebrado nas manh\u00e3s de junho e julho.<\/p>\n\n\n\n<p>Segundo o portal <strong><a href=\"https:\/\/www.climatempo.com.br\/previsao-do-tempo\/cidade\/420\/camposdojordao-sp\" target=\"_blank\" rel=\"noreferrer noopener\">Climatempo<\/a><\/strong>, as temperaturas podem cair abaixo de zero. Confira o planejamento:<\/p>\n\n\n\n<figure class=\"wp-block-table\"><table class=\"has-fixed-layout\"><thead><tr><th>Esta\u00e7\u00e3o\/Per\u00edodo<\/th><th>M\u00e9dia T\u00e9rmica<\/th><th>O que esperar<\/th><\/tr><\/thead><tbody><tr><td>Inverno (Jun-Ago)<\/td><td>4\u00b0C a 17\u00b0C<\/td><td>Frio intenso, geadas matinais e cidade lotada; o auge do charme e dos pre\u00e7os altos.<\/td><\/tr><tr><td>Ver\u00e3o (Dez-Mar)<\/td><td>13\u00b0C a 24\u00b0C<\/td><td>Clima agrad\u00e1vel durante o dia e fresco \u00e0 noite; chuvas frequentes mant\u00eam a vegeta\u00e7\u00e3o verde (\u00e9poca das hort\u00eansias).<\/td><\/tr><tr><td>Outono (Abr-Mai)<\/td><td>8\u00b0C a 20\u00b0C<\/td><td>A \u00e9poca mais bonita visualmente, com as folhas dos pl\u00e1tanos avermelhadas e clima seco (o famoso &#8220;Staple de Campos&#8221;).<\/td><\/tr><\/tbody><\/table><\/figure>\n\n\n\n<h2 class=\"wp-block-heading\">Motivos estrat\u00e9gicos para viver ou investir em Campos do Jord\u00e3o<\/h2>\n\n\n\n<p><strong>A cidade se posiciona como um enclave de qualidade de vida e seguran\u00e7a<\/strong>, a poucas horas da maior metr\u00f3pole do pa\u00eds.<\/p>\n\n\n\n<ul class=\"wp-block-list\">\n<li>Infraestrutura tur\u00edstica e gastron\u00f4mica de padr\u00e3o internacional, gerando oportunidades de neg\u00f3cios premium.<\/li>\n\n\n\n<li>Qualidade do ar e clima ameno que favorecem a longevidade e o bem-estar.<\/li>\n\n\n\n<li>Agenda cultural intensa e sofisticada, ancorada pelo Festival de Inverno e museus de arte.<\/li>\n<\/ul>\n\n\n\n<p>Voc\u00ea precisa tomar um chocolate quente no Capivari vendo a neblina descer sobre as arauc\u00e1rias para entender por que Campos do Jord\u00e3o \u00e9 o ref\u00fagio mais charmoso do Brasil.<\/p>\n","protected":false},"excerpt":{"rendered":"<p>No topo da Serra da Mantiqueira, a 1.628 metros de altitude, Campos do Jord\u00e3o reina absoluta como o destino de inverno mais sofisticado do Brasil. Localizada a cerca de 170 km de S\u00e3o Paulo, a &#8220;Su\u00ed\u00e7a brasileira&#8221; oferece aos jordanenses e milh\u00f5es de turistas uma experi\u00eancia sensorial que mistura o clima alpino com a hospitalidade [&hellip;]<\/p>\n","protected":false},"author":8,"featured_media":142405,"comment_status":"open","ping_status":"open","sticky":false,"template":"","format":"standard","meta":{"_yoast_wpseo_focuskw":"su\u00ed\u00e7a brasileira","_yoast_wpseo_title":"","_yoast_wpseo_metadesc":"Essa cidade brasileira em altitude ganhou fama de Su\u00ed\u00e7a brasileira por unir clima frio, paisagens e boa qualidade de vida.","jnews-multi-image_gallery":[],"jnews_single_post":{"format":"standard"},"jnews_primary_category":[],"jnews_social_meta":[],"jnews_override_counter":[],"footnotes":""},"categories":[108,111],"tags":[1229,278],"class_list":["post-179297","post","type-post","status-publish","format-standard","has-post-thumbnail","hentry","category-cidades","category-turismo","tag-campos-do-jordao","tag-sao-paulo"],"yoast_head":"<!-- This site is optimized with the Yoast SEO plugin v24.6 - https:\/\/yoast.com\/wordpress\/plugins\/seo\/ -->\n<title>A Su\u00ed\u00e7a brasileira a 1.628 metros de altitude se destaca por clima europeu e qualidade de vida que atraem turistas o ano inteiro - Correio Braziliense - Radar<\/title>\n<meta name=\"description\" content=\"Essa cidade brasileira em altitude ganhou fama de Su\u00ed\u00e7a brasileira por unir clima frio, paisagens e boa qualidade de vida.\" \/>\n<meta name=\"robots\" content=\"index, follow, max-snippet:-1, max-image-preview:large, max-video-preview:-1\" \/>\n<link rel=\"canonical\" href=\"https:\/\/www.correiobraziliense.com.br\/cbradar\/a-suica-brasileira-a-1-628-metros-de-altitude-se-destaca-por-clima-europeu-e-qualidade-de-vida-que-atraem-turistas-o-ano-inteiro\/\" \/>\n<meta property=\"og:locale\" content=\"pt_BR\" \/>\n<meta property=\"og:type\" content=\"article\" \/>\n<meta property=\"og:title\" content=\"A Su\u00ed\u00e7a brasileira a 1.628 metros de altitude se destaca por clima europeu e qualidade de vida que atraem turistas o ano inteiro - Correio Braziliense - Radar\" \/>\n<meta property=\"og:description\" content=\"Essa cidade brasileira em altitude ganhou fama de Su\u00ed\u00e7a brasileira por unir clima frio, paisagens e boa qualidade de vida.\" \/>\n<meta property=\"og:url\" content=\"https:\/\/www.correiobraziliense.com.br\/cbradar\/a-suica-brasileira-a-1-628-metros-de-altitude-se-destaca-por-clima-europeu-e-qualidade-de-vida-que-atraem-turistas-o-ano-inteiro\/\" \/>\n<meta property=\"og:site_name\" content=\"Correio Braziliense - Radar\" \/>\n<meta property=\"article:published_time\" content=\"2026-01-22T09:25:00+00:00\" \/>\n<meta property=\"og:image\" content=\"https:\/\/www.correiobraziliense.com.br\/cbradar\/wp-content\/uploads\/2025\/11\/Design-sem-nome-59-1.png\" \/>\n\t<meta property=\"og:image:width\" content=\"1280\" \/>\n\t<meta property=\"og:image:height\" content=\"720\" \/>\n\t<meta property=\"og:image:type\" content=\"image\/png\" \/>\n<meta name=\"author\" content=\"Maura Pereira\" \/>\n<meta name=\"twitter:card\" content=\"summary_large_image\" \/>\n<meta name=\"twitter:label1\" content=\"Escrito por\" \/>\n\t<meta name=\"twitter:data1\" content=\"Maura Pereira\" \/>\n\t<meta name=\"twitter:label2\" content=\"Est. tempo de leitura\" \/>\n\t<meta name=\"twitter:data2\" content=\"6 minutos\" \/>\n<!-- \/ Yoast SEO plugin. -->","yoast_head_json":{"title":"A Su\u00ed\u00e7a brasileira a 1.628 metros de altitude se destaca por clima europeu e qualidade de vida que atraem turistas o ano inteiro - Correio Braziliense - Radar","description":"Essa cidade brasileira em altitude ganhou fama de Su\u00ed\u00e7a brasileira por unir clima frio, paisagens e boa qualidade de vida.","robots":{"index":"index","follow":"follow","max-snippet":"max-snippet:-1","max-image-preview":"max-image-preview:large","max-video-preview":"max-video-preview:-1"},"canonical":"https:\/\/www.correiobraziliense.com.br\/cbradar\/a-suica-brasileira-a-1-628-metros-de-altitude-se-destaca-por-clima-europeu-e-qualidade-de-vida-que-atraem-turistas-o-ano-inteiro\/","og_locale":"pt_BR","og_type":"article","og_title":"A Su\u00ed\u00e7a brasileira a 1.628 metros de altitude se destaca por clima europeu e qualidade de vida que atraem turistas o ano inteiro - Correio Braziliense - Radar","og_description":"Essa cidade brasileira em altitude ganhou fama de Su\u00ed\u00e7a brasileira por unir clima frio, paisagens e boa qualidade de vida.","og_url":"https:\/\/www.correiobraziliense.com.br\/cbradar\/a-suica-brasileira-a-1-628-metros-de-altitude-se-destaca-por-clima-europeu-e-qualidade-de-vida-que-atraem-turistas-o-ano-inteiro\/","og_site_name":"Correio Braziliense - Radar","article_published_time":"2026-01-22T09:25:00+00:00","og_image":[{"width":1280,"height":720,"url":"https:\/\/www.correiobraziliense.com.br\/cbradar\/wp-content\/uploads\/2025\/11\/Design-sem-nome-59-1.png","type":"image\/png"}],"author":"Maura Pereira","twitter_card":"summary_large_image","twitter_misc":{"Escrito por":"Maura Pereira","Est. tempo de leitura":"6 minutos"},"schema":{"@context":"https:\/\/schema.org","@graph":[{"@type":"WebPage","@id":"https:\/\/www.correiobraziliense.com.br\/cbradar\/a-suica-brasileira-a-1-628-metros-de-altitude-se-destaca-por-clima-europeu-e-qualidade-de-vida-que-atraem-turistas-o-ano-inteiro\/","url":"https:\/\/www.correiobraziliense.com.br\/cbradar\/a-suica-brasileira-a-1-628-metros-de-altitude-se-destaca-por-clima-europeu-e-qualidade-de-vida-que-atraem-turistas-o-ano-inteiro\/","name":"A Su\u00ed\u00e7a brasileira a 1.628 metros de altitude se destaca por clima europeu e qualidade de vida que atraem turistas o ano inteiro - Correio Braziliense - Radar","isPartOf":{"@id":"https:\/\/www.correiobraziliense.com.br\/cbradar\/#website"},"primaryImageOfPage":{"@id":"https:\/\/www.correiobraziliense.com.br\/cbradar\/a-suica-brasileira-a-1-628-metros-de-altitude-se-destaca-por-clima-europeu-e-qualidade-de-vida-que-atraem-turistas-o-ano-inteiro\/#primaryimage"},"image":{"@id":"https:\/\/www.correiobraziliense.com.br\/cbradar\/a-suica-brasileira-a-1-628-metros-de-altitude-se-destaca-por-clima-europeu-e-qualidade-de-vida-que-atraem-turistas-o-ano-inteiro\/#primaryimage"},"thumbnailUrl":"https:\/\/www.correiobraziliense.com.br\/cbradar\/wp-content\/uploads\/2025\/11\/Design-sem-nome-59-1.png","datePublished":"2026-01-22T09:25:00+00:00","author":{"@id":"https:\/\/www.correiobraziliense.com.br\/cbradar\/#\/schema\/person\/4053c651a9bfc785afc6f4cbc9032fd3"},"description":"Essa cidade brasileira em altitude ganhou fama de Su\u00ed\u00e7a brasileira por unir clima frio, paisagens e boa qualidade de vida.","breadcrumb":{"@id":"https:\/\/www.correiobraziliense.com.br\/cbradar\/a-suica-brasileira-a-1-628-metros-de-altitude-se-destaca-por-clima-europeu-e-qualidade-de-vida-que-atraem-turistas-o-ano-inteiro\/#breadcrumb"},"inLanguage":"pt-BR","potentialAction":[{"@type":"ReadAction","target":["https:\/\/www.correiobraziliense.com.br\/cbradar\/a-suica-brasileira-a-1-628-metros-de-altitude-se-destaca-por-clima-europeu-e-qualidade-de-vida-que-atraem-turistas-o-ano-inteiro\/"]}]},{"@type":"ImageObject","inLanguage":"pt-BR","@id":"https:\/\/www.correiobraziliense.com.br\/cbradar\/a-suica-brasileira-a-1-628-metros-de-altitude-se-destaca-por-clima-europeu-e-qualidade-de-vida-que-atraem-turistas-o-ano-inteiro\/#primaryimage","url":"https:\/\/www.correiobraziliense.com.br\/cbradar\/wp-content\/uploads\/2025\/11\/Design-sem-nome-59-1.png","contentUrl":"https:\/\/www.correiobraziliense.com.br\/cbradar\/wp-content\/uploads\/2025\/11\/Design-sem-nome-59-1.png","width":1280,"height":720,"caption":"Campos do Jord\u00e3o \u00e9 uma cidade na Serra da Mantiqueira, famosa pelo clima frio e arquitetura europeia. \/ Imagem ilustrativa"},{"@type":"BreadcrumbList","@id":"https:\/\/www.correiobraziliense.com.br\/cbradar\/a-suica-brasileira-a-1-628-metros-de-altitude-se-destaca-por-clima-europeu-e-qualidade-de-vida-que-atraem-turistas-o-ano-inteiro\/#breadcrumb","itemListElement":[{"@type":"ListItem","position":1,"name":"In\u00edcio","item":"https:\/\/www.correiobraziliense.com.br\/cbradar\/"},{"@type":"ListItem","position":2,"name":"A Su\u00ed\u00e7a brasileira a 1.628 metros de altitude se destaca por clima europeu e qualidade de vida que atraem turistas o ano inteiro"}]},{"@type":"WebSite","@id":"https:\/\/www.correiobraziliense.com.br\/cbradar\/#website","url":"https:\/\/www.correiobraziliense.com.br\/cbradar\/","name":"Correio Braziliense - Radar","description":"Acompanhe as \u00faltimas not\u00edcias e fique bem informado sobre tudo o que acontece no Brasil e no mundo.","potentialAction":[{"@type":"SearchAction","target":{"@type":"EntryPoint","urlTemplate":"https:\/\/www.correiobraziliense.com.br\/cbradar\/?s={search_term_string}"},"query-input":{"@type":"PropertyValueSpecification","valueRequired":true,"valueName":"search_term_string"}}],"inLanguage":"pt-BR"},{"@type":"Person","@id":"https:\/\/www.correiobraziliense.com.br\/cbradar\/#\/schema\/person\/4053c651a9bfc785afc6f4cbc9032fd3","name":"Maura Pereira","image":{"@type":"ImageObject","inLanguage":"pt-BR","@id":"https:\/\/www.correiobraziliense.com.br\/cbradar\/#\/schema\/person\/image\/","url":"https:\/\/secure.gravatar.com\/avatar\/3effd6bdadfa447f15089c7f7144eaa6?s=96&d=mm&r=g","contentUrl":"https:\/\/secure.gravatar.com\/avatar\/3effd6bdadfa447f15089c7f7144eaa6?s=96&d=mm&r=g","caption":"Maura Pereira"},"sameAs":["https:\/\/www.correiobraziliense.com.br\/"],"url":"https:\/\/www.correiobraziliense.com.br\/cbradar\/author\/mauramyth\/"}]}},"_links":{"self":[{"href":"https:\/\/www.correiobraziliense.com.br\/cbradar\/wp-json\/wp\/v2\/posts\/179297","targetHints":{"allow":["GET"]}}],"collection":[{"href":"https:\/\/www.correiobraziliense.com.br\/cbradar\/wp-json\/wp\/v2\/posts"}],"about":[{"href":"https:\/\/www.correiobraziliense.com.br\/cbradar\/wp-json\/wp\/v2\/types\/post"}],"author":[{"embeddable":true,"href":"https:\/\/www.correiobraziliense.com.br\/cbradar\/wp-json\/wp\/v2\/users\/8"}],"replies":[{"embeddable":true,"href":"https:\/\/www.correiobraziliense.com.br\/cbradar\/wp-json\/wp\/v2\/comments?post=179297"}],"version-history":[{"count":15,"href":"https:\/\/www.correiobraziliense.com.br\/cbradar\/wp-json\/wp\/v2\/posts\/179297\/revisions"}],"predecessor-version":[{"id":179357,"href":"https:\/\/www.correiobraziliense.com.br\/cbradar\/wp-json\/wp\/v2\/posts\/179297\/revisions\/179357"}],"wp:featuredmedia":[{"embeddable":true,"href":"https:\/\/www.correiobraziliense.com.br\/cbradar\/wp-json\/wp\/v2\/media\/142405"}],"wp:attachment":[{"href":"https:\/\/www.correiobraziliense.com.br\/cbradar\/wp-json\/wp\/v2\/media?parent=179297"}],"wp:term":[{"taxonomy":"category","embeddable":true,"href":"https:\/\/www.correiobraziliense.com.br\/cbradar\/wp-json\/wp\/v2\/categories?post=179297"},{"taxonomy":"post_tag","embeddable":true,"href":"https:\/\/www.correiobraziliense.com.br\/cbradar\/wp-json\/wp\/v2\/tags?post=179297"}],"curies":[{"name":"wp","href":"https:\/\/api.w.org\/{rel}","templated":true}]}}