{"id":179298,"date":"2026-01-22T08:25:00","date_gmt":"2026-01-22T11:25:00","guid":{"rendered":"https:\/\/www.correiobraziliense.com.br\/cbradar\/?p=179298"},"modified":"2026-01-21T21:24:14","modified_gmt":"2026-01-22T00:24:14","slug":"uma-montanha-pre-historica-a-2-810-metros-na-fronteira-do-brasil-com-a-venezuela-inspirou-o-famoso-filme-de-up-altas-aventuras","status":"publish","type":"post","link":"https:\/\/www.correiobraziliense.com.br\/cbradar\/uma-montanha-pre-historica-a-2-810-metros-na-fronteira-do-brasil-com-a-venezuela-inspirou-o-famoso-filme-de-up-altas-aventuras\/","title":{"rendered":"Uma montanha pr\u00e9-hist\u00f3rica a 2.810 metros na fronteira do Brasil com a Venezuela inspirou o famoso filme de \u201cUp: Altas Aventuras\u201d"},"content":{"rendered":"\n<p>Mais do que uma montanha, o <strong>Monte Roraima<\/strong> \u00e9 uma ilha no tempo. Localizado na tr\u00edplice fronteira entre <strong>Brasil<\/strong>, <strong>Venezuela<\/strong> e <strong>Guiana<\/strong>, este tepui (montanha em formato de mesa) eleva-se a 2.810 metros, guardando em seu topo um ecossistema pr\u00e9-hist\u00f3rico que inspirou Arthur Conan Doyle a escrever &#8220;O Mundo Perdido&#8221; e a Pixar a criar o filme &#8220;Up &#8211; Altas Aventuras&#8221;.<\/p>\n\n\n\n<h2 class=\"wp-block-heading\">Por que \u00e9 considerado o &#8220;Mundo Perdido&#8221;?<\/h2>\n\n\n\n<p>Geologicamente, o Roraima faz parte do <strong>Escudo das Guianas<\/strong>, uma das forma\u00e7\u00f5es mais antigas da Terra, com cerca de 2 bilh\u00f5es de anos. O isolamento geogr\u00e1fico do cume criou uma evolu\u00e7\u00e3o biol\u00f3gica paralela. Cerca de 80% da vida encontrada l\u00e1 em cima \u00e9 end\u00eamica, ou seja, n\u00e3o existe em nenhum outro lugar do planeta.<\/p>\n\n\n\n<p>Para o aventureiro, isso significa caminhar entre plantas carn\u00edvoras que se adaptaram ao solo pobre, sapos negros min\u00fasculos que n\u00e3o pulam (o <em>Oreophrynella quelchii<\/em>) e forma\u00e7\u00f5es rochosas negras esculpidas pelo vento que lembram animais e guardi\u00f5es, criando uma paisagem verdadeiramente alien\u00edgena.<\/p>\n\n\n<div class=\"wp-block-image\">\n<figure class=\"aligncenter size-large\"><img decoding=\"async\" width=\"1024\" height=\"576\" src=\"https:\/\/www.correiobraziliense.com.br\/cbradar\/wp-content\/uploads\/2025\/12\/Uma-peninsula-de-areia-com-uma-vila-esquecida-com-dunas-de-salinas-que-parecem-neve-50-1024x576.png\" alt=\"Uma montanha pr\u00e9-hist\u00f3rica a 2.810 metros na fronteira do Brasil com a Venezuela inspirou o famoso filme \u201cUp: Altas Aventuras\u201d\" class=\"wp-image-159760\" srcset=\"https:\/\/www.correiobraziliense.com.br\/cbradar\/wp-content\/uploads\/2025\/12\/Uma-peninsula-de-areia-com-uma-vila-esquecida-com-dunas-de-salinas-que-parecem-neve-50-1024x576.png 1024w, https:\/\/www.correiobraziliense.com.br\/cbradar\/wp-content\/uploads\/2025\/12\/Uma-peninsula-de-areia-com-uma-vila-esquecida-com-dunas-de-salinas-que-parecem-neve-50-300x169.png 300w, https:\/\/www.correiobraziliense.com.br\/cbradar\/wp-content\/uploads\/2025\/12\/Uma-peninsula-de-areia-com-uma-vila-esquecida-com-dunas-de-salinas-que-parecem-neve-50-768x432.png 768w, https:\/\/www.correiobraziliense.com.br\/cbradar\/wp-content\/uploads\/2025\/12\/Uma-peninsula-de-areia-com-uma-vila-esquecida-com-dunas-de-salinas-que-parecem-neve-50-750x422.png 750w, https:\/\/www.correiobraziliense.com.br\/cbradar\/wp-content\/uploads\/2025\/12\/Uma-peninsula-de-areia-com-uma-vila-esquecida-com-dunas-de-salinas-que-parecem-neve-50-1140x641.png 1140w, https:\/\/www.correiobraziliense.com.br\/cbradar\/wp-content\/uploads\/2025\/12\/Uma-peninsula-de-areia-com-uma-vila-esquecida-com-dunas-de-salinas-que-parecem-neve-50.png 1280w\" sizes=\"(max-width: 1024px) 100vw, 1024px\" \/><figcaption class=\"wp-element-caption\">Monte Roraima encanta com neblina m\u00edstica, vales de cristais e mirantes abissais, convidando jornadas transformadoras no \u201cmundo perdido\u201d amaz\u00f4nico. \/\/ Cr\u00e9ditos: Wikip\u00e9dia<\/figcaption><\/figure><\/div>\n\n\n<h2 class=\"wp-block-heading\">O trekking \u00e9 realmente o mais desafiador da Am\u00e9rica do Sul?<\/h2>\n\n\n\n<p><strong>\u00c9, sem d\u00favida, um dos mais m\u00edsticos e exigentes. <\/strong>A expedi\u00e7\u00e3o padr\u00e3o dura de 7 a 10 dias e exige um preparo f\u00edsico robusto para enfrentar subidas \u00edngremes, travessias de rios e a famosa &#8220;Rampa&#8221; final.<\/p>\n\n\n\n<p>A log\u00edstica \u00e9 complexa: embora seja s\u00edmbolo do estado de <strong>Roraima<\/strong>, a ascens\u00e3o tur\u00edstica \u00e9 feita pelo lado venezuelano, partindo de <strong>Santa Elena de Uair\u00e9n<\/strong> (fronteira com Pacaraima\/BR). O visitante caminha pela savana (Gran Sabana) antes de tocar a parede vertical (&#8220;o muro&#8221;) e subir ao topo, guiado obrigatoriamente pelos ind\u00edgenas <strong>Pemon<\/strong>, os guardi\u00f5es espirituais da montanha.<\/p>\n\n\n\n<p><strong>Descubra por que o Monte Roraima \u00e9 um dos lugares mais inacredit\u00e1veis do planeta num document\u00e1rio emocionante.<\/strong> O v\u00eddeo \u00e9 do canal<strong> Rol\u00ea Fam\u00edlia<\/strong>, que partilha expedi\u00e7\u00f5es \u00e9picas e dicas de viagem, e apresenta uma jornada de 7 dias e 110 km por este mundo perdido, destacando os pared\u00f5es colossais, as jacuzzis naturais e a profunda conex\u00e3o com a cultura ind\u00edgena local:<\/p>\n\n\n\n<figure class=\"wp-block-embed aligncenter is-type-video is-provider-youtube wp-block-embed-youtube wp-embed-aspect-16-9 wp-has-aspect-ratio\"><div class=\"wp-block-embed__wrapper\">\n<div class=\"jeg_video_container jeg_video_content\"><iframe loading=\"lazy\" title=\"Por que o MONTE RORAIMA \u00e9 um dos lugares mais incr\u00edveis do mundo? | Document\u00e1rio\" width=\"500\" height=\"281\" src=\"https:\/\/www.youtube.com\/embed\/E9tWR_3DDL0?start=43&#038;feature=oembed\" frameborder=\"0\" allow=\"accelerometer; autoplay; clipboard-write; encrypted-media; gyroscope; picture-in-picture; web-share\" referrerpolicy=\"strict-origin-when-cross-origin\" allowfullscreen><\/iframe><\/div>\n<\/div><\/figure>\n\n\n\n<h2 class=\"wp-block-heading\">O que se encontra no topo do tepui?<\/h2>\n\n\n\n<p><strong>Chegar ao cume n\u00e3o \u00e9 o fim<\/strong>, \u00e9 o come\u00e7o da explora\u00e7\u00e3o. O topo do Monte Roraima \u00e9 um labirinto de pedra com atra\u00e7\u00f5es surreais:<\/p>\n\n\n\n<ul class=\"wp-block-list\">\n<li><strong>Vale dos Cristais<\/strong>: Um caminho coberto por cristais de quartzo branco que brilham sob o sol (\u00e9 estritamente proibido levar qualquer pedra como souvenir).<\/li>\n\n\n\n<li><strong>Jacuzzis<\/strong>: Piscinas naturais de \u00e1gua gelada e cristalina com fundo de cristais e algas douradas, onde os corajosos se banham.<\/li>\n\n\n\n<li><strong>Ponto Triplo<\/strong>: Um marco piramidal que sinaliza a uni\u00e3o exata das fronteiras do Brasil, Venezuela e Guiana.<\/li>\n\n\n\n<li><strong>Maverick<\/strong>: O ponto mais alto do tepui, de onde se tem a vista definitiva da vastid\u00e3o da floresta amaz\u00f4nica e da savana.<\/li>\n<\/ul>\n\n\n<div class=\"wp-block-image\">\n<figure class=\"aligncenter size-large\"><img decoding=\"async\" width=\"1024\" height=\"576\" src=\"https:\/\/www.correiobraziliense.com.br\/cbradar\/wp-content\/uploads\/2025\/12\/Uma-peninsula-de-areia-com-uma-vila-esquecida-com-dunas-de-salinas-que-parecem-neve-51-1024x576.png\" alt=\"\" class=\"wp-image-159759\" srcset=\"https:\/\/www.correiobraziliense.com.br\/cbradar\/wp-content\/uploads\/2025\/12\/Uma-peninsula-de-areia-com-uma-vila-esquecida-com-dunas-de-salinas-que-parecem-neve-51-1024x576.png 1024w, https:\/\/www.correiobraziliense.com.br\/cbradar\/wp-content\/uploads\/2025\/12\/Uma-peninsula-de-areia-com-uma-vila-esquecida-com-dunas-de-salinas-que-parecem-neve-51-300x169.png 300w, https:\/\/www.correiobraziliense.com.br\/cbradar\/wp-content\/uploads\/2025\/12\/Uma-peninsula-de-areia-com-uma-vila-esquecida-com-dunas-de-salinas-que-parecem-neve-51-768x432.png 768w, https:\/\/www.correiobraziliense.com.br\/cbradar\/wp-content\/uploads\/2025\/12\/Uma-peninsula-de-areia-com-uma-vila-esquecida-com-dunas-de-salinas-que-parecem-neve-51-750x422.png 750w, https:\/\/www.correiobraziliense.com.br\/cbradar\/wp-content\/uploads\/2025\/12\/Uma-peninsula-de-areia-com-uma-vila-esquecida-com-dunas-de-salinas-que-parecem-neve-51-1140x641.png 1140w, https:\/\/www.correiobraziliense.com.br\/cbradar\/wp-content\/uploads\/2025\/12\/Uma-peninsula-de-areia-com-uma-vila-esquecida-com-dunas-de-salinas-que-parecem-neve-51.png 1280w\" sizes=\"(max-width: 1024px) 100vw, 1024px\" \/><figcaption class=\"wp-element-caption\">Monte Roraima consolida-se como \u00edcone do ecoturismo sul-americano com expedi\u00e7\u00f5es guiadas partindo de Boa Vista e Gran Sabana em alta recente.\u200b \/\/ Cr\u00e9ditos: Wikimedia Commons<\/figcaption><\/figure><\/div>\n\n\n<h2 class=\"wp-block-heading\">\u00c9 poss\u00edvel ver o monte sem sair do Brasil?<\/h2>\n\n\n\n<p><strong>Sim. <\/strong>Para quem n\u00e3o deseja (ou n\u00e3o pode) fazer o trekking internacional, o munic\u00edpio de <strong>Uiramut\u00e3<\/strong>, no extremo norte de Roraima, oferece a vista mais privilegiada da face brasileira do monte. \u00c9 uma experi\u00eancia contemplativa, focada no ecoturismo em terras ind\u00edgenas (como as cachoeiras do Uruc\u00e1 e do Paiu\u00e1), onde se observa a impon\u00eancia do pared\u00e3o sem a necessidade de escalada.<\/p>\n\n\n\n<p><strong>Leia tamb\u00e9m: <a href=\"https:\/\/www.correiobraziliense.com.br\/cbradar\/o-que-significa-gostar-de-cheirinho-de-casa-limpa-segundo-a-psicologia\/\" target=\"_blank\" rel=\"noreferrer noopener\">O que significa gostar de cheirinho de casa limpa, segundo a psicologia.<\/a><\/strong><\/p>\n\n\n\n<h2 class=\"wp-block-heading\">Como o clima equatorial afeta a expedi\u00e7\u00e3o?<\/h2>\n\n\n\n<p><strong>No topo, o clima \u00e9 imprevis\u00edvel e severo. Pode fazer sol, chover torrencialmente e cobrir-se de neblina densa no mesmo dia.<\/strong> A temperatura \u00e0 noite pode se aproximar de zero grau.<\/p>\n\n\n\n<p>Segundo guias locais, n\u00e3o existe \u00e9poca &#8220;seca&#8221; absoluta no topo, mas h\u00e1 janelas melhores. Confira:<\/p>\n\n\n\n<figure class=\"wp-block-table\"><table class=\"has-fixed-layout\"><thead><tr><th>Per\u00edodo<\/th><th>Condi\u00e7\u00f5es<\/th><th>Vantagem\/Desvantagem<\/th><\/tr><\/thead><tbody><tr><td>Seca Relativa (Set-Mar)<\/td><td>Menos chuva na caminhada de aproxima\u00e7\u00e3o.<\/td><td>Melhores vistas panor\u00e2micas; noites muito frias; &#8220;Jacuzzis&#8221; com menos \u00e1gua.<\/td><\/tr><tr><td>Chuvosa (Abr-Ago)<\/td><td>Cachoeiras tempor\u00e1rias brotam das paredes.<\/td><td>Trilhas com lama pesada; visual das quedas d&#8217;\u00e1gua \u00e9 espetacular; risco de rios cheios.<\/td><\/tr><\/tbody><\/table><\/figure>\n\n\n<div class=\"wp-block-image\">\n<figure class=\"aligncenter size-large\"><img decoding=\"async\" width=\"1024\" height=\"576\" src=\"https:\/\/www.correiobraziliense.com.br\/cbradar\/wp-content\/uploads\/2025\/12\/Uma-peninsula-de-areia-com-uma-vila-esquecida-com-dunas-de-salinas-que-parecem-neve-52-1024x576.png\" alt=\"\" class=\"wp-image-159758\" srcset=\"https:\/\/www.correiobraziliense.com.br\/cbradar\/wp-content\/uploads\/2025\/12\/Uma-peninsula-de-areia-com-uma-vila-esquecida-com-dunas-de-salinas-que-parecem-neve-52-1024x576.png 1024w, https:\/\/www.correiobraziliense.com.br\/cbradar\/wp-content\/uploads\/2025\/12\/Uma-peninsula-de-areia-com-uma-vila-esquecida-com-dunas-de-salinas-que-parecem-neve-52-300x169.png 300w, https:\/\/www.correiobraziliense.com.br\/cbradar\/wp-content\/uploads\/2025\/12\/Uma-peninsula-de-areia-com-uma-vila-esquecida-com-dunas-de-salinas-que-parecem-neve-52-768x432.png 768w, https:\/\/www.correiobraziliense.com.br\/cbradar\/wp-content\/uploads\/2025\/12\/Uma-peninsula-de-areia-com-uma-vila-esquecida-com-dunas-de-salinas-que-parecem-neve-52-750x422.png 750w, https:\/\/www.correiobraziliense.com.br\/cbradar\/wp-content\/uploads\/2025\/12\/Uma-peninsula-de-areia-com-uma-vila-esquecida-com-dunas-de-salinas-que-parecem-neve-52-1140x641.png 1140w, https:\/\/www.correiobraziliense.com.br\/cbradar\/wp-content\/uploads\/2025\/12\/Uma-peninsula-de-areia-com-uma-vila-esquecida-com-dunas-de-salinas-que-parecem-neve-52.png 1280w\" sizes=\"(max-width: 1024px) 100vw, 1024px\" \/><figcaption class=\"wp-element-caption\">Curta banhos em cachoeiras cristalinas e \u201cjacuzzis\u201d naturais no topo do Monte Roraima, ref\u00fagio gostoso com clima ameno e paisagens de outro planeta. \/\/ Cr\u00e9ditos: Wikip\u00e9dia<\/figcaption><\/figure><\/div>\n\n\n<h2 class=\"wp-block-heading\">Motivos para encarar a montanha sagrada<\/h2>\n\n\n\n<p><strong>O Monte Roraima n\u00e3o \u00e9 apenas turismo de aventura;<\/strong> \u00e9 uma jornada introspectiva em um lugar que a humanidade pouco tocou.<\/p>\n\n\n\n<ul class=\"wp-block-list\">\n<li>Contato direto com uma das geologias mais antigas do planeta.<\/li>\n\n\n\n<li>Imers\u00e3o cultural com o povo Pemon e suas lendas sobre a &#8220;M\u00e3e de todas as \u00c1guas&#8221;.<\/li>\n\n\n\n<li>Desintoxica\u00e7\u00e3o digital total: l\u00e1 em cima, a \u00fanica conex\u00e3o \u00e9 com a natureza bruta.<\/li>\n<\/ul>\n\n\n\n<p>Voc\u00ea precisa tocar a parede fria do tepui ap\u00f3s tr\u00eas dias de caminhada para entender a insignific\u00e2ncia humana diante da &#8220;Casa de Makunaima&#8221;.<\/p>\n","protected":false},"excerpt":{"rendered":"<p>Mais do que uma montanha, o Monte Roraima \u00e9 uma ilha no tempo. Localizado na tr\u00edplice fronteira entre Brasil, Venezuela e Guiana, este tepui (montanha em formato de mesa) eleva-se a 2.810 metros, guardando em seu topo um ecossistema pr\u00e9-hist\u00f3rico que inspirou Arthur Conan Doyle a escrever &#8220;O Mundo Perdido&#8221; e a Pixar a criar [&hellip;]<\/p>\n","protected":false},"author":8,"featured_media":179378,"comment_status":"open","ping_status":"open","sticky":false,"template":"","format":"standard","meta":{"_yoast_wpseo_focuskw":"montanha do filme up","_yoast_wpseo_title":"","_yoast_wpseo_metadesc":"Descubra qual \u00e9 a montanha brasileira a 2.810 metros de altitude inspirou o filme Up e chama aten\u00e7\u00e3o por sua localiza\u00e7\u00e3o e hist\u00f3ria.","jnews-multi-image_gallery":[],"jnews_single_post":{"format":"standard"},"jnews_primary_category":[],"jnews_social_meta":[],"jnews_override_counter":[],"footnotes":""},"categories":[108,111],"tags":[13035,14310],"class_list":["post-179298","post","type-post","status-publish","format-standard","has-post-thumbnail","hentry","category-cidades","category-turismo","tag-monte-roraima","tag-up-altas-aventuras"],"yoast_head":"<!-- This site is optimized with the Yoast SEO plugin v24.6 - https:\/\/yoast.com\/wordpress\/plugins\/seo\/ -->\n<title>Uma montanha pr\u00e9-hist\u00f3rica a 2.810 metros na fronteira do Brasil com a Venezuela inspirou o famoso filme de \u201cUp: Altas Aventuras\u201d - Correio Braziliense - Radar<\/title>\n<meta name=\"description\" content=\"Descubra qual \u00e9 a montanha brasileira a 2.810 metros de altitude inspirou o filme Up e chama aten\u00e7\u00e3o por sua localiza\u00e7\u00e3o e hist\u00f3ria.\" \/>\n<meta name=\"robots\" content=\"index, follow, max-snippet:-1, max-image-preview:large, max-video-preview:-1\" \/>\n<link rel=\"canonical\" href=\"https:\/\/www.correiobraziliense.com.br\/cbradar\/uma-montanha-pre-historica-a-2-810-metros-na-fronteira-do-brasil-com-a-venezuela-inspirou-o-famoso-filme-de-up-altas-aventuras\/\" \/>\n<meta property=\"og:locale\" content=\"pt_BR\" \/>\n<meta property=\"og:type\" content=\"article\" \/>\n<meta property=\"og:title\" content=\"Uma montanha pr\u00e9-hist\u00f3rica a 2.810 metros na fronteira do Brasil com a Venezuela inspirou o famoso filme de \u201cUp: Altas Aventuras\u201d - Correio Braziliense - Radar\" \/>\n<meta property=\"og:description\" content=\"Descubra qual \u00e9 a montanha brasileira a 2.810 metros de altitude inspirou o filme Up e chama aten\u00e7\u00e3o por sua localiza\u00e7\u00e3o e hist\u00f3ria.\" \/>\n<meta property=\"og:url\" content=\"https:\/\/www.correiobraziliense.com.br\/cbradar\/uma-montanha-pre-historica-a-2-810-metros-na-fronteira-do-brasil-com-a-venezuela-inspirou-o-famoso-filme-de-up-altas-aventuras\/\" \/>\n<meta property=\"og:site_name\" content=\"Correio Braziliense - Radar\" \/>\n<meta property=\"article:published_time\" content=\"2026-01-22T11:25:00+00:00\" \/>\n<meta property=\"og:image\" content=\"https:\/\/www.correiobraziliense.com.br\/cbradar\/wp-content\/uploads\/2026\/01\/aaa-2026-01-21T210722.673.png\" \/>\n\t<meta property=\"og:image:width\" content=\"1280\" \/>\n\t<meta property=\"og:image:height\" content=\"720\" \/>\n\t<meta property=\"og:image:type\" content=\"image\/png\" \/>\n<meta name=\"author\" content=\"Maura Pereira\" \/>\n<meta name=\"twitter:card\" content=\"summary_large_image\" \/>\n<meta name=\"twitter:label1\" content=\"Escrito por\" \/>\n\t<meta name=\"twitter:data1\" content=\"Maura Pereira\" \/>\n\t<meta name=\"twitter:label2\" content=\"Est. tempo de leitura\" \/>\n\t<meta name=\"twitter:data2\" content=\"6 minutos\" \/>\n<!-- \/ Yoast SEO plugin. -->","yoast_head_json":{"title":"Uma montanha pr\u00e9-hist\u00f3rica a 2.810 metros na fronteira do Brasil com a Venezuela inspirou o famoso filme de \u201cUp: Altas Aventuras\u201d - Correio Braziliense - Radar","description":"Descubra qual \u00e9 a montanha brasileira a 2.810 metros de altitude inspirou o filme Up e chama aten\u00e7\u00e3o por sua localiza\u00e7\u00e3o e hist\u00f3ria.","robots":{"index":"index","follow":"follow","max-snippet":"max-snippet:-1","max-image-preview":"max-image-preview:large","max-video-preview":"max-video-preview:-1"},"canonical":"https:\/\/www.correiobraziliense.com.br\/cbradar\/uma-montanha-pre-historica-a-2-810-metros-na-fronteira-do-brasil-com-a-venezuela-inspirou-o-famoso-filme-de-up-altas-aventuras\/","og_locale":"pt_BR","og_type":"article","og_title":"Uma montanha pr\u00e9-hist\u00f3rica a 2.810 metros na fronteira do Brasil com a Venezuela inspirou o famoso filme de \u201cUp: Altas Aventuras\u201d - Correio Braziliense - Radar","og_description":"Descubra qual \u00e9 a montanha brasileira a 2.810 metros de altitude inspirou o filme Up e chama aten\u00e7\u00e3o por sua localiza\u00e7\u00e3o e hist\u00f3ria.","og_url":"https:\/\/www.correiobraziliense.com.br\/cbradar\/uma-montanha-pre-historica-a-2-810-metros-na-fronteira-do-brasil-com-a-venezuela-inspirou-o-famoso-filme-de-up-altas-aventuras\/","og_site_name":"Correio Braziliense - Radar","article_published_time":"2026-01-22T11:25:00+00:00","og_image":[{"width":1280,"height":720,"url":"https:\/\/www.correiobraziliense.com.br\/cbradar\/wp-content\/uploads\/2026\/01\/aaa-2026-01-21T210722.673.png","type":"image\/png"}],"author":"Maura Pereira","twitter_card":"summary_large_image","twitter_misc":{"Escrito por":"Maura Pereira","Est. tempo de leitura":"6 minutos"},"schema":{"@context":"https:\/\/schema.org","@graph":[{"@type":"WebPage","@id":"https:\/\/www.correiobraziliense.com.br\/cbradar\/uma-montanha-pre-historica-a-2-810-metros-na-fronteira-do-brasil-com-a-venezuela-inspirou-o-famoso-filme-de-up-altas-aventuras\/","url":"https:\/\/www.correiobraziliense.com.br\/cbradar\/uma-montanha-pre-historica-a-2-810-metros-na-fronteira-do-brasil-com-a-venezuela-inspirou-o-famoso-filme-de-up-altas-aventuras\/","name":"Uma montanha pr\u00e9-hist\u00f3rica a 2.810 metros na fronteira do Brasil com a Venezuela inspirou o famoso filme de \u201cUp: Altas Aventuras\u201d - Correio Braziliense - Radar","isPartOf":{"@id":"https:\/\/www.correiobraziliense.com.br\/cbradar\/#website"},"primaryImageOfPage":{"@id":"https:\/\/www.correiobraziliense.com.br\/cbradar\/uma-montanha-pre-historica-a-2-810-metros-na-fronteira-do-brasil-com-a-venezuela-inspirou-o-famoso-filme-de-up-altas-aventuras\/#primaryimage"},"image":{"@id":"https:\/\/www.correiobraziliense.com.br\/cbradar\/uma-montanha-pre-historica-a-2-810-metros-na-fronteira-do-brasil-com-a-venezuela-inspirou-o-famoso-filme-de-up-altas-aventuras\/#primaryimage"},"thumbnailUrl":"https:\/\/www.correiobraziliense.com.br\/cbradar\/wp-content\/uploads\/2026\/01\/aaa-2026-01-21T210722.673.png","datePublished":"2026-01-22T11:25:00+00:00","author":{"@id":"https:\/\/www.correiobraziliense.com.br\/cbradar\/#\/schema\/person\/4053c651a9bfc785afc6f4cbc9032fd3"},"description":"Descubra qual \u00e9 a montanha brasileira a 2.810 metros de altitude inspirou o filme Up e chama aten\u00e7\u00e3o por sua localiza\u00e7\u00e3o e hist\u00f3ria.","breadcrumb":{"@id":"https:\/\/www.correiobraziliense.com.br\/cbradar\/uma-montanha-pre-historica-a-2-810-metros-na-fronteira-do-brasil-com-a-venezuela-inspirou-o-famoso-filme-de-up-altas-aventuras\/#breadcrumb"},"inLanguage":"pt-BR","potentialAction":[{"@type":"ReadAction","target":["https:\/\/www.correiobraziliense.com.br\/cbradar\/uma-montanha-pre-historica-a-2-810-metros-na-fronteira-do-brasil-com-a-venezuela-inspirou-o-famoso-filme-de-up-altas-aventuras\/"]}]},{"@type":"ImageObject","inLanguage":"pt-BR","@id":"https:\/\/www.correiobraziliense.com.br\/cbradar\/uma-montanha-pre-historica-a-2-810-metros-na-fronteira-do-brasil-com-a-venezuela-inspirou-o-famoso-filme-de-up-altas-aventuras\/#primaryimage","url":"https:\/\/www.correiobraziliense.com.br\/cbradar\/wp-content\/uploads\/2026\/01\/aaa-2026-01-21T210722.673.png","contentUrl":"https:\/\/www.correiobraziliense.com.br\/cbradar\/wp-content\/uploads\/2026\/01\/aaa-2026-01-21T210722.673.png","width":1280,"height":720,"caption":"Monte Roraima exige guia credenciado, preparo f\u00edsico e travessia pela Venezuela, garantindo seguran\u00e7a em trilhas \u00edngremes e clima inst\u00e1vel.\u200b"},{"@type":"BreadcrumbList","@id":"https:\/\/www.correiobraziliense.com.br\/cbradar\/uma-montanha-pre-historica-a-2-810-metros-na-fronteira-do-brasil-com-a-venezuela-inspirou-o-famoso-filme-de-up-altas-aventuras\/#breadcrumb","itemListElement":[{"@type":"ListItem","position":1,"name":"In\u00edcio","item":"https:\/\/www.correiobraziliense.com.br\/cbradar\/"},{"@type":"ListItem","position":2,"name":"Uma montanha pr\u00e9-hist\u00f3rica a 2.810 metros na fronteira do Brasil com a Venezuela inspirou o famoso filme de \u201cUp: Altas Aventuras\u201d"}]},{"@type":"WebSite","@id":"https:\/\/www.correiobraziliense.com.br\/cbradar\/#website","url":"https:\/\/www.correiobraziliense.com.br\/cbradar\/","name":"Correio Braziliense - Radar","description":"Acompanhe as \u00faltimas not\u00edcias e fique bem informado sobre tudo o que acontece no Brasil e no mundo.","potentialAction":[{"@type":"SearchAction","target":{"@type":"EntryPoint","urlTemplate":"https:\/\/www.correiobraziliense.com.br\/cbradar\/?s={search_term_string}"},"query-input":{"@type":"PropertyValueSpecification","valueRequired":true,"valueName":"search_term_string"}}],"inLanguage":"pt-BR"},{"@type":"Person","@id":"https:\/\/www.correiobraziliense.com.br\/cbradar\/#\/schema\/person\/4053c651a9bfc785afc6f4cbc9032fd3","name":"Maura Pereira","image":{"@type":"ImageObject","inLanguage":"pt-BR","@id":"https:\/\/www.correiobraziliense.com.br\/cbradar\/#\/schema\/person\/image\/","url":"https:\/\/secure.gravatar.com\/avatar\/3effd6bdadfa447f15089c7f7144eaa6?s=96&d=mm&r=g","contentUrl":"https:\/\/secure.gravatar.com\/avatar\/3effd6bdadfa447f15089c7f7144eaa6?s=96&d=mm&r=g","caption":"Maura Pereira"},"sameAs":["https:\/\/www.correiobraziliense.com.br\/"],"url":"https:\/\/www.correiobraziliense.com.br\/cbradar\/author\/mauramyth\/"}]}},"_links":{"self":[{"href":"https:\/\/www.correiobraziliense.com.br\/cbradar\/wp-json\/wp\/v2\/posts\/179298","targetHints":{"allow":["GET"]}}],"collection":[{"href":"https:\/\/www.correiobraziliense.com.br\/cbradar\/wp-json\/wp\/v2\/posts"}],"about":[{"href":"https:\/\/www.correiobraziliense.com.br\/cbradar\/wp-json\/wp\/v2\/types\/post"}],"author":[{"embeddable":true,"href":"https:\/\/www.correiobraziliense.com.br\/cbradar\/wp-json\/wp\/v2\/users\/8"}],"replies":[{"embeddable":true,"href":"https:\/\/www.correiobraziliense.com.br\/cbradar\/wp-json\/wp\/v2\/comments?post=179298"}],"version-history":[{"count":22,"href":"https:\/\/www.correiobraziliense.com.br\/cbradar\/wp-json\/wp\/v2\/posts\/179298\/revisions"}],"predecessor-version":[{"id":179394,"href":"https:\/\/www.correiobraziliense.com.br\/cbradar\/wp-json\/wp\/v2\/posts\/179298\/revisions\/179394"}],"wp:featuredmedia":[{"embeddable":true,"href":"https:\/\/www.correiobraziliense.com.br\/cbradar\/wp-json\/wp\/v2\/media\/179378"}],"wp:attachment":[{"href":"https:\/\/www.correiobraziliense.com.br\/cbradar\/wp-json\/wp\/v2\/media?parent=179298"}],"wp:term":[{"taxonomy":"category","embeddable":true,"href":"https:\/\/www.correiobraziliense.com.br\/cbradar\/wp-json\/wp\/v2\/categories?post=179298"},{"taxonomy":"post_tag","embeddable":true,"href":"https:\/\/www.correiobraziliense.com.br\/cbradar\/wp-json\/wp\/v2\/tags?post=179298"}],"curies":[{"name":"wp","href":"https:\/\/api.w.org\/{rel}","templated":true}]}}