{"id":179299,"date":"2026-01-22T07:55:00","date_gmt":"2026-01-22T10:55:00","guid":{"rendered":"https:\/\/www.correiobraziliense.com.br\/cbradar\/?p=179299"},"modified":"2026-01-21T21:00:05","modified_gmt":"2026-01-22T00:00:05","slug":"na-capital-do-aviao-o-futuro-do-brasil-ja-esta-presente-e-familias-buscam-a-cidade-pela-qualidade-de-vida","status":"publish","type":"post","link":"https:\/\/www.correiobraziliense.com.br\/cbradar\/na-capital-do-aviao-o-futuro-do-brasil-ja-esta-presente-e-familias-buscam-a-cidade-pela-qualidade-de-vida\/","title":{"rendered":"Na \u201cCapital do Avi\u00e3o\u201d, o futuro do Brasil j\u00e1 est\u00e1 presente e fam\u00edlias buscam a cidade pela qualidade de vida"},"content":{"rendered":"\n<p>Considerada a &#8220;Capital da Avia\u00e7\u00e3o&#8221;, <strong>S\u00e3o Jos\u00e9 dos Campos<\/strong> \u00e9 o ponto onde a tecnologia de ponta encontra a qualidade de vida. Localizada no <strong>Vale do Para\u00edba<\/strong>, a apenas 90 km de <strong>S\u00e3o Paulo<\/strong>, a cidade oferece aos <strong>joseenses<\/strong> uma rotina marcada pela inova\u00e7\u00e3o do setor aeroespacial e por \u00e1reas verdes projetadas por mestres do paisagismo, sendo consistentemente eleita uma das melhores cidades do Brasil para se viver.<\/p>\n\n\n\n<h2 class=\"wp-block-heading\">Por que a cidade \u00e9 a &#8220;Capital do Avi\u00e3o&#8221;?<\/h2>\n\n\n\n<p><strong>O t\u00edtulo n\u00e3o \u00e9 apenas figurativo.<\/strong> S\u00e3o Jos\u00e9 dos Campos abriga o maior complexo aeroespacial da Am\u00e9rica Latina, sede da <strong><a href=\"https:\/\/www.embraer.com\/pt\/\" target=\"_blank\" rel=\"noreferrer noopener\">Embraer<\/a><\/strong>, uma das maiores fabricantes de jatos do mundo. A cidade respira avia\u00e7\u00e3o: \u00e9 o lar do <strong>ITA (Instituto Tecnol\u00f3gico de Aeron\u00e1utica)<\/strong> e do <strong>DCTA<\/strong>, centros de excel\u00eancia que atraem as mentes mais brilhantes do pa\u00eds.<\/p>\n\n\n\n<p><strong>Para o morador, isso cria um ecossistema econ\u00f4mico \u00fanico<\/strong>. A presen\u00e7a de engenheiros, cientistas e empresas de tecnologia (como as instaladas no <strong>Parque Tecnol\u00f3gico<\/strong>) gera empregos de alta qualifica\u00e7\u00e3o e renda elevada, impulsionando um setor de servi\u00e7os sofisticado e um mercado imobili\u00e1rio valorizado.<\/p>\n\n\n<div class=\"wp-block-image\">\n<figure class=\"aligncenter size-large\"><img decoding=\"async\" width=\"1024\" height=\"576\" src=\"https:\/\/www.correiobraziliense.com.br\/cbradar\/wp-content\/uploads\/2025\/07\/Sao-Jose-dos-Campos_1751934592598-1024x576.jpg\" alt=\"Na \u201cCapital do Avi\u00e3o\u201d, o futuro do Brasil j\u00e1 est\u00e1 presente e fam\u00edlias buscam a cidade pela qualidade de vida\" class=\"wp-image-66359\" srcset=\"https:\/\/www.correiobraziliense.com.br\/cbradar\/wp-content\/uploads\/2025\/07\/Sao-Jose-dos-Campos_1751934592598-1024x576.jpg 1024w, https:\/\/www.correiobraziliense.com.br\/cbradar\/wp-content\/uploads\/2025\/07\/Sao-Jose-dos-Campos_1751934592598-300x169.jpg 300w, https:\/\/www.correiobraziliense.com.br\/cbradar\/wp-content\/uploads\/2025\/07\/Sao-Jose-dos-Campos_1751934592598-768x432.jpg 768w, https:\/\/www.correiobraziliense.com.br\/cbradar\/wp-content\/uploads\/2025\/07\/Sao-Jose-dos-Campos_1751934592598-750x422.jpg 750w, https:\/\/www.correiobraziliense.com.br\/cbradar\/wp-content\/uploads\/2025\/07\/Sao-Jose-dos-Campos_1751934592598-1140x641.jpg 1140w, https:\/\/www.correiobraziliense.com.br\/cbradar\/wp-content\/uploads\/2025\/07\/Sao-Jose-dos-Campos_1751934592598.jpg 1280w\" sizes=\"(max-width: 1024px) 100vw, 1024px\" \/><figcaption class=\"wp-element-caption\">Em S\u00e3o Jos\u00e9, aproveite parques, centros culturais e um ambiente din\u00e2mico com qualidade de vida. \/\/ Cr\u00e9ditos: depositphotos.com \/ PedroTruffi<\/figcaption><\/figure><\/div>\n\n\n<h2 class=\"wp-block-heading\">A &#8220;Cidade Inteligente&#8221; se reflete no dia a dia?<\/h2>\n\n\n\n<p><strong>Sim. <\/strong>S\u00e3o Jos\u00e9 dos Campos \u00e9 pioneira no conceito de<strong> <em>Smart City<\/em> <\/strong>no Brasil. A cidade possui uma frota de transporte p\u00fablico 100% el\u00e9trica circulando na Linha Verde e um sistema de monitoramento por c\u00e2meras com intelig\u00eancia artificial que cobre toda a mancha urbana, garantindo \u00edndices de seguran\u00e7a muito superiores aos da capital.<\/p>\n\n\n\n<p>Essa organiza\u00e7\u00e3o reflete-se no bem-estar social. Com um <strong>IDHM de 0,807, <a href=\"https:\/\/cidades.ibge.gov.br\/brasil\/sp\/sao-jose-dos-campos\/panorama\" target=\"_blank\" rel=\"noreferrer noopener\">segundo o IBGE<\/a> (considerado muito alto)<\/strong>, a cidade oferece infraestrutura de sa\u00fade e educa\u00e7\u00e3o que rivaliza com capitais europeias, mantendo ruas limpas, largas e bem sinalizadas.<\/p>\n\n\n\n<p><strong>Descubra S\u00e3o Jos\u00e9 dos Campos, a primeira cidade inteligente e uma das mais seguras do Brasil. <\/strong>O v\u00eddeo \u00e9 do canal <strong>Paz, Amor e Viagem<\/strong>, que partilha experi\u00eancias de viagem e estilo de vida, e apresenta as principais atra\u00e7\u00f5es da cidade, incluindo o Parque Vicentina Aranha, o Parque Santos Dumont com o seu 14-bis, o moderno Arco da Inova\u00e7\u00e3o e o ic\u00f3nico p\u00f4r do sol no Banhado:<\/p>\n\n\n\n<figure class=\"wp-block-embed aligncenter is-type-video is-provider-youtube wp-block-embed-youtube wp-embed-aspect-16-9 wp-has-aspect-ratio\"><div class=\"wp-block-embed__wrapper\">\n<div class=\"jeg_video_container jeg_video_content\"><iframe loading=\"lazy\" title=\"A CIDADE MAIS SEGURA, TECNOL\u00d3GICA E INTELIGENTE DO BRASIL | S\u00c3O JOS\u00c9 DOS CAMPOS | Paz, Amor e Viagem\" width=\"500\" height=\"281\" src=\"https:\/\/www.youtube.com\/embed\/r0e_Chr3uyU?start=52&#038;feature=oembed\" frameborder=\"0\" allow=\"accelerometer; autoplay; clipboard-write; encrypted-media; gyroscope; picture-in-picture; web-share\" referrerpolicy=\"strict-origin-when-cross-origin\" allowfullscreen><\/iframe><\/div>\n<\/div><\/figure>\n\n\n\n<h2 class=\"wp-block-heading\">Onde Burle Marx encontra a hist\u00f3ria da sa\u00fade?<\/h2>\n\n\n\n<p>O lazer em S\u00e3o Jos\u00e9 dos Campos \u00e9 sin\u00f4nimo de parques grandiosos e preservados, heran\u00e7a de seu passado como est\u00e2ncia clim\u00e1tica.<\/p>\n\n\n\n<ul class=\"wp-block-list\">\n<li><strong>Parque Vicentina Aranha<\/strong>: O cora\u00e7\u00e3o cultural da cidade. Antigo sanat\u00f3rio com arquitetura hist\u00f3rica, hoje \u00e9 um parque com pistas de caminhada sob \u00e1rvores centen\u00e1rias e intensa programa\u00e7\u00e3o musical gratuita.<\/li>\n\n\n\n<li><strong>Parque da Cidade (Roberto Burle Marx)<\/strong>: O maior parque urbano da cidade, com lagos, palmeiras imperiais e uma resid\u00eancia projetada por <strong>Oscar Niemeyer<\/strong> (a Resid\u00eancia Olivo Gomes), formando um conjunto modernista tombado.<\/li>\n\n\n\n<li><strong>Parque Santos Dumont<\/strong>: Localizado no centro, homenageia o pai da avia\u00e7\u00e3o com r\u00e9plicas do 14-Bis e foguetes da fam\u00edlia Sonda, unindo lazer e ci\u00eancia.<\/li>\n<\/ul>\n\n\n\n<p><strong>Leia tamb\u00e9m: <a href=\"https:\/\/www.correiobraziliense.com.br\/cbradar\/o-que-significa-gostar-de-cheirinho-de-casa-limpa-segundo-a-psicologia\/\" target=\"_blank\" rel=\"noreferrer noopener\">O que significa gostar de cheirinho de casa limpa, segundo a psicologia.<\/a><\/strong><\/p>\n\n\n\n<h2 class=\"wp-block-heading\">Como a localiza\u00e7\u00e3o estrat\u00e9gica define o fim de semana?<\/h2>\n\n\n\n<p>Viver em S\u00e3o Jos\u00e9 \u00e9 ter o melhor de tr\u00eas mundos em um raio de uma hora. O joseense pode decidir, no caf\u00e9 da manh\u00e3, se quer passar o dia na praia ou na montanha.<\/p>\n\n\n\n<p>A cidade est\u00e1 a cerca de 80 km das praias do <strong>Litoral Norte<\/strong> (como Caraguatatuba e S\u00e3o Sebasti\u00e3o) e a 80 km do frio sofisticado de <strong>Campos do Jord\u00e3o<\/strong> na Serra da Mantiqueira. Essa facilidade de deslocamento pela Via Dutra ou Tamoios transforma a cidade em um hub log\u00edstico de lazer incompar\u00e1vel.<\/p>\n\n\n<div class=\"wp-block-image\">\n<figure class=\"aligncenter size-large\"><img decoding=\"async\" width=\"1024\" height=\"576\" src=\"https:\/\/www.correiobraziliense.com.br\/cbradar\/wp-content\/uploads\/2025\/07\/Sao-Jose-dos-Campos_1751934710242-1024x576.jpg\" alt=\"Na \u201cCapital do Avi\u00e3o\u201d, o futuro do Brasil j\u00e1 est\u00e1 presente e fam\u00edlias buscam a cidade pela qualidade de vida\" class=\"wp-image-66362\" srcset=\"https:\/\/www.correiobraziliense.com.br\/cbradar\/wp-content\/uploads\/2025\/07\/Sao-Jose-dos-Campos_1751934710242-1024x576.jpg 1024w, https:\/\/www.correiobraziliense.com.br\/cbradar\/wp-content\/uploads\/2025\/07\/Sao-Jose-dos-Campos_1751934710242-300x169.jpg 300w, https:\/\/www.correiobraziliense.com.br\/cbradar\/wp-content\/uploads\/2025\/07\/Sao-Jose-dos-Campos_1751934710242-768x432.jpg 768w, https:\/\/www.correiobraziliense.com.br\/cbradar\/wp-content\/uploads\/2025\/07\/Sao-Jose-dos-Campos_1751934710242-750x422.jpg 750w, https:\/\/www.correiobraziliense.com.br\/cbradar\/wp-content\/uploads\/2025\/07\/Sao-Jose-dos-Campos_1751934710242-1140x641.jpg 1140w, https:\/\/www.correiobraziliense.com.br\/cbradar\/wp-content\/uploads\/2025\/07\/Sao-Jose-dos-Campos_1751934710242.jpg 1280w\" sizes=\"(max-width: 1024px) 100vw, 1024px\" \/><figcaption class=\"wp-element-caption\">Conhe\u00e7a S\u00e3o Jos\u00e9 dos Campos, polo tecnol\u00f3gico e cultural, onde inova\u00e7\u00e3o e natureza andam juntas. \/\/ Cr\u00e9ditos: depositphotos.com \/ SonnyVermeer91<\/figcaption><\/figure><\/div>\n\n\n<h2 class=\"wp-block-heading\">Como o clima do Vale afeta a rotina?<\/h2>\n\n\n\n<p>O clima \u00e9 tropical de altitude, garantindo ver\u00f5es quentes, mas menos sufocantes que no litoral, e invernos secos e agrad\u00e1veis.<\/p>\n\n\n\n<p>Segundo o portal <strong><a href=\"https:\/\/www.climatempo.com.br\/previsao-do-tempo\/cidade\/553\/saojosedoscampos-sp\" target=\"_blank\" rel=\"noreferrer noopener\">Climatempo<\/a><\/strong>, a estabilidade clim\u00e1tica \u00e9 um dos atrativos. Confira o planejamento:<\/p>\n\n\n\n<figure class=\"wp-block-table\"><table class=\"has-fixed-layout\"><thead><tr><th>Esta\u00e7\u00e3o\/Per\u00edodo<\/th><th>M\u00e9dia T\u00e9rmica<\/th><th>O que esperar<\/th><\/tr><\/thead><tbody><tr><td>Ver\u00e3o (Dez-Mar)<\/td><td>20\u00b0C a 30\u00b0C<\/td><td>Dias quentes e pancadas de chuva no fim da tarde; parques cheios.<\/td><\/tr><tr><td>Inverno (Jun-Set)<\/td><td>12\u00b0C a 24\u00b0C<\/td><td>Tempo seco e c\u00e9u azul; noites frias ideais para a gastronomia local.<\/td><\/tr><tr><td>Meia-Esta\u00e7\u00e3o<\/td><td>16\u00b0C a 27\u00b0C<\/td><td>Clima ameno e confort\u00e1vel, perfeito para atividades f\u00edsicas ao ar livre.<\/td><\/tr><\/tbody><\/table><\/figure>\n\n\n\n<h2 class=\"wp-block-heading\">Motivos estrat\u00e9gicos para viver em S\u00e3o Jos\u00e9 dos Campos<\/h2>\n\n\n\n<p>A cidade \u00e9 a escolha definitiva para quem busca carreira em tecnologia sem abrir m\u00e3o de verde e seguran\u00e7a.<\/p>\n\n\n\n<ul class=\"wp-block-list\">\n<li>Polo tecnol\u00f3gico mundial, oferecendo as melhores carreiras em engenharia e inova\u00e7\u00e3o do pa\u00eds.<\/li>\n\n\n\n<li>Qualidade de vida certificada, com seguran\u00e7a p\u00fablica eficiente e parques urbanos de elite.<\/li>\n\n\n\n<li>Localiza\u00e7\u00e3o privilegiada entre a maior metr\u00f3pole do pa\u00eds, a serra e o mar.<\/li>\n<\/ul>\n\n\n\n<p>Voc\u00ea precisa fazer uma caminhada matinal sob os bambuzais do Vicentina Aranha para entender a paz que convive lado a lado com a tecnologia de ponta.<\/p>\n","protected":false},"excerpt":{"rendered":"<p>Considerada a &#8220;Capital da Avia\u00e7\u00e3o&#8221;, S\u00e3o Jos\u00e9 dos Campos \u00e9 o ponto onde a tecnologia de ponta encontra a qualidade de vida. Localizada no Vale do Para\u00edba, a apenas 90 km de S\u00e3o Paulo, a cidade oferece aos joseenses uma rotina marcada pela inova\u00e7\u00e3o do setor aeroespacial e por \u00e1reas verdes projetadas por mestres do [&hellip;]<\/p>\n","protected":false},"author":8,"featured_media":66361,"comment_status":"open","ping_status":"open","sticky":false,"template":"","format":"standard","meta":{"_yoast_wpseo_focuskw":"Capital do Avi\u00e3o","_yoast_wpseo_title":"","_yoast_wpseo_metadesc":"Essa cidade brasileira chamada de Capital do Avi\u00e3o chama aten\u00e7\u00e3o pela qualidade de vida e pelo crescimento planejado.","jnews-multi-image_gallery":[],"jnews_single_post":{"format":"standard"},"jnews_primary_category":[],"jnews_social_meta":[],"jnews_override_counter":[],"footnotes":""},"categories":[108,111],"post_tag":[225,14308,14309],"class_list":["post-179299","post","type-post","status-publish","format-standard","has-post-thumbnail","hentry","category-cidades","category-turismo","tag-brasil","tag-capital-do-aviao","tag-sao-jose-dos-campos-2"],"yoast_head":"<!-- This site is optimized with the Yoast SEO plugin v24.6 - https:\/\/yoast.com\/wordpress\/plugins\/seo\/ -->\n<title>Na \u201cCapital do Avi\u00e3o\u201d, o futuro do Brasil j\u00e1 est\u00e1 presente e fam\u00edlias buscam a cidade pela qualidade de vida - Correio Braziliense - Radar<\/title>\n<meta name=\"description\" content=\"Essa cidade brasileira chamada de Capital do Avi\u00e3o chama aten\u00e7\u00e3o pela qualidade de vida e pelo crescimento planejado.\" \/>\n<meta name=\"robots\" content=\"index, follow, max-snippet:-1, max-image-preview:large, max-video-preview:-1\" \/>\n<link rel=\"canonical\" href=\"https:\/\/www.correiobraziliense.com.br\/cbradar\/na-capital-do-aviao-o-futuro-do-brasil-ja-esta-presente-e-familias-buscam-a-cidade-pela-qualidade-de-vida\/\" \/>\n<meta property=\"og:locale\" content=\"pt_BR\" \/>\n<meta property=\"og:type\" content=\"article\" \/>\n<meta property=\"og:title\" content=\"Na \u201cCapital do Avi\u00e3o\u201d, o futuro do Brasil j\u00e1 est\u00e1 presente e fam\u00edlias buscam a cidade pela qualidade de vida - Correio Braziliense - Radar\" \/>\n<meta property=\"og:description\" content=\"Essa cidade brasileira chamada de Capital do Avi\u00e3o chama aten\u00e7\u00e3o pela qualidade de vida e pelo crescimento planejado.\" \/>\n<meta property=\"og:url\" content=\"https:\/\/www.correiobraziliense.com.br\/cbradar\/na-capital-do-aviao-o-futuro-do-brasil-ja-esta-presente-e-familias-buscam-a-cidade-pela-qualidade-de-vida\/\" \/>\n<meta property=\"og:site_name\" content=\"Correio Braziliense - Radar\" \/>\n<meta property=\"article:published_time\" content=\"2026-01-22T10:55:00+00:00\" \/>\n<meta property=\"og:image\" content=\"https:\/\/www.correiobraziliense.com.br\/cbradar\/wp-content\/uploads\/2025\/07\/Sao-Jose-dos-Campos_1751934634060.jpg\" \/>\n\t<meta property=\"og:image:width\" content=\"1280\" \/>\n\t<meta property=\"og:image:height\" content=\"720\" \/>\n\t<meta property=\"og:image:type\" content=\"image\/jpeg\" \/>\n<meta name=\"author\" content=\"Maura Pereira\" \/>\n<meta name=\"twitter:card\" content=\"summary_large_image\" \/>\n<meta name=\"twitter:label1\" content=\"Escrito por\" \/>\n\t<meta name=\"twitter:data1\" content=\"Maura Pereira\" \/>\n\t<meta name=\"twitter:label2\" content=\"Est. tempo de leitura\" \/>\n\t<meta name=\"twitter:data2\" content=\"6 minutos\" \/>\n<!-- \/ Yoast SEO plugin. -->","yoast_head_json":{"title":"Na \u201cCapital do Avi\u00e3o\u201d, o futuro do Brasil j\u00e1 est\u00e1 presente e fam\u00edlias buscam a cidade pela qualidade de vida - Correio Braziliense - Radar","description":"Essa cidade brasileira chamada de Capital do Avi\u00e3o chama aten\u00e7\u00e3o pela qualidade de vida e pelo crescimento planejado.","robots":{"index":"index","follow":"follow","max-snippet":"max-snippet:-1","max-image-preview":"max-image-preview:large","max-video-preview":"max-video-preview:-1"},"canonical":"https:\/\/www.correiobraziliense.com.br\/cbradar\/na-capital-do-aviao-o-futuro-do-brasil-ja-esta-presente-e-familias-buscam-a-cidade-pela-qualidade-de-vida\/","og_locale":"pt_BR","og_type":"article","og_title":"Na \u201cCapital do Avi\u00e3o\u201d, o futuro do Brasil j\u00e1 est\u00e1 presente e fam\u00edlias buscam a cidade pela qualidade de vida - Correio Braziliense - Radar","og_description":"Essa cidade brasileira chamada de Capital do Avi\u00e3o chama aten\u00e7\u00e3o pela qualidade de vida e pelo crescimento planejado.","og_url":"https:\/\/www.correiobraziliense.com.br\/cbradar\/na-capital-do-aviao-o-futuro-do-brasil-ja-esta-presente-e-familias-buscam-a-cidade-pela-qualidade-de-vida\/","og_site_name":"Correio Braziliense - Radar","article_published_time":"2026-01-22T10:55:00+00:00","og_image":[{"width":1280,"height":720,"url":"https:\/\/www.correiobraziliense.com.br\/cbradar\/wp-content\/uploads\/2025\/07\/Sao-Jose-dos-Campos_1751934634060.jpg","type":"image\/jpeg"}],"author":"Maura Pereira","twitter_card":"summary_large_image","twitter_misc":{"Escrito por":"Maura Pereira","Est. tempo de leitura":"6 minutos"},"schema":{"@context":"https:\/\/schema.org","@graph":[{"@type":"WebPage","@id":"https:\/\/www.correiobraziliense.com.br\/cbradar\/na-capital-do-aviao-o-futuro-do-brasil-ja-esta-presente-e-familias-buscam-a-cidade-pela-qualidade-de-vida\/","url":"https:\/\/www.correiobraziliense.com.br\/cbradar\/na-capital-do-aviao-o-futuro-do-brasil-ja-esta-presente-e-familias-buscam-a-cidade-pela-qualidade-de-vida\/","name":"Na \u201cCapital do Avi\u00e3o\u201d, o futuro do Brasil j\u00e1 est\u00e1 presente e fam\u00edlias buscam a cidade pela qualidade de vida - Correio Braziliense - Radar","isPartOf":{"@id":"https:\/\/www.correiobraziliense.com.br\/cbradar\/#website"},"primaryImageOfPage":{"@id":"https:\/\/www.correiobraziliense.com.br\/cbradar\/na-capital-do-aviao-o-futuro-do-brasil-ja-esta-presente-e-familias-buscam-a-cidade-pela-qualidade-de-vida\/#primaryimage"},"image":{"@id":"https:\/\/www.correiobraziliense.com.br\/cbradar\/na-capital-do-aviao-o-futuro-do-brasil-ja-esta-presente-e-familias-buscam-a-cidade-pela-qualidade-de-vida\/#primaryimage"},"thumbnailUrl":"https:\/\/www.correiobraziliense.com.br\/cbradar\/wp-content\/uploads\/2025\/07\/Sao-Jose-dos-Campos_1751934634060.jpg","datePublished":"2026-01-22T10:55:00+00:00","author":{"@id":"https:\/\/www.correiobraziliense.com.br\/cbradar\/#\/schema\/person\/4053c651a9bfc785afc6f4cbc9032fd3"},"description":"Essa cidade brasileira chamada de Capital do Avi\u00e3o chama aten\u00e7\u00e3o pela qualidade de vida e pelo crescimento planejado.","breadcrumb":{"@id":"https:\/\/www.correiobraziliense.com.br\/cbradar\/na-capital-do-aviao-o-futuro-do-brasil-ja-esta-presente-e-familias-buscam-a-cidade-pela-qualidade-de-vida\/#breadcrumb"},"inLanguage":"pt-BR","potentialAction":[{"@type":"ReadAction","target":["https:\/\/www.correiobraziliense.com.br\/cbradar\/na-capital-do-aviao-o-futuro-do-brasil-ja-esta-presente-e-familias-buscam-a-cidade-pela-qualidade-de-vida\/"]}]},{"@type":"ImageObject","inLanguage":"pt-BR","@id":"https:\/\/www.correiobraziliense.com.br\/cbradar\/na-capital-do-aviao-o-futuro-do-brasil-ja-esta-presente-e-familias-buscam-a-cidade-pela-qualidade-de-vida\/#primaryimage","url":"https:\/\/www.correiobraziliense.com.br\/cbradar\/wp-content\/uploads\/2025\/07\/Sao-Jose-dos-Campos_1751934634060.jpg","contentUrl":"https:\/\/www.correiobraziliense.com.br\/cbradar\/wp-content\/uploads\/2025\/07\/Sao-Jose-dos-Campos_1751934634060.jpg","width":1280,"height":720,"caption":"S\u00e3o Jos\u00e9 dos Campos \u00e9 o maior polo aeroespacial da Am\u00e9rica Latina, com PIB e IDH elevados. \/\/ Cr\u00e9ditos: depositphotos.com \/ PedroTruffi"},{"@type":"BreadcrumbList","@id":"https:\/\/www.correiobraziliense.com.br\/cbradar\/na-capital-do-aviao-o-futuro-do-brasil-ja-esta-presente-e-familias-buscam-a-cidade-pela-qualidade-de-vida\/#breadcrumb","itemListElement":[{"@type":"ListItem","position":1,"name":"In\u00edcio","item":"https:\/\/www.correiobraziliense.com.br\/cbradar\/"},{"@type":"ListItem","position":2,"name":"Na \u201cCapital do Avi\u00e3o\u201d, o futuro do Brasil j\u00e1 est\u00e1 presente e fam\u00edlias buscam a cidade pela qualidade de vida"}]},{"@type":"WebSite","@id":"https:\/\/www.correiobraziliense.com.br\/cbradar\/#website","url":"https:\/\/www.correiobraziliense.com.br\/cbradar\/","name":"Correio Braziliense - Radar","description":"Acompanhe as \u00faltimas not\u00edcias e fique bem informado sobre tudo o que acontece no Brasil e no mundo.","potentialAction":[{"@type":"SearchAction","target":{"@type":"EntryPoint","urlTemplate":"https:\/\/www.correiobraziliense.com.br\/cbradar\/?s={search_term_string}"},"query-input":{"@type":"PropertyValueSpecification","valueRequired":true,"valueName":"search_term_string"}}],"inLanguage":"pt-BR"},{"@type":"Person","@id":"https:\/\/www.correiobraziliense.com.br\/cbradar\/#\/schema\/person\/4053c651a9bfc785afc6f4cbc9032fd3","name":"Maura Pereira","image":{"@type":"ImageObject","inLanguage":"pt-BR","@id":"https:\/\/www.correiobraziliense.com.br\/cbradar\/#\/schema\/person\/image\/","url":"https:\/\/secure.gravatar.com\/avatar\/3effd6bdadfa447f15089c7f7144eaa6?s=96&d=mm&r=g","contentUrl":"https:\/\/secure.gravatar.com\/avatar\/3effd6bdadfa447f15089c7f7144eaa6?s=96&d=mm&r=g","caption":"Maura Pereira"},"sameAs":["https:\/\/www.correiobraziliense.com.br\/"],"url":"https:\/\/www.correiobraziliense.com.br\/cbradar\/author\/mauramyth\/"}]}},"_links":{"self":[{"href":"https:\/\/www.correiobraziliense.com.br\/cbradar\/wp-json\/wp\/v2\/posts\/179299","targetHints":{"allow":["GET"]}}],"collection":[{"href":"https:\/\/www.correiobraziliense.com.br\/cbradar\/wp-json\/wp\/v2\/posts"}],"about":[{"href":"https:\/\/www.correiobraziliense.com.br\/cbradar\/wp-json\/wp\/v2\/types\/post"}],"author":[{"embeddable":true,"href":"https:\/\/www.correiobraziliense.com.br\/cbradar\/wp-json\/wp\/v2\/users\/8"}],"replies":[{"embeddable":true,"href":"https:\/\/www.correiobraziliense.com.br\/cbradar\/wp-json\/wp\/v2\/comments?post=179299"}],"version-history":[{"count":21,"href":"https:\/\/www.correiobraziliense.com.br\/cbradar\/wp-json\/wp\/v2\/posts\/179299\/revisions"}],"predecessor-version":[{"id":179374,"href":"https:\/\/www.correiobraziliense.com.br\/cbradar\/wp-json\/wp\/v2\/posts\/179299\/revisions\/179374"}],"wp:featuredmedia":[{"embeddable":true,"href":"https:\/\/www.correiobraziliense.com.br\/cbradar\/wp-json\/wp\/v2\/media\/66361"}],"wp:attachment":[{"href":"https:\/\/www.correiobraziliense.com.br\/cbradar\/wp-json\/wp\/v2\/media?parent=179299"}],"wp:term":[{"taxonomy":"category","embeddable":true,"href":"https:\/\/www.correiobraziliense.com.br\/cbradar\/wp-json\/wp\/v2\/categories?post=179299"},{"taxonomy":"post_tag","embeddable":true,"href":"https:\/\/www.correiobraziliense.com.br\/cbradar\/wp-json\/wp\/v2\/post_tag?post=179299"}],"curies":[{"name":"wp","href":"https:\/\/api.w.org\/{rel}","templated":true}]}}