{"id":179301,"date":"2026-01-22T11:45:00","date_gmt":"2026-01-22T14:45:00","guid":{"rendered":"https:\/\/www.correiobraziliense.com.br\/cbradar\/?p=179301"},"modified":"2026-01-21T21:56:50","modified_gmt":"2026-01-22T00:56:50","slug":"a-primeira-capital-do-brasil-atrai-viajantes-por-ainda-ser-uma-das-cidades-mais-encantadoras-do-pais","status":"publish","type":"post","link":"https:\/\/www.correiobraziliense.com.br\/cbradar\/a-primeira-capital-do-brasil-atrai-viajantes-por-ainda-ser-uma-das-cidades-mais-encantadoras-do-pais\/","title":{"rendered":"A primeira capital do Brasil atrai viajantes por ainda ser uma das cidades mais encantadoras do pa\u00eds"},"content":{"rendered":"\n<p>Primeira capital do Brasil e ber\u00e7o da identidade nacional, <strong>Salvador<\/strong> \u00e9 uma metr\u00f3pole que n\u00e3o pede licen\u00e7a para ser intensa. Localizada na entrada da <strong>Ba\u00eda de Todos-os-Santos<\/strong>, a cidade oferece aos <strong>soteropolitanos<\/strong> uma experi\u00eancia urbana onde arranha-c\u00e9us corporativos convivem com terreiros centen\u00e1rios, e onde a hist\u00f3ria n\u00e3o est\u00e1 nos livros, mas no cal\u00e7amento de pedra e no sorriso de sua gente.<\/p>\n\n\n\n<h2 class=\"wp-block-heading\">Como a &#8220;Roma Negra&#8221; molda a cultura brasileira?<\/h2>\n\n\n\n<p><strong>Salvador \u00e9 a cidade mais negra fora da \u00c1frica, e esse t\u00edtulo define sua alma.<\/strong> Aqui, a heran\u00e7a africana n\u00e3o \u00e9 folclore; \u00e9 o cotidiano. Do toque do atabaque que ecoa nos bairros \u00e0 culin\u00e1ria regada a azeite de dend\u00ea, a cultura afro-brasileira \u00e9 a b\u00fassola moral e est\u00e9tica da cidade.<\/p>\n\n\n\n<p>Para o morador, viver em Salvador \u00e9 conviver com o sincretismo religioso de forma natural. Ir \u00e0 <strong>Igreja do Bonfim<\/strong> pedir prote\u00e7\u00e3o ou participar da &#8220;Ter\u00e7a da B\u00ean\u00e7\u00e3o&#8221; no <strong>Pelourinho<\/strong> s\u00e3o atos que misturam f\u00e9 cat\u00f3lica e Candombl\u00e9, criando uma atmosfera m\u00edstica que atrai estudiosos e curiosos do mundo todo, al\u00e9m de movimentar uma economia criativa e tur\u00edstica bilion\u00e1ria.<\/p>\n\n\n<div class=\"wp-block-image\">\n<figure class=\"aligncenter size-large\"><img decoding=\"async\" width=\"1024\" height=\"576\" src=\"https:\/\/www.correiobraziliense.com.br\/cbradar\/wp-content\/uploads\/2025\/02\/salvador_1739606215913-1024x576.jpg\" alt=\"A primeira capital do Brasil atrai viajantes por ainda ser uma das cidades mais encantadoras do pa\u00eds\" class=\"wp-image-3402\" srcset=\"https:\/\/www.correiobraziliense.com.br\/cbradar\/wp-content\/uploads\/2025\/02\/salvador_1739606215913-1024x576.jpg 1024w, https:\/\/www.correiobraziliense.com.br\/cbradar\/wp-content\/uploads\/2025\/02\/salvador_1739606215913-300x169.jpg 300w, https:\/\/www.correiobraziliense.com.br\/cbradar\/wp-content\/uploads\/2025\/02\/salvador_1739606215913-768x432.jpg 768w, https:\/\/www.correiobraziliense.com.br\/cbradar\/wp-content\/uploads\/2025\/02\/salvador_1739606215913-750x422.jpg 750w, https:\/\/www.correiobraziliense.com.br\/cbradar\/wp-content\/uploads\/2025\/02\/salvador_1739606215913-1140x641.jpg 1140w, https:\/\/www.correiobraziliense.com.br\/cbradar\/wp-content\/uploads\/2025\/02\/salvador_1739606215913.jpg 1280w\" sizes=\"(max-width: 1024px) 100vw, 1024px\" \/><figcaption class=\"wp-element-caption\">Viva a magia de Salvador\ufeff com seu Carnaval vibrante e ra\u00edzes afro-brasileiras. \/\/ Cr\u00e9ditos: depositphotos.com \/ gustavofrazao<\/figcaption><\/figure><\/div>\n\n\n<h2 class=\"wp-block-heading\">A cidade vive apenas de turismo e festa?<\/h2>\n\n\n\n<p><strong>N\u00e3o.<\/strong> Embora o Carnaval seja uma ind\u00fastria gigante, Salvador possui uma economia diversificada. A cidade \u00e9 o centro financeiro e de servi\u00e7os de uma regi\u00e3o metropolitana que abriga o <strong>Polo Petroqu\u00edmico de Cama\u00e7ari<\/strong>, um dos maiores do hemisf\u00e9rio sul. A Avenida Tancredo Neves \u00e9 o s\u00edmbolo dessa &#8220;Salvador de ternos&#8221;, repleta de torres empresariais, shoppings e startups que mostram a face moderna e corporativa da capital.<\/p>\n\n\n\n<p>A recente requalifica\u00e7\u00e3o da orla e obras de mobilidade, como o Metr\u00f4 (que finalmente conectou a cidade de ponta a ponta), dinamizaram o mercado imobili\u00e1rio, valorizando bairros como o <strong>Rio Vermelho<\/strong> e a <strong>Vit\u00f3ria<\/strong>, que possuem um dos metros quadrados mais caros do Nordeste.<\/p>\n\n\n\n<p><strong>Descubra a energia contagiante e a riqueza cultural da capital baiana.<\/strong> O v\u00eddeo \u00e9 do canal <strong>Partiu de F\u00e9rias<\/strong>, que apresenta dicas essenciais e roteiros de viagem, e destaca <strong>12 motivos imperd\u00edveis <\/strong>para visitar <strong>Salvador<\/strong>, incluindo o centro hist\u00f3rico do Pelourinho, o Elevador Lacerda, a gastronomia t\u00edpica e o p\u00f4r do sol no Morro do Cristo:<\/p>\n\n\n\n<figure class=\"wp-block-embed aligncenter is-type-video is-provider-youtube wp-block-embed-youtube wp-embed-aspect-16-9 wp-has-aspect-ratio\"><div class=\"wp-block-embed__wrapper\">\n<div class=\"jeg_video_container jeg_video_content\"><iframe loading=\"lazy\" title=\"Salvador Bahia - dicas do que fazer, praias, passeios, e 12 motivos para viajar para l\u00e1\" width=\"500\" height=\"281\" src=\"https:\/\/www.youtube.com\/embed\/ZWXNQcGj8eo?start=23&#038;feature=oembed\" frameborder=\"0\" allow=\"accelerometer; autoplay; clipboard-write; encrypted-media; gyroscope; picture-in-picture; web-share\" referrerpolicy=\"strict-origin-when-cross-origin\" allowfullscreen><\/iframe><\/div>\n<\/div><\/figure>\n\n\n\n<h2 class=\"wp-block-heading\">Alta ou Baixa: Como a topografia divide a rotina?<\/h2>\n\n\n\n<p>Salvador \u00e9, literalmente, uma cidade de dois andares. A falha geol\u00f3gica que divide a <strong>Cidade Alta<\/strong> (hist\u00f3rica e residencial) da <strong>Cidade Baixa<\/strong> (comercial e portu\u00e1ria) criou solu\u00e7\u00f5es urbanas \u00fanicas, como o ic\u00f4nico <strong>Elevador Lacerda<\/strong>. Para o turista, \u00e9 um passeio; para o trabalhador local, \u00e9 transporte p\u00fablico essencial que custa centavos.<\/p>\n\n\n\n<p>A Cidade Baixa, com a Ribeira e o Bonfim, oferece uma vida mais pacata e debru\u00e7ada sobre o mar calmo da ba\u00eda, enquanto a Cidade Alta e a orla atl\u00e2ntica vibram com o tr\u00e2nsito, a brisa forte e a agita\u00e7\u00e3o da vida moderna.<\/p>\n\n\n<div class=\"wp-block-image\">\n<figure class=\"aligncenter size-large\"><img decoding=\"async\" width=\"1024\" height=\"576\" src=\"https:\/\/www.correiobraziliense.com.br\/cbradar\/wp-content\/uploads\/2025\/06\/Salvador_1749877881081-1024x576.jpg\" alt=\"Uma capital brasileira com praias de \u00e1guas cristalinas encanta os visitantes por ser \u00f3tima para viver a ainda aproveitar o mar\" class=\"wp-image-53037\" srcset=\"https:\/\/www.correiobraziliense.com.br\/cbradar\/wp-content\/uploads\/2025\/06\/Salvador_1749877881081-1024x576.jpg 1024w, https:\/\/www.correiobraziliense.com.br\/cbradar\/wp-content\/uploads\/2025\/06\/Salvador_1749877881081-300x169.jpg 300w, https:\/\/www.correiobraziliense.com.br\/cbradar\/wp-content\/uploads\/2025\/06\/Salvador_1749877881081-768x432.jpg 768w, https:\/\/www.correiobraziliense.com.br\/cbradar\/wp-content\/uploads\/2025\/06\/Salvador_1749877881081-750x422.jpg 750w, https:\/\/www.correiobraziliense.com.br\/cbradar\/wp-content\/uploads\/2025\/06\/Salvador_1749877881081-1140x641.jpg 1140w, https:\/\/www.correiobraziliense.com.br\/cbradar\/wp-content\/uploads\/2025\/06\/Salvador_1749877881081.jpg 1280w\" sizes=\"(max-width: 1024px) 100vw, 1024px\" \/><figcaption class=\"wp-element-caption\">Salvador \u00e9 a capital da Bahia, famosa por sua hist\u00f3ria, cultura e praias. \/\/ Cr\u00e9ditos: depositphotos.com \/ gustavomello162.hotmail.com<\/figcaption><\/figure><\/div>\n\n\n<h2 class=\"wp-block-heading\">Quais experi\u00eancias definem o &#8220;ser soteropolitano&#8221;?<\/h2>\n\n\n\n<p>O roteiro em Salvador exige &#8220;corpo aberto&#8221; para sentir os sabores e os sons.<\/p>\n\n\n\n<ul class=\"wp-block-list\">\n<li><strong>Rio Vermelho<\/strong>: O bairro bo\u00eamio onde a noite acontece. \u00c9 obrigat\u00f3rio comer um acaraj\u00e9 no tabuleiro da Cira ou da Dinha e sentir o tempero local.<\/li>\n\n\n\n<li><strong>Farol da Barra<\/strong>: O local sagrado para assistir ao p\u00f4r do sol no mar (sim, em Salvador o sol se p\u00f5e no mar devido \u00e0 posi\u00e7\u00e3o da Ba\u00eda), aplaudido diariamente.<\/li>\n\n\n\n<li><strong>Pelourinho<\/strong>: O Centro Hist\u00f3rico restaurado, onde se ouve o Olodum ensaiar e se respira a arquitetura colonial barroca.<\/li>\n\n\n\n<li><strong>Sorveteria da Ribeira<\/strong>: Um cl\u00e1ssico na Cidade Baixa, com sabores de frutas t\u00edpicas que muitos brasileiros do sul nem conhecem.<\/li>\n<\/ul>\n\n\n\n<p><strong>Leia tamb\u00e9m: <a href=\"https:\/\/www.correiobraziliense.com.br\/cbradar\/o-que-significa-gostar-de-cheirinho-de-casa-limpa-segundo-a-psicologia\/\" target=\"_blank\" rel=\"noreferrer noopener\">O que significa gostar de cheirinho de casa limpa, segundo a psicologia.<\/a><\/strong><\/p>\n\n\n<div class=\"wp-block-image\">\n<figure class=\"aligncenter size-large\"><img decoding=\"async\" width=\"1024\" height=\"576\" src=\"https:\/\/www.correiobraziliense.com.br\/cbradar\/wp-content\/uploads\/2025\/02\/salvador_1739606174040-1024x576.jpg\" alt=\"Uma capital brasileira com praias de \u00e1guas cristalinas encanta os visitantes por ser \u00f3tima para viver a ainda aproveitar o mar\" class=\"wp-image-3401\" srcset=\"https:\/\/www.correiobraziliense.com.br\/cbradar\/wp-content\/uploads\/2025\/02\/salvador_1739606174040-1024x576.jpg 1024w, https:\/\/www.correiobraziliense.com.br\/cbradar\/wp-content\/uploads\/2025\/02\/salvador_1739606174040-300x169.jpg 300w, https:\/\/www.correiobraziliense.com.br\/cbradar\/wp-content\/uploads\/2025\/02\/salvador_1739606174040-768x432.jpg 768w, https:\/\/www.correiobraziliense.com.br\/cbradar\/wp-content\/uploads\/2025\/02\/salvador_1739606174040-750x422.jpg 750w, https:\/\/www.correiobraziliense.com.br\/cbradar\/wp-content\/uploads\/2025\/02\/salvador_1739606174040-1140x641.jpg 1140w, https:\/\/www.correiobraziliense.com.br\/cbradar\/wp-content\/uploads\/2025\/02\/salvador_1739606174040.jpg 1280w\" sizes=\"(max-width: 1024px) 100vw, 1024px\" \/><figcaption class=\"wp-element-caption\">Salvador, capital da Bahia, \u00e9 conhecida por sua rica hist\u00f3ria colonial e praias vibrantes. \/\/ Cr\u00e9ditos: depositphotos.com \/ gustavomello162.hotmail.com<\/figcaption><\/figure><\/div>\n\n\n<h2 class=\"wp-block-heading\">Sol o ano todo ou chuva tropical?<\/h2>\n\n\n\n<p><strong>Salvador tem um clima tropical quente e \u00famido. O &#8220;inverno&#8221; soteropolitano n\u00e3o \u00e9 frio, \u00e9 molhado<\/strong>. As chuvas podem ser torrenciais entre abril e junho.<\/p>\n\n\n\n<p>Segundo o portal <strong><a href=\"https:\/\/www.climatempo.com.br\/previsao-do-tempo\/cidade\/56\/salvador-ba\" target=\"_blank\" rel=\"noreferrer noopener\">Climatempo<\/a><\/strong>, a umidade \u00e9 constante. Confira o planejamento:<\/p>\n\n\n\n<figure class=\"wp-block-table\"><table class=\"has-fixed-layout\"><thead><tr><th>Esta\u00e7\u00e3o\/Per\u00edodo<\/th><th>M\u00e9dia T\u00e9rmica<\/th><th>O que esperar<\/th><\/tr><\/thead><tbody><tr><td>Ver\u00e3o (Dez-Mar)<\/td><td>25\u00b0C a 32\u00b0C<\/td><td>A cidade ferve. Festas populares (Lavagem do Bonfim, Iemanj\u00e1) e Carnaval lotam as ruas. Sol intenso.<\/td><\/tr><tr><td>Inverno (Abr-Jul)<\/td><td>21\u00b0C a 27\u00b0C<\/td><td>\u00c9poca das chuvas. O sol aparece, mas as tempestades s\u00e3o frequentes e o tr\u00e2nsito pode complicar.<\/td><\/tr><tr><td>Primavera (Ago-Nov)<\/td><td>24\u00b0C a 29\u00b0C<\/td><td>Clima mais seco e ventos constantes; ideal para aproveitar as praias do Litoral Norte.<\/td><\/tr><\/tbody><\/table><\/figure>\n\n\n\n<h2 class=\"wp-block-heading\">Motivos estrat\u00e9gicos para viver em Salvador<\/h2>\n\n\n\n<p>A capital baiana oferece uma identidade cultural que nenhuma outra cidade possui, aliada a uma estrutura de metr\u00f3pole em expans\u00e3o.<\/p>\n\n\n\n<ul class=\"wp-block-list\">\n<li>Hub cultural e criativo do Brasil, com uma cena musical e art\u00edstica vibrante.<\/li>\n\n\n\n<li>Custo de vida, em geral, mais acess\u00edvel que Rio e S\u00e3o Paulo, especialmente em alimenta\u00e7\u00e3o e servi\u00e7os.<\/li>\n\n\n\n<li>Litoral urbano extenso e acesso r\u00e1pido a para\u00edsos como <strong>Morro de S\u00e3o Paulo<\/strong> e <strong>Praia do Forte<\/strong>.<\/li>\n<\/ul>\n\n\n\n<p>Voc\u00ea precisa amarrar uma fitinha do Bonfim na grade da igreja e fazer tr\u00eas pedidos para entender que, em Salvador, a esperan\u00e7a \u00e9 a energia que move a cidade.<\/p>\n","protected":false},"excerpt":{"rendered":"<p>Primeira capital do Brasil e ber\u00e7o da identidade nacional, Salvador \u00e9 uma metr\u00f3pole que n\u00e3o pede licen\u00e7a para ser intensa. Localizada na entrada da Ba\u00eda de Todos-os-Santos, a cidade oferece aos soteropolitanos uma experi\u00eancia urbana onde arranha-c\u00e9us corporativos convivem com terreiros centen\u00e1rios, e onde a hist\u00f3ria n\u00e3o est\u00e1 nos livros, mas no cal\u00e7amento de pedra [&hellip;]<\/p>\n","protected":false},"author":8,"featured_media":53035,"comment_status":"open","ping_status":"open","sticky":false,"template":"","format":"standard","meta":{"_yoast_wpseo_focuskw":"primeira capital do brasil","_yoast_wpseo_title":"","_yoast_wpseo_metadesc":"Essa antiga capital do Brasil continua sendo uma das cidades mais encantadoras do pa\u00eds e mant\u00e9m forte apelo tur\u00edstico.","jnews-multi-image_gallery":[],"jnews_single_post":{"format":"standard"},"jnews_primary_category":[],"jnews_social_meta":[],"jnews_override_counter":[],"footnotes":""},"categories":[108,111],"post_tag":[225,632,482],"class_list":["post-179301","post","type-post","status-publish","format-standard","has-post-thumbnail","hentry","category-cidades","category-turismo","tag-brasil","tag-nordeste","tag-salvador"],"yoast_head":"<!-- This site is optimized with the Yoast SEO plugin v24.6 - https:\/\/yoast.com\/wordpress\/plugins\/seo\/ -->\n<title>A primeira capital do Brasil atrai viajantes por ainda ser uma das cidades mais encantadoras do pa\u00eds - Correio Braziliense - Radar<\/title>\n<meta name=\"description\" content=\"Essa antiga capital do Brasil continua sendo uma das cidades mais encantadoras do pa\u00eds e mant\u00e9m forte apelo tur\u00edstico.\" \/>\n<meta name=\"robots\" content=\"index, follow, max-snippet:-1, max-image-preview:large, max-video-preview:-1\" \/>\n<link rel=\"canonical\" href=\"https:\/\/www.correiobraziliense.com.br\/cbradar\/a-primeira-capital-do-brasil-atrai-viajantes-por-ainda-ser-uma-das-cidades-mais-encantadoras-do-pais\/\" \/>\n<meta property=\"og:locale\" content=\"pt_BR\" \/>\n<meta property=\"og:type\" content=\"article\" \/>\n<meta property=\"og:title\" content=\"A primeira capital do Brasil atrai viajantes por ainda ser uma das cidades mais encantadoras do pa\u00eds - Correio Braziliense - Radar\" \/>\n<meta property=\"og:description\" content=\"Essa antiga capital do Brasil continua sendo uma das cidades mais encantadoras do pa\u00eds e mant\u00e9m forte apelo tur\u00edstico.\" \/>\n<meta property=\"og:url\" content=\"https:\/\/www.correiobraziliense.com.br\/cbradar\/a-primeira-capital-do-brasil-atrai-viajantes-por-ainda-ser-uma-das-cidades-mais-encantadoras-do-pais\/\" \/>\n<meta property=\"og:site_name\" content=\"Correio Braziliense - Radar\" \/>\n<meta property=\"article:published_time\" content=\"2026-01-22T14:45:00+00:00\" \/>\n<meta property=\"og:image\" content=\"https:\/\/www.correiobraziliense.com.br\/cbradar\/wp-content\/uploads\/2025\/06\/Salvador_1749877832910.jpg\" \/>\n\t<meta property=\"og:image:width\" content=\"1280\" \/>\n\t<meta property=\"og:image:height\" content=\"720\" \/>\n\t<meta property=\"og:image:type\" content=\"image\/jpeg\" \/>\n<meta name=\"author\" content=\"Maura Pereira\" \/>\n<meta name=\"twitter:card\" content=\"summary_large_image\" \/>\n<meta name=\"twitter:label1\" content=\"Escrito por\" \/>\n\t<meta name=\"twitter:data1\" content=\"Maura Pereira\" \/>\n\t<meta name=\"twitter:label2\" content=\"Est. tempo de leitura\" \/>\n\t<meta name=\"twitter:data2\" content=\"6 minutos\" \/>\n<!-- \/ Yoast SEO plugin. -->","yoast_head_json":{"title":"A primeira capital do Brasil atrai viajantes por ainda ser uma das cidades mais encantadoras do pa\u00eds - Correio Braziliense - Radar","description":"Essa antiga capital do Brasil continua sendo uma das cidades mais encantadoras do pa\u00eds e mant\u00e9m forte apelo tur\u00edstico.","robots":{"index":"index","follow":"follow","max-snippet":"max-snippet:-1","max-image-preview":"max-image-preview:large","max-video-preview":"max-video-preview:-1"},"canonical":"https:\/\/www.correiobraziliense.com.br\/cbradar\/a-primeira-capital-do-brasil-atrai-viajantes-por-ainda-ser-uma-das-cidades-mais-encantadoras-do-pais\/","og_locale":"pt_BR","og_type":"article","og_title":"A primeira capital do Brasil atrai viajantes por ainda ser uma das cidades mais encantadoras do pa\u00eds - Correio Braziliense - Radar","og_description":"Essa antiga capital do Brasil continua sendo uma das cidades mais encantadoras do pa\u00eds e mant\u00e9m forte apelo tur\u00edstico.","og_url":"https:\/\/www.correiobraziliense.com.br\/cbradar\/a-primeira-capital-do-brasil-atrai-viajantes-por-ainda-ser-uma-das-cidades-mais-encantadoras-do-pais\/","og_site_name":"Correio Braziliense - Radar","article_published_time":"2026-01-22T14:45:00+00:00","og_image":[{"width":1280,"height":720,"url":"https:\/\/www.correiobraziliense.com.br\/cbradar\/wp-content\/uploads\/2025\/06\/Salvador_1749877832910.jpg","type":"image\/jpeg"}],"author":"Maura Pereira","twitter_card":"summary_large_image","twitter_misc":{"Escrito por":"Maura Pereira","Est. tempo de leitura":"6 minutos"},"schema":{"@context":"https:\/\/schema.org","@graph":[{"@type":"WebPage","@id":"https:\/\/www.correiobraziliense.com.br\/cbradar\/a-primeira-capital-do-brasil-atrai-viajantes-por-ainda-ser-uma-das-cidades-mais-encantadoras-do-pais\/","url":"https:\/\/www.correiobraziliense.com.br\/cbradar\/a-primeira-capital-do-brasil-atrai-viajantes-por-ainda-ser-uma-das-cidades-mais-encantadoras-do-pais\/","name":"A primeira capital do Brasil atrai viajantes por ainda ser uma das cidades mais encantadoras do pa\u00eds - Correio Braziliense - Radar","isPartOf":{"@id":"https:\/\/www.correiobraziliense.com.br\/cbradar\/#website"},"primaryImageOfPage":{"@id":"https:\/\/www.correiobraziliense.com.br\/cbradar\/a-primeira-capital-do-brasil-atrai-viajantes-por-ainda-ser-uma-das-cidades-mais-encantadoras-do-pais\/#primaryimage"},"image":{"@id":"https:\/\/www.correiobraziliense.com.br\/cbradar\/a-primeira-capital-do-brasil-atrai-viajantes-por-ainda-ser-uma-das-cidades-mais-encantadoras-do-pais\/#primaryimage"},"thumbnailUrl":"https:\/\/www.correiobraziliense.com.br\/cbradar\/wp-content\/uploads\/2025\/06\/Salvador_1749877832910.jpg","datePublished":"2026-01-22T14:45:00+00:00","author":{"@id":"https:\/\/www.correiobraziliense.com.br\/cbradar\/#\/schema\/person\/4053c651a9bfc785afc6f4cbc9032fd3"},"description":"Essa antiga capital do Brasil continua sendo uma das cidades mais encantadoras do pa\u00eds e mant\u00e9m forte apelo tur\u00edstico.","breadcrumb":{"@id":"https:\/\/www.correiobraziliense.com.br\/cbradar\/a-primeira-capital-do-brasil-atrai-viajantes-por-ainda-ser-uma-das-cidades-mais-encantadoras-do-pais\/#breadcrumb"},"inLanguage":"pt-BR","potentialAction":[{"@type":"ReadAction","target":["https:\/\/www.correiobraziliense.com.br\/cbradar\/a-primeira-capital-do-brasil-atrai-viajantes-por-ainda-ser-uma-das-cidades-mais-encantadoras-do-pais\/"]}]},{"@type":"ImageObject","inLanguage":"pt-BR","@id":"https:\/\/www.correiobraziliense.com.br\/cbradar\/a-primeira-capital-do-brasil-atrai-viajantes-por-ainda-ser-uma-das-cidades-mais-encantadoras-do-pais\/#primaryimage","url":"https:\/\/www.correiobraziliense.com.br\/cbradar\/wp-content\/uploads\/2025\/06\/Salvador_1749877832910.jpg","contentUrl":"https:\/\/www.correiobraziliense.com.br\/cbradar\/wp-content\/uploads\/2025\/06\/Salvador_1749877832910.jpg","width":1280,"height":720,"caption":"Salvador \u00e9 reconhecida por sua diversidade cultural e celebra\u00e7\u00f5es populares. \/\/ Cr\u00e9ditos: depositphotos.com \/ gustavomello162.hotmail.com"},{"@type":"BreadcrumbList","@id":"https:\/\/www.correiobraziliense.com.br\/cbradar\/a-primeira-capital-do-brasil-atrai-viajantes-por-ainda-ser-uma-das-cidades-mais-encantadoras-do-pais\/#breadcrumb","itemListElement":[{"@type":"ListItem","position":1,"name":"In\u00edcio","item":"https:\/\/www.correiobraziliense.com.br\/cbradar\/"},{"@type":"ListItem","position":2,"name":"A primeira capital do Brasil atrai viajantes por ainda ser uma das cidades mais encantadoras do pa\u00eds"}]},{"@type":"WebSite","@id":"https:\/\/www.correiobraziliense.com.br\/cbradar\/#website","url":"https:\/\/www.correiobraziliense.com.br\/cbradar\/","name":"Correio Braziliense - Radar","description":"Acompanhe as \u00faltimas not\u00edcias e fique bem informado sobre tudo o que acontece no Brasil e no mundo.","potentialAction":[{"@type":"SearchAction","target":{"@type":"EntryPoint","urlTemplate":"https:\/\/www.correiobraziliense.com.br\/cbradar\/?s={search_term_string}"},"query-input":{"@type":"PropertyValueSpecification","valueRequired":true,"valueName":"search_term_string"}}],"inLanguage":"pt-BR"},{"@type":"Person","@id":"https:\/\/www.correiobraziliense.com.br\/cbradar\/#\/schema\/person\/4053c651a9bfc785afc6f4cbc9032fd3","name":"Maura Pereira","image":{"@type":"ImageObject","inLanguage":"pt-BR","@id":"https:\/\/www.correiobraziliense.com.br\/cbradar\/#\/schema\/person\/image\/","url":"https:\/\/secure.gravatar.com\/avatar\/3effd6bdadfa447f15089c7f7144eaa6?s=96&d=mm&r=g","contentUrl":"https:\/\/secure.gravatar.com\/avatar\/3effd6bdadfa447f15089c7f7144eaa6?s=96&d=mm&r=g","caption":"Maura Pereira"},"sameAs":["https:\/\/www.correiobraziliense.com.br\/"],"url":"https:\/\/www.correiobraziliense.com.br\/cbradar\/author\/mauramyth\/"}]}},"_links":{"self":[{"href":"https:\/\/www.correiobraziliense.com.br\/cbradar\/wp-json\/wp\/v2\/posts\/179301","targetHints":{"allow":["GET"]}}],"collection":[{"href":"https:\/\/www.correiobraziliense.com.br\/cbradar\/wp-json\/wp\/v2\/posts"}],"about":[{"href":"https:\/\/www.correiobraziliense.com.br\/cbradar\/wp-json\/wp\/v2\/types\/post"}],"author":[{"embeddable":true,"href":"https:\/\/www.correiobraziliense.com.br\/cbradar\/wp-json\/wp\/v2\/users\/8"}],"replies":[{"embeddable":true,"href":"https:\/\/www.correiobraziliense.com.br\/cbradar\/wp-json\/wp\/v2\/comments?post=179301"}],"version-history":[{"count":15,"href":"https:\/\/www.correiobraziliense.com.br\/cbradar\/wp-json\/wp\/v2\/posts\/179301\/revisions"}],"predecessor-version":[{"id":179425,"href":"https:\/\/www.correiobraziliense.com.br\/cbradar\/wp-json\/wp\/v2\/posts\/179301\/revisions\/179425"}],"wp:featuredmedia":[{"embeddable":true,"href":"https:\/\/www.correiobraziliense.com.br\/cbradar\/wp-json\/wp\/v2\/media\/53035"}],"wp:attachment":[{"href":"https:\/\/www.correiobraziliense.com.br\/cbradar\/wp-json\/wp\/v2\/media?parent=179301"}],"wp:term":[{"taxonomy":"category","embeddable":true,"href":"https:\/\/www.correiobraziliense.com.br\/cbradar\/wp-json\/wp\/v2\/categories?post=179301"},{"taxonomy":"post_tag","embeddable":true,"href":"https:\/\/www.correiobraziliense.com.br\/cbradar\/wp-json\/wp\/v2\/post_tag?post=179301"}],"curies":[{"name":"wp","href":"https:\/\/api.w.org\/{rel}","templated":true}]}}