{"id":179302,"date":"2026-01-22T12:45:00","date_gmt":"2026-01-22T15:45:00","guid":{"rendered":"https:\/\/www.correiobraziliense.com.br\/cbradar\/?p=179302"},"modified":"2026-01-21T22:19:12","modified_gmt":"2026-01-22T01:19:12","slug":"a-capital-do-boi-gordo-se-destaca-no-interior-ao-unir-desenvolvimento-economico-e-tradicao-cultural-2","status":"publish","type":"post","link":"https:\/\/www.correiobraziliense.com.br\/cbradar\/a-capital-do-boi-gordo-se-destaca-no-interior-ao-unir-desenvolvimento-economico-e-tradicao-cultural-2\/","title":{"rendered":"A capital do Boi Gordo se destaca no interior ao unir desenvolvimento econ\u00f4mico e tradi\u00e7\u00e3o cultural"},"content":{"rendered":"\n<p>Historicamente consagrada como a &#8220;Capital do Boi Gordo&#8221;, <strong>Ara\u00e7atuba<\/strong> soube se reinventar sem apagar seu passado. Localizada no noroeste paulista, a cerca de 520 km de <strong>S\u00e3o Paulo<\/strong>, a cidade oferece aos <strong>ara\u00e7atubenses<\/strong> uma economia din\u00e2mica que trocou a exclusividade das pastagens pela tecnologia dos canaviais, mantendo-se como um dos centros urbanos mais importantes e quentes do interior.<\/p>\n\n\n\n<h2 class=\"wp-block-heading\">O fim da era do gado ou uma nova fase?<\/h2>\n\n\n\n<p>Ara\u00e7atuba j\u00e1 ditou o pre\u00e7o da arroba do boi para todo o Brasil na \u00e9poca de ouro da pecu\u00e1ria. Embora o gado ainda seja forte (especialmente nos leil\u00f5es de elite), a paisagem mudou. A cidade tornou-se um polo estrat\u00e9gico do <strong>setor sucroenerg\u00e9tico<\/strong>. O mar de pasto deu lugar a oceanos de cana-de-a\u00e7\u00facar, alimentando usinas que produzem etanol e bioenergia.<\/p>\n\n\n\n<p>Para o morador e investidor, essa transi\u00e7\u00e3o trouxe moderniza\u00e7\u00e3o. A cidade atraiu ind\u00fastrias de base, servi\u00e7os especializados em agrotecnologia e uma infraestrutura log\u00edstica robusta, incluindo o transporte pela Hidrovia Tiet\u00ea-Paran\u00e1, fundamental para o escoamento da produ\u00e7\u00e3o.<\/p>\n\n\n<div class=\"wp-block-image\">\n<figure class=\"aligncenter size-large\"><img decoding=\"async\" width=\"1024\" height=\"576\" src=\"https:\/\/www.correiobraziliense.com.br\/cbradar\/wp-content\/uploads\/2025\/12\/Uma-peninsula-de-areia-com-uma-vila-esquecida-com-dunas-de-salinas-que-parecem-neve-2-1024x576.png\" alt=\"A capital do Boi Gordo se destaca no interior ao unir desenvolvimento econ\u00f4mico e tradi\u00e7\u00e3o cultural\" class=\"wp-image-159844\" srcset=\"https:\/\/www.correiobraziliense.com.br\/cbradar\/wp-content\/uploads\/2025\/12\/Uma-peninsula-de-areia-com-uma-vila-esquecida-com-dunas-de-salinas-que-parecem-neve-2-1024x576.png 1024w, https:\/\/www.correiobraziliense.com.br\/cbradar\/wp-content\/uploads\/2025\/12\/Uma-peninsula-de-areia-com-uma-vila-esquecida-com-dunas-de-salinas-que-parecem-neve-2-300x169.png 300w, https:\/\/www.correiobraziliense.com.br\/cbradar\/wp-content\/uploads\/2025\/12\/Uma-peninsula-de-areia-com-uma-vila-esquecida-com-dunas-de-salinas-que-parecem-neve-2-768x432.png 768w, https:\/\/www.correiobraziliense.com.br\/cbradar\/wp-content\/uploads\/2025\/12\/Uma-peninsula-de-areia-com-uma-vila-esquecida-com-dunas-de-salinas-que-parecem-neve-2-750x422.png 750w, https:\/\/www.correiobraziliense.com.br\/cbradar\/wp-content\/uploads\/2025\/12\/Uma-peninsula-de-areia-com-uma-vila-esquecida-com-dunas-de-salinas-que-parecem-neve-2-1140x641.png 1140w, https:\/\/www.correiobraziliense.com.br\/cbradar\/wp-content\/uploads\/2025\/12\/Uma-peninsula-de-areia-com-uma-vila-esquecida-com-dunas-de-salinas-que-parecem-neve-2.png 1280w\" sizes=\"(max-width: 1024px) 100vw, 1024px\" \/><figcaption class=\"wp-element-caption\"> Ara\u00e7atuba-SP oferece roteiros familiares com Parque Ecol\u00f3gico Bagua\u00e7u e Rota do Cupim Casqueirado acess\u00edveis para lazer e gastronomia segura. \/\/ Cr\u00e9ditos: Wikip\u00e9dia @atadrones<\/figcaption><\/figure><\/div>\n\n\n<h2 class=\"wp-block-heading\">Por que a UNESP \u00e9 um orgulho local?<\/h2>\n\n\n\n<p>A cidade \u00e9 refer\u00eancia acad\u00eamica nacional, especialmente na \u00e1rea de sa\u00fade. O campus da <a href=\"https:\/\/www2.unesp.br\" target=\"_blank\" rel=\"noreferrer noopener\"><strong>UNESP (Universidade Estadual Paulista)<\/strong> <\/a>em Ara\u00e7atuba abriga um dos cursos de <strong>Odontologia<\/strong> mais respeitados do mundo e uma <strong>Medicina Veterin\u00e1ria<\/strong> de excel\u00eancia. Essa voca\u00e7\u00e3o universit\u00e1ria injeta juventude na cidade e garante um servi\u00e7o de sa\u00fade p\u00fablica e privada muito acima da m\u00e9dia para uma cidade do interior.<\/p>\n\n\n\n<p>Essa estrutura educacional reflete-se na qualidade de vida, <strong>sustentando um IDHM alto de 0,799 segundo o IBGE<\/strong>, atraindo estudantes de todo o pa\u00eds que movimentam o mercado imobili\u00e1rio e a vida noturna da Avenida Bras\u00edlia.<\/p>\n\n\n\n<p><strong>Descubra a &#8220;Capital do Boi Gordo&#8221;, um pr\u00f3spero centro agropecu\u00e1rio e de servi\u00e7os no interior paulista. <\/strong>O v\u00eddeo \u00e9 do canal <strong>Cidades do Interior,<\/strong> que apresenta o desenvolvimento e a infraestrutura de munic\u00edpios brasileiros, e explora Ara\u00e7atuba, destacando a sua forte economia, o reconhecimento da sua rede hospitalar e as op\u00e7\u00f5es de lazer como o <strong>Hot Planet Thermas Park:<\/strong><\/p>\n\n\n\n<figure class=\"wp-block-embed aligncenter is-type-video is-provider-youtube wp-block-embed-youtube wp-embed-aspect-16-9 wp-has-aspect-ratio\"><div class=\"wp-block-embed__wrapper\">\n<div class=\"jeg_video_container jeg_video_content\"><iframe loading=\"lazy\" title=\"\u00c9 BOM MORAR EM ARA\u00c7ATUBA - SP? | DESCUBRA como \u00e9 morar nessa CIDADE do INTERIOR PAULISTA!\" width=\"500\" height=\"281\" src=\"https:\/\/www.youtube.com\/embed\/RHc5PzCjH_U?start=6&#038;feature=oembed\" frameborder=\"0\" allow=\"accelerometer; autoplay; clipboard-write; encrypted-media; gyroscope; picture-in-picture; web-share\" referrerpolicy=\"strict-origin-when-cross-origin\" allowfullscreen><\/iframe><\/div>\n<\/div><\/figure>\n\n\n\n<h2 class=\"wp-block-heading\">O Rio Tiet\u00ea \u00e9 limpo por aqui?<\/h2>\n\n\n\n<p>Sim, e \u00e9 fonte de lazer. Diferente da imagem polu\u00edda da capital, em Ara\u00e7atuba o <strong>Rio Tiet\u00ea<\/strong> \u00e9 vivo, largo e naveg\u00e1vel. A proximidade com o rio permite que a cidade tenha uma cultura n\u00e1utica forte. Nos fins de semana, as &#8220;prainhas&#8221; de \u00e1gua doce da regi\u00e3o (como a prainha municipal) e os ranchos \u00e0 beira-rio ficam lotados de fam\u00edlias que praticam pesca, nata\u00e7\u00e3o e andam de lancha.<\/p>\n\n\n\n<p>Al\u00e9m das \u00e1guas, a cidade preserva sua hist\u00f3ria no <strong>Museu Marechal Rondon<\/strong>, dedicado ao indigenista que desbravou a regi\u00e3o, e no <strong>Museu Ferrovi\u00e1rio<\/strong>, que conta a saga da Estrada de Ferro Noroeste do Brasil.<\/p>\n\n\n\n<h2 class=\"wp-block-heading\">O Cupim Casquerado \u00e9 patrim\u00f4nio?<\/h2>\n\n\n\n<p>A gastronomia ara\u00e7atubense tem um rei: o <strong>Cupim Casquerado<\/strong>. O prato \u00e9 t\u00e3o importante que foi declarado patrim\u00f4nio cultural imaterial da cidade. Diferente do assado tradicional, aqui a carne \u00e9 &#8220;casqueirada&#8221; (fatiada em lascas finas e crocantes) repetidamente enquanto assa na brasa, servida com mandioca e vinagrete. \u00c9 a experi\u00eancia social obrigat\u00f3ria em qualquer churrascaria ou festa local.<\/p>\n\n\n\n<p><strong>Leia tamb\u00e9m: <a href=\"https:\/\/www.correiobraziliense.com.br\/cbradar\/o-que-significa-gostar-de-cheirinho-de-casa-limpa-segundo-a-psicologia\/\" target=\"_blank\" rel=\"noreferrer noopener\">O que significa gostar de cheirinho de casa limpa, segundo a psicologia.<\/a><\/strong><\/p>\n\n\n<div class=\"wp-block-image\">\n<figure class=\"aligncenter size-large\"><img decoding=\"async\" width=\"1024\" height=\"576\" src=\"https:\/\/www.correiobraziliense.com.br\/cbradar\/wp-content\/uploads\/2025\/12\/Uma-peninsula-de-areia-com-uma-vila-esquecida-com-dunas-de-salinas-que-parecem-neve-1-1024x576.png\" alt=\"A capital do Boi Gordo se destaca no interior ao unir desenvolvimento econ\u00f4mico e tradi\u00e7\u00e3o cultural\" class=\"wp-image-159845\" srcset=\"https:\/\/www.correiobraziliense.com.br\/cbradar\/wp-content\/uploads\/2025\/12\/Uma-peninsula-de-areia-com-uma-vila-esquecida-com-dunas-de-salinas-que-parecem-neve-1-1024x576.png 1024w, https:\/\/www.correiobraziliense.com.br\/cbradar\/wp-content\/uploads\/2025\/12\/Uma-peninsula-de-areia-com-uma-vila-esquecida-com-dunas-de-salinas-que-parecem-neve-1-300x169.png 300w, https:\/\/www.correiobraziliense.com.br\/cbradar\/wp-content\/uploads\/2025\/12\/Uma-peninsula-de-areia-com-uma-vila-esquecida-com-dunas-de-salinas-que-parecem-neve-1-768x432.png 768w, https:\/\/www.correiobraziliense.com.br\/cbradar\/wp-content\/uploads\/2025\/12\/Uma-peninsula-de-areia-com-uma-vila-esquecida-com-dunas-de-salinas-que-parecem-neve-1-750x422.png 750w, https:\/\/www.correiobraziliense.com.br\/cbradar\/wp-content\/uploads\/2025\/12\/Uma-peninsula-de-areia-com-uma-vila-esquecida-com-dunas-de-salinas-que-parecem-neve-1-1140x641.png 1140w, https:\/\/www.correiobraziliense.com.br\/cbradar\/wp-content\/uploads\/2025\/12\/Uma-peninsula-de-areia-com-uma-vila-esquecida-com-dunas-de-salinas-que-parecem-neve-1.png 1280w\" sizes=\"(max-width: 1024px) 100vw, 1024px\" \/><figcaption class=\"wp-element-caption\">Ara\u00e7atuba-SP inspira com horizontes do Cristo Redentor e praias fluviais serenas, convidando relax total e conex\u00e3o com natureza interiorana vibrante. \/\/ Cr\u00e9ditos: Wikip\u00e9dia @atadrones<\/figcaption><\/figure><\/div>\n\n\n<h2 class=\"wp-block-heading\">Como enfrentar o calor lend\u00e1rio do Noroeste?<\/h2>\n\n\n\n<p>Ara\u00e7atuba \u00e9 famosa pelas altas temperaturas. O sol brilha forte quase o ano todo, exigindo ar-condicionado e piscina como itens quase essenciais de moradia.<\/p>\n\n\n\n<p>Segundo o portal <strong><a href=\"https:\/\/www.climatempo.com.br\/previsao-do-tempo\/cidade\/398\/aracatuba-sp\">Climatempo<\/a><\/strong>, o calor \u00e9 intenso. Confira o planejamento:<\/p>\n\n\n\n<figure class=\"wp-block-table\"><table class=\"has-fixed-layout\"><thead><tr><th>Esta\u00e7\u00e3o\/Per\u00edodo<\/th><th>M\u00e9dia T\u00e9rmica<\/th><th>O que esperar<\/th><\/tr><\/thead><tbody><tr><td>Ver\u00e3o (Dez-Mar)<\/td><td>24\u00b0C a 34\u00b0C<\/td><td>Calor extremo e noites abafadas; chuvas r\u00e1pidas ajudam a refrescar momentaneamente.<\/td><\/tr><tr><td>Inverno (Jun-Set)<\/td><td>16\u00b0C a 28\u00b0C<\/td><td>Inverno seco e ensolarado. As noites podem ser frescas, mas as tardes continuam quentes.<\/td><\/tr><tr><td>Primavera<\/td><td>22\u00b0C a 35\u00b0C<\/td><td>O per\u00edodo mais quente do ano antes das chuvas de ver\u00e3o; hidrata\u00e7\u00e3o \u00e9 vital.<\/td><\/tr><\/tbody><\/table><\/figure>\n\n\n\n<h2 class=\"wp-block-heading\">Motivos estrat\u00e9gicos para viver em Ara\u00e7atuba<\/h2>\n\n\n\n<p>A cidade combina a for\u00e7a do agroneg\u00f3cio moderno com uma excelente rede de servi\u00e7os e ensino.<\/p>\n\n\n\n<ul class=\"wp-block-list\">\n<li>Economia diversificada entre pecu\u00e1ria de elite e a potente ind\u00fastria do etanol.<\/li>\n\n\n\n<li>Centro de excel\u00eancia em sa\u00fade bucal e animal, com a chancela da UNESP.<\/li>\n\n\n\n<li>Lazer n\u00e1utico acess\u00edvel com as \u00e1guas limpas do Tiet\u00ea no &#8220;quintal&#8221; de casa.<\/li>\n<\/ul>\n\n\n\n<p>Voc\u00ea precisa provar o verdadeiro cupim casquerado em uma cantina local para entender que, em Ara\u00e7atuba, o churrasco \u00e9 uma arte levada muito a s\u00e9rio.<\/p>\n","protected":false},"excerpt":{"rendered":"<p>Historicamente consagrada como a &#8220;Capital do Boi Gordo&#8221;, Ara\u00e7atuba soube se reinventar sem apagar seu passado. Localizada no noroeste paulista, a cerca de 520 km de S\u00e3o Paulo, a cidade oferece aos ara\u00e7atubenses uma economia din\u00e2mica que trocou a exclusividade das pastagens pela tecnologia dos canaviais, mantendo-se como um dos centros urbanos mais importantes e [&hellip;]<\/p>\n","protected":false},"author":8,"featured_media":179433,"comment_status":"open","ping_status":"open","sticky":false,"template":"","format":"standard","meta":{"_yoast_wpseo_focuskw":"capital do boi gordo","_yoast_wpseo_title":"","_yoast_wpseo_metadesc":"Essa cidade conhecida como Capital do Boi Gordo se destaca no interior por unir desenvolvimento econ\u00f4mico e tradi\u00e7\u00e3o cultural.","jnews-multi-image_gallery":[],"jnews_single_post":{"format":"standard"},"jnews_primary_category":[],"jnews_social_meta":[],"jnews_override_counter":[],"footnotes":""},"categories":[108,111],"post_tag":[13038,8670],"class_list":["post-179302","post","type-post","status-publish","format-standard","has-post-thumbnail","hentry","category-cidades","category-turismo","tag-aracatuba","tag-sao-paulo-2"],"yoast_head":"<!-- This site is optimized with the Yoast SEO plugin v24.6 - https:\/\/yoast.com\/wordpress\/plugins\/seo\/ -->\n<title>A capital do Boi Gordo se destaca no interior ao unir desenvolvimento econ\u00f4mico e tradi\u00e7\u00e3o cultural - Correio Braziliense - Radar<\/title>\n<meta name=\"description\" content=\"Essa cidade conhecida como Capital do Boi Gordo se destaca no interior por unir desenvolvimento econ\u00f4mico e tradi\u00e7\u00e3o cultural.\" \/>\n<meta name=\"robots\" content=\"index, follow, max-snippet:-1, max-image-preview:large, max-video-preview:-1\" \/>\n<link rel=\"canonical\" href=\"https:\/\/www.correiobraziliense.com.br\/cbradar\/a-capital-do-boi-gordo-se-destaca-no-interior-ao-unir-desenvolvimento-economico-e-tradicao-cultural-2\/\" \/>\n<meta property=\"og:locale\" content=\"pt_BR\" \/>\n<meta property=\"og:type\" content=\"article\" \/>\n<meta property=\"og:title\" content=\"A capital do Boi Gordo se destaca no interior ao unir desenvolvimento econ\u00f4mico e tradi\u00e7\u00e3o cultural - Correio Braziliense - Radar\" \/>\n<meta property=\"og:description\" content=\"Essa cidade conhecida como Capital do Boi Gordo se destaca no interior por unir desenvolvimento econ\u00f4mico e tradi\u00e7\u00e3o cultural.\" \/>\n<meta property=\"og:url\" content=\"https:\/\/www.correiobraziliense.com.br\/cbradar\/a-capital-do-boi-gordo-se-destaca-no-interior-ao-unir-desenvolvimento-economico-e-tradicao-cultural-2\/\" \/>\n<meta property=\"og:site_name\" content=\"Correio Braziliense - Radar\" \/>\n<meta property=\"article:published_time\" content=\"2026-01-22T15:45:00+00:00\" \/>\n<meta property=\"og:image\" content=\"https:\/\/www.correiobraziliense.com.br\/cbradar\/wp-content\/uploads\/2026\/01\/aaa-2026-01-21T220849.478.png\" \/>\n\t<meta property=\"og:image:width\" content=\"1280\" \/>\n\t<meta property=\"og:image:height\" content=\"720\" \/>\n\t<meta property=\"og:image:type\" content=\"image\/png\" \/>\n<meta name=\"author\" content=\"Maura Pereira\" \/>\n<meta name=\"twitter:card\" content=\"summary_large_image\" \/>\n<meta name=\"twitter:label1\" content=\"Escrito por\" \/>\n\t<meta name=\"twitter:data1\" content=\"Maura Pereira\" \/>\n\t<meta name=\"twitter:label2\" content=\"Est. tempo de leitura\" \/>\n\t<meta name=\"twitter:data2\" content=\"5 minutos\" \/>\n<!-- \/ Yoast SEO plugin. -->","yoast_head_json":{"title":"A capital do Boi Gordo se destaca no interior ao unir desenvolvimento econ\u00f4mico e tradi\u00e7\u00e3o cultural - Correio Braziliense - Radar","description":"Essa cidade conhecida como Capital do Boi Gordo se destaca no interior por unir desenvolvimento econ\u00f4mico e tradi\u00e7\u00e3o cultural.","robots":{"index":"index","follow":"follow","max-snippet":"max-snippet:-1","max-image-preview":"max-image-preview:large","max-video-preview":"max-video-preview:-1"},"canonical":"https:\/\/www.correiobraziliense.com.br\/cbradar\/a-capital-do-boi-gordo-se-destaca-no-interior-ao-unir-desenvolvimento-economico-e-tradicao-cultural-2\/","og_locale":"pt_BR","og_type":"article","og_title":"A capital do Boi Gordo se destaca no interior ao unir desenvolvimento econ\u00f4mico e tradi\u00e7\u00e3o cultural - Correio Braziliense - Radar","og_description":"Essa cidade conhecida como Capital do Boi Gordo se destaca no interior por unir desenvolvimento econ\u00f4mico e tradi\u00e7\u00e3o cultural.","og_url":"https:\/\/www.correiobraziliense.com.br\/cbradar\/a-capital-do-boi-gordo-se-destaca-no-interior-ao-unir-desenvolvimento-economico-e-tradicao-cultural-2\/","og_site_name":"Correio Braziliense - Radar","article_published_time":"2026-01-22T15:45:00+00:00","og_image":[{"width":1280,"height":720,"url":"https:\/\/www.correiobraziliense.com.br\/cbradar\/wp-content\/uploads\/2026\/01\/aaa-2026-01-21T220849.478.png","type":"image\/png"}],"author":"Maura Pereira","twitter_card":"summary_large_image","twitter_misc":{"Escrito por":"Maura Pereira","Est. tempo de leitura":"5 minutos"},"schema":{"@context":"https:\/\/schema.org","@graph":[{"@type":"WebPage","@id":"https:\/\/www.correiobraziliense.com.br\/cbradar\/a-capital-do-boi-gordo-se-destaca-no-interior-ao-unir-desenvolvimento-economico-e-tradicao-cultural-2\/","url":"https:\/\/www.correiobraziliense.com.br\/cbradar\/a-capital-do-boi-gordo-se-destaca-no-interior-ao-unir-desenvolvimento-economico-e-tradicao-cultural-2\/","name":"A capital do Boi Gordo se destaca no interior ao unir desenvolvimento econ\u00f4mico e tradi\u00e7\u00e3o cultural - Correio Braziliense - Radar","isPartOf":{"@id":"https:\/\/www.correiobraziliense.com.br\/cbradar\/#website"},"primaryImageOfPage":{"@id":"https:\/\/www.correiobraziliense.com.br\/cbradar\/a-capital-do-boi-gordo-se-destaca-no-interior-ao-unir-desenvolvimento-economico-e-tradicao-cultural-2\/#primaryimage"},"image":{"@id":"https:\/\/www.correiobraziliense.com.br\/cbradar\/a-capital-do-boi-gordo-se-destaca-no-interior-ao-unir-desenvolvimento-economico-e-tradicao-cultural-2\/#primaryimage"},"thumbnailUrl":"https:\/\/www.correiobraziliense.com.br\/cbradar\/wp-content\/uploads\/2026\/01\/aaa-2026-01-21T220849.478.png","datePublished":"2026-01-22T15:45:00+00:00","author":{"@id":"https:\/\/www.correiobraziliense.com.br\/cbradar\/#\/schema\/person\/4053c651a9bfc785afc6f4cbc9032fd3"},"description":"Essa cidade conhecida como Capital do Boi Gordo se destaca no interior por unir desenvolvimento econ\u00f4mico e tradi\u00e7\u00e3o cultural.","breadcrumb":{"@id":"https:\/\/www.correiobraziliense.com.br\/cbradar\/a-capital-do-boi-gordo-se-destaca-no-interior-ao-unir-desenvolvimento-economico-e-tradicao-cultural-2\/#breadcrumb"},"inLanguage":"pt-BR","potentialAction":[{"@type":"ReadAction","target":["https:\/\/www.correiobraziliense.com.br\/cbradar\/a-capital-do-boi-gordo-se-destaca-no-interior-ao-unir-desenvolvimento-economico-e-tradicao-cultural-2\/"]}]},{"@type":"ImageObject","inLanguage":"pt-BR","@id":"https:\/\/www.correiobraziliense.com.br\/cbradar\/a-capital-do-boi-gordo-se-destaca-no-interior-ao-unir-desenvolvimento-economico-e-tradicao-cultural-2\/#primaryimage","url":"https:\/\/www.correiobraziliense.com.br\/cbradar\/wp-content\/uploads\/2026\/01\/aaa-2026-01-21T220849.478.png","contentUrl":"https:\/\/www.correiobraziliense.com.br\/cbradar\/wp-content\/uploads\/2026\/01\/aaa-2026-01-21T220849.478.png","width":1280,"height":720,"caption":"Relaxe na Prainha Municipal \u00e0s margens do Tiet\u00ea em Ara\u00e7atuba, com piqueniques, pesca e passeios de barco em dia ensolarado."},{"@type":"BreadcrumbList","@id":"https:\/\/www.correiobraziliense.com.br\/cbradar\/a-capital-do-boi-gordo-se-destaca-no-interior-ao-unir-desenvolvimento-economico-e-tradicao-cultural-2\/#breadcrumb","itemListElement":[{"@type":"ListItem","position":1,"name":"In\u00edcio","item":"https:\/\/www.correiobraziliense.com.br\/cbradar\/"},{"@type":"ListItem","position":2,"name":"A capital do Boi Gordo se destaca no interior ao unir desenvolvimento econ\u00f4mico e tradi\u00e7\u00e3o cultural"}]},{"@type":"WebSite","@id":"https:\/\/www.correiobraziliense.com.br\/cbradar\/#website","url":"https:\/\/www.correiobraziliense.com.br\/cbradar\/","name":"Correio Braziliense - Radar","description":"Acompanhe as \u00faltimas not\u00edcias e fique bem informado sobre tudo o que acontece no Brasil e no mundo.","potentialAction":[{"@type":"SearchAction","target":{"@type":"EntryPoint","urlTemplate":"https:\/\/www.correiobraziliense.com.br\/cbradar\/?s={search_term_string}"},"query-input":{"@type":"PropertyValueSpecification","valueRequired":true,"valueName":"search_term_string"}}],"inLanguage":"pt-BR"},{"@type":"Person","@id":"https:\/\/www.correiobraziliense.com.br\/cbradar\/#\/schema\/person\/4053c651a9bfc785afc6f4cbc9032fd3","name":"Maura Pereira","image":{"@type":"ImageObject","inLanguage":"pt-BR","@id":"https:\/\/www.correiobraziliense.com.br\/cbradar\/#\/schema\/person\/image\/","url":"https:\/\/secure.gravatar.com\/avatar\/3effd6bdadfa447f15089c7f7144eaa6?s=96&d=mm&r=g","contentUrl":"https:\/\/secure.gravatar.com\/avatar\/3effd6bdadfa447f15089c7f7144eaa6?s=96&d=mm&r=g","caption":"Maura Pereira"},"sameAs":["https:\/\/www.correiobraziliense.com.br\/"],"url":"https:\/\/www.correiobraziliense.com.br\/cbradar\/author\/mauramyth\/"}]}},"_links":{"self":[{"href":"https:\/\/www.correiobraziliense.com.br\/cbradar\/wp-json\/wp\/v2\/posts\/179302","targetHints":{"allow":["GET"]}}],"collection":[{"href":"https:\/\/www.correiobraziliense.com.br\/cbradar\/wp-json\/wp\/v2\/posts"}],"about":[{"href":"https:\/\/www.correiobraziliense.com.br\/cbradar\/wp-json\/wp\/v2\/types\/post"}],"author":[{"embeddable":true,"href":"https:\/\/www.correiobraziliense.com.br\/cbradar\/wp-json\/wp\/v2\/users\/8"}],"replies":[{"embeddable":true,"href":"https:\/\/www.correiobraziliense.com.br\/cbradar\/wp-json\/wp\/v2\/comments?post=179302"}],"version-history":[{"count":9,"href":"https:\/\/www.correiobraziliense.com.br\/cbradar\/wp-json\/wp\/v2\/posts\/179302\/revisions"}],"predecessor-version":[{"id":179434,"href":"https:\/\/www.correiobraziliense.com.br\/cbradar\/wp-json\/wp\/v2\/posts\/179302\/revisions\/179434"}],"wp:featuredmedia":[{"embeddable":true,"href":"https:\/\/www.correiobraziliense.com.br\/cbradar\/wp-json\/wp\/v2\/media\/179433"}],"wp:attachment":[{"href":"https:\/\/www.correiobraziliense.com.br\/cbradar\/wp-json\/wp\/v2\/media?parent=179302"}],"wp:term":[{"taxonomy":"category","embeddable":true,"href":"https:\/\/www.correiobraziliense.com.br\/cbradar\/wp-json\/wp\/v2\/categories?post=179302"},{"taxonomy":"post_tag","embeddable":true,"href":"https:\/\/www.correiobraziliense.com.br\/cbradar\/wp-json\/wp\/v2\/post_tag?post=179302"}],"curies":[{"name":"wp","href":"https:\/\/api.w.org\/{rel}","templated":true}]}}