{"id":179303,"date":"2026-01-22T14:05:00","date_gmt":"2026-01-22T17:05:00","guid":{"rendered":"https:\/\/www.correiobraziliense.com.br\/cbradar\/?p=179303"},"modified":"2026-01-21T22:34:52","modified_gmt":"2026-01-22T01:34:52","slug":"a-capital-do-meio-do-mundo-no-brasil-e-cortada-pela-linha-do-equador-e-banhada-pelo-rio-amazonas-com-uma-beleza-inacreditavel","status":"publish","type":"post","link":"https:\/\/www.correiobraziliense.com.br\/cbradar\/a-capital-do-meio-do-mundo-no-brasil-e-cortada-pela-linha-do-equador-e-banhada-pelo-rio-amazonas-com-uma-beleza-inacreditavel\/","title":{"rendered":"A &#8220;Capital do Meio do Mundo&#8221; no Brasil \u00e9 cortada pela linha do Equador e banhada pelo rio Amazonas com uma beleza inacredit\u00e1vel"},"content":{"rendered":"\n<p>\u00danica capital brasileira cortada pela Linha do Equador e banhada pelo Rio Amazonas, <strong>Macap\u00e1<\/strong> \u00e9 uma cidade de identidade singular. Isolada por terra do restante do pa\u00eds (o acesso se d\u00e1 apenas por barco ou avi\u00e3o), a cidade oferece aos <strong>macapaenses<\/strong> e visitantes uma atmosfera aut\u00eantica, onde a heran\u00e7a portuguesa se funde com a for\u00e7a das tradi\u00e7\u00f5es negras e ind\u00edgenas, protegida pela maior fortaleza colonial do Brasil.<\/p>\n\n\n\n<h2 class=\"wp-block-heading\">O que significa viver na &#8220;Capital do Meio do Mundo&#8221;?<\/h2>\n\n\n\n<p>Em Macap\u00e1, voc\u00ea pode literalmente estar com um p\u00e9 no Hemisf\u00e9rio Norte e outro no Hemisf\u00e9rio Sul. O <strong>Monumento Marco Zero<\/strong> n\u00e3o \u00e9 apenas um obelisco tur\u00edstico; \u00e9 o s\u00edmbolo da geografia local. Nos equin\u00f3cios de primavera e outono (mar\u00e7o e setembro), o sol se alinha perfeitamente com a abertura do monumento, projetando uma sombra zero, um fen\u00f4meno que atrai observadores do mundo todo.<\/p>\n\n\n\n<p>Para o dia a dia da cidade, essa localiza\u00e7\u00e3o define o turismo e at\u00e9 o nome do est\u00e1dio de futebol local, o &#8220;Zer\u00e3o&#8221;, onde a linha do meio de campo coincide exatamente com a Linha do Equador, fazendo com que cada time jogue em um hemisf\u00e9rio diferente.<\/p>\n\n\n<div class=\"wp-block-image\">\n<figure class=\"aligncenter size-large\"><img decoding=\"async\" width=\"1024\" height=\"576\" src=\"https:\/\/www.correiobraziliense.com.br\/cbradar\/wp-content\/uploads\/2025\/12\/Uma-peninsula-de-areia-com-uma-vila-esquecida-com-dunas-de-salinas-que-parecem-neve-4-1024x576.png\" alt=\"O famoso &quot;Marco Zero&quot; fica nessa capital do Brasil cortada pela linha do Equador e banhada pelo rio Amazonas com beleza inacredit\u00e1vel\" class=\"wp-image-159872\" srcset=\"https:\/\/www.correiobraziliense.com.br\/cbradar\/wp-content\/uploads\/2025\/12\/Uma-peninsula-de-areia-com-uma-vila-esquecida-com-dunas-de-salinas-que-parecem-neve-4-1024x576.png 1024w, https:\/\/www.correiobraziliense.com.br\/cbradar\/wp-content\/uploads\/2025\/12\/Uma-peninsula-de-areia-com-uma-vila-esquecida-com-dunas-de-salinas-que-parecem-neve-4-300x169.png 300w, https:\/\/www.correiobraziliense.com.br\/cbradar\/wp-content\/uploads\/2025\/12\/Uma-peninsula-de-areia-com-uma-vila-esquecida-com-dunas-de-salinas-que-parecem-neve-4-768x432.png 768w, https:\/\/www.correiobraziliense.com.br\/cbradar\/wp-content\/uploads\/2025\/12\/Uma-peninsula-de-areia-com-uma-vila-esquecida-com-dunas-de-salinas-que-parecem-neve-4-750x422.png 750w, https:\/\/www.correiobraziliense.com.br\/cbradar\/wp-content\/uploads\/2025\/12\/Uma-peninsula-de-areia-com-uma-vila-esquecida-com-dunas-de-salinas-que-parecem-neve-4-1140x641.png 1140w, https:\/\/www.correiobraziliense.com.br\/cbradar\/wp-content\/uploads\/2025\/12\/Uma-peninsula-de-areia-com-uma-vila-esquecida-com-dunas-de-salinas-que-parecem-neve-4.png 1280w\" sizes=\"(max-width: 1024px) 100vw, 1024px\" \/><figcaption class=\"wp-element-caption\">Macap\u00e1-AP inspira com pores do sol amaz\u00f4nicos e ritmos marabaixo vibrantes, convidando conex\u00f5es culturais e aventuras equatoriais m\u00e1gicas. \/\/ Cr\u00e9ditos: Wikip\u00e9dia<\/figcaption><\/figure><\/div>\n\n\n<h2 class=\"wp-block-heading\">A Fortaleza de S\u00e3o Jos\u00e9 protegeu a Amaz\u00f4nia?<\/h2>\n\n\n\n<p>Sim, e hoje protege a mem\u00f3ria. A <strong>Fortaleza de S\u00e3o Jos\u00e9 de Macap\u00e1<\/strong> \u00e9 uma das maiores fortifica\u00e7\u00f5es militares da Am\u00e9rica Latina. Constru\u00edda no s\u00e9culo XVIII para impedir invas\u00f5es francesas, ela nunca disparou um canh\u00e3o em combate, o que a manteve incrivelmente preservada.<\/p>\n\n\n\n<p>Hoje, suas muralhas de pedra s\u00e3o o parque favorito dos macapaenses para passeios de fim de tarde. O local oferece uma brisa constante do Rio Amazonas e uma vista privilegiada, funcionando como um centro cultural ao ar livre que respira a hist\u00f3ria da coloniza\u00e7\u00e3o portuguesa na floresta.<\/p>\n\n\n<div class=\"wp-block-image\">\n<figure class=\"aligncenter size-large\"><img decoding=\"async\" width=\"1024\" height=\"576\" src=\"https:\/\/www.correiobraziliense.com.br\/cbradar\/wp-content\/uploads\/2025\/12\/Uma-peninsula-de-areia-com-uma-vila-esquecida-com-dunas-de-salinas-que-parecem-neve-5-1024x576.png\" alt=\"\" class=\"wp-image-159871\" srcset=\"https:\/\/www.correiobraziliense.com.br\/cbradar\/wp-content\/uploads\/2025\/12\/Uma-peninsula-de-areia-com-uma-vila-esquecida-com-dunas-de-salinas-que-parecem-neve-5-1024x576.png 1024w, https:\/\/www.correiobraziliense.com.br\/cbradar\/wp-content\/uploads\/2025\/12\/Uma-peninsula-de-areia-com-uma-vila-esquecida-com-dunas-de-salinas-que-parecem-neve-5-300x169.png 300w, https:\/\/www.correiobraziliense.com.br\/cbradar\/wp-content\/uploads\/2025\/12\/Uma-peninsula-de-areia-com-uma-vila-esquecida-com-dunas-de-salinas-que-parecem-neve-5-768x432.png 768w, https:\/\/www.correiobraziliense.com.br\/cbradar\/wp-content\/uploads\/2025\/12\/Uma-peninsula-de-areia-com-uma-vila-esquecida-com-dunas-de-salinas-que-parecem-neve-5-750x422.png 750w, https:\/\/www.correiobraziliense.com.br\/cbradar\/wp-content\/uploads\/2025\/12\/Uma-peninsula-de-areia-com-uma-vila-esquecida-com-dunas-de-salinas-que-parecem-neve-5-1140x641.png 1140w, https:\/\/www.correiobraziliense.com.br\/cbradar\/wp-content\/uploads\/2025\/12\/Uma-peninsula-de-areia-com-uma-vila-esquecida-com-dunas-de-salinas-que-parecem-neve-5.png 1280w\" sizes=\"(max-width: 1024px) 100vw, 1024px\" \/><figcaption class=\"wp-element-caption\">Macap\u00e1-AP oferece roteiros familiares com Fazendinha e Mercado Central acess\u00edveis para explorar a\u00e7a\u00ed fresco e lazer seguro.\u200b \/\/ Cr\u00e9ditos: Wikip\u00e9dia<\/figcaption><\/figure><\/div>\n\n\n<h2 class=\"wp-block-heading\">Por que a cidade \u00e9 uma &#8220;ilha&#8221; continental?<\/h2>\n\n\n\n<p>O isolamento terrestre criou uma cultura de autossufici\u00eancia e preserva\u00e7\u00e3o. Sem liga\u00e7\u00e3o rodovi\u00e1ria direta com outros estados (apenas com a Guiana Francesa via Oiapoque), Macap\u00e1 depende de sua orla e portos. A <strong>Zona Franca Verde<\/strong> busca impulsionar a economia com incentivos fiscais baseados na biodiversidade, embora o funcionalismo p\u00fablico e o com\u00e9rcio ainda sejam os motores principais.<\/p>\n\n\n\n<p>Esse isolamento ajudou a manter vivas tradi\u00e7\u00f5es como o <strong>Marabaixo<\/strong>, a maior manifesta\u00e7\u00e3o cultural do estado. O ritmo, marcado por caixas (tambores) e dan\u00e7as circulares, celebra a ancestralidade negra e a devo\u00e7\u00e3o ao Divino Esp\u00edrito Santo, resistindo \u00e0 massifica\u00e7\u00e3o cultural de outras regi\u00f5es.<\/p>\n\n\n\n<p><strong>Descubra a &#8220;Capital do Meio do Mundo&#8221;, a \u00fanica capital brasileira cortada pela Linha do Equador e banhada pelo Rio Amazonas.<\/strong> O v\u00eddeo \u00e9 do canal<strong> Cidades &amp; Cia<\/strong>, que apresenta o desenvolvimento e a cultura de munic\u00edpios brasileiros, e explora <strong>Macap\u00e1<\/strong>, destacando a Fortaleza de S\u00e3o Jos\u00e9, o monumento do Marco Zero e as particularidades de uma cidade sem liga\u00e7\u00e3o rodovi\u00e1ria a outras capitais:<\/p>\n\n\n\n<figure class=\"wp-block-embed aligncenter is-type-video is-provider-youtube wp-block-embed-youtube wp-embed-aspect-16-9 wp-has-aspect-ratio\"><div class=\"wp-block-embed__wrapper\">\n<div class=\"jeg_video_container jeg_video_content\"><iframe loading=\"lazy\" title=\"CONHE\u00c7A A CAPITAL DO MEIO DO MUNDO, \u00c9 ASSIM QUE MACAP\u00c1 CAPITAL DO AMAP\u00c1 E CARINHOSAMENTE CONHECIDA!\" width=\"500\" height=\"281\" src=\"https:\/\/www.youtube.com\/embed\/uEJHqbaOTLg?feature=oembed\" frameborder=\"0\" allow=\"accelerometer; autoplay; clipboard-write; encrypted-media; gyroscope; picture-in-picture; web-share\" referrerpolicy=\"strict-origin-when-cross-origin\" allowfullscreen><\/iframe><\/div>\n<\/div><\/figure>\n\n\n\n<h2 class=\"wp-block-heading\">A gastronomia tucuju \u00e9 a mais aut\u00eantica do Norte?<\/h2>\n\n\n\n<p>Muitos dizem que sim. Aqui, o a\u00e7a\u00ed \u00e9 consumido como prato principal, salgado, acompanhado de peixe frito ou camar\u00e3o, e nunca com granola ou banana. O <strong>camar\u00e3o no bafo<\/strong> \u00e9 a iguaria m\u00e1xima, servido em por\u00e7\u00f5es generosas com farinha d&#8217;\u00e1gua.<\/p>\n\n\n\n<ul class=\"wp-block-list\">\n<li><strong>Trapiche Eliezer Levy<\/strong>: Um p\u00eder que avan\u00e7a quase 400 metros sobre o Rio Amazonas. Embora passe por reformas ocasionais, \u00e9 o local ic\u00f4nico para sentir a imensid\u00e3o do maior rio do mundo.<\/li>\n\n\n\n<li><strong>Mercado Central<\/strong>: Ponto de encontro para provar o tacac\u00e1 e comprar artesanato em mangan\u00eas e madeira.<\/li>\n\n\n\n<li><strong>Casa do Artes\u00e3o<\/strong>: O lugar ideal para conhecer a cer\u00e2mica marac\u00e1 e cunani, heran\u00e7as arqueol\u00f3gicas da regi\u00e3o.<\/li>\n\n\n\n<li><strong>Bioparque da Amaz\u00f4nia<\/strong>: Uma reserva de biodiversidade dentro da \u00e1rea urbana, com trilhas suspensas e observa\u00e7\u00e3o de fauna.<\/li>\n<\/ul>\n\n\n\n<p><strong>Leia tamb\u00e9m: <a href=\"https:\/\/www.correiobraziliense.com.br\/cbradar\/o-que-significa-gostar-de-cheirinho-de-casa-limpa-segundo-a-psicologia\/\" target=\"_blank\" rel=\"noreferrer noopener\">O que significa gostar de cheirinho de casa limpa, segundo a psicologia.<\/a><\/strong><\/p>\n\n\n<div class=\"wp-block-image\">\n<figure class=\"aligncenter size-large\"><img decoding=\"async\" width=\"1024\" height=\"576\" src=\"https:\/\/www.correiobraziliense.com.br\/cbradar\/wp-content\/uploads\/2025\/12\/Uma-peninsula-de-areia-com-uma-vila-esquecida-com-dunas-de-salinas-que-parecem-neve-6-1024x576.png\" alt=\"O famoso &quot;Marco Zero&quot; fica nessa capital do Brasil cortada pela linha do Equador e banhada pelo rio Amazonas com beleza inacredit\u00e1vel\" class=\"wp-image-159870\" srcset=\"https:\/\/www.correiobraziliense.com.br\/cbradar\/wp-content\/uploads\/2025\/12\/Uma-peninsula-de-areia-com-uma-vila-esquecida-com-dunas-de-salinas-que-parecem-neve-6-1024x576.png 1024w, https:\/\/www.correiobraziliense.com.br\/cbradar\/wp-content\/uploads\/2025\/12\/Uma-peninsula-de-areia-com-uma-vila-esquecida-com-dunas-de-salinas-que-parecem-neve-6-300x169.png 300w, https:\/\/www.correiobraziliense.com.br\/cbradar\/wp-content\/uploads\/2025\/12\/Uma-peninsula-de-areia-com-uma-vila-esquecida-com-dunas-de-salinas-que-parecem-neve-6-768x432.png 768w, https:\/\/www.correiobraziliense.com.br\/cbradar\/wp-content\/uploads\/2025\/12\/Uma-peninsula-de-areia-com-uma-vila-esquecida-com-dunas-de-salinas-que-parecem-neve-6-750x422.png 750w, https:\/\/www.correiobraziliense.com.br\/cbradar\/wp-content\/uploads\/2025\/12\/Uma-peninsula-de-areia-com-uma-vila-esquecida-com-dunas-de-salinas-que-parecem-neve-6-1140x641.png 1140w, https:\/\/www.correiobraziliense.com.br\/cbradar\/wp-content\/uploads\/2025\/12\/Uma-peninsula-de-areia-com-uma-vila-esquecida-com-dunas-de-salinas-que-parecem-neve-6.png 1280w\" sizes=\"(max-width: 1024px) 100vw, 1024px\" \/><figcaption class=\"wp-element-caption\">Curta caminhadas na Pra\u00e7a Floriano Peixoto de Macap\u00e1-AP, ref\u00fagio gostoso com brisa amaz\u00f4nica e vibes acolhedoras equatoriais.\u200b \/\/ Cr\u00e9ditos: Wikip\u00e9dia<\/figcaption><\/figure><\/div>\n\n\n<h2 class=\"wp-block-heading\">Como o clima equatorial dita as esta\u00e7\u00f5es?<\/h2>\n\n\n\n<p><strong>Esque\u00e7a as quatro esta\u00e7\u00f5es.<\/strong> Em Macap\u00e1, existe o per\u00edodo que chove todo dia e o per\u00edodo que chove o dia todo (brincadeira local, mas com fundo de verdade). O calor \u00e9 constante e \u00famido.<\/p>\n\n\n\n<p>Segundo dados meteorol\u00f3gicos do <strong><a href=\"https:\/\/www.climatempo.com.br\/previsao-do-tempo\/cidade\/39\/macapa-ap\" target=\"_blank\" rel=\"noreferrer noopener\">Climatempo<\/a><\/strong>, a cidade \u00e9 uma das mais chuvosas do Brasil. Confira o planejamento:<\/p>\n\n\n\n<figure class=\"wp-block-table\"><table class=\"has-fixed-layout\"><thead><tr><th>Per\u00edodo<\/th><th>M\u00e9dia T\u00e9rmica<\/th><th>O que esperar<\/th><\/tr><\/thead><tbody><tr><td>Chuvoso (Dez-Mai)<\/td><td>24\u00b0C a 31\u00b0C<\/td><td>O &#8220;Inverno Amaz\u00f4nico&#8221;. Chuvas intensas e di\u00e1rias; a vegeta\u00e7\u00e3o fica exuberante, mas passeios ao ar livre exigem capa de chuva.<\/td><\/tr><tr><td>Seco (Jun-Nov)<\/td><td>26\u00b0C a 34\u00b0C<\/td><td>O &#8220;Ver\u00e3o&#8221;. Sol forte, pouca chuva e muito calor. \u00c9 a melhor \u00e9poca para visitar o Marco Zero e as praias de rio.<\/td><\/tr><tr><td>Equin\u00f3cios<\/td><td>&#8212;<\/td><td>Em Mar\u00e7o (chuvoso) e Setembro (seco), o fen\u00f4meno do sol no Marco Zero \u00e9 a atra\u00e7\u00e3o principal.<\/td><\/tr><\/tbody><\/table><\/figure>\n\n\n\n<h2 class=\"wp-block-heading\">Motivos estrat\u00e9gicos para viver ou conhecer Macap\u00e1<\/h2>\n\n\n\n<p>A capital oferece uma experi\u00eancia amaz\u00f4nica urbana, segura de desastres naturais e rica em hist\u00f3ria.<\/p>\n\n\n\n<ul class=\"wp-block-list\">\n<li>Localiza\u00e7\u00e3o geogr\u00e1fica \u00fanica no mundo, com turismo cient\u00edfico e astron\u00f4mico no Marco Zero.<\/li>\n\n\n\n<li>Cultura preservada e aut\u00eantica, longe das multid\u00f5es do turismo de massa.<\/li>\n\n\n\n<li>Contato direto com o Rio Amazonas, oferecendo lazer e gastronomia ribeirinha de alta qualidade.<\/li>\n<\/ul>\n\n\n\n<p>Voc\u00ea precisa tomar um a\u00e7a\u00ed tradicional olhando o Rio Amazonas do alto da muralha da Fortaleza para entender o sabor e a for\u00e7a de Macap\u00e1.<\/p>\n","protected":false},"excerpt":{"rendered":"<p>\u00danica capital brasileira cortada pela Linha do Equador e banhada pelo Rio Amazonas, Macap\u00e1 \u00e9 uma cidade de identidade singular. Isolada por terra do restante do pa\u00eds (o acesso se d\u00e1 apenas por barco ou avi\u00e3o), a cidade oferece aos macapaenses e visitantes uma atmosfera aut\u00eantica, onde a heran\u00e7a portuguesa se funde com a for\u00e7a [&hellip;]<\/p>\n","protected":false},"author":8,"featured_media":159886,"comment_status":"open","ping_status":"open","sticky":false,"template":"","format":"standard","meta":{"_yoast_wpseo_focuskw":"linha do equador","_yoast_wpseo_title":"","_yoast_wpseo_metadesc":"Essa capital brasileira ganhou o t\u00edtulo de Capital do Meio do Mundo por estar na linha do Equador e \u00e0s margens do rio Amazonas.","jnews-multi-image_gallery":[],"jnews_single_post":{"format":"standard"},"jnews_primary_category":[],"jnews_social_meta":[],"jnews_override_counter":[],"footnotes":""},"categories":[108,111],"post_tag":[14312,13040],"class_list":["post-179303","post","type-post","status-publish","format-standard","has-post-thumbnail","hentry","category-cidades","category-turismo","tag-linha-do-equador","tag-macapa"],"yoast_head":"<!-- This site is optimized with the Yoast SEO plugin v24.6 - https:\/\/yoast.com\/wordpress\/plugins\/seo\/ -->\n<title>A &quot;Capital do Meio do Mundo&quot; no Brasil \u00e9 cortada pela linha do Equador e banhada pelo rio Amazonas com uma beleza inacredit\u00e1vel - Correio Braziliense - Radar<\/title>\n<meta name=\"description\" content=\"Essa capital brasileira ganhou o t\u00edtulo de Capital do Meio do Mundo por estar na linha do Equador e \u00e0s margens do rio Amazonas.\" \/>\n<meta name=\"robots\" content=\"index, follow, max-snippet:-1, max-image-preview:large, max-video-preview:-1\" \/>\n<link rel=\"canonical\" href=\"https:\/\/www.correiobraziliense.com.br\/cbradar\/a-capital-do-meio-do-mundo-no-brasil-e-cortada-pela-linha-do-equador-e-banhada-pelo-rio-amazonas-com-uma-beleza-inacreditavel\/\" \/>\n<meta property=\"og:locale\" content=\"pt_BR\" \/>\n<meta property=\"og:type\" content=\"article\" \/>\n<meta property=\"og:title\" content=\"A &quot;Capital do Meio do Mundo&quot; no Brasil \u00e9 cortada pela linha do Equador e banhada pelo rio Amazonas com uma beleza inacredit\u00e1vel - Correio Braziliense - Radar\" \/>\n<meta property=\"og:description\" content=\"Essa capital brasileira ganhou o t\u00edtulo de Capital do Meio do Mundo por estar na linha do Equador e \u00e0s margens do rio Amazonas.\" \/>\n<meta property=\"og:url\" content=\"https:\/\/www.correiobraziliense.com.br\/cbradar\/a-capital-do-meio-do-mundo-no-brasil-e-cortada-pela-linha-do-equador-e-banhada-pelo-rio-amazonas-com-uma-beleza-inacreditavel\/\" \/>\n<meta property=\"og:site_name\" content=\"Correio Braziliense - Radar\" \/>\n<meta property=\"article:published_time\" content=\"2026-01-22T17:05:00+00:00\" \/>\n<meta property=\"og:image\" content=\"https:\/\/www.correiobraziliense.com.br\/cbradar\/wp-content\/uploads\/2025\/12\/Uma-peninsula-de-areia-com-uma-vila-esquecida-com-dunas-de-salinas-que-parecem-neve-8.png\" \/>\n\t<meta property=\"og:image:width\" content=\"1280\" \/>\n\t<meta property=\"og:image:height\" content=\"720\" \/>\n\t<meta property=\"og:image:type\" content=\"image\/png\" \/>\n<meta name=\"author\" content=\"Maura Pereira\" \/>\n<meta name=\"twitter:card\" content=\"summary_large_image\" \/>\n<meta name=\"twitter:label1\" content=\"Escrito por\" \/>\n\t<meta name=\"twitter:data1\" content=\"Maura Pereira\" \/>\n\t<meta name=\"twitter:label2\" content=\"Est. tempo de leitura\" \/>\n\t<meta name=\"twitter:data2\" content=\"6 minutos\" \/>\n<!-- \/ Yoast SEO plugin. -->","yoast_head_json":{"title":"A \"Capital do Meio do Mundo\" no Brasil \u00e9 cortada pela linha do Equador e banhada pelo rio Amazonas com uma beleza inacredit\u00e1vel - Correio Braziliense - Radar","description":"Essa capital brasileira ganhou o t\u00edtulo de Capital do Meio do Mundo por estar na linha do Equador e \u00e0s margens do rio Amazonas.","robots":{"index":"index","follow":"follow","max-snippet":"max-snippet:-1","max-image-preview":"max-image-preview:large","max-video-preview":"max-video-preview:-1"},"canonical":"https:\/\/www.correiobraziliense.com.br\/cbradar\/a-capital-do-meio-do-mundo-no-brasil-e-cortada-pela-linha-do-equador-e-banhada-pelo-rio-amazonas-com-uma-beleza-inacreditavel\/","og_locale":"pt_BR","og_type":"article","og_title":"A \"Capital do Meio do Mundo\" no Brasil \u00e9 cortada pela linha do Equador e banhada pelo rio Amazonas com uma beleza inacredit\u00e1vel - Correio Braziliense - Radar","og_description":"Essa capital brasileira ganhou o t\u00edtulo de Capital do Meio do Mundo por estar na linha do Equador e \u00e0s margens do rio Amazonas.","og_url":"https:\/\/www.correiobraziliense.com.br\/cbradar\/a-capital-do-meio-do-mundo-no-brasil-e-cortada-pela-linha-do-equador-e-banhada-pelo-rio-amazonas-com-uma-beleza-inacreditavel\/","og_site_name":"Correio Braziliense - Radar","article_published_time":"2026-01-22T17:05:00+00:00","og_image":[{"width":1280,"height":720,"url":"https:\/\/www.correiobraziliense.com.br\/cbradar\/wp-content\/uploads\/2025\/12\/Uma-peninsula-de-areia-com-uma-vila-esquecida-com-dunas-de-salinas-que-parecem-neve-8.png","type":"image\/png"}],"author":"Maura Pereira","twitter_card":"summary_large_image","twitter_misc":{"Escrito por":"Maura Pereira","Est. tempo de leitura":"6 minutos"},"schema":{"@context":"https:\/\/schema.org","@graph":[{"@type":"WebPage","@id":"https:\/\/www.correiobraziliense.com.br\/cbradar\/a-capital-do-meio-do-mundo-no-brasil-e-cortada-pela-linha-do-equador-e-banhada-pelo-rio-amazonas-com-uma-beleza-inacreditavel\/","url":"https:\/\/www.correiobraziliense.com.br\/cbradar\/a-capital-do-meio-do-mundo-no-brasil-e-cortada-pela-linha-do-equador-e-banhada-pelo-rio-amazonas-com-uma-beleza-inacreditavel\/","name":"A \"Capital do Meio do Mundo\" no Brasil \u00e9 cortada pela linha do Equador e banhada pelo rio Amazonas com uma beleza inacredit\u00e1vel - Correio Braziliense - Radar","isPartOf":{"@id":"https:\/\/www.correiobraziliense.com.br\/cbradar\/#website"},"primaryImageOfPage":{"@id":"https:\/\/www.correiobraziliense.com.br\/cbradar\/a-capital-do-meio-do-mundo-no-brasil-e-cortada-pela-linha-do-equador-e-banhada-pelo-rio-amazonas-com-uma-beleza-inacreditavel\/#primaryimage"},"image":{"@id":"https:\/\/www.correiobraziliense.com.br\/cbradar\/a-capital-do-meio-do-mundo-no-brasil-e-cortada-pela-linha-do-equador-e-banhada-pelo-rio-amazonas-com-uma-beleza-inacreditavel\/#primaryimage"},"thumbnailUrl":"https:\/\/www.correiobraziliense.com.br\/cbradar\/wp-content\/uploads\/2025\/12\/Uma-peninsula-de-areia-com-uma-vila-esquecida-com-dunas-de-salinas-que-parecem-neve-8.png","datePublished":"2026-01-22T17:05:00+00:00","author":{"@id":"https:\/\/www.correiobraziliense.com.br\/cbradar\/#\/schema\/person\/4053c651a9bfc785afc6f4cbc9032fd3"},"description":"Essa capital brasileira ganhou o t\u00edtulo de Capital do Meio do Mundo por estar na linha do Equador e \u00e0s margens do rio Amazonas.","breadcrumb":{"@id":"https:\/\/www.correiobraziliense.com.br\/cbradar\/a-capital-do-meio-do-mundo-no-brasil-e-cortada-pela-linha-do-equador-e-banhada-pelo-rio-amazonas-com-uma-beleza-inacreditavel\/#breadcrumb"},"inLanguage":"pt-BR","potentialAction":[{"@type":"ReadAction","target":["https:\/\/www.correiobraziliense.com.br\/cbradar\/a-capital-do-meio-do-mundo-no-brasil-e-cortada-pela-linha-do-equador-e-banhada-pelo-rio-amazonas-com-uma-beleza-inacreditavel\/"]}]},{"@type":"ImageObject","inLanguage":"pt-BR","@id":"https:\/\/www.correiobraziliense.com.br\/cbradar\/a-capital-do-meio-do-mundo-no-brasil-e-cortada-pela-linha-do-equador-e-banhada-pelo-rio-amazonas-com-uma-beleza-inacreditavel\/#primaryimage","url":"https:\/\/www.correiobraziliense.com.br\/cbradar\/wp-content\/uploads\/2025\/12\/Uma-peninsula-de-areia-com-uma-vila-esquecida-com-dunas-de-salinas-que-parecem-neve-8.png","contentUrl":"https:\/\/www.correiobraziliense.com.br\/cbradar\/wp-content\/uploads\/2025\/12\/Uma-peninsula-de-areia-com-uma-vila-esquecida-com-dunas-de-salinas-que-parecem-neve-8.png","width":1280,"height":720,"caption":"Marco Zero de Macap\u00e1, marca linha do Equador com obelisco de 30m, dividindo hemisf\u00e9rios Norte e Sul na \u00fanica capital equatorial preservada.\u200b \/ Imagem ilustrativa"},{"@type":"BreadcrumbList","@id":"https:\/\/www.correiobraziliense.com.br\/cbradar\/a-capital-do-meio-do-mundo-no-brasil-e-cortada-pela-linha-do-equador-e-banhada-pelo-rio-amazonas-com-uma-beleza-inacreditavel\/#breadcrumb","itemListElement":[{"@type":"ListItem","position":1,"name":"In\u00edcio","item":"https:\/\/www.correiobraziliense.com.br\/cbradar\/"},{"@type":"ListItem","position":2,"name":"A &#8220;Capital do Meio do Mundo&#8221; no Brasil \u00e9 cortada pela linha do Equador e banhada pelo rio Amazonas com uma beleza inacredit\u00e1vel"}]},{"@type":"WebSite","@id":"https:\/\/www.correiobraziliense.com.br\/cbradar\/#website","url":"https:\/\/www.correiobraziliense.com.br\/cbradar\/","name":"Correio Braziliense - Radar","description":"Acompanhe as \u00faltimas not\u00edcias e fique bem informado sobre tudo o que acontece no Brasil e no mundo.","potentialAction":[{"@type":"SearchAction","target":{"@type":"EntryPoint","urlTemplate":"https:\/\/www.correiobraziliense.com.br\/cbradar\/?s={search_term_string}"},"query-input":{"@type":"PropertyValueSpecification","valueRequired":true,"valueName":"search_term_string"}}],"inLanguage":"pt-BR"},{"@type":"Person","@id":"https:\/\/www.correiobraziliense.com.br\/cbradar\/#\/schema\/person\/4053c651a9bfc785afc6f4cbc9032fd3","name":"Maura Pereira","image":{"@type":"ImageObject","inLanguage":"pt-BR","@id":"https:\/\/www.correiobraziliense.com.br\/cbradar\/#\/schema\/person\/image\/","url":"https:\/\/secure.gravatar.com\/avatar\/3effd6bdadfa447f15089c7f7144eaa6?s=96&d=mm&r=g","contentUrl":"https:\/\/secure.gravatar.com\/avatar\/3effd6bdadfa447f15089c7f7144eaa6?s=96&d=mm&r=g","caption":"Maura Pereira"},"sameAs":["https:\/\/www.correiobraziliense.com.br\/"],"url":"https:\/\/www.correiobraziliense.com.br\/cbradar\/author\/mauramyth\/"}]}},"_links":{"self":[{"href":"https:\/\/www.correiobraziliense.com.br\/cbradar\/wp-json\/wp\/v2\/posts\/179303","targetHints":{"allow":["GET"]}}],"collection":[{"href":"https:\/\/www.correiobraziliense.com.br\/cbradar\/wp-json\/wp\/v2\/posts"}],"about":[{"href":"https:\/\/www.correiobraziliense.com.br\/cbradar\/wp-json\/wp\/v2\/types\/post"}],"author":[{"embeddable":true,"href":"https:\/\/www.correiobraziliense.com.br\/cbradar\/wp-json\/wp\/v2\/users\/8"}],"replies":[{"embeddable":true,"href":"https:\/\/www.correiobraziliense.com.br\/cbradar\/wp-json\/wp\/v2\/comments?post=179303"}],"version-history":[{"count":10,"href":"https:\/\/www.correiobraziliense.com.br\/cbradar\/wp-json\/wp\/v2\/posts\/179303\/revisions"}],"predecessor-version":[{"id":179445,"href":"https:\/\/www.correiobraziliense.com.br\/cbradar\/wp-json\/wp\/v2\/posts\/179303\/revisions\/179445"}],"wp:featuredmedia":[{"embeddable":true,"href":"https:\/\/www.correiobraziliense.com.br\/cbradar\/wp-json\/wp\/v2\/media\/159886"}],"wp:attachment":[{"href":"https:\/\/www.correiobraziliense.com.br\/cbradar\/wp-json\/wp\/v2\/media?parent=179303"}],"wp:term":[{"taxonomy":"category","embeddable":true,"href":"https:\/\/www.correiobraziliense.com.br\/cbradar\/wp-json\/wp\/v2\/categories?post=179303"},{"taxonomy":"post_tag","embeddable":true,"href":"https:\/\/www.correiobraziliense.com.br\/cbradar\/wp-json\/wp\/v2\/post_tag?post=179303"}],"curies":[{"name":"wp","href":"https:\/\/api.w.org\/{rel}","templated":true}]}}