{"id":179304,"date":"2026-01-22T15:25:00","date_gmt":"2026-01-22T18:25:00","guid":{"rendered":"https:\/\/www.correiobraziliense.com.br\/cbradar\/?p=179304"},"modified":"2026-01-21T22:47:41","modified_gmt":"2026-01-22T01:47:41","slug":"a-suica-cearense-ja-registrou-11-c-e-vem-atraindo-visitantes-com-um-clima-europeu-inesperado-no-nordeste","status":"publish","type":"post","link":"https:\/\/www.correiobraziliense.com.br\/cbradar\/a-suica-cearense-ja-registrou-11-c-e-vem-atraindo-visitantes-com-um-clima-europeu-inesperado-no-nordeste\/","title":{"rendered":"A Su\u00ed\u00e7a Cearense j\u00e1 registrou 11 \u00b0C e vem atraindo visitantes com um clima europeu inesperado no Nordeste"},"content":{"rendered":"\n<p>Esque\u00e7a por um momento as dunas e o calor do litoral. <strong>Guaramiranga<\/strong> \u00e9 a prova de que o Cear\u00e1 tamb\u00e9m tem frio, neblina e lareira. Localizada no <strong>Maci\u00e7o de Baturit\u00e9<\/strong>, a cerca de 110 km de <strong>Fortaleza<\/strong>, a cidade foi fundada em 1890 e oferece aos <strong>guaramiranguenses<\/strong> e visitantes um o\u00e1sis de Mata Atl\u00e2ntica encravado no semi\u00e1rido, sendo o destino de inverno mais charmoso do estado.<\/p>\n\n\n\n<h2 class=\"wp-block-heading\">Como existe frio t\u00e3o perto da Linha do Equador?<\/h2>\n\n\n\n<p><strong>O segredo \u00e9 a altitude.<\/strong> Situada a quase 900 metros acima do n\u00edvel do mar, a cidade possui um microclima \u00famido e ameno, com temperaturas que podem chegar a 12\u00b0C nas noites de julho. Para o cearense, Guaramiranga \u00e9 o &#8220;exterior&#8221; acess\u00edvel, o lugar para tirar o casaco do guarda-roupa, tomar vinho e comer fondue, fugindo da rotina tropical da capital.<\/p>\n\n\n\n<p><strong>Essa condi\u00e7\u00e3o clim\u00e1tica cria um cen\u00e1rio bot\u00e2nico \u00fanico: <\/strong>o munic\u00edpio \u00e9 conhecido como a &#8220;Cidade das Flores&#8221;. O clima favorece o cultivo de rosas e plantas ornamentais, que s\u00e3o exportadas e enfeitam as pra\u00e7as e jardins locais, criando uma est\u00e9tica europeia em pleno Nordeste.<\/p>\n\n\n<div class=\"wp-block-image\">\n<figure class=\"aligncenter size-large\"><img decoding=\"async\" width=\"1024\" height=\"576\" src=\"https:\/\/www.correiobraziliense.com.br\/cbradar\/wp-content\/uploads\/2025\/12\/Uma-peninsula-de-areia-com-uma-vila-esquecida-com-dunas-de-salinas-que-parecem-neve-12-1-1024x576.png\" alt=\"Fundada em 1890, a \u201cSu\u00ed\u00e7a Cearense\u201d atrai visitantes com clima europeu no Nordeste e temperaturas que j\u00e1 chegaram a 10 \u00b0C\" class=\"wp-image-159924\" srcset=\"https:\/\/www.correiobraziliense.com.br\/cbradar\/wp-content\/uploads\/2025\/12\/Uma-peninsula-de-areia-com-uma-vila-esquecida-com-dunas-de-salinas-que-parecem-neve-12-1-1024x576.png 1024w, https:\/\/www.correiobraziliense.com.br\/cbradar\/wp-content\/uploads\/2025\/12\/Uma-peninsula-de-areia-com-uma-vila-esquecida-com-dunas-de-salinas-que-parecem-neve-12-1-300x169.png 300w, https:\/\/www.correiobraziliense.com.br\/cbradar\/wp-content\/uploads\/2025\/12\/Uma-peninsula-de-areia-com-uma-vila-esquecida-com-dunas-de-salinas-que-parecem-neve-12-1-768x432.png 768w, https:\/\/www.correiobraziliense.com.br\/cbradar\/wp-content\/uploads\/2025\/12\/Uma-peninsula-de-areia-com-uma-vila-esquecida-com-dunas-de-salinas-que-parecem-neve-12-1-750x422.png 750w, https:\/\/www.correiobraziliense.com.br\/cbradar\/wp-content\/uploads\/2025\/12\/Uma-peninsula-de-areia-com-uma-vila-esquecida-com-dunas-de-salinas-que-parecem-neve-12-1-1140x641.png 1140w, https:\/\/www.correiobraziliense.com.br\/cbradar\/wp-content\/uploads\/2025\/12\/Uma-peninsula-de-areia-com-uma-vila-esquecida-com-dunas-de-salinas-que-parecem-neve-12-1.png 1280w\" sizes=\"(max-width: 1024px) 100vw, 1024px\" \/><figcaption class=\"wp-element-caption\">Guaramiranga-CE revela S\u00edtio Raniere, Cachoeira das Fadas e Parque das Trilhas na Su\u00ed\u00e7a Cearense com clima europeu preservado. \/\/ Cr\u00e9ditos: Wikip\u00e9dia<\/figcaption><\/figure><\/div>\n\n\n<h2 class=\"wp-block-heading\">O Jazz &amp; Blues \u00e9 o melhor &#8220;anti-carnaval&#8221; do Brasil?<\/h2>\n\n\n\n<p>Enquanto o resto do pa\u00eds se agita com o samba e o ax\u00e9, Guaramiranga vira a capital da m\u00fasica instrumental. O <strong>Festival Jazz &amp; Blues<\/strong>, realizado tradicionalmente durante o Carnaval, transformou a identidade da cidade. O evento atrai m\u00fasicos de renome internacional e um p\u00fablico sofisticado que busca tranquilidade e alta cultura.<\/p>\n\n\n\n<p><strong>Esse festival n\u00e3o \u00e9 apenas um evento; ele moldou a infraestrutura tur\u00edstica. <\/strong>A cidade desenvolveu pousadas de charme, restaurantes de gastronomia internacional e teatros intimistas que funcionam o ano todo, consolidando um turismo cultural que n\u00e3o depende de praia.<\/p>\n\n\n\n<p><strong>Descubra o lado surpreendente do Cear\u00e1, longe do litoral, onde o clima \u00e9 ameno e as paisagens s\u00e3o marcadas por neblina e casinhas charmosas.<\/strong> O v\u00eddeo \u00e9 do canal Rol\u00ea Fam\u00edlia, que apresenta roteiros detalhados e experi\u00eancias aut\u00eanticas, e explora Guaramiranga e o Maci\u00e7o de Baturit\u00e9, destacando o Mosteiro dos Jesu\u00edtas, a tradi\u00e7\u00e3o do caf\u00e9 de sombra e as imponentes cascatas da regi\u00e3o:<\/p>\n\n\n\n<figure class=\"wp-block-embed aligncenter is-type-video is-provider-youtube wp-block-embed-youtube wp-embed-aspect-16-9 wp-has-aspect-ratio\"><div class=\"wp-block-embed__wrapper\">\n<div class=\"jeg_video_container jeg_video_content\"><iframe loading=\"lazy\" title=\"MUITA GENTE N\u00c3O CONHECE ESSE LADO DO NORDESTE | Conhe\u00e7a Guaramiranga e o Maci\u00e7o de Baturit\u00e9, CE\" width=\"500\" height=\"281\" src=\"https:\/\/www.youtube.com\/embed\/qZL5hQXWGKY?start=19&#038;feature=oembed\" frameborder=\"0\" allow=\"accelerometer; autoplay; clipboard-write; encrypted-media; gyroscope; picture-in-picture; web-share\" referrerpolicy=\"strict-origin-when-cross-origin\" allowfullscreen><\/iframe><\/div>\n<\/div><\/figure>\n\n\n\n<h2 class=\"wp-block-heading\">Pico Alto: Onde o sert\u00e3o encontra a serra?<\/h2>\n\n\n\n<p>O ponto culminante do Maci\u00e7o de Baturit\u00e9 fica aqui. O <strong>Pico Alto<\/strong>, com 1.115 metros, oferece uma das vistas mais impressionantes do Cear\u00e1. De l\u00e1, em dias claros, \u00e9 poss\u00edvel ver o contraste absurdo entre a vegeta\u00e7\u00e3o verdejante da serra e a caatinga cinzenta l\u00e1 embaixo, e at\u00e9 mesmo as dunas do litoral ao longe.<\/p>\n\n\n\n<p>A regi\u00e3o \u00e9 um enclave de Mata Atl\u00e2ntica (brejo de altitude), repleto de trilhas ecol\u00f3gicas como a do <strong>Parque das Trilhas<\/strong>, onde se pode banhar em cachoeiras geladas e observar p\u00e1ssaros raros que s\u00f3 existem nessas ilhas de floresta \u00famida.<\/p>\n\n\n\n<p><strong>Leia tamb\u00e9m: <a href=\"https:\/\/www.correiobraziliense.com.br\/cbradar\/o-que-significa-gostar-de-cheirinho-de-casa-limpa-segundo-a-psicologia\/\" target=\"_blank\" rel=\"noreferrer noopener\">O que significa gostar de cheirinho de casa limpa, segundo a psicologia.<\/a><\/strong><\/p>\n\n\n<div class=\"wp-block-image\">\n<figure class=\"aligncenter size-large\"><img decoding=\"async\" width=\"1024\" height=\"576\" src=\"https:\/\/www.correiobraziliense.com.br\/cbradar\/wp-content\/uploads\/2025\/12\/Uma-peninsula-de-areia-com-uma-vila-esquecida-com-dunas-de-salinas-que-parecem-neve-13-1024x576.png\" alt=\"Fundada em 1890, a \u201cSu\u00ed\u00e7a Cearense\u201d atrai visitantes com clima europeu no Nordeste e temperaturas que j\u00e1 chegaram a 10 \u00b0C\" class=\"wp-image-159925\" srcset=\"https:\/\/www.correiobraziliense.com.br\/cbradar\/wp-content\/uploads\/2025\/12\/Uma-peninsula-de-areia-com-uma-vila-esquecida-com-dunas-de-salinas-que-parecem-neve-13-1024x576.png 1024w, https:\/\/www.correiobraziliense.com.br\/cbradar\/wp-content\/uploads\/2025\/12\/Uma-peninsula-de-areia-com-uma-vila-esquecida-com-dunas-de-salinas-que-parecem-neve-13-300x169.png 300w, https:\/\/www.correiobraziliense.com.br\/cbradar\/wp-content\/uploads\/2025\/12\/Uma-peninsula-de-areia-com-uma-vila-esquecida-com-dunas-de-salinas-que-parecem-neve-13-768x432.png 768w, https:\/\/www.correiobraziliense.com.br\/cbradar\/wp-content\/uploads\/2025\/12\/Uma-peninsula-de-areia-com-uma-vila-esquecida-com-dunas-de-salinas-que-parecem-neve-13-750x422.png 750w, https:\/\/www.correiobraziliense.com.br\/cbradar\/wp-content\/uploads\/2025\/12\/Uma-peninsula-de-areia-com-uma-vila-esquecida-com-dunas-de-salinas-que-parecem-neve-13-1140x641.png 1140w, https:\/\/www.correiobraziliense.com.br\/cbradar\/wp-content\/uploads\/2025\/12\/Uma-peninsula-de-areia-com-uma-vila-esquecida-com-dunas-de-salinas-que-parecem-neve-13.png 1280w\" sizes=\"(max-width: 1024px) 100vw, 1024px\" \/><figcaption class=\"wp-element-caption\">Guaramiranga-CE consolida-se como melhor destino de inverno 2025 com festival cultural e crescimento tur\u00edstico recorde atual. \/\/ Cr\u00e9ditos: Wikip\u00e9dia<\/figcaption><\/figure><\/div>\n\n\n<h2 class=\"wp-block-heading\">O Caf\u00e9 de Sombra \u00e9 o novo ouro da serra?<\/h2>\n\n\n\n<p>A regi\u00e3o tem uma tradi\u00e7\u00e3o cafeeira secular que foi resgatada com foco na qualidade. O <strong>Caf\u00e9 de Sombra<\/strong> (cultivado sob as \u00e1rvores da floresta, sem desmatamento) produz gr\u00e3os especiais, de sabor adocicado e notas frutadas. As antigas fazendas dos &#8220;Bar\u00f5es do Caf\u00e9&#8221; abriram suas portas para o turismo, oferecendo a <strong>Rota Verde do Caf\u00e9<\/strong>, onde o visitante conhece o processo do plantio \u00e0 x\u00edcara, em casar\u00f5es coloniais preservados.<\/p>\n\n\n\n<h2 class=\"wp-block-heading\">Como aproveitar o clima serrano no Nordeste?<\/h2>\n\n\n\n<p>O clima \u00e9 sempre mais ameno que no litoral, mas a sensa\u00e7\u00e3o de &#8220;frio&#8221; real acontece no meio do ano.<\/p>\n\n\n\n<p>Segundo dados locais, a neblina \u00e9 um charme constante \u00e0 noite. Confira o planejamento:<\/p>\n\n\n\n<figure class=\"wp-block-table\"><table class=\"has-fixed-layout\"><thead><tr><th>Esta\u00e7\u00e3o\/Per\u00edodo<\/th><th>M\u00e9dia T\u00e9rmica<\/th><th>O que esperar<\/th><\/tr><\/thead><tbody><tr><td>Inverno (Jun-Ago)<\/td><td>14\u00b0C a 22\u00b0C<\/td><td>A \u00e9poca mais concorrida. Frio serrano, festivais de gastronomia e hot\u00e9is lotados.<\/td><\/tr><tr><td>Carnaval (Fev\/Mar)<\/td><td>18\u00b0C a 26\u00b0C<\/td><td>\u00c9poca do Festival de Jazz &amp; Blues. Clima agrad\u00e1vel, com chuvas ocasionais que deixam a mata vibrante.<\/td><\/tr><tr><td>Semestre Seco (Set-Dez)<\/td><td>20\u00b0C a 28\u00b0C<\/td><td>Dias ensolarados e c\u00e9u limpo; ideal para ver o p\u00f4r do sol no Pico Alto sem nuvens.<\/td><\/tr><\/tbody><\/table><\/figure>\n\n\n<div class=\"wp-block-image\">\n<figure class=\"aligncenter size-large\"><img decoding=\"async\" width=\"1024\" height=\"576\" src=\"https:\/\/www.correiobraziliense.com.br\/cbradar\/wp-content\/uploads\/2025\/12\/Uma-peninsula-de-areia-com-uma-vila-esquecida-com-dunas-de-salinas-que-parecem-neve-15-1024x576.png\" alt=\"Fundada em 1890, a \u201cSu\u00ed\u00e7a Cearense\u201d atrai visitantes com clima europeu no Nordeste e temperaturas que j\u00e1 chegaram a 10 \u00b0C\" class=\"wp-image-159927\" srcset=\"https:\/\/www.correiobraziliense.com.br\/cbradar\/wp-content\/uploads\/2025\/12\/Uma-peninsula-de-areia-com-uma-vila-esquecida-com-dunas-de-salinas-que-parecem-neve-15-1024x576.png 1024w, https:\/\/www.correiobraziliense.com.br\/cbradar\/wp-content\/uploads\/2025\/12\/Uma-peninsula-de-areia-com-uma-vila-esquecida-com-dunas-de-salinas-que-parecem-neve-15-300x169.png 300w, https:\/\/www.correiobraziliense.com.br\/cbradar\/wp-content\/uploads\/2025\/12\/Uma-peninsula-de-areia-com-uma-vila-esquecida-com-dunas-de-salinas-que-parecem-neve-15-768x432.png 768w, https:\/\/www.correiobraziliense.com.br\/cbradar\/wp-content\/uploads\/2025\/12\/Uma-peninsula-de-areia-com-uma-vila-esquecida-com-dunas-de-salinas-que-parecem-neve-15-750x422.png 750w, https:\/\/www.correiobraziliense.com.br\/cbradar\/wp-content\/uploads\/2025\/12\/Uma-peninsula-de-areia-com-uma-vila-esquecida-com-dunas-de-salinas-que-parecem-neve-15-1140x641.png 1140w, https:\/\/www.correiobraziliense.com.br\/cbradar\/wp-content\/uploads\/2025\/12\/Uma-peninsula-de-areia-com-uma-vila-esquecida-com-dunas-de-salinas-que-parecem-neve-15.png 1280w\" sizes=\"(max-width: 1024px) 100vw, 1024px\" \/><figcaption class=\"wp-element-caption\">Guaramiranga-CE oferece roteiros familiares com Warren Park e Centro de Interpreta\u00e7\u00e3o acess\u00edveis para trilhas leves e lazer seguro.\u200b\/\/ Cr\u00e9ditos: Wikip\u00e9dia<\/figcaption><\/figure><\/div>\n\n\n<h2 class=\"wp-block-heading\">Motivos estrat\u00e9gicos para subir a serra<\/h2>\n\n\n\n<p>Guaramiranga oferece o contraponto perfeito ao turismo de sol e mar, com sofistica\u00e7\u00e3o e natureza preservada.<\/p>\n\n\n\n<ul class=\"wp-block-list\">\n<li>Ref\u00fagio clim\u00e1tico \u00fanico no Cear\u00e1, oferecendo uma experi\u00eancia de &#8220;inverno&#8221; a menos de 2h de Fortaleza.<\/li>\n\n\n\n<li>Capital cultural do Jazz e Blues, com agenda art\u00edstica de n\u00edvel internacional.<\/li>\n\n\n\n<li>Polo gastron\u00f4mico e cafeeiro, ideal para quem valoriza a origem dos alimentos e o turismo rural hist\u00f3rico.<\/li>\n<\/ul>\n\n\n\n<p>Voc\u00ea precisa visitar o Mosteiro dos Jesu\u00edtas, uma constru\u00e7\u00e3o imponente em pedra, para sentir a paz e o sil\u00eancio que s\u00f3 as montanhas de Guaramiranga proporcionam.<\/p>\n","protected":false},"excerpt":{"rendered":"<p>Esque\u00e7a por um momento as dunas e o calor do litoral. Guaramiranga \u00e9 a prova de que o Cear\u00e1 tamb\u00e9m tem frio, neblina e lareira. Localizada no Maci\u00e7o de Baturit\u00e9, a cerca de 110 km de Fortaleza, a cidade foi fundada em 1890 e oferece aos guaramiranguenses e visitantes um o\u00e1sis de Mata Atl\u00e2ntica encravado [&hellip;]<\/p>\n","protected":false},"author":8,"featured_media":159973,"comment_status":"open","ping_status":"open","sticky":false,"template":"","format":"standard","meta":{"_yoast_wpseo_focuskw":"su\u00ed\u00e7a cearense","_yoast_wpseo_title":"","_yoast_wpseo_metadesc":"Essa cidade conhecida como Su\u00ed\u00e7a Cearense j\u00e1 registrou 11 \u00b0C e chama aten\u00e7\u00e3o pelo clima europeu incomum no Nordeste.","jnews-multi-image_gallery":[],"jnews_single_post":{"format":"standard"},"jnews_primary_category":[],"jnews_social_meta":[],"jnews_override_counter":[],"footnotes":""},"categories":[108,111],"post_tag":[13044,13043],"class_list":["post-179304","post","type-post","status-publish","format-standard","has-post-thumbnail","hentry","category-cidades","category-turismo","tag-guaramiranga","tag-suica-cearense"],"yoast_head":"<!-- This site is optimized with the Yoast SEO plugin v24.6 - https:\/\/yoast.com\/wordpress\/plugins\/seo\/ -->\n<title>A Su\u00ed\u00e7a Cearense j\u00e1 registrou 11 \u00b0C e vem atraindo visitantes com um clima europeu inesperado no Nordeste - Correio Braziliense - Radar<\/title>\n<meta name=\"description\" content=\"Essa cidade conhecida como Su\u00ed\u00e7a Cearense j\u00e1 registrou 11 \u00b0C e chama aten\u00e7\u00e3o pelo clima europeu incomum no Nordeste.\" \/>\n<meta name=\"robots\" content=\"index, follow, max-snippet:-1, max-image-preview:large, max-video-preview:-1\" \/>\n<link rel=\"canonical\" href=\"https:\/\/www.correiobraziliense.com.br\/cbradar\/a-suica-cearense-ja-registrou-11-c-e-vem-atraindo-visitantes-com-um-clima-europeu-inesperado-no-nordeste\/\" \/>\n<meta property=\"og:locale\" content=\"pt_BR\" \/>\n<meta property=\"og:type\" content=\"article\" \/>\n<meta property=\"og:title\" content=\"A Su\u00ed\u00e7a Cearense j\u00e1 registrou 11 \u00b0C e vem atraindo visitantes com um clima europeu inesperado no Nordeste - Correio Braziliense - Radar\" \/>\n<meta property=\"og:description\" content=\"Essa cidade conhecida como Su\u00ed\u00e7a Cearense j\u00e1 registrou 11 \u00b0C e chama aten\u00e7\u00e3o pelo clima europeu incomum no Nordeste.\" \/>\n<meta property=\"og:url\" content=\"https:\/\/www.correiobraziliense.com.br\/cbradar\/a-suica-cearense-ja-registrou-11-c-e-vem-atraindo-visitantes-com-um-clima-europeu-inesperado-no-nordeste\/\" \/>\n<meta property=\"og:site_name\" content=\"Correio Braziliense - Radar\" \/>\n<meta property=\"article:published_time\" content=\"2026-01-22T18:25:00+00:00\" \/>\n<meta property=\"og:image\" content=\"https:\/\/www.correiobraziliense.com.br\/cbradar\/wp-content\/uploads\/2025\/12\/Uma-peninsula-de-areia-com-uma-vila-esquecida-com-dunas-de-salinas-que-parecem-neve-12-2.png\" \/>\n\t<meta property=\"og:image:width\" content=\"1280\" \/>\n\t<meta property=\"og:image:height\" content=\"720\" \/>\n\t<meta property=\"og:image:type\" content=\"image\/png\" \/>\n<meta name=\"author\" content=\"Maura Pereira\" \/>\n<meta name=\"twitter:card\" content=\"summary_large_image\" \/>\n<meta name=\"twitter:label1\" content=\"Escrito por\" \/>\n\t<meta name=\"twitter:data1\" content=\"Maura Pereira\" \/>\n\t<meta name=\"twitter:label2\" content=\"Est. tempo de leitura\" \/>\n\t<meta name=\"twitter:data2\" content=\"6 minutos\" \/>\n<!-- \/ Yoast SEO plugin. -->","yoast_head_json":{"title":"A Su\u00ed\u00e7a Cearense j\u00e1 registrou 11 \u00b0C e vem atraindo visitantes com um clima europeu inesperado no Nordeste - Correio Braziliense - Radar","description":"Essa cidade conhecida como Su\u00ed\u00e7a Cearense j\u00e1 registrou 11 \u00b0C e chama aten\u00e7\u00e3o pelo clima europeu incomum no Nordeste.","robots":{"index":"index","follow":"follow","max-snippet":"max-snippet:-1","max-image-preview":"max-image-preview:large","max-video-preview":"max-video-preview:-1"},"canonical":"https:\/\/www.correiobraziliense.com.br\/cbradar\/a-suica-cearense-ja-registrou-11-c-e-vem-atraindo-visitantes-com-um-clima-europeu-inesperado-no-nordeste\/","og_locale":"pt_BR","og_type":"article","og_title":"A Su\u00ed\u00e7a Cearense j\u00e1 registrou 11 \u00b0C e vem atraindo visitantes com um clima europeu inesperado no Nordeste - Correio Braziliense - Radar","og_description":"Essa cidade conhecida como Su\u00ed\u00e7a Cearense j\u00e1 registrou 11 \u00b0C e chama aten\u00e7\u00e3o pelo clima europeu incomum no Nordeste.","og_url":"https:\/\/www.correiobraziliense.com.br\/cbradar\/a-suica-cearense-ja-registrou-11-c-e-vem-atraindo-visitantes-com-um-clima-europeu-inesperado-no-nordeste\/","og_site_name":"Correio Braziliense - Radar","article_published_time":"2026-01-22T18:25:00+00:00","og_image":[{"width":1280,"height":720,"url":"https:\/\/www.correiobraziliense.com.br\/cbradar\/wp-content\/uploads\/2025\/12\/Uma-peninsula-de-areia-com-uma-vila-esquecida-com-dunas-de-salinas-que-parecem-neve-12-2.png","type":"image\/png"}],"author":"Maura Pereira","twitter_card":"summary_large_image","twitter_misc":{"Escrito por":"Maura Pereira","Est. tempo de leitura":"6 minutos"},"schema":{"@context":"https:\/\/schema.org","@graph":[{"@type":"WebPage","@id":"https:\/\/www.correiobraziliense.com.br\/cbradar\/a-suica-cearense-ja-registrou-11-c-e-vem-atraindo-visitantes-com-um-clima-europeu-inesperado-no-nordeste\/","url":"https:\/\/www.correiobraziliense.com.br\/cbradar\/a-suica-cearense-ja-registrou-11-c-e-vem-atraindo-visitantes-com-um-clima-europeu-inesperado-no-nordeste\/","name":"A Su\u00ed\u00e7a Cearense j\u00e1 registrou 11 \u00b0C e vem atraindo visitantes com um clima europeu inesperado no Nordeste - Correio Braziliense - Radar","isPartOf":{"@id":"https:\/\/www.correiobraziliense.com.br\/cbradar\/#website"},"primaryImageOfPage":{"@id":"https:\/\/www.correiobraziliense.com.br\/cbradar\/a-suica-cearense-ja-registrou-11-c-e-vem-atraindo-visitantes-com-um-clima-europeu-inesperado-no-nordeste\/#primaryimage"},"image":{"@id":"https:\/\/www.correiobraziliense.com.br\/cbradar\/a-suica-cearense-ja-registrou-11-c-e-vem-atraindo-visitantes-com-um-clima-europeu-inesperado-no-nordeste\/#primaryimage"},"thumbnailUrl":"https:\/\/www.correiobraziliense.com.br\/cbradar\/wp-content\/uploads\/2025\/12\/Uma-peninsula-de-areia-com-uma-vila-esquecida-com-dunas-de-salinas-que-parecem-neve-12-2.png","datePublished":"2026-01-22T18:25:00+00:00","author":{"@id":"https:\/\/www.correiobraziliense.com.br\/cbradar\/#\/schema\/person\/4053c651a9bfc785afc6f4cbc9032fd3"},"description":"Essa cidade conhecida como Su\u00ed\u00e7a Cearense j\u00e1 registrou 11 \u00b0C e chama aten\u00e7\u00e3o pelo clima europeu incomum no Nordeste.","breadcrumb":{"@id":"https:\/\/www.correiobraziliense.com.br\/cbradar\/a-suica-cearense-ja-registrou-11-c-e-vem-atraindo-visitantes-com-um-clima-europeu-inesperado-no-nordeste\/#breadcrumb"},"inLanguage":"pt-BR","potentialAction":[{"@type":"ReadAction","target":["https:\/\/www.correiobraziliense.com.br\/cbradar\/a-suica-cearense-ja-registrou-11-c-e-vem-atraindo-visitantes-com-um-clima-europeu-inesperado-no-nordeste\/"]}]},{"@type":"ImageObject","inLanguage":"pt-BR","@id":"https:\/\/www.correiobraziliense.com.br\/cbradar\/a-suica-cearense-ja-registrou-11-c-e-vem-atraindo-visitantes-com-um-clima-europeu-inesperado-no-nordeste\/#primaryimage","url":"https:\/\/www.correiobraziliense.com.br\/cbradar\/wp-content\/uploads\/2025\/12\/Uma-peninsula-de-areia-com-uma-vila-esquecida-com-dunas-de-salinas-que-parecem-neve-12-2.png","contentUrl":"https:\/\/www.correiobraziliense.com.br\/cbradar\/wp-content\/uploads\/2025\/12\/Uma-peninsula-de-areia-com-uma-vila-esquecida-com-dunas-de-salinas-que-parecem-neve-12-2.png","width":1280,"height":720,"caption":"Guaramiranga-CE inspira com neblina serrana e mirantes infinitos, convidando paz alpina e conex\u00e3o m\u00e1gica com a serra tropical."},{"@type":"BreadcrumbList","@id":"https:\/\/www.correiobraziliense.com.br\/cbradar\/a-suica-cearense-ja-registrou-11-c-e-vem-atraindo-visitantes-com-um-clima-europeu-inesperado-no-nordeste\/#breadcrumb","itemListElement":[{"@type":"ListItem","position":1,"name":"In\u00edcio","item":"https:\/\/www.correiobraziliense.com.br\/cbradar\/"},{"@type":"ListItem","position":2,"name":"A Su\u00ed\u00e7a Cearense j\u00e1 registrou 11 \u00b0C e vem atraindo visitantes com um clima europeu inesperado no Nordeste"}]},{"@type":"WebSite","@id":"https:\/\/www.correiobraziliense.com.br\/cbradar\/#website","url":"https:\/\/www.correiobraziliense.com.br\/cbradar\/","name":"Correio Braziliense - Radar","description":"Acompanhe as \u00faltimas not\u00edcias e fique bem informado sobre tudo o que acontece no Brasil e no mundo.","potentialAction":[{"@type":"SearchAction","target":{"@type":"EntryPoint","urlTemplate":"https:\/\/www.correiobraziliense.com.br\/cbradar\/?s={search_term_string}"},"query-input":{"@type":"PropertyValueSpecification","valueRequired":true,"valueName":"search_term_string"}}],"inLanguage":"pt-BR"},{"@type":"Person","@id":"https:\/\/www.correiobraziliense.com.br\/cbradar\/#\/schema\/person\/4053c651a9bfc785afc6f4cbc9032fd3","name":"Maura Pereira","image":{"@type":"ImageObject","inLanguage":"pt-BR","@id":"https:\/\/www.correiobraziliense.com.br\/cbradar\/#\/schema\/person\/image\/","url":"https:\/\/secure.gravatar.com\/avatar\/3effd6bdadfa447f15089c7f7144eaa6?s=96&d=mm&r=g","contentUrl":"https:\/\/secure.gravatar.com\/avatar\/3effd6bdadfa447f15089c7f7144eaa6?s=96&d=mm&r=g","caption":"Maura Pereira"},"sameAs":["https:\/\/www.correiobraziliense.com.br\/"],"url":"https:\/\/www.correiobraziliense.com.br\/cbradar\/author\/mauramyth\/"}]}},"_links":{"self":[{"href":"https:\/\/www.correiobraziliense.com.br\/cbradar\/wp-json\/wp\/v2\/posts\/179304","targetHints":{"allow":["GET"]}}],"collection":[{"href":"https:\/\/www.correiobraziliense.com.br\/cbradar\/wp-json\/wp\/v2\/posts"}],"about":[{"href":"https:\/\/www.correiobraziliense.com.br\/cbradar\/wp-json\/wp\/v2\/types\/post"}],"author":[{"embeddable":true,"href":"https:\/\/www.correiobraziliense.com.br\/cbradar\/wp-json\/wp\/v2\/users\/8"}],"replies":[{"embeddable":true,"href":"https:\/\/www.correiobraziliense.com.br\/cbradar\/wp-json\/wp\/v2\/comments?post=179304"}],"version-history":[{"count":7,"href":"https:\/\/www.correiobraziliense.com.br\/cbradar\/wp-json\/wp\/v2\/posts\/179304\/revisions"}],"predecessor-version":[{"id":179452,"href":"https:\/\/www.correiobraziliense.com.br\/cbradar\/wp-json\/wp\/v2\/posts\/179304\/revisions\/179452"}],"wp:featuredmedia":[{"embeddable":true,"href":"https:\/\/www.correiobraziliense.com.br\/cbradar\/wp-json\/wp\/v2\/media\/159973"}],"wp:attachment":[{"href":"https:\/\/www.correiobraziliense.com.br\/cbradar\/wp-json\/wp\/v2\/media?parent=179304"}],"wp:term":[{"taxonomy":"category","embeddable":true,"href":"https:\/\/www.correiobraziliense.com.br\/cbradar\/wp-json\/wp\/v2\/categories?post=179304"},{"taxonomy":"post_tag","embeddable":true,"href":"https:\/\/www.correiobraziliense.com.br\/cbradar\/wp-json\/wp\/v2\/post_tag?post=179304"}],"curies":[{"name":"wp","href":"https:\/\/api.w.org\/{rel}","templated":true}]}}