{"id":17942,"date":"2025-04-01T15:59:50","date_gmt":"2025-04-01T18:59:50","guid":{"rendered":"https:\/\/www.correiobraziliense.com.br\/cbradar\/?p=17942"},"modified":"2025-04-01T15:59:50","modified_gmt":"2025-04-01T18:59:50","slug":"veja-quais-sao-os-feriados-e-datas-comemorativas-do-mes-de-abril","status":"publish","type":"post","link":"https:\/\/www.correiobraziliense.com.br\/cbradar\/veja-quais-sao-os-feriados-e-datas-comemorativas-do-mes-de-abril\/","title":{"rendered":"Veja quais s\u00e3o os feriados e datas comemorativas do m\u00eas de abril"},"content":{"rendered":"\n<p>O m\u00eas de abril de 2025 promete ser especial para os brasileiros, com uma s\u00e9rie de feriados e datas comemorativas que marcam o calend\u00e1rio. Entre os destaques est\u00e3o a <strong>Sexta-feira Santa<\/strong>, celebrada em 18 de abril, e o feriado de <strong>Tiradentes<\/strong>, em 21 de abril, que proporcionam um feriado prolongado para muitos. Al\u00e9m disso, o Rio de Janeiro comemora o <strong>Dia de S\u00e3o Jorge<\/strong> em 23 de abril, uma data de grande import\u00e2ncia local.<\/p>\n\n\n\n<p>Al\u00e9m dos feriados, abril \u00e9 um m\u00eas repleto de datas comemorativas que celebram diversos temas e causas. Entre elas, o <strong>Dia Mundial do Caf\u00e9<\/strong> e o <strong>Anivers\u00e1rio de Bras\u00edlia <\/strong>s\u00e3o algumas das datas que chamam a aten\u00e7\u00e3o. Este m\u00eas oferece uma oportunidade para refletir sobre temas variados e celebrar a diversidade cultural e hist\u00f3rica do pa\u00eds.<\/p>\n\n\n\n<h2 class=\"wp-block-heading\"><strong>Quais s\u00e3o os feriados de abril em 2025?<\/strong><\/h2>\n\n\n\n<p>Em abril de 2025, os brasileiros poder\u00e3o desfrutar de dois feriados nacionais significativos. A Sexta-feira Santa, que cai em 18 de abril, \u00e9 um dia de reflex\u00e3o e celebra\u00e7\u00e3o religiosa para muitos. J\u00e1 o Dia de Tiradentes, em 21 de abril, homenageia um dos her\u00f3is da Inconfid\u00eancia Mineira, sendo uma data de grande relev\u00e2ncia hist\u00f3rica.<\/p>\n\n\n\n<p>No Rio de Janeiro, o Dia de S\u00e3o Jorge, celebrado em 23 de abril, \u00e9 um feriado estadual que homenageia o santo padroeiro, conhecido por sua bravura e devo\u00e7\u00e3o. Esta data \u00e9 especialmente significativa para os cariocas, que realizam diversas celebra\u00e7\u00f5es em sua honra.<\/p>\n\n\n\n<figure class=\"wp-block-image size-large\"><img decoding=\"async\" width=\"1024\" height=\"576\" src=\"https:\/\/www.correiobraziliense.com.br\/cbradar\/wp-content\/uploads\/2025\/04\/feriado_1743533014886-1024x576.jpg\" alt=\"Veja quais s\u00e3o os feriados e datas comemorativas do m\u00eas de abril\" class=\"wp-image-17944\" srcset=\"https:\/\/www.correiobraziliense.com.br\/cbradar\/wp-content\/uploads\/2025\/04\/feriado_1743533014886-1024x576.jpg 1024w, https:\/\/www.correiobraziliense.com.br\/cbradar\/wp-content\/uploads\/2025\/04\/feriado_1743533014886-300x169.jpg 300w, https:\/\/www.correiobraziliense.com.br\/cbradar\/wp-content\/uploads\/2025\/04\/feriado_1743533014886-768x432.jpg 768w, https:\/\/www.correiobraziliense.com.br\/cbradar\/wp-content\/uploads\/2025\/04\/feriado_1743533014886-750x422.jpg 750w, https:\/\/www.correiobraziliense.com.br\/cbradar\/wp-content\/uploads\/2025\/04\/feriado_1743533014886-1140x641.jpg 1140w, https:\/\/www.correiobraziliense.com.br\/cbradar\/wp-content\/uploads\/2025\/04\/feriado_1743533014886.jpg 1280w\" sizes=\"(max-width: 1024px) 100vw, 1024px\" \/><figcaption class=\"wp-element-caption\">feriado. Cr\u00e9ditos: depositphotos.com \/ ArturVerkhovetskiy<\/figcaption><\/figure>\n\n\n\n<h2 class=\"wp-block-heading\"><strong>Datas comemorativas de abril de 2025<\/strong><\/h2>\n\n\n\n<p>Abril tamb\u00e9m \u00e9 marcado por uma variedade de datas comemorativas que abrangem temas diversos. A seguir, algumas das principais datas celebradas neste m\u00eas:<\/p>\n\n\n\n<ul class=\"wp-block-list\">\n<li>1\/4 &#8211; Dia da Mentira<\/li>\n\n\n\n<li>2\/4 &#8211; Dia Internacional do Livro Infantil e Juvenil<\/li>\n\n\n\n<li>2\/4 &#8211; Dia Mundial da Conscientiza\u00e7\u00e3o do Autismo<\/li>\n\n\n\n<li>7\/4 &#8211; Dia Mundial da Sa\u00fade<\/li>\n\n\n\n<li>14\/4 &#8211; Dia Mundial do Caf\u00e9<\/li>\n\n\n\n<li>22\/4 &#8211; Descobrimento do Brasil<\/li>\n\n\n\n<li>23\/4 &#8211; Dia Mundial do Livro<\/li>\n\n\n\n<li>28\/4 &#8211; Dia Mundial da Educa\u00e7\u00e3o<\/li>\n<\/ul>\n\n\n\n<p>Essas datas oferecem uma oportunidade para conscientiza\u00e7\u00e3o e celebra\u00e7\u00e3o de temas importantes, desde a sa\u00fade global at\u00e9 a educa\u00e7\u00e3o e a literatura.<\/p>\n\n\n\n<h2 class=\"wp-block-heading\"><strong>Como os feriados impactam a rotina dos brasileiros?<\/strong><\/h2>\n\n\n\n<p>Os feriados de abril t\u00eam um impacto significativo na rotina dos brasileiros, oferecendo momentos de descanso e celebra\u00e7\u00e3o. A Sexta-feira Santa e o feriado de Tiradentes, por exemplo, proporcionam um feriado prolongado que muitos aproveitam para viajar ou passar tempo com a fam\u00edlia. Al\u00e9m disso, as datas comemorativas incentivam a reflex\u00e3o sobre temas importantes e promovem a cultura e a hist\u00f3ria do pa\u00eds.<\/p>\n\n\n\n<p>Em cidades como o Rio de Janeiro, o Dia de S\u00e3o Jorge \u00e9 celebrado com eventos religiosos e culturais, refor\u00e7ando a import\u00e2ncia das tradi\u00e7\u00f5es locais. Essas celebra\u00e7\u00f5es n\u00e3o apenas fortalecem os la\u00e7os comunit\u00e1rios, mas tamb\u00e9m promovem o turismo e a economia local.<\/p>\n\n\n\n<h2 class=\"wp-block-heading\"><strong>O que esperar dos pr\u00f3ximos feriados de 2025?<\/strong><\/h2>\n\n\n\n<p>Ap\u00f3s abril, o calend\u00e1rio de 2025 ainda reserva outros feriados importantes. Em maio, o Dia do Trabalhador \u00e9 celebrado em 1\u00ba de maio, enquanto junho traz o Corpus Christi, um ponto facultativo. No segundo semestre, destacam-se a Independ\u00eancia do Brasil em setembro e a Proclama\u00e7\u00e3o da Rep\u00fablica em novembro. Esses feriados continuam a oferecer oportunidades para descanso, reflex\u00e3o e celebra\u00e7\u00e3o ao longo do ano.<\/p>\n\n\n\n<p>Com um calend\u00e1rio repleto de datas significativas, 2025 promete ser um ano de celebra\u00e7\u00f5es e momentos importantes para os brasileiros, refor\u00e7ando a diversidade cultural e hist\u00f3rica do pa\u00eds.<\/p>\n","protected":false},"excerpt":{"rendered":"<p>Um guia completo sobre os feriados e datas comemorativas de abril de 2025 no Brasil, incluindo informa\u00e7\u00f5es sobre celebra\u00e7\u00f5es religiosas, hist\u00f3ricas e culturais.<\/p>\n","protected":false},"author":3,"featured_media":17943,"comment_status":"open","ping_status":"open","sticky":false,"template":"","format":"standard","meta":{"_yoast_wpseo_focuskw":"feriado abril","_yoast_wpseo_title":"%%title%%","_yoast_wpseo_metadesc":"Um guia completo sobre os feriados e datas comemorativas de abril de 2025 no Brasil, incluindo informa\u00e7\u00f5es sobre celebra\u00e7\u00f5es religiosas, hist\u00f3ricas e culturais.","jnews-multi-image_gallery":[],"jnews_single_post":{"format":"standard"},"jnews_primary_category":[],"jnews_social_meta":[],"jnews_override_counter":[],"footnotes":""},"categories":[112],"post_tag":[2099,2178],"class_list":["post-17942","post","type-post","status-publish","format-standard","has-post-thumbnail","hentry","category-curiosidades","tag-abril","tag-feriados"],"yoast_head":"<!-- This site is optimized with the Yoast SEO plugin v24.6 - https:\/\/yoast.com\/wordpress\/plugins\/seo\/ -->\n<title>Veja quais s\u00e3o os feriados e datas comemorativas do m\u00eas de abril<\/title>\n<meta name=\"description\" content=\"Um guia completo sobre os feriados e datas comemorativas de abril de 2025 no Brasil, incluindo informa\u00e7\u00f5es sobre celebra\u00e7\u00f5es religiosas, hist\u00f3ricas e culturais.\" \/>\n<meta name=\"robots\" content=\"index, follow, max-snippet:-1, max-image-preview:large, max-video-preview:-1\" \/>\n<link rel=\"canonical\" href=\"https:\/\/www.correiobraziliense.com.br\/cbradar\/veja-quais-sao-os-feriados-e-datas-comemorativas-do-mes-de-abril\/\" \/>\n<meta property=\"og:locale\" content=\"pt_BR\" \/>\n<meta property=\"og:type\" content=\"article\" \/>\n<meta property=\"og:title\" content=\"Veja quais s\u00e3o os feriados e datas comemorativas do m\u00eas de abril\" \/>\n<meta property=\"og:description\" content=\"Um guia completo sobre os feriados e datas comemorativas de abril de 2025 no Brasil, incluindo informa\u00e7\u00f5es sobre celebra\u00e7\u00f5es religiosas, hist\u00f3ricas e culturais.\" \/>\n<meta property=\"og:url\" content=\"https:\/\/www.correiobraziliense.com.br\/cbradar\/veja-quais-sao-os-feriados-e-datas-comemorativas-do-mes-de-abril\/\" \/>\n<meta property=\"og:site_name\" content=\"Correio Braziliense - Radar\" \/>\n<meta property=\"article:published_time\" content=\"2025-04-01T18:59:50+00:00\" \/>\n<meta property=\"og:image\" content=\"https:\/\/www.correiobraziliense.com.br\/cbradar\/wp-content\/uploads\/2025\/04\/feriado_1743532990596.jpg\" \/>\n\t<meta property=\"og:image:width\" content=\"1280\" \/>\n\t<meta property=\"og:image:height\" content=\"720\" \/>\n\t<meta property=\"og:image:type\" content=\"image\/jpeg\" \/>\n<meta name=\"author\" content=\"Larissa Carvalho\" \/>\n<meta name=\"twitter:card\" content=\"summary_large_image\" \/>\n<meta name=\"twitter:label1\" content=\"Escrito por\" \/>\n\t<meta name=\"twitter:data1\" content=\"Larissa Carvalho\" \/>\n\t<meta name=\"twitter:label2\" content=\"Est. tempo de leitura\" \/>\n\t<meta name=\"twitter:data2\" content=\"4 minutos\" \/>\n<!-- \/ Yoast SEO plugin. -->","yoast_head_json":{"title":"Veja quais s\u00e3o os feriados e datas comemorativas do m\u00eas de abril","description":"Um guia completo sobre os feriados e datas comemorativas de abril de 2025 no Brasil, incluindo informa\u00e7\u00f5es sobre celebra\u00e7\u00f5es religiosas, hist\u00f3ricas e culturais.","robots":{"index":"index","follow":"follow","max-snippet":"max-snippet:-1","max-image-preview":"max-image-preview:large","max-video-preview":"max-video-preview:-1"},"canonical":"https:\/\/www.correiobraziliense.com.br\/cbradar\/veja-quais-sao-os-feriados-e-datas-comemorativas-do-mes-de-abril\/","og_locale":"pt_BR","og_type":"article","og_title":"Veja quais s\u00e3o os feriados e datas comemorativas do m\u00eas de abril","og_description":"Um guia completo sobre os feriados e datas comemorativas de abril de 2025 no Brasil, incluindo informa\u00e7\u00f5es sobre celebra\u00e7\u00f5es religiosas, hist\u00f3ricas e culturais.","og_url":"https:\/\/www.correiobraziliense.com.br\/cbradar\/veja-quais-sao-os-feriados-e-datas-comemorativas-do-mes-de-abril\/","og_site_name":"Correio Braziliense - Radar","article_published_time":"2025-04-01T18:59:50+00:00","og_image":[{"width":1280,"height":720,"url":"https:\/\/www.correiobraziliense.com.br\/cbradar\/wp-content\/uploads\/2025\/04\/feriado_1743532990596.jpg","type":"image\/jpeg"}],"author":"Larissa Carvalho","twitter_card":"summary_large_image","twitter_misc":{"Escrito por":"Larissa Carvalho","Est. tempo de leitura":"4 minutos"},"schema":{"@context":"https:\/\/schema.org","@graph":[{"@type":"WebPage","@id":"https:\/\/www.correiobraziliense.com.br\/cbradar\/veja-quais-sao-os-feriados-e-datas-comemorativas-do-mes-de-abril\/","url":"https:\/\/www.correiobraziliense.com.br\/cbradar\/veja-quais-sao-os-feriados-e-datas-comemorativas-do-mes-de-abril\/","name":"Veja quais s\u00e3o os feriados e datas comemorativas do m\u00eas de abril","isPartOf":{"@id":"https:\/\/www.correiobraziliense.com.br\/cbradar\/#website"},"primaryImageOfPage":{"@id":"https:\/\/www.correiobraziliense.com.br\/cbradar\/veja-quais-sao-os-feriados-e-datas-comemorativas-do-mes-de-abril\/#primaryimage"},"image":{"@id":"https:\/\/www.correiobraziliense.com.br\/cbradar\/veja-quais-sao-os-feriados-e-datas-comemorativas-do-mes-de-abril\/#primaryimage"},"thumbnailUrl":"https:\/\/www.correiobraziliense.com.br\/cbradar\/wp-content\/uploads\/2025\/04\/feriado_1743532990596.jpg","datePublished":"2025-04-01T18:59:50+00:00","author":{"@id":"https:\/\/www.correiobraziliense.com.br\/cbradar\/#\/schema\/person\/58422787644df994b53a19d3e56c1513"},"description":"Um guia completo sobre os feriados e datas comemorativas de abril de 2025 no Brasil, incluindo informa\u00e7\u00f5es sobre celebra\u00e7\u00f5es religiosas, hist\u00f3ricas e culturais.","breadcrumb":{"@id":"https:\/\/www.correiobraziliense.com.br\/cbradar\/veja-quais-sao-os-feriados-e-datas-comemorativas-do-mes-de-abril\/#breadcrumb"},"inLanguage":"pt-BR","potentialAction":[{"@type":"ReadAction","target":["https:\/\/www.correiobraziliense.com.br\/cbradar\/veja-quais-sao-os-feriados-e-datas-comemorativas-do-mes-de-abril\/"]}]},{"@type":"ImageObject","inLanguage":"pt-BR","@id":"https:\/\/www.correiobraziliense.com.br\/cbradar\/veja-quais-sao-os-feriados-e-datas-comemorativas-do-mes-de-abril\/#primaryimage","url":"https:\/\/www.correiobraziliense.com.br\/cbradar\/wp-content\/uploads\/2025\/04\/feriado_1743532990596.jpg","contentUrl":"https:\/\/www.correiobraziliense.com.br\/cbradar\/wp-content\/uploads\/2025\/04\/feriado_1743532990596.jpg","width":1280,"height":720,"caption":"feriado. Cr\u00e9ditos: depositphotos.com \/ haveseen"},{"@type":"BreadcrumbList","@id":"https:\/\/www.correiobraziliense.com.br\/cbradar\/veja-quais-sao-os-feriados-e-datas-comemorativas-do-mes-de-abril\/#breadcrumb","itemListElement":[{"@type":"ListItem","position":1,"name":"In\u00edcio","item":"https:\/\/www.correiobraziliense.com.br\/cbradar\/"},{"@type":"ListItem","position":2,"name":"Veja quais s\u00e3o os feriados e datas comemorativas do m\u00eas de abril"}]},{"@type":"WebSite","@id":"https:\/\/www.correiobraziliense.com.br\/cbradar\/#website","url":"https:\/\/www.correiobraziliense.com.br\/cbradar\/","name":"Correio Braziliense - Radar","description":"Acompanhe as \u00faltimas not\u00edcias e fique bem informado sobre tudo o que acontece no Brasil e no mundo.","potentialAction":[{"@type":"SearchAction","target":{"@type":"EntryPoint","urlTemplate":"https:\/\/www.correiobraziliense.com.br\/cbradar\/?s={search_term_string}"},"query-input":{"@type":"PropertyValueSpecification","valueRequired":true,"valueName":"search_term_string"}}],"inLanguage":"pt-BR"},{"@type":"Person","@id":"https:\/\/www.correiobraziliense.com.br\/cbradar\/#\/schema\/person\/58422787644df994b53a19d3e56c1513","name":"Larissa Carvalho","image":{"@type":"ImageObject","inLanguage":"pt-BR","@id":"https:\/\/www.correiobraziliense.com.br\/cbradar\/#\/schema\/person\/image\/","url":"https:\/\/secure.gravatar.com\/avatar\/fe4f91a0de32b52a838d0d612abdc1aa?s=96&d=mm&r=g","contentUrl":"https:\/\/secure.gravatar.com\/avatar\/fe4f91a0de32b52a838d0d612abdc1aa?s=96&d=mm&r=g","caption":"Larissa Carvalho"},"url":"https:\/\/www.correiobraziliense.com.br\/cbradar\/author\/larissamyth\/"}]}},"_links":{"self":[{"href":"https:\/\/www.correiobraziliense.com.br\/cbradar\/wp-json\/wp\/v2\/posts\/17942","targetHints":{"allow":["GET"]}}],"collection":[{"href":"https:\/\/www.correiobraziliense.com.br\/cbradar\/wp-json\/wp\/v2\/posts"}],"about":[{"href":"https:\/\/www.correiobraziliense.com.br\/cbradar\/wp-json\/wp\/v2\/types\/post"}],"author":[{"embeddable":true,"href":"https:\/\/www.correiobraziliense.com.br\/cbradar\/wp-json\/wp\/v2\/users\/3"}],"replies":[{"embeddable":true,"href":"https:\/\/www.correiobraziliense.com.br\/cbradar\/wp-json\/wp\/v2\/comments?post=17942"}],"version-history":[{"count":1,"href":"https:\/\/www.correiobraziliense.com.br\/cbradar\/wp-json\/wp\/v2\/posts\/17942\/revisions"}],"predecessor-version":[{"id":17945,"href":"https:\/\/www.correiobraziliense.com.br\/cbradar\/wp-json\/wp\/v2\/posts\/17942\/revisions\/17945"}],"wp:featuredmedia":[{"embeddable":true,"href":"https:\/\/www.correiobraziliense.com.br\/cbradar\/wp-json\/wp\/v2\/media\/17943"}],"wp:attachment":[{"href":"https:\/\/www.correiobraziliense.com.br\/cbradar\/wp-json\/wp\/v2\/media?parent=17942"}],"wp:term":[{"taxonomy":"category","embeddable":true,"href":"https:\/\/www.correiobraziliense.com.br\/cbradar\/wp-json\/wp\/v2\/categories?post=17942"},{"taxonomy":"post_tag","embeddable":true,"href":"https:\/\/www.correiobraziliense.com.br\/cbradar\/wp-json\/wp\/v2\/post_tag?post=17942"}],"curies":[{"name":"wp","href":"https:\/\/api.w.org\/{rel}","templated":true}]}}