{"id":179498,"date":"2026-01-23T10:05:21","date_gmt":"2026-01-23T13:05:21","guid":{"rendered":"https:\/\/www.correiobraziliense.com.br\/cbradar\/?p=179498"},"modified":"2026-01-22T15:46:35","modified_gmt":"2026-01-22T18:46:35","slug":"a-erva-resistente-que-virou-aliada-na-digestao-e-transforma-qualquer-canto-em-horta-produtiva","status":"publish","type":"post","link":"https:\/\/www.correiobraziliense.com.br\/cbradar\/a-erva-resistente-que-virou-aliada-na-digestao-e-transforma-qualquer-canto-em-horta-produtiva\/","title":{"rendered":"A erva resistente que virou aliada na digest\u00e3o e transforma qualquer canto em horta produtiva"},"content":{"rendered":"\n<p>A carqueja \u00e9 uma planta amplamente utilizada na medicina popular brasileira e tem chamado a aten\u00e7\u00e3o principalmente pelos poss\u00edveis benef\u00edcios para o f\u00edgado, al\u00e9m de ser cada vez mais cultivada em hortas dom\u00e9sticas e pequenos empreendimentos rurais, gra\u00e7as \u00e0 sua rusticidade, f\u00e1cil manejo e potencial para integrar rotinas de cuidados naturais de forma respons\u00e1vel.<\/p>\n\n\n\n<h2 class=\"wp-block-heading\">Carqueja oferece benef\u00edcios para o f\u00edgado e qual \u00e9 seu uso tradicional<\/h2>\n\n\n\n<p>No uso popular, a carqueja \u00e9 associada ao al\u00edvio de desconfortos digestivos, sensa\u00e7\u00e3o de peso ap\u00f3s refei\u00e7\u00f5es e suporte ao funcionamento do f\u00edgado, com estudos preliminares sugerindo que seus compostos amargos podem estimular a produ\u00e7\u00e3o de bile e auxiliar processos digestivos.<\/p>\n\n\n\n<p>Em rela\u00e7\u00e3o ao f\u00edgado, a carqueja \u00e9 descrita tradicionalmente como planta de apoio em situa\u00e7\u00f5es de excesso alimentar ou ingest\u00e3o de gorduras, podendo atuar como coadjuvante em um estilo de vida saud\u00e1vel. Essa percep\u00e7\u00e3o se baseia sobretudo em relatos populares e pesquisas em andamento, n\u00e3o substitui avalia\u00e7\u00e3o m\u00e9dica e deve ser combinada com alimenta\u00e7\u00e3o equilibrada, hidrata\u00e7\u00e3o adequada e redu\u00e7\u00e3o de \u00e1lcool e outras subst\u00e2ncias agressivas ao organismo.<\/p>\n\n\n<div class=\"wp-block-image\">\n<figure class=\"aligncenter size-large\"><img decoding=\"async\" width=\"1024\" height=\"576\" src=\"https:\/\/www.correiobraziliense.com.br\/cbradar\/wp-content\/uploads\/2025\/11\/Gemini_Generated_Image_t1koj3t1koj3t1ko-1-1024x576.png\" alt=\"\" class=\"wp-image-147132\" srcset=\"https:\/\/www.correiobraziliense.com.br\/cbradar\/wp-content\/uploads\/2025\/11\/Gemini_Generated_Image_t1koj3t1koj3t1ko-1-1024x576.png 1024w, https:\/\/www.correiobraziliense.com.br\/cbradar\/wp-content\/uploads\/2025\/11\/Gemini_Generated_Image_t1koj3t1koj3t1ko-1-300x169.png 300w, https:\/\/www.correiobraziliense.com.br\/cbradar\/wp-content\/uploads\/2025\/11\/Gemini_Generated_Image_t1koj3t1koj3t1ko-1-768x432.png 768w, https:\/\/www.correiobraziliense.com.br\/cbradar\/wp-content\/uploads\/2025\/11\/Gemini_Generated_Image_t1koj3t1koj3t1ko-1-750x422.png 750w, https:\/\/www.correiobraziliense.com.br\/cbradar\/wp-content\/uploads\/2025\/11\/Gemini_Generated_Image_t1koj3t1koj3t1ko-1-1140x641.png 1140w, https:\/\/www.correiobraziliense.com.br\/cbradar\/wp-content\/uploads\/2025\/11\/Gemini_Generated_Image_t1koj3t1koj3t1ko-1.png 1280w\" sizes=\"(max-width: 1024px) 100vw, 1024px\" \/><figcaption class=\"wp-element-caption\">O principal benef\u00edcio terap\u00eautico da carqueja reside em sua poderosa a\u00e7\u00e3o digestiva<\/figcaption><\/figure><\/div>\n\n\n<p>Leia tamb\u00e9m:&nbsp;<a href=\"https:\/\/www.correiobraziliense.com.br\/cbradar\/o-verde-digestivo-que-virou-queridinho-das-hortas-por-ser-simples-de-plantar\/\" target=\"_blank\" rel=\"noopener\">O verde digestivo que virou queridinho das hortas por ser simples de plantar<\/a><\/p>\n\n\n\n<h2 class=\"wp-block-heading\">Quais s\u00e3o as principais formas de uso e cuidados no consumo de carqueja<\/h2>\n\n\n\n<p>Entre as formas de uso mais comuns, destaca-se o ch\u00e1 preparado com as partes a\u00e9reas secas, consumido em pequenas quantidades ao longo do dia. Em farm\u00e1cias de manipula\u00e7\u00e3o e lojas de produtos naturais, tamb\u00e9m se encontram extratos secos, c\u00e1psulas, tinturas e misturas com outras plantas digestivas, sempre exigindo aten\u00e7\u00e3o \u00e0 proced\u00eancia e \u00e0 dose recomendada.<\/p>\n\n\n\n<p>Por se tratar de uma planta com compostos ativos, a orienta\u00e7\u00e3o profissional \u00e9 recomendada, especialmente para gestantes, pessoas com doen\u00e7as cr\u00f4nicas ou em uso cont\u00ednuo de medicamentos, j\u00e1 que a carqueja pode interagir com tratamentos em andamento. Em geral, recomenda-se evitar o uso prolongado sem acompanhamento e respeitar pausas, usando a planta apenas como complemento a cuidados m\u00e9dicos convencionais.<\/p>\n\n\n\n<h2 class=\"wp-block-heading\">Como plantar carqueja em casa ou na propriedade rural<\/h2>\n\n\n\n<p>No campo do plantio, a carqueja se destaca por ser uma planta r\u00fastica, que se adapta bem a solos relativamente pobres, desde que n\u00e3o fiquem encharcados. Em quintais, hortas urbanas e pequenas propriedades, costuma ser cultivada em canteiros ou vasos grandes, formando touceiras compactas, o que favorece colheitas frequentes para uso dom\u00e9stico ou pequenos empreendimentos. Se voc\u00ea gosta de cultivo, separamos esse v\u00eddeo do canal <a href=\"https:\/\/www.youtube.com\/@hortamineira1234\" target=\"_blank\" rel=\"noreferrer noopener\">Horta Mineira<\/a> ensinando a plantar carqueja em casa:<\/p>\n\n\n\n<figure class=\"wp-block-embed is-type-video is-provider-youtube wp-block-embed-youtube wp-embed-aspect-16-9 wp-has-aspect-ratio\"><div class=\"wp-block-embed__wrapper\">\n<div class=\"jeg_video_container jeg_video_content\"><iframe loading=\"lazy\" title=\"COMO PLANTAR CARQUEJA - Baccharis trimera\" width=\"500\" height=\"281\" src=\"https:\/\/www.youtube.com\/embed\/hEdxTlG0jNE?feature=oembed\" frameborder=\"0\" allow=\"accelerometer; autoplay; clipboard-write; encrypted-media; gyroscope; picture-in-picture; web-share\" referrerpolicy=\"strict-origin-when-cross-origin\" allowfullscreen><\/iframe><\/div>\n<\/div><\/figure>\n\n\n\n<p>O cultivo pode ser feito tanto por sementes quanto por estacas (mudas retiradas de plantas j\u00e1 estabelecidas), sendo o m\u00e9todo por estacas mais r\u00e1pido e previs\u00edvel para quem est\u00e1 come\u00e7ando. Para isso, \u00e9 comum seguir alguns cuidados b\u00e1sicos, que aumentam o \u00edndice de pegamento e o vigor inicial das plantas:<\/p>\n\n\n\n<ul class=\"wp-block-list\">\n<li>Selecionar ramos saud\u00e1veis, sem sinais de pragas ou doen\u00e7as.<\/li>\n\n\n\n<li>Cortar estacas com cerca de 10 a 15 cm de comprimento.<\/li>\n\n\n\n<li>Remover folhas da parte inferior, deixando apenas algumas na ponta.<\/li>\n\n\n\n<li>Enterrar aproximadamente um ter\u00e7o da estaca em substrato leve e bem drenado.<\/li>\n\n\n\n<li>Manter o solo \u00famido, mas n\u00e3o encharcado, nas primeiras semanas.<\/li>\n<\/ul>\n\n\n\n<p>Quando o cultivo \u00e9 feito em vasos, recomenda-se o uso de recipientes com boa drenagem, combinando terra de jardim com mat\u00e9ria org\u00e2nica bem decomposta. Em \u00e1reas rurais, a carqueja pode ser plantada em fileiras com espa\u00e7amento que permita boa circula\u00e7\u00e3o de ar entre as plantas, reduzindo a umidade excessiva, a incid\u00eancia de fungos e facilitando a colheita mecanizada ou manual.<\/p>\n\n\n\n<h2 class=\"wp-block-heading\">Qual \u00e9 o clima ideal para cultivar carqueja com boa produtividade<\/h2>\n\n\n\n<p>A carqueja \u00e9 considerada uma planta adapt\u00e1vel, mas apresenta melhor desempenho em determinadas condi\u00e7\u00f5es clim\u00e1ticas. Em geral, desenvolve-se bem em regi\u00f5es de <strong>clima tropical e subtropical<\/strong>, com boa incid\u00eancia de luz solar ao longo do dia, tolerando varia\u00e7\u00f5es de temperatura, mas produzindo mais massa verde quando n\u00e3o sofre extremos prolongados de frio intenso ou calor excessivo.<\/p>\n\n\n\n<p>A tabela abaixo apresenta um resumo das condi\u00e7\u00f5es recomendadas para o cultivo de carqueja, considerando o foco em <em>carqueja: benef\u00edcios para f\u00edgado e plantio<\/em> e a necessidade de informa\u00e7\u00f5es pr\u00e1ticas para o produtor:<\/p>\n\n\n\n<figure class=\"wp-block-table is-style-stripes\"><table class=\"has-vivid-red-color has-text-color has-link-color has-fixed-layout\"><tbody><tr><th>Fator<\/th><th>Condi\u00e7\u00e3o recomendada<\/th><\/tr><tr><td>Clima<\/td><td>Tropical e subtropical, com varia\u00e7\u00f5es moderadas<\/td><\/tr><tr><td>Temperatura m\u00e9dia<\/td><td>Entre 18 \u00baC e 30 \u00baC<\/td><\/tr><tr><td>Exposi\u00e7\u00e3o solar<\/td><td>Sol pleno, com boa luminosidade di\u00e1ria<\/td><\/tr><tr><td>Tipo de solo<\/td><td>Bem drenado, com mat\u00e9ria org\u00e2nica, sem encharcamento<\/td><\/tr><tr><td>Regime de chuvas<\/td><td>Regular, evitando per\u00edodos longos de seca severa<\/td><\/tr><tr><td>Propaga\u00e7\u00e3o<\/td><td>Principalmente por estacas; sementes usadas em menor escala<\/td><\/tr><\/tbody><\/table><\/figure>\n\n\n\n<h2 class=\"wp-block-heading\">Quais cuidados gerais ter na colheita e no consumo respons\u00e1vel da carqueja<\/h2>\n\n\n\n<p>Depois de estabelecida, a carqueja exige poucos cuidados, limitando-se a irriga\u00e7\u00f5es regulares e corre\u00e7\u00f5es pontuais do solo. Podas leves ajudam a manter a planta vigorosa e estimulam o surgimento de novos brotos, que s\u00e3o os mais usados para ch\u00e1s, sendo a colheita feita cortando-se as pontas dos ramos em hor\u00e1rios mais frescos, usando-os frescos ou secos \u00e0 sombra, em local ventilado.<\/p>\n\n\n\n<p>No consumo, a modera\u00e7\u00e3o \u00e9 central, pois, apesar de associada a benef\u00edcios digestivos e poss\u00edveis efeitos protetores sobre o f\u00edgado, o uso excessivo ou prolongado sem acompanhamento pode n\u00e3o ser adequado. Em geral, indica-se aten\u00e7\u00e3o especial no caso de:<\/p>\n\n\n\n<ol class=\"wp-block-list\">\n<li>Pessoas com doen\u00e7as hep\u00e1ticas j\u00e1 diagnosticadas.<\/li>\n\n\n\n<li>Indiv\u00edduos em uso cont\u00ednuo de medicamentos que exigem metabolismo hep\u00e1tico intenso.<\/li>\n\n\n\n<li>Gestantes, lactantes e crian\u00e7as.<\/li>\n<\/ol>\n\n\n\n<p>Ao combinar o interesse em <strong>carqueja: benef\u00edcios para f\u00edgado e plantio<\/strong> com pr\u00e1ticas de cultivo bem orientadas e uso cuidadoso, a planta pode ocupar espa\u00e7o relevante em hortas dom\u00e9sticas e sistemas produtivos diversificados. A busca por informa\u00e7\u00f5es atualizadas, a consulta a profissionais de sa\u00fade e o respeito \u00e0s particularidades de cada organismo contribuem para que a carqueja seja utilizada de forma mais segura e alinhada a uma rotina de cuidados mais ampla.<\/p>\n","protected":false},"excerpt":{"rendered":"<p>A carqueja \u00e9 uma planta amplamente utilizada na medicina popular brasileira e tem chamado a aten\u00e7\u00e3o principalmente pelos poss\u00edveis benef\u00edcios para o f\u00edgado, al\u00e9m de ser cada vez mais cultivada em hortas dom\u00e9sticas e pequenos empreendimentos rurais, gra\u00e7as \u00e0 sua rusticidade, f\u00e1cil manejo e potencial para integrar rotinas de cuidados naturais de forma respons\u00e1vel. Carqueja [&hellip;]<\/p>\n","protected":false},"author":9,"featured_media":179662,"comment_status":"open","ping_status":"open","sticky":false,"template":"","format":"standard","meta":{"_yoast_wpseo_focuskw":"plantar carqueja","_yoast_wpseo_title":"","_yoast_wpseo_metadesc":"Planta que apoia o f\u00edgado e cresce f\u00e1cil ao sol, ideal para hortas e pequenos produtores que buscam cultivo simples e uso respons\u00e1vel.","jnews-multi-image_gallery":[],"jnews_single_post":{"format":"standard"},"jnews_primary_category":[],"jnews_social_meta":[],"jnews_override_counter":[],"footnotes":""},"categories":[119,136],"post_tag":[11411,6297,12087],"class_list":["post-179498","post","type-post","status-publish","format-standard","has-post-thumbnail","hentry","category-bem-estar","category-jardinagem","tag-carqueja","tag-cultivo-de-carqueja","tag-plantar-carqueja"],"yoast_head":"<!-- This site is optimized with the Yoast SEO plugin v24.6 - https:\/\/yoast.com\/wordpress\/plugins\/seo\/ -->\n<title>A erva resistente que virou aliada na digest\u00e3o e transforma qualquer canto em horta produtiva - Correio Braziliense - Radar<\/title>\n<meta name=\"description\" content=\"Planta que apoia o f\u00edgado e cresce f\u00e1cil ao sol, ideal para hortas e pequenos produtores que buscam cultivo simples e uso respons\u00e1vel.\" \/>\n<meta name=\"robots\" content=\"index, follow, max-snippet:-1, max-image-preview:large, max-video-preview:-1\" \/>\n<link rel=\"canonical\" href=\"https:\/\/www.correiobraziliense.com.br\/cbradar\/a-erva-resistente-que-virou-aliada-na-digestao-e-transforma-qualquer-canto-em-horta-produtiva\/\" \/>\n<meta property=\"og:locale\" content=\"pt_BR\" \/>\n<meta property=\"og:type\" content=\"article\" \/>\n<meta property=\"og:title\" content=\"A erva resistente que virou aliada na digest\u00e3o e transforma qualquer canto em horta produtiva - Correio Braziliense - Radar\" \/>\n<meta property=\"og:description\" content=\"Planta que apoia o f\u00edgado e cresce f\u00e1cil ao sol, ideal para hortas e pequenos produtores que buscam cultivo simples e uso respons\u00e1vel.\" \/>\n<meta property=\"og:url\" content=\"https:\/\/www.correiobraziliense.com.br\/cbradar\/a-erva-resistente-que-virou-aliada-na-digestao-e-transforma-qualquer-canto-em-horta-produtiva\/\" \/>\n<meta property=\"og:site_name\" content=\"Correio Braziliense - Radar\" \/>\n<meta property=\"article:published_time\" content=\"2026-01-23T13:05:21+00:00\" \/>\n<meta property=\"og:image\" content=\"https:\/\/www.correiobraziliense.com.br\/cbradar\/wp-content\/uploads\/2026\/01\/freepik__imagem-realista-da-carqueja-img1-img2-img3-use-com__209.jpeg\" \/>\n\t<meta property=\"og:image:width\" content=\"1280\" \/>\n\t<meta property=\"og:image:height\" content=\"720\" \/>\n\t<meta property=\"og:image:type\" content=\"image\/jpeg\" \/>\n<meta name=\"author\" content=\"Daniely Cardoso\" \/>\n<meta name=\"twitter:card\" content=\"summary_large_image\" \/>\n<meta name=\"twitter:label1\" content=\"Escrito por\" \/>\n\t<meta name=\"twitter:data1\" content=\"Daniely Cardoso\" \/>\n\t<meta name=\"twitter:label2\" content=\"Est. tempo de leitura\" \/>\n\t<meta name=\"twitter:data2\" content=\"6 minutos\" \/>\n<!-- \/ Yoast SEO plugin. -->","yoast_head_json":{"title":"A erva resistente que virou aliada na digest\u00e3o e transforma qualquer canto em horta produtiva - Correio Braziliense - Radar","description":"Planta que apoia o f\u00edgado e cresce f\u00e1cil ao sol, ideal para hortas e pequenos produtores que buscam cultivo simples e uso respons\u00e1vel.","robots":{"index":"index","follow":"follow","max-snippet":"max-snippet:-1","max-image-preview":"max-image-preview:large","max-video-preview":"max-video-preview:-1"},"canonical":"https:\/\/www.correiobraziliense.com.br\/cbradar\/a-erva-resistente-que-virou-aliada-na-digestao-e-transforma-qualquer-canto-em-horta-produtiva\/","og_locale":"pt_BR","og_type":"article","og_title":"A erva resistente que virou aliada na digest\u00e3o e transforma qualquer canto em horta produtiva - Correio Braziliense - Radar","og_description":"Planta que apoia o f\u00edgado e cresce f\u00e1cil ao sol, ideal para hortas e pequenos produtores que buscam cultivo simples e uso respons\u00e1vel.","og_url":"https:\/\/www.correiobraziliense.com.br\/cbradar\/a-erva-resistente-que-virou-aliada-na-digestao-e-transforma-qualquer-canto-em-horta-produtiva\/","og_site_name":"Correio Braziliense - Radar","article_published_time":"2026-01-23T13:05:21+00:00","og_image":[{"width":1280,"height":720,"url":"https:\/\/www.correiobraziliense.com.br\/cbradar\/wp-content\/uploads\/2026\/01\/freepik__imagem-realista-da-carqueja-img1-img2-img3-use-com__209.jpeg","type":"image\/jpeg"}],"author":"Daniely Cardoso","twitter_card":"summary_large_image","twitter_misc":{"Escrito por":"Daniely Cardoso","Est. tempo de leitura":"6 minutos"},"schema":{"@context":"https:\/\/schema.org","@graph":[{"@type":"WebPage","@id":"https:\/\/www.correiobraziliense.com.br\/cbradar\/a-erva-resistente-que-virou-aliada-na-digestao-e-transforma-qualquer-canto-em-horta-produtiva\/","url":"https:\/\/www.correiobraziliense.com.br\/cbradar\/a-erva-resistente-que-virou-aliada-na-digestao-e-transforma-qualquer-canto-em-horta-produtiva\/","name":"A erva resistente que virou aliada na digest\u00e3o e transforma qualquer canto em horta produtiva - Correio Braziliense - Radar","isPartOf":{"@id":"https:\/\/www.correiobraziliense.com.br\/cbradar\/#website"},"primaryImageOfPage":{"@id":"https:\/\/www.correiobraziliense.com.br\/cbradar\/a-erva-resistente-que-virou-aliada-na-digestao-e-transforma-qualquer-canto-em-horta-produtiva\/#primaryimage"},"image":{"@id":"https:\/\/www.correiobraziliense.com.br\/cbradar\/a-erva-resistente-que-virou-aliada-na-digestao-e-transforma-qualquer-canto-em-horta-produtiva\/#primaryimage"},"thumbnailUrl":"https:\/\/www.correiobraziliense.com.br\/cbradar\/wp-content\/uploads\/2026\/01\/freepik__imagem-realista-da-carqueja-img1-img2-img3-use-com__209.jpeg","datePublished":"2026-01-23T13:05:21+00:00","author":{"@id":"https:\/\/www.correiobraziliense.com.br\/cbradar\/#\/schema\/person\/7356666e12ec0ee53f348ee5db227032"},"description":"Planta que apoia o f\u00edgado e cresce f\u00e1cil ao sol, ideal para hortas e pequenos produtores que buscam cultivo simples e uso respons\u00e1vel.","breadcrumb":{"@id":"https:\/\/www.correiobraziliense.com.br\/cbradar\/a-erva-resistente-que-virou-aliada-na-digestao-e-transforma-qualquer-canto-em-horta-produtiva\/#breadcrumb"},"inLanguage":"pt-BR","potentialAction":[{"@type":"ReadAction","target":["https:\/\/www.correiobraziliense.com.br\/cbradar\/a-erva-resistente-que-virou-aliada-na-digestao-e-transforma-qualquer-canto-em-horta-produtiva\/"]}]},{"@type":"ImageObject","inLanguage":"pt-BR","@id":"https:\/\/www.correiobraziliense.com.br\/cbradar\/a-erva-resistente-que-virou-aliada-na-digestao-e-transforma-qualquer-canto-em-horta-produtiva\/#primaryimage","url":"https:\/\/www.correiobraziliense.com.br\/cbradar\/wp-content\/uploads\/2026\/01\/freepik__imagem-realista-da-carqueja-img1-img2-img3-use-com__209.jpeg","contentUrl":"https:\/\/www.correiobraziliense.com.br\/cbradar\/wp-content\/uploads\/2026\/01\/freepik__imagem-realista-da-carqueja-img1-img2-img3-use-com__209.jpeg","width":1280,"height":720,"caption":"A carqueja ajuda na prote\u00e7\u00e3o e desintoxica\u00e7\u00e3o do f\u00edgado"},{"@type":"BreadcrumbList","@id":"https:\/\/www.correiobraziliense.com.br\/cbradar\/a-erva-resistente-que-virou-aliada-na-digestao-e-transforma-qualquer-canto-em-horta-produtiva\/#breadcrumb","itemListElement":[{"@type":"ListItem","position":1,"name":"In\u00edcio","item":"https:\/\/www.correiobraziliense.com.br\/cbradar\/"},{"@type":"ListItem","position":2,"name":"A erva resistente que virou aliada na digest\u00e3o e transforma qualquer canto em horta produtiva"}]},{"@type":"WebSite","@id":"https:\/\/www.correiobraziliense.com.br\/cbradar\/#website","url":"https:\/\/www.correiobraziliense.com.br\/cbradar\/","name":"Correio Braziliense - Radar","description":"Acompanhe as \u00faltimas not\u00edcias e fique bem informado sobre tudo o que acontece no Brasil e no mundo.","potentialAction":[{"@type":"SearchAction","target":{"@type":"EntryPoint","urlTemplate":"https:\/\/www.correiobraziliense.com.br\/cbradar\/?s={search_term_string}"},"query-input":{"@type":"PropertyValueSpecification","valueRequired":true,"valueName":"search_term_string"}}],"inLanguage":"pt-BR"},{"@type":"Person","@id":"https:\/\/www.correiobraziliense.com.br\/cbradar\/#\/schema\/person\/7356666e12ec0ee53f348ee5db227032","name":"Daniely Cardoso","image":{"@type":"ImageObject","inLanguage":"pt-BR","@id":"https:\/\/www.correiobraziliense.com.br\/cbradar\/#\/schema\/person\/image\/","url":"https:\/\/secure.gravatar.com\/avatar\/4b80ddbd124d1f071b626d52d62e5dff?s=96&d=mm&r=g","contentUrl":"https:\/\/secure.gravatar.com\/avatar\/4b80ddbd124d1f071b626d52d62e5dff?s=96&d=mm&r=g","caption":"Daniely Cardoso"},"description":"Redatora nos portais CB Radar e EM Foco, formada pela Universidade Federal de Goi\u00e1s, em Goi\u00e2nia. Apaixonada por comunica\u00e7\u00e3o, arte, decora\u00e7\u00e3o e tend\u00eancias, atuo na produ\u00e7\u00e3o de conte\u00fados envolventes sobre curiosidades, moda, beleza e paisagismo, sempre com um olhar atento \u00e0s novidades do momento.","sameAs":["https:\/\/www.correiobraziliense.com.br\/cbradar"],"url":"https:\/\/www.correiobraziliense.com.br\/cbradar\/author\/danielymyth\/"}]}},"_links":{"self":[{"href":"https:\/\/www.correiobraziliense.com.br\/cbradar\/wp-json\/wp\/v2\/posts\/179498","targetHints":{"allow":["GET"]}}],"collection":[{"href":"https:\/\/www.correiobraziliense.com.br\/cbradar\/wp-json\/wp\/v2\/posts"}],"about":[{"href":"https:\/\/www.correiobraziliense.com.br\/cbradar\/wp-json\/wp\/v2\/types\/post"}],"author":[{"embeddable":true,"href":"https:\/\/www.correiobraziliense.com.br\/cbradar\/wp-json\/wp\/v2\/users\/9"}],"replies":[{"embeddable":true,"href":"https:\/\/www.correiobraziliense.com.br\/cbradar\/wp-json\/wp\/v2\/comments?post=179498"}],"version-history":[{"count":3,"href":"https:\/\/www.correiobraziliense.com.br\/cbradar\/wp-json\/wp\/v2\/posts\/179498\/revisions"}],"predecessor-version":[{"id":179510,"href":"https:\/\/www.correiobraziliense.com.br\/cbradar\/wp-json\/wp\/v2\/posts\/179498\/revisions\/179510"}],"wp:featuredmedia":[{"embeddable":true,"href":"https:\/\/www.correiobraziliense.com.br\/cbradar\/wp-json\/wp\/v2\/media\/179662"}],"wp:attachment":[{"href":"https:\/\/www.correiobraziliense.com.br\/cbradar\/wp-json\/wp\/v2\/media?parent=179498"}],"wp:term":[{"taxonomy":"category","embeddable":true,"href":"https:\/\/www.correiobraziliense.com.br\/cbradar\/wp-json\/wp\/v2\/categories?post=179498"},{"taxonomy":"post_tag","embeddable":true,"href":"https:\/\/www.correiobraziliense.com.br\/cbradar\/wp-json\/wp\/v2\/post_tag?post=179498"}],"curies":[{"name":"wp","href":"https:\/\/api.w.org\/{rel}","templated":true}]}}