{"id":17950,"date":"2025-04-02T06:50:00","date_gmt":"2025-04-02T09:50:00","guid":{"rendered":"https:\/\/www.correiobraziliense.com.br\/cbradar\/?p=17950"},"modified":"2025-06-30T10:07:34","modified_gmt":"2025-06-30T13:07:34","slug":"quando-lanca-a-7-temporada-de-black-mirror-na-netflix","status":"publish","type":"post","link":"https:\/\/www.correiobraziliense.com.br\/cbradar\/quando-lanca-a-7-temporada-de-black-mirror-na-netflix\/","title":{"rendered":"Quando lan\u00e7a a 7\u00b0 temporada de Black Mirror na Netflix?"},"content":{"rendered":"\n<p><strong>Black Mirror<\/strong> voltou e desta vez tem gente falando mal. A s\u00e9tima temporada chegou na <a href=\"https:\/\/www.netflix.com\/br\/title\/70264888\" target=\"_blank\" rel=\"noreferrer noopener\"><strong>Netflix<\/strong> <\/a>no dia 10 de abril de 2025 prometendo &#8220;volta \u00e0s ra\u00edzes&#8221;, mas nem todo mundo comprou essa ideia. A s\u00e9rie que j\u00e1 foi o terror da tecnologia agora parece estar em crise de identidade. E olha que s\u00e3o s\u00f3 seis epis\u00f3dios desta vez.<\/p>\n\n\n\n<p><strong>Charlie Brooker<\/strong>, o criador da <a href=\"https:\/\/www.correiobraziliense.com.br\/cbradar\/nova-serie-live-action-de-scooby-doo-e-anunciada-pela-netflix\/\" target=\"_blank\" rel=\"noreferrer noopener\">s\u00e9rie<\/a>, disse que queria fazer algo &#8220;mais cl\u00e1ssico&#8221;, focando s\u00f3 em fic\u00e7\u00e3o cient\u00edfica. Nada de epis\u00f3dios sobrenaturais como na temporada passada. Mas ser\u00e1 que deu certo? Os cr\u00edticos est\u00e3o divididos. Alguns acham que a s\u00e9rie perdeu o brilho original. Outros defendem que ainda consegue entregar aquele choque existencial que a gente j\u00e1 conhece.<\/p>\n\n\n\n<h2 class=\"wp-block-heading\"><strong>O que mudou nesta temporada que tem todo mundo falando?<\/strong><\/h2>\n\n\n\n<p>A grande novidade \u00e9 que <strong>Black Mirror<\/strong> fez algo in\u00e9dito: criou sequ\u00eancias de epis\u00f3dios antigos. O <strong>&#8220;USS Callister&#8221;<\/strong> da quarta temporada ganhou uma continua\u00e7\u00e3o chamada <strong>&#8220;USS Callister Infinity&#8221;<\/strong>. \u00c9 a primeira vez que a s\u00e9rie revisita uma hist\u00f3ria. Antes, cada epis\u00f3dio era completamente independente.<\/p>\n\n\n\n<p>Tem tamb\u00e9m rumores de que <strong>&#8220;Bandersnatch&#8221;<\/strong>, aquele filme interativo de 2018, ganhou uma refer\u00eancia. <strong>Will Poulter<\/strong> e <strong>Asim Chaudhry<\/strong> aparecem novamente falando sobre videogames no trailer. Coincid\u00eancia? Dif\u00edcil. <strong>Brooker<\/strong> sempre foi esperto com essas conex\u00f5es. Talvez seja o jeito dele de expandir o universo <strong>Black Mirror<\/strong> sem perder a ess\u00eancia.<\/p>\n\n\n\n<h2 class=\"wp-block-heading\"><strong>Por que alguns f\u00e3s n\u00e3o est\u00e3o curtindo?<\/strong><\/h2>\n\n\n\n<p>A cr\u00edtica principal \u00e9 que a temporada est\u00e1 &#8220;sem ideias novas&#8221;. V\u00e1rios epis\u00f3dios parecem repetir f\u00f3rmulas que j\u00e1 vimos antes. O epis\u00f3dio <strong>&#8220;Juguetes&#8221;<\/strong> com <strong>Peter Capaldi<\/strong> foi considerado o pior da temporada por muita gente. Aparentemente, \u00e9 sobre videojuegos violentos, mas n\u00e3o consegue dizer nada interessante sobre o tema.<\/p>\n\n\n\n<p><strong>&#8220;B\u00eate Noire&#8221;<\/strong> com <strong>Siena Kelly<\/strong> tamb\u00e9m dividiu opini\u00f5es. O epis\u00f3dio usa elementos meio sobrenaturais, lembrando mais aqueles epis\u00f3dios &#8220;Red Mirror&#8221; da sexta temporada. Tem a ver com bullying e realidade alterada, mas alguns acharam meio bobo. \u00c9 como se <strong>Brooker<\/strong> estivesse jogando safe demais, sem arriscar nas ideias malucas que fizeram a s\u00e9rie famosa.<\/p>\n\n\n\n<h2 class=\"wp-block-heading\"><strong>Quem s\u00e3o as estrelas desta vez?<\/strong><\/h2>\n\n\n\n<p>O elenco continua pesado. <strong>Rashida Jones<\/strong>, <strong>Paul Giamatti<\/strong>, <strong>Issa Rae<\/strong> e <strong>Emma Corrin<\/strong> est\u00e3o entre os nomes principais. <strong>Tracee Ellis Ross<\/strong> tamb\u00e9m marca presen\u00e7a. A s\u00e9rie sempre soube escolher atores bons, e isso n\u00e3o mudou.<\/p>\n\n\n\n<p><strong>Peter Capaldi<\/strong> aparece com um &#8220;peluc\u00e3o rid\u00edculo&#8221; (palavras da cr\u00edtica, n\u00e3o minhas) no epis\u00f3dio mais fraco. <strong>Chris O&#8217;Dowd<\/strong> divide cena com <strong>Rashida Jones<\/strong> no epis\u00f3dio de abertura <strong>&#8220;Common People&#8221;<\/strong>. O epis\u00f3dio parece ser sobre um cara que contrata uma empresa para salvar a vida da esposa. S\u00f3 que tem que pagar mensalidade. T\u00edpico <strong>Black Mirror<\/strong>: pega algo do dia a dia e transforma em pesadelo.<\/p>\n\n\n\n<h2 class=\"wp-block-heading\"><strong>O que funciona bem na nova temporada?<\/strong><\/h2>\n\n\n\n<p>Nem tudo est\u00e1 perdido. <strong>Brooker<\/strong> disse que tem &#8220;epis\u00f3dios profundamente desagrad\u00e1veis, alguns engra\u00e7ados e outros emocionais&#8221;. A variedade sempre foi o forte da s\u00e9rie. Dois epis\u00f3dios s\u00e3o praticamente filmes, com dura\u00e7\u00e3o estendida. Isso pode dar mais tempo para desenvolver as ideias.<\/p>\n\n\n\n<p>O epis\u00f3dio <strong>&#8220;Eulogy&#8221;<\/strong> est\u00e1 recebendo elogios. Parece explorar mem\u00f3rias dolorosas de forma interessante. <strong>Paul Giamatti<\/strong> est\u00e1 no papel principal, e o cara sabe atuar. Se conseguir juntar boa atua\u00e7\u00e3o com roteiro inteligente, pode ser o destaque da temporada.<\/p>\n\n\n\n<h2 class=\"wp-block-heading\"><strong>Black Mirror ainda \u00e9 relevante em 2025?<\/strong><\/h2>\n\n\n\n<figure class=\"wp-block-embed aligncenter is-type-video is-provider-youtube wp-block-embed-youtube wp-embed-aspect-16-9 wp-has-aspect-ratio\"><div class=\"wp-block-embed__wrapper\">\n<div class=\"jeg_video_container jeg_video_content\"><iframe loading=\"lazy\" title=\"Black Mirror - Temporada 7 | Trailer oficial | Netflix\" width=\"500\" height=\"281\" src=\"https:\/\/www.youtube.com\/embed\/W210J2A49TA?feature=oembed\" frameborder=\"0\" allow=\"accelerometer; autoplay; clipboard-write; encrypted-media; gyroscope; picture-in-picture; web-share\" referrerpolicy=\"strict-origin-when-cross-origin\" allowfullscreen><\/iframe><\/div>\n<\/div><\/figure>\n\n\n\n<p>Essa \u00e9 a pergunta que n\u00e3o quer calar. A tecnologia evoluiu tanto que algumas previs\u00f5es da s\u00e9rie j\u00e1 s\u00e3o realidade. Intelig\u00eancia artificial, redes sociais t\u00f3xicas, realidade virtual&#8230; muita coisa que parecia fic\u00e7\u00e3o cient\u00edfica agora \u00e9 nosso cotidiano.<\/p>\n\n\n\n<p><strong>Brooker<\/strong> admitiu que evita assistir <strong>&#8220;Severance&#8221;<\/strong> da <strong>Apple TV+<\/strong> porque muita gente fala que \u00e9 &#8220;como <strong>Black Mirror<\/strong>, s\u00f3 que melhor&#8221;. Isso mostra que ele sabe da concorr\u00eancia. Outras s\u00e9ries est\u00e3o explorando temas similares, \u00e0s vezes com mais criatividade.<\/p>\n\n\n\n<h2 class=\"wp-block-heading\"><strong>Vale a pena assistir esta temporada?<\/strong><\/h2>\n\n\n\n<p>Depende das suas expectativas. Se voc\u00ea quer o <strong>Black Mirror<\/strong> revolucion\u00e1rio dos primeiros anos, pode se decepcionar. Mas se conseguir aceitar uma vers\u00e3o mais &#8220;nostalgia&#8221; da s\u00e9rie, ainda tem entretenimento garantido. S\u00e3o s\u00f3 seis epis\u00f3dios, d\u00e1 para maratonar num fim de semana.<\/p>\n\n\n\n<p>A verdade \u00e9 que <strong>Black Mirror<\/strong> virou v\u00edtima do pr\u00f3prio sucesso. Criou um padr\u00e3o t\u00e3o alto que agora qualquer coisa que fa\u00e7a vai ser comparada com os cl\u00e1ssicos. <strong>&#8220;San Junipero&#8221;<\/strong>, <strong>&#8220;USS Callister&#8221;<\/strong>, <strong>&#8220;Nosedive&#8221;<\/strong>&#8230; s\u00e3o epis\u00f3dios dif\u00edceis de superar. Talvez a s\u00e9rie precise se reinventar de novo. Ou talvez a gente que precise baixar um pouco as expectativas.<\/p>\n","protected":false},"excerpt":{"rendered":"<p>Black Mirror voltou e desta vez tem gente falando mal. A s\u00e9tima temporada chegou na Netflix no dia 10 de abril de 2025 prometendo &#8220;volta \u00e0s ra\u00edzes&#8221;, mas nem todo mundo comprou essa ideia. A s\u00e9rie que j\u00e1 foi o terror da tecnologia agora parece estar em crise de identidade. E olha que s\u00e3o s\u00f3 [&hellip;]<\/p>\n","protected":false},"author":8,"featured_media":17977,"comment_status":"open","ping_status":"open","sticky":false,"template":"","format":"standard","meta":{"_yoast_wpseo_focuskw":"Black Mirror","_yoast_wpseo_title":"","_yoast_wpseo_metadesc":"Descubra a data de lan\u00e7amento da 7\u00aa temporada de \"Black Mirror\" da Netflix, quantos epis\u00f3dios e a volta de hist\u00f3rias ic\u00f4nicas.","jnews-multi-image_gallery":[],"jnews_single_post":{"format":"standard"},"jnews_primary_category":[],"jnews_social_meta":[],"jnews_override_counter":[],"footnotes":""},"categories":[140],"post_tag":[1960,141,568],"class_list":["post-17950","post","type-post","status-publish","format-standard","has-post-thumbnail","hentry","category-entretenimento","tag-black-mirror","tag-netflix","tag-series-e-filmes"],"yoast_head":"<!-- This site is optimized with the Yoast SEO plugin v24.6 - https:\/\/yoast.com\/wordpress\/plugins\/seo\/ -->\n<title>Quando lan\u00e7a a 7\u00b0 temporada de Black Mirror na Netflix? - Correio Braziliense - Radar<\/title>\n<meta name=\"description\" content=\"Descubra a data de lan\u00e7amento da 7\u00aa temporada de &quot;Black Mirror&quot; da Netflix, quantos epis\u00f3dios e a volta de hist\u00f3rias ic\u00f4nicas.\" \/>\n<meta name=\"robots\" content=\"index, follow, max-snippet:-1, max-image-preview:large, max-video-preview:-1\" \/>\n<link rel=\"canonical\" href=\"https:\/\/www.correiobraziliense.com.br\/cbradar\/quando-lanca-a-7-temporada-de-black-mirror-na-netflix\/\" \/>\n<meta property=\"og:locale\" content=\"pt_BR\" \/>\n<meta property=\"og:type\" content=\"article\" \/>\n<meta property=\"og:title\" content=\"Quando lan\u00e7a a 7\u00b0 temporada de Black Mirror na Netflix? - Correio Braziliense - Radar\" \/>\n<meta property=\"og:description\" content=\"Descubra a data de lan\u00e7amento da 7\u00aa temporada de &quot;Black Mirror&quot; da Netflix, quantos epis\u00f3dios e a volta de hist\u00f3rias ic\u00f4nicas.\" \/>\n<meta property=\"og:url\" content=\"https:\/\/www.correiobraziliense.com.br\/cbradar\/quando-lanca-a-7-temporada-de-black-mirror-na-netflix\/\" \/>\n<meta property=\"og:site_name\" content=\"Correio Braziliense - Radar\" \/>\n<meta property=\"article:published_time\" content=\"2025-04-02T09:50:00+00:00\" \/>\n<meta property=\"article:modified_time\" content=\"2025-06-30T13:07:34+00:00\" \/>\n<meta property=\"og:image\" content=\"https:\/\/www.correiobraziliense.com.br\/cbradar\/wp-content\/uploads\/2025\/04\/black-mirror_1743535509643.jpg\" \/>\n\t<meta property=\"og:image:width\" content=\"1280\" \/>\n\t<meta property=\"og:image:height\" content=\"720\" \/>\n\t<meta property=\"og:image:type\" content=\"image\/jpeg\" \/>\n<meta name=\"author\" content=\"Maura Pereira\" \/>\n<meta name=\"twitter:card\" content=\"summary_large_image\" \/>\n<meta name=\"twitter:label1\" content=\"Escrito por\" \/>\n\t<meta name=\"twitter:data1\" content=\"Maura Pereira\" \/>\n\t<meta name=\"twitter:label2\" content=\"Est. tempo de leitura\" \/>\n\t<meta name=\"twitter:data2\" content=\"5 minutos\" \/>\n<!-- \/ Yoast SEO plugin. -->","yoast_head_json":{"title":"Quando lan\u00e7a a 7\u00b0 temporada de Black Mirror na Netflix? - Correio Braziliense - Radar","description":"Descubra a data de lan\u00e7amento da 7\u00aa temporada de \"Black Mirror\" da Netflix, quantos epis\u00f3dios e a volta de hist\u00f3rias ic\u00f4nicas.","robots":{"index":"index","follow":"follow","max-snippet":"max-snippet:-1","max-image-preview":"max-image-preview:large","max-video-preview":"max-video-preview:-1"},"canonical":"https:\/\/www.correiobraziliense.com.br\/cbradar\/quando-lanca-a-7-temporada-de-black-mirror-na-netflix\/","og_locale":"pt_BR","og_type":"article","og_title":"Quando lan\u00e7a a 7\u00b0 temporada de Black Mirror na Netflix? - Correio Braziliense - Radar","og_description":"Descubra a data de lan\u00e7amento da 7\u00aa temporada de \"Black Mirror\" da Netflix, quantos epis\u00f3dios e a volta de hist\u00f3rias ic\u00f4nicas.","og_url":"https:\/\/www.correiobraziliense.com.br\/cbradar\/quando-lanca-a-7-temporada-de-black-mirror-na-netflix\/","og_site_name":"Correio Braziliense - Radar","article_published_time":"2025-04-02T09:50:00+00:00","article_modified_time":"2025-06-30T13:07:34+00:00","og_image":[{"width":1280,"height":720,"url":"https:\/\/www.correiobraziliense.com.br\/cbradar\/wp-content\/uploads\/2025\/04\/black-mirror_1743535509643.jpg","type":"image\/jpeg"}],"author":"Maura Pereira","twitter_card":"summary_large_image","twitter_misc":{"Escrito por":"Maura Pereira","Est. tempo de leitura":"5 minutos"},"schema":{"@context":"https:\/\/schema.org","@graph":[{"@type":"WebPage","@id":"https:\/\/www.correiobraziliense.com.br\/cbradar\/quando-lanca-a-7-temporada-de-black-mirror-na-netflix\/","url":"https:\/\/www.correiobraziliense.com.br\/cbradar\/quando-lanca-a-7-temporada-de-black-mirror-na-netflix\/","name":"Quando lan\u00e7a a 7\u00b0 temporada de Black Mirror na Netflix? - Correio Braziliense - Radar","isPartOf":{"@id":"https:\/\/www.correiobraziliense.com.br\/cbradar\/#website"},"primaryImageOfPage":{"@id":"https:\/\/www.correiobraziliense.com.br\/cbradar\/quando-lanca-a-7-temporada-de-black-mirror-na-netflix\/#primaryimage"},"image":{"@id":"https:\/\/www.correiobraziliense.com.br\/cbradar\/quando-lanca-a-7-temporada-de-black-mirror-na-netflix\/#primaryimage"},"thumbnailUrl":"https:\/\/www.correiobraziliense.com.br\/cbradar\/wp-content\/uploads\/2025\/04\/black-mirror_1743535509643.jpg","datePublished":"2025-04-02T09:50:00+00:00","dateModified":"2025-06-30T13:07:34+00:00","author":{"@id":"https:\/\/www.correiobraziliense.com.br\/cbradar\/#\/schema\/person\/4053c651a9bfc785afc6f4cbc9032fd3"},"description":"Descubra a data de lan\u00e7amento da 7\u00aa temporada de \"Black Mirror\" da Netflix, quantos epis\u00f3dios e a volta de hist\u00f3rias ic\u00f4nicas.","breadcrumb":{"@id":"https:\/\/www.correiobraziliense.com.br\/cbradar\/quando-lanca-a-7-temporada-de-black-mirror-na-netflix\/#breadcrumb"},"inLanguage":"pt-BR","potentialAction":[{"@type":"ReadAction","target":["https:\/\/www.correiobraziliense.com.br\/cbradar\/quando-lanca-a-7-temporada-de-black-mirror-na-netflix\/"]}]},{"@type":"ImageObject","inLanguage":"pt-BR","@id":"https:\/\/www.correiobraziliense.com.br\/cbradar\/quando-lanca-a-7-temporada-de-black-mirror-na-netflix\/#primaryimage","url":"https:\/\/www.correiobraziliense.com.br\/cbradar\/wp-content\/uploads\/2025\/04\/black-mirror_1743535509643.jpg","contentUrl":"https:\/\/www.correiobraziliense.com.br\/cbradar\/wp-content\/uploads\/2025\/04\/black-mirror_1743535509643.jpg","width":1280,"height":720,"caption":"Netflix, Black Mirror \/\/ Cr\u00e9ditos: depositphotos.com \/ ifeelstock"},{"@type":"BreadcrumbList","@id":"https:\/\/www.correiobraziliense.com.br\/cbradar\/quando-lanca-a-7-temporada-de-black-mirror-na-netflix\/#breadcrumb","itemListElement":[{"@type":"ListItem","position":1,"name":"In\u00edcio","item":"https:\/\/www.correiobraziliense.com.br\/cbradar\/"},{"@type":"ListItem","position":2,"name":"Quando lan\u00e7a a 7\u00b0 temporada de Black Mirror na Netflix?"}]},{"@type":"WebSite","@id":"https:\/\/www.correiobraziliense.com.br\/cbradar\/#website","url":"https:\/\/www.correiobraziliense.com.br\/cbradar\/","name":"Correio Braziliense - Radar","description":"Acompanhe as \u00faltimas not\u00edcias e fique bem informado sobre tudo o que acontece no Brasil e no mundo.","potentialAction":[{"@type":"SearchAction","target":{"@type":"EntryPoint","urlTemplate":"https:\/\/www.correiobraziliense.com.br\/cbradar\/?s={search_term_string}"},"query-input":{"@type":"PropertyValueSpecification","valueRequired":true,"valueName":"search_term_string"}}],"inLanguage":"pt-BR"},{"@type":"Person","@id":"https:\/\/www.correiobraziliense.com.br\/cbradar\/#\/schema\/person\/4053c651a9bfc785afc6f4cbc9032fd3","name":"Maura Pereira","image":{"@type":"ImageObject","inLanguage":"pt-BR","@id":"https:\/\/www.correiobraziliense.com.br\/cbradar\/#\/schema\/person\/image\/","url":"https:\/\/secure.gravatar.com\/avatar\/3effd6bdadfa447f15089c7f7144eaa6?s=96&d=mm&r=g","contentUrl":"https:\/\/secure.gravatar.com\/avatar\/3effd6bdadfa447f15089c7f7144eaa6?s=96&d=mm&r=g","caption":"Maura Pereira"},"sameAs":["https:\/\/www.correiobraziliense.com.br\/"],"url":"https:\/\/www.correiobraziliense.com.br\/cbradar\/author\/mauramyth\/"}]}},"_links":{"self":[{"href":"https:\/\/www.correiobraziliense.com.br\/cbradar\/wp-json\/wp\/v2\/posts\/17950","targetHints":{"allow":["GET"]}}],"collection":[{"href":"https:\/\/www.correiobraziliense.com.br\/cbradar\/wp-json\/wp\/v2\/posts"}],"about":[{"href":"https:\/\/www.correiobraziliense.com.br\/cbradar\/wp-json\/wp\/v2\/types\/post"}],"author":[{"embeddable":true,"href":"https:\/\/www.correiobraziliense.com.br\/cbradar\/wp-json\/wp\/v2\/users\/8"}],"replies":[{"embeddable":true,"href":"https:\/\/www.correiobraziliense.com.br\/cbradar\/wp-json\/wp\/v2\/comments?post=17950"}],"version-history":[{"count":10,"href":"https:\/\/www.correiobraziliense.com.br\/cbradar\/wp-json\/wp\/v2\/posts\/17950\/revisions"}],"predecessor-version":[{"id":62076,"href":"https:\/\/www.correiobraziliense.com.br\/cbradar\/wp-json\/wp\/v2\/posts\/17950\/revisions\/62076"}],"wp:featuredmedia":[{"embeddable":true,"href":"https:\/\/www.correiobraziliense.com.br\/cbradar\/wp-json\/wp\/v2\/media\/17977"}],"wp:attachment":[{"href":"https:\/\/www.correiobraziliense.com.br\/cbradar\/wp-json\/wp\/v2\/media?parent=17950"}],"wp:term":[{"taxonomy":"category","embeddable":true,"href":"https:\/\/www.correiobraziliense.com.br\/cbradar\/wp-json\/wp\/v2\/categories?post=17950"},{"taxonomy":"post_tag","embeddable":true,"href":"https:\/\/www.correiobraziliense.com.br\/cbradar\/wp-json\/wp\/v2\/post_tag?post=17950"}],"curies":[{"name":"wp","href":"https:\/\/api.w.org\/{rel}","templated":true}]}}