{"id":179506,"date":"2026-01-23T12:55:36","date_gmt":"2026-01-23T15:55:36","guid":{"rendered":"https:\/\/www.correiobraziliense.com.br\/cbradar\/?p=179506"},"modified":"2026-01-22T15:48:58","modified_gmt":"2026-01-22T18:48:58","slug":"a-raiz-de-cor-intensa-que-virou-aliada-natural-e-se-multiplica-facil-em-hortas-caseiras","status":"publish","type":"post","link":"https:\/\/www.correiobraziliense.com.br\/cbradar\/a-raiz-de-cor-intensa-que-virou-aliada-natural-e-se-multiplica-facil-em-hortas-caseiras\/","title":{"rendered":"A raiz de cor intensa que virou aliada natural e se multiplica f\u00e1cil em hortas caseiras"},"content":{"rendered":"\n<p>A c\u00farcuma, tamb\u00e9m conhecida como a\u00e7afr\u00e3o-da-terra, tem ganhado espa\u00e7o em hortas dom\u00e9sticas e propriedades rurais por reunir duas caracter\u00edsticas valorizadas: a poss\u00edvel <strong>a\u00e7\u00e3o anti-inflamat\u00f3ria<\/strong> do rizoma e a relativa facilidade de cultivo em regi\u00f5es de clima quente. O interesse crescente pelo plantio dessa esp\u00e9cie levou muitos produtores amadores e profissionais a buscar informa\u00e7\u00f5es pr\u00e1ticas sobre solo, clima, manejo adequado e formas seguras de uso na alimenta\u00e7\u00e3o do dia a dia.<\/p>\n\n\n\n<h2 class=\"wp-block-heading\">Como a c\u00farcuma \u00e9 usada no dia a dia e quais cuidados s\u00e3o necess\u00e1rios?<\/h2>\n\n\n\n<p>No dia a dia, a c\u00farcuma em p\u00f3 costuma ser adicionada a receitas salgadas, bebidas e prepara\u00e7\u00f5es diversas, como caldos, sopas, arroz e refogados. Em forma fresca, o rizoma ralado ou fatiado \u00e9 utilizado em ch\u00e1s e pratos culin\u00e1rios, podendo tamb\u00e9m ser incorporado a pastas e marinadas.<\/p>\n\n\n\n<p>Apesar do interesse em seu potencial efeito anti-inflamat\u00f3rio, a orienta\u00e7\u00e3o de especialistas destaca que o consumo n\u00e3o substitui tratamentos m\u00e9dicos e que a quantidade e a forma de ingest\u00e3o precisam ser avaliadas de forma individualizada. Pessoas com doen\u00e7as pr\u00e9-existentes, uso cont\u00ednuo de medicamentos ou gestantes devem sempre consultar um profissional de sa\u00fade antes de aumentar o consumo.<\/p>\n\n\n<div class=\"wp-block-image\">\n<figure class=\"aligncenter size-large\"><img decoding=\"async\" width=\"1024\" height=\"576\" src=\"https:\/\/www.correiobraziliense.com.br\/cbradar\/wp-content\/uploads\/2025\/11\/curcuma-_1763046017460-1024x576.jpg\" alt=\"\" class=\"wp-image-136734\" srcset=\"https:\/\/www.correiobraziliense.com.br\/cbradar\/wp-content\/uploads\/2025\/11\/curcuma-_1763046017460-1024x576.jpg 1024w, https:\/\/www.correiobraziliense.com.br\/cbradar\/wp-content\/uploads\/2025\/11\/curcuma-_1763046017460-300x169.jpg 300w, https:\/\/www.correiobraziliense.com.br\/cbradar\/wp-content\/uploads\/2025\/11\/curcuma-_1763046017460-768x432.jpg 768w, https:\/\/www.correiobraziliense.com.br\/cbradar\/wp-content\/uploads\/2025\/11\/curcuma-_1763046017460-750x422.jpg 750w, https:\/\/www.correiobraziliense.com.br\/cbradar\/wp-content\/uploads\/2025\/11\/curcuma-_1763046017460-1140x641.jpg 1140w, https:\/\/www.correiobraziliense.com.br\/cbradar\/wp-content\/uploads\/2025\/11\/curcuma-_1763046017460.jpg 1280w\" sizes=\"(max-width: 1024px) 100vw, 1024px\" \/><figcaption class=\"wp-element-caption\">Adicionar c\u00farcuma a sucos verdes ou de frutas, enriquecendo o valor nutricional &#8211; Cr\u00e9ditos: depositphotos.com \/ sommaill<\/figcaption><\/figure><\/div>\n\n\n<p>Leia tamb\u00e9m:&nbsp;<a href=\"https:\/\/www.correiobraziliense.com.br\/cbradar\/a-fruta-tropical-com-efeitos-calmantes-que-fortalece-o-sistema-imunologico-e-rica-em-magnesio-e-facil-de-plantar\/\" target=\"_blank\" rel=\"noopener\">A fruta tropical com efeitos calmantes que fortalece o sistema imunol\u00f3gico, \u00e9 rica em magn\u00e9sio e f\u00e1cil de plantar<\/a><\/p>\n\n\n\n<h2 class=\"wp-block-heading\">Por que investir em cultivo caseiro de c\u00farcuma?<\/h2>\n\n\n\n<p>O cultivo caseiro de c\u00farcuma permite acesso ao rizoma fresco, o que desperta aten\u00e7\u00e3o de pessoas interessadas em hortas urbanas, agricultura familiar e produ\u00e7\u00e3o org\u00e2nica. A possibilidade de plantar o pr\u00f3prio a\u00e7afr\u00e3o-da-terra \u00e9 vista como uma forma de ter maior controle sobre o manejo, a aduba\u00e7\u00e3o e a origem do alimento utilizado na cozinha.<\/p>\n\n\n\n<p>Al\u00e9m disso, cultivar a planta em casa pode reduzir custos, incentivar o consumo de alimentos frescos e aproximar a fam\u00edlia de pr\u00e1ticas sustent\u00e1veis. Em pequenos espa\u00e7os, como varandas e quintais, a c\u00farcuma se adapta bem a vasos, integrando projetos de jardins comest\u00edveis e hortas consorciadas com outras esp\u00e9cies.<\/p>\n\n\n\n<h2 class=\"wp-block-heading\">Qual \u00e9 o clima ideal para cultivar c\u00farcuma com sucesso?<\/h2>\n\n\n\n<p>Para quem deseja aprender <strong>como plantar c\u00farcuma<\/strong>, o clima \u00e9 um ponto central. A planta se adapta melhor a regi\u00f5es de clima tropical e subtropical, com temperaturas amenas a quentes, e \u00e9 sens\u00edvel ao frio intenso e \u00e0s geadas que podem danificar os rizomas e reduzir a produtividade.<\/p>\n\n\n\n<p>Em geral, desenvolve-se bem em locais onde a temperatura m\u00e9dia anual se mant\u00e9m entre 20 \u00b0C e 30 \u00b0C, com boa disponibilidade de \u00e1gua, mas sem encharcamento constante. A seguir, uma tabela com informa\u00e7\u00f5es gerais sobre clima ideal para a c\u00farcuma:<\/p>\n\n\n\n<figure class=\"wp-block-table is-style-stripes\"><table class=\"has-vivid-red-color has-text-color has-link-color has-fixed-layout\"><tbody><tr><th>Fator clim\u00e1tico<\/th><th>Condi\u00e7\u00e3o recomendada<\/th><\/tr><tr><td>Temperatura m\u00e9dia<\/td><td>20 \u00b0C a 30 \u00b0C<\/td><\/tr><tr><td>Luz<\/td><td>Meia-sombra ou sol filtrado; pode tolerar sol pleno em regi\u00f5es n\u00e3o muito quentes<\/td><\/tr><tr><td>Chuvas<\/td><td>Boa distribui\u00e7\u00e3o de chuvas ao longo do ciclo, com drenagem eficiente<\/td><\/tr><tr><td>Umidade do ar<\/td><td>M\u00e9dia a alta, t\u00edpica de climas tropicais<\/td><\/tr><tr><td>Frio intenso<\/td><td>Deve ser evitado; geadas podem danificar os rizomas<\/td><\/tr><\/tbody><\/table><\/figure>\n\n\n\n<p>Em regi\u00f5es com invernos mais frios, muitas pessoas optam por cultivar a c\u00farcuma em vasos que possam ser protegidos do frio intenso. Em \u00e1reas quentes e \u00famidas, o desenvolvimento tende a ser mais vigoroso, desde que o solo tenha boa drenagem para evitar doen\u00e7as ligadas ao excesso de \u00e1gua na raiz.<\/p>\n\n\n\n<h2 class=\"wp-block-heading\">Como plantar c\u00farcuma passo a passo em vasos ou canteiros?<\/h2>\n\n\n\n<p>O plantio da c\u00farcuma come\u00e7a pela escolha dos rizomas, que devem estar firmes, sem sinais de apodrecimento ou fungos aparentes. Em seguida, \u00e9 necess\u00e1rio preparar o local de cultivo, seja em vaso ou canteiro, priorizando um substrato leve, f\u00e9rtil, rico em mat\u00e9ria org\u00e2nica e bem drenado para permitir boa forma\u00e7\u00e3o dos rizomas.<\/p>\n\n\n\n<p>Um roteiro simples para plantar c\u00farcuma pode ser organizado em etapas, facilitando o planejamento tanto para iniciantes quanto para produtores mais experientes:<\/p>\n\n\n\n<ol class=\"wp-block-list\">\n<li><strong>Sele\u00e7\u00e3o dos rizomas:<\/strong> escolher peda\u00e7os saud\u00e1veis, com \u201colhos\u201d (brota\u00e7\u00f5es) vis\u00edveis.<\/li>\n\n\n\n<li><strong>Prepara\u00e7\u00e3o do solo:<\/strong> misturar terra com composto org\u00e2nico ou h\u00famus de minhoca, garantindo boa drenagem.<\/li>\n\n\n\n<li><strong>Plantio:<\/strong> enterrar o rizoma a cerca de 5 cm de profundidade, com a parte da brota\u00e7\u00e3o voltada para cima.<\/li>\n\n\n\n<li><strong>Espa\u00e7amento:<\/strong> manter cerca de 30 a 40 cm entre os rizomas em canteiros, para permitir expans\u00e3o.<\/li>\n\n\n\n<li><strong>Rega:<\/strong> manter o solo \u00famido, sem encharcar, principalmente no in\u00edcio da brota\u00e7\u00e3o.<\/li>\n<\/ol>\n\n\n\n<p>Em vasos, \u00e9 comum utilizar recipientes com pelo menos 30 cm de profundidade e furos de drenagem. A c\u00farcuma aprecia uma combina\u00e7\u00e3o de luz e sombra, o que torna a meia-sombra uma condi\u00e7\u00e3o muito usada em hortas dom\u00e9sticas; em locais de sol muito forte, o sombreamento parcial ajuda a evitar que as folhas queimem e prolonga o vigor da planta. Se voc\u00ea gosta de cultivo, separamos esse v\u00eddeo do canal <a href=\"https:\/\/www.youtube.com\/@Al%C3%A9mdahorta\" target=\"_blank\" rel=\"noreferrer noopener\">AL\u00c9M DA HORTA<\/a> ensinando a plantar c\u00farcuma em casa:<\/p>\n\n\n\n<figure class=\"wp-block-embed is-type-video is-provider-youtube wp-block-embed-youtube wp-embed-aspect-16-9 wp-has-aspect-ratio\"><div class=\"wp-block-embed__wrapper\">\n<div class=\"jeg_video_container jeg_video_content\"><iframe loading=\"lazy\" title=\"COMO PLANTAR C\u00daRCUMA?\" width=\"500\" height=\"281\" src=\"https:\/\/www.youtube.com\/embed\/6W5xoH0le1Q?feature=oembed\" frameborder=\"0\" allow=\"accelerometer; autoplay; clipboard-write; encrypted-media; gyroscope; picture-in-picture; web-share\" referrerpolicy=\"strict-origin-when-cross-origin\" allowfullscreen><\/iframe><\/div>\n<\/div><\/figure>\n\n\n\n<h2 class=\"wp-block-heading\">Quais cuidados s\u00e3o importantes no cultivo e na colheita da c\u00farcuma?<\/h2>\n\n\n\n<p>Durante o ciclo de crescimento, alguns cuidados b\u00e1sicos contribuem para o sucesso do plantio e para a qualidade final dos rizomas. A aduba\u00e7\u00e3o org\u00e2nica peri\u00f3dica, a retirada de plantas invasoras e a observa\u00e7\u00e3o de sinais de pragas ou doen\u00e7as fazem parte da rotina de manejo, especialmente em per\u00edodos de muita chuva.<\/p>\n\n\n\n<p>Entre os cuidados importantes est\u00e3o a\u00e7\u00f5es simples que reduzem perdas e mant\u00eam o solo saud\u00e1vel ao longo dos ciclos de plantio:<\/p>\n\n\n\n<ul class=\"wp-block-list\">\n<li>Evitar encharcamento constante do solo, especialmente em per\u00edodos de chuva intensa.<\/li>\n\n\n\n<li>Manter uma camada de cobertura morta (palhada) sobre o solo para conservar a umidade.<\/li>\n\n\n\n<li>Observar o amarelamento natural das folhas, que costuma indicar proximidade da colheita.<\/li>\n\n\n\n<li>Fazer rota\u00e7\u00e3o de culturas em canteiros, reduzindo risco de pragas recorrentes.<\/li>\n<\/ul>\n\n\n\n<p>A colheita geralmente ocorre entre 8 e 12 meses ap\u00f3s o plantio, dependendo das condi\u00e7\u00f5es de clima e manejo adotadas. Quando as folhas come\u00e7am a secar, \u00e9 um sinal de que os rizomas j\u00e1 atingiram um bom desenvolvimento; ap\u00f3s retirar os rizomas da terra, recomenda-se uma limpeza cuidadosa, seguida de secagem em local arejado, antes de armazenar ou processar para uso culin\u00e1rio.<\/p>\n","protected":false},"excerpt":{"rendered":"<p>A c\u00farcuma, tamb\u00e9m conhecida como a\u00e7afr\u00e3o-da-terra, tem ganhado espa\u00e7o em hortas dom\u00e9sticas e propriedades rurais por reunir duas caracter\u00edsticas valorizadas: a poss\u00edvel a\u00e7\u00e3o anti-inflamat\u00f3ria do rizoma e a relativa facilidade de cultivo em regi\u00f5es de clima quente. O interesse crescente pelo plantio dessa esp\u00e9cie levou muitos produtores amadores e profissionais a buscar informa\u00e7\u00f5es pr\u00e1ticas sobre [&hellip;]<\/p>\n","protected":false},"author":9,"featured_media":179664,"comment_status":"open","ping_status":"open","sticky":false,"template":"","format":"standard","meta":{"_yoast_wpseo_focuskw":"plantar c\u00farcuma","_yoast_wpseo_title":"","_yoast_wpseo_metadesc":"Raiz de cor intensa, f\u00e1cil de plantar em clima quente e usada no dia a dia, cresce em solo drenado e rende boa colheita.","jnews-multi-image_gallery":[],"jnews_single_post":{"format":"standard"},"jnews_primary_category":[],"jnews_social_meta":[],"jnews_override_counter":[],"footnotes":""},"categories":[119,136],"tags":[14319,6021,14318],"class_list":["post-179506","post","type-post","status-publish","format-standard","has-post-thumbnail","hentry","category-bem-estar","category-jardinagem","tag-cultivo-de-curcuma","tag-curcuma","tag-plantar-curcuma"],"yoast_head":"<!-- This site is optimized with the Yoast SEO plugin v24.6 - https:\/\/yoast.com\/wordpress\/plugins\/seo\/ -->\n<title>A raiz de cor intensa que virou aliada natural e se multiplica f\u00e1cil em hortas caseiras - Correio Braziliense - Radar<\/title>\n<meta name=\"description\" content=\"Raiz de cor intensa, f\u00e1cil de plantar em clima quente e usada no dia a dia, cresce em solo drenado e rende boa colheita.\" \/>\n<meta name=\"robots\" content=\"index, follow, max-snippet:-1, max-image-preview:large, max-video-preview:-1\" \/>\n<link rel=\"canonical\" href=\"https:\/\/www.correiobraziliense.com.br\/cbradar\/a-raiz-de-cor-intensa-que-virou-aliada-natural-e-se-multiplica-facil-em-hortas-caseiras\/\" \/>\n<meta property=\"og:locale\" content=\"pt_BR\" \/>\n<meta property=\"og:type\" content=\"article\" \/>\n<meta property=\"og:title\" content=\"A raiz de cor intensa que virou aliada natural e se multiplica f\u00e1cil em hortas caseiras - Correio Braziliense - Radar\" \/>\n<meta property=\"og:description\" content=\"Raiz de cor intensa, f\u00e1cil de plantar em clima quente e usada no dia a dia, cresce em solo drenado e rende boa colheita.\" \/>\n<meta property=\"og:url\" content=\"https:\/\/www.correiobraziliense.com.br\/cbradar\/a-raiz-de-cor-intensa-que-virou-aliada-natural-e-se-multiplica-facil-em-hortas-caseiras\/\" \/>\n<meta property=\"og:site_name\" content=\"Correio Braziliense - Radar\" \/>\n<meta property=\"article:published_time\" content=\"2026-01-23T15:55:36+00:00\" \/>\n<meta property=\"og:image\" content=\"https:\/\/www.correiobraziliense.com.br\/cbradar\/wp-content\/uploads\/2026\/01\/freepik__imagem-realista-da-crcuma__206.jpeg\" \/>\n\t<meta property=\"og:image:width\" content=\"1280\" \/>\n\t<meta property=\"og:image:height\" content=\"720\" \/>\n\t<meta property=\"og:image:type\" content=\"image\/jpeg\" \/>\n<meta name=\"author\" content=\"Daniely Cardoso\" \/>\n<meta name=\"twitter:card\" content=\"summary_large_image\" \/>\n<meta name=\"twitter:label1\" content=\"Escrito por\" \/>\n\t<meta name=\"twitter:data1\" content=\"Daniely Cardoso\" \/>\n\t<meta name=\"twitter:label2\" content=\"Est. tempo de leitura\" \/>\n\t<meta name=\"twitter:data2\" content=\"6 minutos\" \/>\n<!-- \/ Yoast SEO plugin. -->","yoast_head_json":{"title":"A raiz de cor intensa que virou aliada natural e se multiplica f\u00e1cil em hortas caseiras - Correio Braziliense - Radar","description":"Raiz de cor intensa, f\u00e1cil de plantar em clima quente e usada no dia a dia, cresce em solo drenado e rende boa colheita.","robots":{"index":"index","follow":"follow","max-snippet":"max-snippet:-1","max-image-preview":"max-image-preview:large","max-video-preview":"max-video-preview:-1"},"canonical":"https:\/\/www.correiobraziliense.com.br\/cbradar\/a-raiz-de-cor-intensa-que-virou-aliada-natural-e-se-multiplica-facil-em-hortas-caseiras\/","og_locale":"pt_BR","og_type":"article","og_title":"A raiz de cor intensa que virou aliada natural e se multiplica f\u00e1cil em hortas caseiras - Correio Braziliense - Radar","og_description":"Raiz de cor intensa, f\u00e1cil de plantar em clima quente e usada no dia a dia, cresce em solo drenado e rende boa colheita.","og_url":"https:\/\/www.correiobraziliense.com.br\/cbradar\/a-raiz-de-cor-intensa-que-virou-aliada-natural-e-se-multiplica-facil-em-hortas-caseiras\/","og_site_name":"Correio Braziliense - Radar","article_published_time":"2026-01-23T15:55:36+00:00","og_image":[{"width":1280,"height":720,"url":"https:\/\/www.correiobraziliense.com.br\/cbradar\/wp-content\/uploads\/2026\/01\/freepik__imagem-realista-da-crcuma__206.jpeg","type":"image\/jpeg"}],"author":"Daniely Cardoso","twitter_card":"summary_large_image","twitter_misc":{"Escrito por":"Daniely Cardoso","Est. tempo de leitura":"6 minutos"},"schema":{"@context":"https:\/\/schema.org","@graph":[{"@type":"WebPage","@id":"https:\/\/www.correiobraziliense.com.br\/cbradar\/a-raiz-de-cor-intensa-que-virou-aliada-natural-e-se-multiplica-facil-em-hortas-caseiras\/","url":"https:\/\/www.correiobraziliense.com.br\/cbradar\/a-raiz-de-cor-intensa-que-virou-aliada-natural-e-se-multiplica-facil-em-hortas-caseiras\/","name":"A raiz de cor intensa que virou aliada natural e se multiplica f\u00e1cil em hortas caseiras - Correio Braziliense - Radar","isPartOf":{"@id":"https:\/\/www.correiobraziliense.com.br\/cbradar\/#website"},"primaryImageOfPage":{"@id":"https:\/\/www.correiobraziliense.com.br\/cbradar\/a-raiz-de-cor-intensa-que-virou-aliada-natural-e-se-multiplica-facil-em-hortas-caseiras\/#primaryimage"},"image":{"@id":"https:\/\/www.correiobraziliense.com.br\/cbradar\/a-raiz-de-cor-intensa-que-virou-aliada-natural-e-se-multiplica-facil-em-hortas-caseiras\/#primaryimage"},"thumbnailUrl":"https:\/\/www.correiobraziliense.com.br\/cbradar\/wp-content\/uploads\/2026\/01\/freepik__imagem-realista-da-crcuma__206.jpeg","datePublished":"2026-01-23T15:55:36+00:00","author":{"@id":"https:\/\/www.correiobraziliense.com.br\/cbradar\/#\/schema\/person\/7356666e12ec0ee53f348ee5db227032"},"description":"Raiz de cor intensa, f\u00e1cil de plantar em clima quente e usada no dia a dia, cresce em solo drenado e rende boa colheita.","breadcrumb":{"@id":"https:\/\/www.correiobraziliense.com.br\/cbradar\/a-raiz-de-cor-intensa-que-virou-aliada-natural-e-se-multiplica-facil-em-hortas-caseiras\/#breadcrumb"},"inLanguage":"pt-BR","potentialAction":[{"@type":"ReadAction","target":["https:\/\/www.correiobraziliense.com.br\/cbradar\/a-raiz-de-cor-intensa-que-virou-aliada-natural-e-se-multiplica-facil-em-hortas-caseiras\/"]}]},{"@type":"ImageObject","inLanguage":"pt-BR","@id":"https:\/\/www.correiobraziliense.com.br\/cbradar\/a-raiz-de-cor-intensa-que-virou-aliada-natural-e-se-multiplica-facil-em-hortas-caseiras\/#primaryimage","url":"https:\/\/www.correiobraziliense.com.br\/cbradar\/wp-content\/uploads\/2026\/01\/freepik__imagem-realista-da-crcuma__206.jpeg","contentUrl":"https:\/\/www.correiobraziliense.com.br\/cbradar\/wp-content\/uploads\/2026\/01\/freepik__imagem-realista-da-crcuma__206.jpeg","width":1280,"height":720,"caption":"Rizoma de c\u00farcuma possui compostos com potencial anti-inflamat\u00f3rio"},{"@type":"BreadcrumbList","@id":"https:\/\/www.correiobraziliense.com.br\/cbradar\/a-raiz-de-cor-intensa-que-virou-aliada-natural-e-se-multiplica-facil-em-hortas-caseiras\/#breadcrumb","itemListElement":[{"@type":"ListItem","position":1,"name":"In\u00edcio","item":"https:\/\/www.correiobraziliense.com.br\/cbradar\/"},{"@type":"ListItem","position":2,"name":"A raiz de cor intensa que virou aliada natural e se multiplica f\u00e1cil em hortas caseiras"}]},{"@type":"WebSite","@id":"https:\/\/www.correiobraziliense.com.br\/cbradar\/#website","url":"https:\/\/www.correiobraziliense.com.br\/cbradar\/","name":"Correio Braziliense - Radar","description":"Acompanhe as \u00faltimas not\u00edcias e fique bem informado sobre tudo o que acontece no Brasil e no mundo.","potentialAction":[{"@type":"SearchAction","target":{"@type":"EntryPoint","urlTemplate":"https:\/\/www.correiobraziliense.com.br\/cbradar\/?s={search_term_string}"},"query-input":{"@type":"PropertyValueSpecification","valueRequired":true,"valueName":"search_term_string"}}],"inLanguage":"pt-BR"},{"@type":"Person","@id":"https:\/\/www.correiobraziliense.com.br\/cbradar\/#\/schema\/person\/7356666e12ec0ee53f348ee5db227032","name":"Daniely Cardoso","image":{"@type":"ImageObject","inLanguage":"pt-BR","@id":"https:\/\/www.correiobraziliense.com.br\/cbradar\/#\/schema\/person\/image\/","url":"https:\/\/secure.gravatar.com\/avatar\/4b80ddbd124d1f071b626d52d62e5dff?s=96&d=mm&r=g","contentUrl":"https:\/\/secure.gravatar.com\/avatar\/4b80ddbd124d1f071b626d52d62e5dff?s=96&d=mm&r=g","caption":"Daniely Cardoso"},"description":"Redatora nos portais CB Radar e EM Foco, formada pela Universidade Federal de Goi\u00e1s, em Goi\u00e2nia. Apaixonada por comunica\u00e7\u00e3o, arte, decora\u00e7\u00e3o e tend\u00eancias, atuo na produ\u00e7\u00e3o de conte\u00fados envolventes sobre curiosidades, moda, beleza e paisagismo, sempre com um olhar atento \u00e0s novidades do momento.","sameAs":["https:\/\/www.correiobraziliense.com.br\/cbradar"],"url":"https:\/\/www.correiobraziliense.com.br\/cbradar\/author\/danielymyth\/"}]}},"_links":{"self":[{"href":"https:\/\/www.correiobraziliense.com.br\/cbradar\/wp-json\/wp\/v2\/posts\/179506","targetHints":{"allow":["GET"]}}],"collection":[{"href":"https:\/\/www.correiobraziliense.com.br\/cbradar\/wp-json\/wp\/v2\/posts"}],"about":[{"href":"https:\/\/www.correiobraziliense.com.br\/cbradar\/wp-json\/wp\/v2\/types\/post"}],"author":[{"embeddable":true,"href":"https:\/\/www.correiobraziliense.com.br\/cbradar\/wp-json\/wp\/v2\/users\/9"}],"replies":[{"embeddable":true,"href":"https:\/\/www.correiobraziliense.com.br\/cbradar\/wp-json\/wp\/v2\/comments?post=179506"}],"version-history":[{"count":2,"href":"https:\/\/www.correiobraziliense.com.br\/cbradar\/wp-json\/wp\/v2\/posts\/179506\/revisions"}],"predecessor-version":[{"id":179514,"href":"https:\/\/www.correiobraziliense.com.br\/cbradar\/wp-json\/wp\/v2\/posts\/179506\/revisions\/179514"}],"wp:featuredmedia":[{"embeddable":true,"href":"https:\/\/www.correiobraziliense.com.br\/cbradar\/wp-json\/wp\/v2\/media\/179664"}],"wp:attachment":[{"href":"https:\/\/www.correiobraziliense.com.br\/cbradar\/wp-json\/wp\/v2\/media?parent=179506"}],"wp:term":[{"taxonomy":"category","embeddable":true,"href":"https:\/\/www.correiobraziliense.com.br\/cbradar\/wp-json\/wp\/v2\/categories?post=179506"},{"taxonomy":"post_tag","embeddable":true,"href":"https:\/\/www.correiobraziliense.com.br\/cbradar\/wp-json\/wp\/v2\/tags?post=179506"}],"curies":[{"name":"wp","href":"https:\/\/api.w.org\/{rel}","templated":true}]}}