{"id":179507,"date":"2026-01-23T16:25:41","date_gmt":"2026-01-23T19:25:41","guid":{"rendered":"https:\/\/www.correiobraziliense.com.br\/cbradar\/?p=179507"},"modified":"2026-01-22T16:02:27","modified_gmt":"2026-01-22T19:02:27","slug":"o-vegetal-crocante-que-muita-gente-usa-para-leveza-e-que-se-multiplica-sem-esforco-no-calor","status":"publish","type":"post","link":"https:\/\/www.correiobraziliense.com.br\/cbradar\/o-vegetal-crocante-que-muita-gente-usa-para-leveza-e-que-se-multiplica-sem-esforco-no-calor\/","title":{"rendered":"O vegetal crocante que muita gente usa para leveza e que se multiplica sem esfor\u00e7o no calor"},"content":{"rendered":"\n<p>O maxixe \u00e9 um fruto muito presente em hortas dom\u00e9sticas no <strong>Brasil<\/strong> e costuma ser lembrado tanto pelo sabor quanto pelo seu poss\u00edvel <strong>efeito diur\u00e9tico<\/strong>. Al\u00e9m de aparecer em preparos culin\u00e1rios, esse legume \u00e9 frequentemente citado em conversas sobre alimenta\u00e7\u00e3o leve e hidrata\u00e7\u00e3o do organismo, despertando interesse em entender como funciona essa a\u00e7\u00e3o no corpo e, principalmente, como plantar maxixe em casa com cuidados simples.<\/p>\n\n\n\n<h2 class=\"wp-block-heading\">Maxixe tem efeito diur\u00e9tico natural?<\/h2>\n\n\n\n<p>O maxixe \u00e9 composto em grande parte por \u00e1gua e cont\u00e9m sais minerais, como pot\u00e1ssio e magn\u00e9sio, al\u00e9m de pequenas quantidades de fibras. Essa combina\u00e7\u00e3o \u00e9 frequentemente associada a um prov\u00e1vel <strong>efeito diur\u00e9tico natural<\/strong>, pois a ingest\u00e3o de \u00e1gua e determinados minerais contribui para o funcionamento dos rins e para o equil\u00edbrio de l\u00edquidos no organismo.<\/p>\n\n\n\n<p>Alimentos com alto teor de \u00e1gua, como maxixe, pepino e melancia, tendem a favorecer uma maior produ\u00e7\u00e3o de urina quando consumidos junto de uma boa hidrata\u00e7\u00e3o di\u00e1ria. No entanto, o consumo isolado n\u00e3o substitui orienta\u00e7\u00f5es m\u00e9dicas ou tratamentos espec\u00edficos, funcionando como coadjuvante em uma rotina alimentar leve, variada e rica em vegetais frescos.<\/p>\n\n\n<div class=\"wp-block-image\">\n<figure class=\"aligncenter size-large\"><img decoding=\"async\" width=\"1024\" height=\"576\" src=\"https:\/\/www.correiobraziliense.com.br\/cbradar\/wp-content\/uploads\/2026\/01\/Gemini_Generated_Image_abycyuabycyuabyc-1-1024x576.png\" alt=\"O alimento leve e diur\u00e9tico que ajuda no incha\u00e7o e ainda apoia a sa\u00fade do cora\u00e7\u00e3o\" class=\"wp-image-169872\" srcset=\"https:\/\/www.correiobraziliense.com.br\/cbradar\/wp-content\/uploads\/2026\/01\/Gemini_Generated_Image_abycyuabycyuabyc-1-1024x576.png 1024w, https:\/\/www.correiobraziliense.com.br\/cbradar\/wp-content\/uploads\/2026\/01\/Gemini_Generated_Image_abycyuabycyuabyc-1-300x169.png 300w, https:\/\/www.correiobraziliense.com.br\/cbradar\/wp-content\/uploads\/2026\/01\/Gemini_Generated_Image_abycyuabycyuabyc-1-768x432.png 768w, https:\/\/www.correiobraziliense.com.br\/cbradar\/wp-content\/uploads\/2026\/01\/Gemini_Generated_Image_abycyuabycyuabyc-1-750x422.png 750w, https:\/\/www.correiobraziliense.com.br\/cbradar\/wp-content\/uploads\/2026\/01\/Gemini_Generated_Image_abycyuabycyuabyc-1-1140x641.png 1140w, https:\/\/www.correiobraziliense.com.br\/cbradar\/wp-content\/uploads\/2026\/01\/Gemini_Generated_Image_abycyuabycyuabyc-1.png 1280w\" sizes=\"(max-width: 1024px) 100vw, 1024px\" \/><figcaption class=\"wp-element-caption\">A proposta costuma envolver o uso regular do alimento como parte de uma rotina saud\u00e1vel<\/figcaption><\/figure><\/div>\n\n\n<p>Leia tamb\u00e9m:&nbsp;<a href=\"https:\/\/www.correiobraziliense.com.br\/cbradar\/a-fruta-tropical-com-efeitos-calmantes-que-fortalece-o-sistema-imunologico-e-rica-em-magnesio-e-facil-de-plantar\/\" target=\"_blank\" rel=\"noopener\">A fruta tropical com efeitos calmantes que fortalece o sistema imunol\u00f3gico, \u00e9 rica em magn\u00e9sio e f\u00e1cil de plantar<\/a><\/p>\n\n\n\n<h2 class=\"wp-block-heading\">Como plantar maxixe em casa com passos simples<\/h2>\n\n\n\n<p>O cultivo de maxixe \u00e9 considerado relativamente f\u00e1cil, o que favorece sua presen\u00e7a em hortas caseiras, at\u00e9 mesmo em pequenos espa\u00e7os. A planta \u00e9 trepadeira e tende a se espalhar rapidamente, por isso a organiza\u00e7\u00e3o do espa\u00e7o, com canteiros bem planejados ou estruturas de apoio, \u00e9 um ponto importante.<\/p>\n\n\n\n<p>Para iniciar o plantio, a etapa das sementes \u00e9 fundamental e alguns cuidados b\u00e1sicos aumentam muito as chances de sucesso. Em geral, s\u00e3o observados os seguintes passos para come\u00e7ar o cultivo de forma pr\u00e1tica:<\/p>\n\n\n\n<ol class=\"wp-block-list\">\n<li><strong>Sele\u00e7\u00e3o das sementes<\/strong>: escolher sementes de maxixe de boa proced\u00eancia, preferencialmente de fornecedores confi\u00e1veis ou de frutos bem formados.<\/li>\n\n\n\n<li><strong>Preparo do solo<\/strong>: deixar a terra fofa, bem drenada e enriquecida com mat\u00e9ria org\u00e2nica, como composto ou esterco bem curtido.<\/li>\n\n\n\n<li><strong>Semeadura<\/strong>: colocar de 2 a 3 sementes por cova, a cerca de 2 a 3 cm de profundidade, mantendo dist\u00e2ncia adequada entre os pontos de plantio.<\/li>\n\n\n\n<li><strong>Irriga\u00e7\u00e3o inicial<\/strong>: regar com cuidado para manter o solo \u00famido, sem encharcar, favorecendo a germina\u00e7\u00e3o.<\/li>\n\n\n\n<li><strong>Desbaste<\/strong>: ap\u00f3s a germina\u00e7\u00e3o, manter a muda mais vigorosa em cada cova e retirar as demais.<\/li>\n<\/ol>\n\n\n\n<h2 class=\"wp-block-heading\">Qual \u00e9 o clima ideal para cultivar maxixe<\/h2>\n\n\n\n<p>O maxixe se adapta melhor a <strong>clima quente ou ameno<\/strong>, com boa incid\u00eancia de sol ao longo do dia e pouca exposi\u00e7\u00e3o a frios intensos. Em grande parte do territ\u00f3rio brasileiro, as condi\u00e7\u00f5es naturais favorecem o plantio durante quase todo o ano, desde que n\u00e3o haja geadas ou mudan\u00e7as bruscas de temperatura.<\/p>\n\n\n\n<p>Horas de luz direta s\u00e3o importantes para a flora\u00e7\u00e3o e a frutifica\u00e7\u00e3o, garantindo plantas mais produtivas. Em regi\u00f5es com esta\u00e7\u00f5es mais marcadas, prioriza-se a primavera e o ver\u00e3o, enquanto em \u00e1reas tropicais o plantio pode ser mais cont\u00ednuo, com ajustes conforme o regime de chuvas e a ventila\u00e7\u00e3o do local.<\/p>\n\n\n\n<figure class=\"wp-block-table\"><table class=\"has-fixed-layout\"><tbody><tr><th>Fator<\/th><th>Condi\u00e7\u00e3o recomendada<\/th><\/tr><tr><td>Temperatura m\u00e9dia<\/td><td>Entre 20 \u00b0C e 30 \u00b0C<\/td><\/tr><tr><td>Exposi\u00e7\u00e3o ao sol<\/td><td>Sol pleno (m\u00ednimo de 4 a 6 horas di\u00e1rias)<\/td><\/tr><tr><td>Umidade do solo<\/td><td>\u00damido, por\u00e9m bem drenado, sem encharcamento<\/td><\/tr><tr><td>\u00c9poca de plantio comum<\/td><td>Primavera e ver\u00e3o, ou per\u00edodos quentes em regi\u00f5es tropicais<\/td><\/tr><\/tbody><\/table><\/figure>\n\n\n\n<h2 class=\"wp-block-heading\">Quais cuidados extras ter no cultivo e na colheita<\/h2>\n\n\n\n<p>Ao longo do ciclo, o maxixe pode atrair pragas comuns de hortas, como insetos que atacam folhas e frutos, al\u00e9m de doen\u00e7as ligadas ao excesso de umidade. A inspe\u00e7\u00e3o frequente das plantas e uma boa ventila\u00e7\u00e3o entre as ramas ajudam a identificar danos no in\u00edcio e reduzem problemas, permitindo interven\u00e7\u00f5es simples e mais naturais. Se voc\u00ea gosta de cultivo, separamos esse v\u00eddeo do canal <a href=\"https:\/\/www.youtube.com\/@PlantandoEmCasaComMarcos\" target=\"_blank\" rel=\"noreferrer noopener\">Plantando Em Casa Com Marcos<\/a> ensinando a plantar maxixe em casa:<\/p>\n\n\n\n<figure class=\"wp-block-embed is-type-video is-provider-youtube wp-block-embed-youtube wp-embed-aspect-16-9 wp-has-aspect-ratio\"><div class=\"wp-block-embed__wrapper\">\n<div class=\"jeg_video_container jeg_video_content\"><iframe loading=\"lazy\" title=\"Como plantar MAXIXE em vaso Passo a passo para iniciantes #maxixeemvaso\" width=\"500\" height=\"281\" src=\"https:\/\/www.youtube.com\/embed\/5NwSEOoeUwA?feature=oembed\" frameborder=\"0\" allow=\"accelerometer; autoplay; clipboard-write; encrypted-media; gyroscope; picture-in-picture; web-share\" referrerpolicy=\"strict-origin-when-cross-origin\" allowfullscreen><\/iframe><\/div>\n<\/div><\/figure>\n\n\n\n<p>Na hora da colheita, o maxixe \u00e9 geralmente retirado ainda jovem, com casca macia e textura firme, fase em que o sabor costuma ser mais suave. Para facilitar o manejo di\u00e1rio, vale adotar alguns cuidados pr\u00e1ticos que ajudam a preservar a planta e a qualidade dos frutos:<\/p>\n\n\n\n<ul class=\"wp-block-list\">\n<li>Colher com cuidado para n\u00e3o danificar a planta e estimular novas floradas.<\/li>\n\n\n\n<li>Armazenar em local fresco por poucos dias, priorizando o consumo r\u00e1pido.<\/li>\n\n\n\n<li>Registrar o tempo de desenvolvimento, da semeadura \u00e0 colheita, para ajustar o manejo em pr\u00f3ximos ciclos.<\/li>\n\n\n\n<li>Manter o solo coberto com palha para conservar a umidade e reduzir o surgimento de plantas daninhas.<\/li>\n<\/ul>\n\n\n\n<p>Dessa forma, o maxixe se apresenta como um alimento simples de incluir no dia a dia e relativamente f\u00e1cil de cultivar. Entre o interesse pelo poss\u00edvel efeito diur\u00e9tico e a vontade de manter uma horta ativa, essa planta re\u00fane caracter\u00edsticas que costumam atrair quem busca mais contato com alimentos frescos e colhidos diretamente do pr\u00f3prio quintal.<\/p>\n","protected":false},"excerpt":{"rendered":"<p>O maxixe \u00e9 um fruto muito presente em hortas dom\u00e9sticas no Brasil e costuma ser lembrado tanto pelo sabor quanto pelo seu poss\u00edvel efeito diur\u00e9tico. Al\u00e9m de aparecer em preparos culin\u00e1rios, esse legume \u00e9 frequentemente citado em conversas sobre alimenta\u00e7\u00e3o leve e hidrata\u00e7\u00e3o do organismo, despertando interesse em entender como funciona essa a\u00e7\u00e3o no corpo [&hellip;]<\/p>\n","protected":false},"author":9,"featured_media":179687,"comment_status":"open","ping_status":"open","sticky":false,"template":"","format":"standard","meta":{"_yoast_wpseo_focuskw":"plantar maxixe","_yoast_wpseo_title":"","_yoast_wpseo_metadesc":"Fruto leve e f\u00e1cil de plantar em clima quente, cresce r\u00e1pido em solo f\u00e9rtil e rende colheitas jovens com sabor suave.","jnews-multi-image_gallery":[],"jnews_single_post":{"format":"standard"},"jnews_primary_category":[],"jnews_social_meta":[],"jnews_override_counter":[],"footnotes":""},"categories":[119,136],"tags":[5141,1395,6421],"class_list":["post-179507","post","type-post","status-publish","format-standard","has-post-thumbnail","hentry","category-bem-estar","category-jardinagem","tag-cultivo-de-maxixe","tag-maxixe","tag-plantar-maxixe"],"yoast_head":"<!-- This site is optimized with the Yoast SEO plugin v24.6 - https:\/\/yoast.com\/wordpress\/plugins\/seo\/ -->\n<title>O vegetal crocante que muita gente usa para leveza e que se multiplica sem esfor\u00e7o no calor - Correio Braziliense - Radar<\/title>\n<meta name=\"description\" content=\"Fruto leve e f\u00e1cil de plantar em clima quente, cresce r\u00e1pido em solo f\u00e9rtil e rende colheitas jovens com sabor suave.\" \/>\n<meta name=\"robots\" content=\"index, follow, max-snippet:-1, max-image-preview:large, max-video-preview:-1\" \/>\n<link rel=\"canonical\" href=\"https:\/\/www.correiobraziliense.com.br\/cbradar\/o-vegetal-crocante-que-muita-gente-usa-para-leveza-e-que-se-multiplica-sem-esforco-no-calor\/\" \/>\n<meta property=\"og:locale\" content=\"pt_BR\" \/>\n<meta property=\"og:type\" content=\"article\" \/>\n<meta property=\"og:title\" content=\"O vegetal crocante que muita gente usa para leveza e que se multiplica sem esfor\u00e7o no calor - Correio Braziliense - Radar\" \/>\n<meta property=\"og:description\" content=\"Fruto leve e f\u00e1cil de plantar em clima quente, cresce r\u00e1pido em solo f\u00e9rtil e rende colheitas jovens com sabor suave.\" \/>\n<meta property=\"og:url\" content=\"https:\/\/www.correiobraziliense.com.br\/cbradar\/o-vegetal-crocante-que-muita-gente-usa-para-leveza-e-que-se-multiplica-sem-esforco-no-calor\/\" \/>\n<meta property=\"og:site_name\" content=\"Correio Braziliense - Radar\" \/>\n<meta property=\"article:published_time\" content=\"2026-01-23T19:25:41+00:00\" \/>\n<meta property=\"og:image\" content=\"https:\/\/www.correiobraziliense.com.br\/cbradar\/wp-content\/uploads\/2026\/01\/freepik__imagem-realista-do-vegetal-maxixe-img1-img2-img3__216.jpeg\" \/>\n\t<meta property=\"og:image:width\" content=\"1280\" \/>\n\t<meta property=\"og:image:height\" content=\"720\" \/>\n\t<meta property=\"og:image:type\" content=\"image\/jpeg\" \/>\n<meta name=\"author\" content=\"Daniely Cardoso\" \/>\n<meta name=\"twitter:card\" content=\"summary_large_image\" \/>\n<meta name=\"twitter:label1\" content=\"Escrito por\" \/>\n\t<meta name=\"twitter:data1\" content=\"Daniely Cardoso\" \/>\n\t<meta name=\"twitter:label2\" content=\"Est. tempo de leitura\" \/>\n\t<meta name=\"twitter:data2\" content=\"5 minutos\" \/>\n<!-- \/ Yoast SEO plugin. -->","yoast_head_json":{"title":"O vegetal crocante que muita gente usa para leveza e que se multiplica sem esfor\u00e7o no calor - Correio Braziliense - Radar","description":"Fruto leve e f\u00e1cil de plantar em clima quente, cresce r\u00e1pido em solo f\u00e9rtil e rende colheitas jovens com sabor suave.","robots":{"index":"index","follow":"follow","max-snippet":"max-snippet:-1","max-image-preview":"max-image-preview:large","max-video-preview":"max-video-preview:-1"},"canonical":"https:\/\/www.correiobraziliense.com.br\/cbradar\/o-vegetal-crocante-que-muita-gente-usa-para-leveza-e-que-se-multiplica-sem-esforco-no-calor\/","og_locale":"pt_BR","og_type":"article","og_title":"O vegetal crocante que muita gente usa para leveza e que se multiplica sem esfor\u00e7o no calor - Correio Braziliense - Radar","og_description":"Fruto leve e f\u00e1cil de plantar em clima quente, cresce r\u00e1pido em solo f\u00e9rtil e rende colheitas jovens com sabor suave.","og_url":"https:\/\/www.correiobraziliense.com.br\/cbradar\/o-vegetal-crocante-que-muita-gente-usa-para-leveza-e-que-se-multiplica-sem-esforco-no-calor\/","og_site_name":"Correio Braziliense - Radar","article_published_time":"2026-01-23T19:25:41+00:00","og_image":[{"width":1280,"height":720,"url":"https:\/\/www.correiobraziliense.com.br\/cbradar\/wp-content\/uploads\/2026\/01\/freepik__imagem-realista-do-vegetal-maxixe-img1-img2-img3__216.jpeg","type":"image\/jpeg"}],"author":"Daniely Cardoso","twitter_card":"summary_large_image","twitter_misc":{"Escrito por":"Daniely Cardoso","Est. tempo de leitura":"5 minutos"},"schema":{"@context":"https:\/\/schema.org","@graph":[{"@type":"WebPage","@id":"https:\/\/www.correiobraziliense.com.br\/cbradar\/o-vegetal-crocante-que-muita-gente-usa-para-leveza-e-que-se-multiplica-sem-esforco-no-calor\/","url":"https:\/\/www.correiobraziliense.com.br\/cbradar\/o-vegetal-crocante-que-muita-gente-usa-para-leveza-e-que-se-multiplica-sem-esforco-no-calor\/","name":"O vegetal crocante que muita gente usa para leveza e que se multiplica sem esfor\u00e7o no calor - Correio Braziliense - Radar","isPartOf":{"@id":"https:\/\/www.correiobraziliense.com.br\/cbradar\/#website"},"primaryImageOfPage":{"@id":"https:\/\/www.correiobraziliense.com.br\/cbradar\/o-vegetal-crocante-que-muita-gente-usa-para-leveza-e-que-se-multiplica-sem-esforco-no-calor\/#primaryimage"},"image":{"@id":"https:\/\/www.correiobraziliense.com.br\/cbradar\/o-vegetal-crocante-que-muita-gente-usa-para-leveza-e-que-se-multiplica-sem-esforco-no-calor\/#primaryimage"},"thumbnailUrl":"https:\/\/www.correiobraziliense.com.br\/cbradar\/wp-content\/uploads\/2026\/01\/freepik__imagem-realista-do-vegetal-maxixe-img1-img2-img3__216.jpeg","datePublished":"2026-01-23T19:25:41+00:00","author":{"@id":"https:\/\/www.correiobraziliense.com.br\/cbradar\/#\/schema\/person\/7356666e12ec0ee53f348ee5db227032"},"description":"Fruto leve e f\u00e1cil de plantar em clima quente, cresce r\u00e1pido em solo f\u00e9rtil e rende colheitas jovens com sabor suave.","breadcrumb":{"@id":"https:\/\/www.correiobraziliense.com.br\/cbradar\/o-vegetal-crocante-que-muita-gente-usa-para-leveza-e-que-se-multiplica-sem-esforco-no-calor\/#breadcrumb"},"inLanguage":"pt-BR","potentialAction":[{"@type":"ReadAction","target":["https:\/\/www.correiobraziliense.com.br\/cbradar\/o-vegetal-crocante-que-muita-gente-usa-para-leveza-e-que-se-multiplica-sem-esforco-no-calor\/"]}]},{"@type":"ImageObject","inLanguage":"pt-BR","@id":"https:\/\/www.correiobraziliense.com.br\/cbradar\/o-vegetal-crocante-que-muita-gente-usa-para-leveza-e-que-se-multiplica-sem-esforco-no-calor\/#primaryimage","url":"https:\/\/www.correiobraziliense.com.br\/cbradar\/wp-content\/uploads\/2026\/01\/freepik__imagem-realista-do-vegetal-maxixe-img1-img2-img3__216.jpeg","contentUrl":"https:\/\/www.correiobraziliense.com.br\/cbradar\/wp-content\/uploads\/2026\/01\/freepik__imagem-realista-do-vegetal-maxixe-img1-img2-img3__216.jpeg","width":1280,"height":720,"caption":"Rica fonte de \u00e1gua contribuindo para a hidrata\u00e7\u00e3o do organismo"},{"@type":"BreadcrumbList","@id":"https:\/\/www.correiobraziliense.com.br\/cbradar\/o-vegetal-crocante-que-muita-gente-usa-para-leveza-e-que-se-multiplica-sem-esforco-no-calor\/#breadcrumb","itemListElement":[{"@type":"ListItem","position":1,"name":"In\u00edcio","item":"https:\/\/www.correiobraziliense.com.br\/cbradar\/"},{"@type":"ListItem","position":2,"name":"O vegetal crocante que muita gente usa para leveza e que se multiplica sem esfor\u00e7o no calor"}]},{"@type":"WebSite","@id":"https:\/\/www.correiobraziliense.com.br\/cbradar\/#website","url":"https:\/\/www.correiobraziliense.com.br\/cbradar\/","name":"Correio Braziliense - Radar","description":"Acompanhe as \u00faltimas not\u00edcias e fique bem informado sobre tudo o que acontece no Brasil e no mundo.","potentialAction":[{"@type":"SearchAction","target":{"@type":"EntryPoint","urlTemplate":"https:\/\/www.correiobraziliense.com.br\/cbradar\/?s={search_term_string}"},"query-input":{"@type":"PropertyValueSpecification","valueRequired":true,"valueName":"search_term_string"}}],"inLanguage":"pt-BR"},{"@type":"Person","@id":"https:\/\/www.correiobraziliense.com.br\/cbradar\/#\/schema\/person\/7356666e12ec0ee53f348ee5db227032","name":"Daniely Cardoso","image":{"@type":"ImageObject","inLanguage":"pt-BR","@id":"https:\/\/www.correiobraziliense.com.br\/cbradar\/#\/schema\/person\/image\/","url":"https:\/\/secure.gravatar.com\/avatar\/4b80ddbd124d1f071b626d52d62e5dff?s=96&d=mm&r=g","contentUrl":"https:\/\/secure.gravatar.com\/avatar\/4b80ddbd124d1f071b626d52d62e5dff?s=96&d=mm&r=g","caption":"Daniely Cardoso"},"description":"Redatora nos portais CB Radar e EM Foco, formada pela Universidade Federal de Goi\u00e1s, em Goi\u00e2nia. Apaixonada por comunica\u00e7\u00e3o, arte, decora\u00e7\u00e3o e tend\u00eancias, atuo na produ\u00e7\u00e3o de conte\u00fados envolventes sobre curiosidades, moda, beleza e paisagismo, sempre com um olhar atento \u00e0s novidades do momento.","sameAs":["https:\/\/www.correiobraziliense.com.br\/cbradar"],"url":"https:\/\/www.correiobraziliense.com.br\/cbradar\/author\/danielymyth\/"}]}},"_links":{"self":[{"href":"https:\/\/www.correiobraziliense.com.br\/cbradar\/wp-json\/wp\/v2\/posts\/179507","targetHints":{"allow":["GET"]}}],"collection":[{"href":"https:\/\/www.correiobraziliense.com.br\/cbradar\/wp-json\/wp\/v2\/posts"}],"about":[{"href":"https:\/\/www.correiobraziliense.com.br\/cbradar\/wp-json\/wp\/v2\/types\/post"}],"author":[{"embeddable":true,"href":"https:\/\/www.correiobraziliense.com.br\/cbradar\/wp-json\/wp\/v2\/users\/9"}],"replies":[{"embeddable":true,"href":"https:\/\/www.correiobraziliense.com.br\/cbradar\/wp-json\/wp\/v2\/comments?post=179507"}],"version-history":[{"count":3,"href":"https:\/\/www.correiobraziliense.com.br\/cbradar\/wp-json\/wp\/v2\/posts\/179507\/revisions"}],"predecessor-version":[{"id":179516,"href":"https:\/\/www.correiobraziliense.com.br\/cbradar\/wp-json\/wp\/v2\/posts\/179507\/revisions\/179516"}],"wp:featuredmedia":[{"embeddable":true,"href":"https:\/\/www.correiobraziliense.com.br\/cbradar\/wp-json\/wp\/v2\/media\/179687"}],"wp:attachment":[{"href":"https:\/\/www.correiobraziliense.com.br\/cbradar\/wp-json\/wp\/v2\/media?parent=179507"}],"wp:term":[{"taxonomy":"category","embeddable":true,"href":"https:\/\/www.correiobraziliense.com.br\/cbradar\/wp-json\/wp\/v2\/categories?post=179507"},{"taxonomy":"post_tag","embeddable":true,"href":"https:\/\/www.correiobraziliense.com.br\/cbradar\/wp-json\/wp\/v2\/tags?post=179507"}],"curies":[{"name":"wp","href":"https:\/\/api.w.org\/{rel}","templated":true}]}}