{"id":179534,"date":"2026-01-23T20:25:00","date_gmt":"2026-01-23T23:25:00","guid":{"rendered":"https:\/\/www.correiobraziliense.com.br\/cbradar\/?p=179534"},"modified":"2026-01-22T10:40:35","modified_gmt":"2026-01-22T13:40:35","slug":"o-metodo-caseiro-mais-eficiente-para-bracos-mais-fortes","status":"publish","type":"post","link":"https:\/\/www.correiobraziliense.com.br\/cbradar\/o-metodo-caseiro-mais-eficiente-para-bracos-mais-fortes\/","title":{"rendered":"O m\u00e9todo caseiro mais eficiente para bra\u00e7os mais fortes"},"content":{"rendered":"\n<p>Desenvolver a musculatura dos <strong>Tr\u00edceps <\/strong>em casa \u00e9 uma maneira pr\u00e1tica de melhorar a for\u00e7a e a apar\u00eancia dos bra\u00e7os sem a necessidade de equipamentos sofisticados. Os Tr\u00edceps, que ocupam grande parte dos bra\u00e7os, s\u00e3o fundamentais para diversos movimentos de empurrar, al\u00e9m de contribuir significativamente para a est\u00e9tica dos membros superiores. Com dedica\u00e7\u00e3o e consist\u00eancia, \u00e9 poss\u00edvel obter resultados expressivos realizando exerc\u00edcios com o peso do corpo.<\/p>\n\n\n\n<h2 class=\"wp-block-heading\">Quais s\u00e3o os benef\u00edcios do mergulho na cadeira para os Tr\u00edceps?<\/h2>\n\n\n\n<p>Usar uma cadeira para realizar o mergulho de Tr\u00edceps \u00e9 uma maneira eficaz de isolar esse m\u00fasculo. Comece sentando na borda da cadeira, com as m\u00e3os ao lado dos quadris. Ao descer o corpo flexionando os cotovelos, os Tr\u00edceps devem fazer a maior parte do esfor\u00e7o para volver \u00e0 posi\u00e7\u00e3o inicial. Este exerc\u00edcio tamb\u00e9m estimula os ombros e o peitoral inferior, sendo uma \u00f3tima op\u00e7\u00e3o tanto para iniciantes quanto para praticantes mais avan\u00e7ados, desde que executado com postura correta e seguran\u00e7a.<\/p>\n\n\n\n<h2 class=\"wp-block-heading\">Como a flex\u00e3o com pegada fechada ativa o Tr\u00edceps?<\/h2>\n\n\n\n<p>Na flex\u00e3o com pegada fechada, as m\u00e3os s\u00e3o posicionadas pr\u00f3ximas uma da outra, o que for\u00e7a os tr\u00edceps a trabalharem predominantemente. Ao realizar essa varia\u00e7\u00e3o da flex\u00e3o, os m\u00fasculos do peitoral interno e dos ombros tamb\u00e9m s\u00e3o solicitados, mas os tr\u00edceps s\u00e3o os principais respons\u00e1veis pela movimenta\u00e7\u00e3o. Alternar o ritmo das repeti\u00e7\u00f5es e o n\u00famero de s\u00e9ries pode trazer ainda mais benef\u00edcios, prevenindo a monotonia nos <a href=\"https:\/\/www.correiobraziliense.com.br\/cbradar\/cabeca-achatada-em-bebes-merece-atencao\/\" target=\"_blank\" rel=\"noreferrer noopener\">treinos<\/a>.<\/p>\n\n\n\n<h2 class=\"wp-block-heading\">Por que a flex\u00e3o diamante \u00e9 desafiadora?<\/h2>\n\n\n\n<p>A flex\u00e3o diamante envolve unir os dedos indicadores e polegares, formando um formato semelhante a um diamante sob o peito. Esse posicionamento aumenta significativamente a carga sobre os Tr\u00edceps, proporcionando um treinamento eficiente e desafiador. A execu\u00e7\u00e3o correta requer que os cotovelos permane\u00e7am pr\u00f3ximos ao corpo, e movimentos controlados ajudam a prevenir les\u00f5es, garantindo que a pr\u00e1tica seja proveitosa e segura.<\/p>\n\n\n\n<figure class=\"wp-block-image aligncenter size-large\"><img decoding=\"async\" width=\"1024\" height=\"576\" src=\"https:\/\/www.correiobraziliense.com.br\/cbradar\/wp-content\/uploads\/2025\/05\/triceps_1747509314041-1024x576.jpg\" alt=\"\" class=\"wp-image-38740\" srcset=\"https:\/\/www.correiobraziliense.com.br\/cbradar\/wp-content\/uploads\/2025\/05\/triceps_1747509314041-1024x576.jpg 1024w, https:\/\/www.correiobraziliense.com.br\/cbradar\/wp-content\/uploads\/2025\/05\/triceps_1747509314041-300x169.jpg 300w, https:\/\/www.correiobraziliense.com.br\/cbradar\/wp-content\/uploads\/2025\/05\/triceps_1747509314041-768x432.jpg 768w, https:\/\/www.correiobraziliense.com.br\/cbradar\/wp-content\/uploads\/2025\/05\/triceps_1747509314041-750x422.jpg 750w, https:\/\/www.correiobraziliense.com.br\/cbradar\/wp-content\/uploads\/2025\/05\/triceps_1747509314041-1140x641.jpg 1140w, https:\/\/www.correiobraziliense.com.br\/cbradar\/wp-content\/uploads\/2025\/05\/triceps_1747509314041.jpg 1280w\" sizes=\"(max-width: 1024px) 100vw, 1024px\" \/><figcaption class=\"wp-element-caption\">Treino &#8211; Cr\u00e9ditos: depositphotos.com \/ EdZbarzhyvetsky\n<\/figcaption><\/figure>\n\n\n\n<h2 class=\"wp-block-heading\">Como maximizar os resultados ao trabalhar Tr\u00edceps?<\/h2>\n\n\n\n<p>Para potencializar os resultados desses exerc\u00edcios, \u00e9 importante atentar para alguns fatores:<\/p>\n\n\n\n<ul class=\"wp-block-list\">\n<li>Mantenha a posi\u00e7\u00e3o correta durante toda a execu\u00e7\u00e3o dos exerc\u00edcios.<\/li>\n\n\n\n<li>Inicie as sess\u00f5es com um bom aquecimento e finalize com alongamentos.<\/li>\n\n\n\n<li>Aumente a complexidade dos treinos gradativamente.<\/li>\n\n\n\n<li>Fa\u00e7a intervalos adequados para n\u00e3o sobrecarregar os m\u00fasculos.<\/li>\n\n\n\n<li>Mantenha uma respira\u00e7\u00e3o regular e controlada.<\/li>\n<\/ul>\n\n\n\n<p>Trabalhar os Tr\u00edceps n\u00e3o apenas real\u00e7a a apar\u00eancia dos bra\u00e7os, mas tamb\u00e9m auxilia na prote\u00e7\u00e3o das articula\u00e7\u00f5es dos ombros, promovendo um melhor desempenho em fun\u00e7\u00f5es que envolvem empurrar.<\/p>\n\n\n\n<h2 class=\"wp-block-heading\">Como incluir exerc\u00edcios de Tr\u00edceps na rotina semanal?<\/h2>\n\n\n\n<p>Inserir atividades de Tr\u00edceps em um cronograma semanal pode ser feito de modo eficaz ao complementar treinos de corpo inteiro. Recomenda-se praticar duas a tr\u00eas vezes por semana, diversificando os exerc\u00edcios para manter a musculatura sempre desafiada e promovendo evolu\u00e7\u00e3o constante. Com dedica\u00e7\u00e3o, os resultados chegar\u00e3o, culminando em bra\u00e7os mais fortes e aptos para diversos desafios di\u00e1rios.<\/p>\n\n\n<a href=\"https:\/\/www.instagram.com\/dra.annaluisabf\/\" target=\"_blank\" rel=\"noopener\" style=\"text-decoration: none; color: inherit;\">\n    <span style=\"display: inline-block; border: 1px solid #ccc; border-radius: 10px; padding: 15px; max-width: 550px; font-family: sans-serif; box-shadow: 0 2px 5px rgba(0,0,0,0.1); width: 100%;\">\n\n      <!-- T\u00edtulo -->\n      <span style=\"display: block; margin: 0 0 15px 0; font-weight: bold; color: #2c3e50; text-align: center;\">\n        Entre em contato:\n      <\/span>\n\n      <!-- Linha do perfil -->\n      <span style=\"display: flex; align-items: center; gap: 15px;\">\n        <img decoding=\"async\"\n          src=\"https:\/\/www.correiobraziliense.com.br\/cbradar\/wp-content\/uploads\/2025\/08\/dra_anna_luisa.jpeg\"\n          alt=\"Foto da Dra. Anna Lu\u00edsa\"\n          style=\"border-radius: 50%; width: 80px; height: 80px; object-fit: cover;\"\n        \/>\n        <span style=\"display: flex; flex-direction: column;\">\n          <span style=\"font-size: 18px; font-weight: 700; color: #2c3e50;\">Dra. Anna Lu\u00edsa Barbosa Fernandes<\/span>\n          <span style=\"color: #555;\">CRM-GO 33.271<\/span>\n        <\/span>\n      <\/span>\n\n      <!-- Redes -->\n      <span style=\"display: flex; align-items: center; gap: 10px; margin-top: 12px;\">\n        <img decoding=\"async\" src=\"https:\/\/cdn-icons-png.flaticon.com\/24\/1384\/1384063.png\" alt=\"Instagram\" width=\"24\" height=\"24\" \/>\n        <span style=\"text-decoration: underline; color: #2c3e50;\">@dra.annaluisabf<\/span>\n      <\/span>\n\n    <\/span>\n  <\/a>","protected":false},"excerpt":{"rendered":"<p>Desenvolver a musculatura dos Tr\u00edceps em casa \u00e9 uma maneira pr\u00e1tica de melhorar a for\u00e7a e a apar\u00eancia dos bra\u00e7os sem a necessidade de equipamentos sofisticados. Os Tr\u00edceps, que ocupam grande parte dos bra\u00e7os, s\u00e3o fundamentais para diversos movimentos de empurrar, al\u00e9m de contribuir significativamente para a est\u00e9tica dos membros superiores. Com dedica\u00e7\u00e3o e consist\u00eancia, [&hellip;]<\/p>\n","protected":false},"author":14,"featured_media":38739,"comment_status":"open","ping_status":"open","sticky":false,"template":"","format":"standard","meta":{"_yoast_wpseo_focuskw":"Tr\u00edceps","_yoast_wpseo_title":"","_yoast_wpseo_metadesc":"Exerc\u00edcios de tr\u00edceps em casa podem melhorar for\u00e7a, estabilidade e apar\u00eancia dos bra\u00e7os sem equipamentos.","jnews-multi-image_gallery":[],"jnews_single_post":{"format":"standard"},"jnews_primary_category":[],"jnews_social_meta":[],"jnews_override_counter":[],"footnotes":""},"categories":[4404],"tags":[120,247,1318],"class_list":["post-179534","post","type-post","status-publish","format-standard","has-post-thumbnail","hentry","category-saude","tag-bem-estar","tag-qualidade-de-vida","tag-saude-2"],"yoast_head":"<!-- This site is optimized with the Yoast SEO plugin v24.6 - https:\/\/yoast.com\/wordpress\/plugins\/seo\/ -->\n<title>O m\u00e9todo caseiro mais eficiente para bra\u00e7os mais fortes - Correio Braziliense - Radar<\/title>\n<meta name=\"description\" content=\"Exerc\u00edcios de tr\u00edceps em casa podem melhorar for\u00e7a, estabilidade e apar\u00eancia dos bra\u00e7os sem equipamentos.\" \/>\n<meta name=\"robots\" content=\"index, follow, max-snippet:-1, max-image-preview:large, max-video-preview:-1\" \/>\n<link rel=\"canonical\" href=\"https:\/\/www.correiobraziliense.com.br\/cbradar\/o-metodo-caseiro-mais-eficiente-para-bracos-mais-fortes\/\" \/>\n<meta property=\"og:locale\" content=\"pt_BR\" \/>\n<meta property=\"og:type\" content=\"article\" \/>\n<meta property=\"og:title\" content=\"O m\u00e9todo caseiro mais eficiente para bra\u00e7os mais fortes - Correio Braziliense - Radar\" \/>\n<meta property=\"og:description\" content=\"Exerc\u00edcios de tr\u00edceps em casa podem melhorar for\u00e7a, estabilidade e apar\u00eancia dos bra\u00e7os sem equipamentos.\" \/>\n<meta property=\"og:url\" content=\"https:\/\/www.correiobraziliense.com.br\/cbradar\/o-metodo-caseiro-mais-eficiente-para-bracos-mais-fortes\/\" \/>\n<meta property=\"og:site_name\" content=\"Correio Braziliense - Radar\" \/>\n<meta property=\"article:published_time\" content=\"2026-01-23T23:25:00+00:00\" \/>\n<meta property=\"og:image\" content=\"https:\/\/www.correiobraziliense.com.br\/cbradar\/wp-content\/uploads\/2025\/05\/triceps_1747509272022.jpg\" \/>\n\t<meta property=\"og:image:width\" content=\"1280\" \/>\n\t<meta property=\"og:image:height\" content=\"720\" \/>\n\t<meta property=\"og:image:type\" content=\"image\/jpeg\" \/>\n<meta name=\"author\" content=\"guilherme_saude\" \/>\n<meta name=\"twitter:card\" content=\"summary_large_image\" \/>\n<meta name=\"twitter:label1\" content=\"Escrito por\" \/>\n\t<meta name=\"twitter:data1\" content=\"guilherme_saude\" \/>\n\t<meta name=\"twitter:label2\" content=\"Est. tempo de leitura\" \/>\n\t<meta name=\"twitter:data2\" content=\"4 minutos\" \/>\n<!-- \/ Yoast SEO plugin. -->","yoast_head_json":{"title":"O m\u00e9todo caseiro mais eficiente para bra\u00e7os mais fortes - Correio Braziliense - Radar","description":"Exerc\u00edcios de tr\u00edceps em casa podem melhorar for\u00e7a, estabilidade e apar\u00eancia dos bra\u00e7os sem equipamentos.","robots":{"index":"index","follow":"follow","max-snippet":"max-snippet:-1","max-image-preview":"max-image-preview:large","max-video-preview":"max-video-preview:-1"},"canonical":"https:\/\/www.correiobraziliense.com.br\/cbradar\/o-metodo-caseiro-mais-eficiente-para-bracos-mais-fortes\/","og_locale":"pt_BR","og_type":"article","og_title":"O m\u00e9todo caseiro mais eficiente para bra\u00e7os mais fortes - Correio Braziliense - Radar","og_description":"Exerc\u00edcios de tr\u00edceps em casa podem melhorar for\u00e7a, estabilidade e apar\u00eancia dos bra\u00e7os sem equipamentos.","og_url":"https:\/\/www.correiobraziliense.com.br\/cbradar\/o-metodo-caseiro-mais-eficiente-para-bracos-mais-fortes\/","og_site_name":"Correio Braziliense - Radar","article_published_time":"2026-01-23T23:25:00+00:00","og_image":[{"width":1280,"height":720,"url":"https:\/\/www.correiobraziliense.com.br\/cbradar\/wp-content\/uploads\/2025\/05\/triceps_1747509272022.jpg","type":"image\/jpeg"}],"author":"guilherme_saude","twitter_card":"summary_large_image","twitter_misc":{"Escrito por":"guilherme_saude","Est. tempo de leitura":"4 minutos"},"schema":{"@context":"https:\/\/schema.org","@graph":[{"@type":"WebPage","@id":"https:\/\/www.correiobraziliense.com.br\/cbradar\/o-metodo-caseiro-mais-eficiente-para-bracos-mais-fortes\/","url":"https:\/\/www.correiobraziliense.com.br\/cbradar\/o-metodo-caseiro-mais-eficiente-para-bracos-mais-fortes\/","name":"O m\u00e9todo caseiro mais eficiente para bra\u00e7os mais fortes - Correio Braziliense - Radar","isPartOf":{"@id":"https:\/\/www.correiobraziliense.com.br\/cbradar\/#website"},"primaryImageOfPage":{"@id":"https:\/\/www.correiobraziliense.com.br\/cbradar\/o-metodo-caseiro-mais-eficiente-para-bracos-mais-fortes\/#primaryimage"},"image":{"@id":"https:\/\/www.correiobraziliense.com.br\/cbradar\/o-metodo-caseiro-mais-eficiente-para-bracos-mais-fortes\/#primaryimage"},"thumbnailUrl":"https:\/\/www.correiobraziliense.com.br\/cbradar\/wp-content\/uploads\/2025\/05\/triceps_1747509272022.jpg","datePublished":"2026-01-23T23:25:00+00:00","author":{"@id":"https:\/\/www.correiobraziliense.com.br\/cbradar\/#\/schema\/person\/5aa4bf3c8fa699c267933611de12978b"},"description":"Exerc\u00edcios de tr\u00edceps em casa podem melhorar for\u00e7a, estabilidade e apar\u00eancia dos bra\u00e7os sem equipamentos.","breadcrumb":{"@id":"https:\/\/www.correiobraziliense.com.br\/cbradar\/o-metodo-caseiro-mais-eficiente-para-bracos-mais-fortes\/#breadcrumb"},"inLanguage":"pt-BR","potentialAction":[{"@type":"ReadAction","target":["https:\/\/www.correiobraziliense.com.br\/cbradar\/o-metodo-caseiro-mais-eficiente-para-bracos-mais-fortes\/"]}]},{"@type":"ImageObject","inLanguage":"pt-BR","@id":"https:\/\/www.correiobraziliense.com.br\/cbradar\/o-metodo-caseiro-mais-eficiente-para-bracos-mais-fortes\/#primaryimage","url":"https:\/\/www.correiobraziliense.com.br\/cbradar\/wp-content\/uploads\/2025\/05\/triceps_1747509272022.jpg","contentUrl":"https:\/\/www.correiobraziliense.com.br\/cbradar\/wp-content\/uploads\/2025\/05\/triceps_1747509272022.jpg","width":1280,"height":720,"caption":"o movimento de tr\u00edceps mais poderoso que voc\u00ea n\u00e3o conhece - Cr\u00e9ditos: depositphotos.com \/ MilanMarkovic"},{"@type":"BreadcrumbList","@id":"https:\/\/www.correiobraziliense.com.br\/cbradar\/o-metodo-caseiro-mais-eficiente-para-bracos-mais-fortes\/#breadcrumb","itemListElement":[{"@type":"ListItem","position":1,"name":"In\u00edcio","item":"https:\/\/www.correiobraziliense.com.br\/cbradar\/"},{"@type":"ListItem","position":2,"name":"O m\u00e9todo caseiro mais eficiente para bra\u00e7os mais fortes"}]},{"@type":"WebSite","@id":"https:\/\/www.correiobraziliense.com.br\/cbradar\/#website","url":"https:\/\/www.correiobraziliense.com.br\/cbradar\/","name":"Correio Braziliense - Radar","description":"Acompanhe as \u00faltimas not\u00edcias e fique bem informado sobre tudo o que acontece no Brasil e no mundo.","potentialAction":[{"@type":"SearchAction","target":{"@type":"EntryPoint","urlTemplate":"https:\/\/www.correiobraziliense.com.br\/cbradar\/?s={search_term_string}"},"query-input":{"@type":"PropertyValueSpecification","valueRequired":true,"valueName":"search_term_string"}}],"inLanguage":"pt-BR"},{"@type":"Person","@id":"https:\/\/www.correiobraziliense.com.br\/cbradar\/#\/schema\/person\/5aa4bf3c8fa699c267933611de12978b","name":"guilherme_saude","image":{"@type":"ImageObject","inLanguage":"pt-BR","@id":"https:\/\/www.correiobraziliense.com.br\/cbradar\/#\/schema\/person\/image\/","url":"https:\/\/secure.gravatar.com\/avatar\/df9adfb835d344bc0af109d41756253f?s=96&d=mm&r=g","contentUrl":"https:\/\/secure.gravatar.com\/avatar\/df9adfb835d344bc0af109d41756253f?s=96&d=mm&r=g","caption":"guilherme_saude"},"url":"https:\/\/www.correiobraziliense.com.br\/cbradar\/author\/guilherme_saude\/"}]}},"_links":{"self":[{"href":"https:\/\/www.correiobraziliense.com.br\/cbradar\/wp-json\/wp\/v2\/posts\/179534","targetHints":{"allow":["GET"]}}],"collection":[{"href":"https:\/\/www.correiobraziliense.com.br\/cbradar\/wp-json\/wp\/v2\/posts"}],"about":[{"href":"https:\/\/www.correiobraziliense.com.br\/cbradar\/wp-json\/wp\/v2\/types\/post"}],"author":[{"embeddable":true,"href":"https:\/\/www.correiobraziliense.com.br\/cbradar\/wp-json\/wp\/v2\/users\/14"}],"replies":[{"embeddable":true,"href":"https:\/\/www.correiobraziliense.com.br\/cbradar\/wp-json\/wp\/v2\/comments?post=179534"}],"version-history":[{"count":1,"href":"https:\/\/www.correiobraziliense.com.br\/cbradar\/wp-json\/wp\/v2\/posts\/179534\/revisions"}],"predecessor-version":[{"id":179535,"href":"https:\/\/www.correiobraziliense.com.br\/cbradar\/wp-json\/wp\/v2\/posts\/179534\/revisions\/179535"}],"wp:featuredmedia":[{"embeddable":true,"href":"https:\/\/www.correiobraziliense.com.br\/cbradar\/wp-json\/wp\/v2\/media\/38739"}],"wp:attachment":[{"href":"https:\/\/www.correiobraziliense.com.br\/cbradar\/wp-json\/wp\/v2\/media?parent=179534"}],"wp:term":[{"taxonomy":"category","embeddable":true,"href":"https:\/\/www.correiobraziliense.com.br\/cbradar\/wp-json\/wp\/v2\/categories?post=179534"},{"taxonomy":"post_tag","embeddable":true,"href":"https:\/\/www.correiobraziliense.com.br\/cbradar\/wp-json\/wp\/v2\/tags?post=179534"}],"curies":[{"name":"wp","href":"https:\/\/api.w.org\/{rel}","templated":true}]}}