{"id":179540,"date":"2026-01-24T06:05:00","date_gmt":"2026-01-24T09:05:00","guid":{"rendered":"https:\/\/www.correiobraziliense.com.br\/cbradar\/?p=179540"},"modified":"2026-01-22T10:45:13","modified_gmt":"2026-01-22T13:45:13","slug":"os-sinais-mais-importantes-da-falta-de-vitamina-d","status":"publish","type":"post","link":"https:\/\/www.correiobraziliense.com.br\/cbradar\/os-sinais-mais-importantes-da-falta-de-vitamina-d\/","title":{"rendered":"Os sinais mais importantes da falta de vitamina D"},"content":{"rendered":"\n<p>A <strong>Vitamina D<\/strong> desempenha um papel vital no organismo, sendo essencial para a sa\u00fade dos ossos, imunidade e bem-estar geral. Comumente sintetizada pelo corpo atrav\u00e9s da exposi\u00e7\u00e3o ao sol, sua defici\u00eancia pode trazer diversos problemas de sa\u00fade. Ao se familiarizar com os sinais de insufici\u00eancia de Vitamina D, pode-se agir de forma proativa para evitar complica\u00e7\u00f5es, desde armar-se com informa\u00e7\u00f5es at\u00e9 buscar tratamento adequado.<\/p>\n\n\n\n<p>Os sintomas de defici\u00eancia de Vitamina D s\u00e3o variados e podem se manifestar de forma sutil inicialmente. Entre os mais comuns est\u00e3o a sensa\u00e7\u00e3o constante de cansa\u00e7o, fraqueza muscular e dores nos ossos e articula\u00e7\u00f5es. Al\u00e9m disso, altera\u00e7\u00f5es de humor e at\u00e9 mesmo a depress\u00e3o s\u00e3o frequentemente associados a baixos n\u00edveis dessa vitamina. Nos casos mais severos, h\u00e1 um risco significativo de desenvolvimento de osteoporose, evidenciando a import\u00e2ncia de identificar e tratar essa condi\u00e7\u00e3o precocemente.<\/p>\n\n\n\n<h2 class=\"wp-block-heading\">Quais s\u00e3o as principais causas da defici\u00eancia de Vitamina D?<\/h2>\n\n\n\n<p>Os n\u00edveis de Vitamina D no corpo s\u00e3o fortemente influenciados pela exposi\u00e7\u00e3o solar. Pessoas que passam pouco tempo ao ar livre ou que vivem em regi\u00f5es com invernos prolongados e dias nublados est\u00e3o particularmente em risco de desenvolver defici\u00eancia. Fatores adicionais incluem a presen\u00e7a de pele mais escura, que requer mais tempo de exposi\u00e7\u00e3o para sintetizar a mesma quantidade de Vitamina D, e dietas deficientes em alimentos ricos nessa vitamina. Al\u00e9m disso, a obesidade e o avan\u00e7ar da idade tamb\u00e9m podem contribuir para a redu\u00e7\u00e3o dos n\u00edveis de vitamina D no organismo.<\/p>\n\n\n<div class=\"wp-block-image\">\n<figure class=\"aligncenter size-large\"><img decoding=\"async\" width=\"1024\" height=\"576\" src=\"https:\/\/www.correiobraziliense.com.br\/cbradar\/wp-content\/uploads\/2025\/09\/vitaminas_1757212246915-1024x576.jpg\" alt=\"\" class=\"wp-image-99735\" srcset=\"https:\/\/www.correiobraziliense.com.br\/cbradar\/wp-content\/uploads\/2025\/09\/vitaminas_1757212246915-1024x576.jpg 1024w, https:\/\/www.correiobraziliense.com.br\/cbradar\/wp-content\/uploads\/2025\/09\/vitaminas_1757212246915-300x169.jpg 300w, https:\/\/www.correiobraziliense.com.br\/cbradar\/wp-content\/uploads\/2025\/09\/vitaminas_1757212246915-768x432.jpg 768w, https:\/\/www.correiobraziliense.com.br\/cbradar\/wp-content\/uploads\/2025\/09\/vitaminas_1757212246915-750x422.jpg 750w, https:\/\/www.correiobraziliense.com.br\/cbradar\/wp-content\/uploads\/2025\/09\/vitaminas_1757212246915-1140x641.jpg 1140w, https:\/\/www.correiobraziliense.com.br\/cbradar\/wp-content\/uploads\/2025\/09\/vitaminas_1757212246915.jpg 1280w\" sizes=\"(max-width: 1024px) 100vw, 1024px\" \/><figcaption class=\"wp-element-caption\">Hipervitaminose &#8211; Cr\u00e9ditos: depositphotos.com \/ vectorlab<\/figcaption><\/figure><\/div>\n\n\n<h2 class=\"wp-block-heading\">Como a exposi\u00e7\u00e3o solar contribui para a s\u00edntese de Vitamina D?<\/h2>\n\n\n\n<p>A exposi\u00e7\u00e3o ao sol \u00e9 a principal fonte de Vitamina D para a maioria das pessoas. Ao expor \u00e1reas como bra\u00e7os e pernas ao sol por cerca de 15 a 30 minutos diariamente, pode-se conseguir uma quantidade adequada de Vitamina D. Contudo, \u00e9 importante evitar hor\u00e1rios de pico, como entre 10h e 16h, para prevenir danos \u00e0 pele. Peles mais escuras ou regi\u00f5es de menor incid\u00eancia solar podem demandar um tempo maior de exposi\u00e7\u00e3o para atingir os mesmos benef\u00edcios.<\/p>\n\n\n\n<h2 class=\"wp-block-heading\">Quais alimentos s\u00e3o fontes naturais de Vitamina D?<\/h2>\n\n\n\n<p>Embora o sol seja a fonte prim\u00e1ria, a dieta tamb\u00e9m \u00e9 uma aliada na manuten\u00e7\u00e3o dos n\u00edveis adequados de Vitamina D. Peixes gordurosos como salm\u00e3o, sardinha e atum s\u00e3o fontes ricas. Al\u00e9m disso, a gema de ovo e cogumelos, como o maitake, podem contribuir para as necessidades di\u00e1rias. Muitos produtos l\u00e1cteos e \u00e0 base de soja s\u00e3o enriquecidos com Vitamina D, sendo op\u00e7\u00f5es vi\u00e1veis para garantir uma ingest\u00e3o regular, especialmente quando a exposi\u00e7\u00e3o ao sol \u00e9 limitada.<\/p>\n\n\n\n<h2 class=\"wp-block-heading\">Quando deve-se considerar a suplementa\u00e7\u00e3o de Vitamina D?<\/h2>\n\n\n\n<p>A suplementa\u00e7\u00e3o pode se tornar necess\u00e1ria quando os n\u00edveis de Vitamina D est\u00e3o significativamente baixos, algo que pode ser confirmado atrav\u00e9s de exames de sangue. Geralmente, as doses recomendadas variam entre 1.000 e 2.000 UI por dia, mas a orienta\u00e7\u00e3o de um profissional de <a href=\"https:\/\/www.correiobraziliense.com.br\/cbradar\/cabeca-achatada-em-bebes-merece-atencao\/\" target=\"_blank\" rel=\"noreferrer noopener\">sa\u00fade <\/a>\u00e9 crucial, j\u00e1 que excessos podem ser prejudiciais. \u00c9 importante realizar exames regularmente para monitorar os n\u00edveis e ajustar a ingest\u00e3o de suplementos conforme necess\u00e1rio.<\/p>\n\n\n\n<p>Adotar um estilo de vida ativo \u00e9 fundamental para otimizar a absor\u00e7\u00e3o de Vitamina D. Caminhadas ao ar livre n\u00e3o s\u00f3 promovem a sa\u00fade \u00f3ssea, mas tamb\u00e9m melhoram o bem-estar geral. T\u00e9cnicas de relaxamento podem mitigar o estresse, que, por sua vez, pode impactar negativamente a absor\u00e7\u00e3o de nutrientes. Ao incorporar essas pr\u00e1ticas, pode-se garantir que a sa\u00fade \u00f3ssea e imunol\u00f3gica permane\u00e7am robustas.<\/p>\n\n\n<a href=\"https:\/\/www.instagram.com\/dra.annaluisabf\/\" target=\"_blank\" rel=\"noopener\" style=\"text-decoration: none; color: inherit;\">\n    <span style=\"display: inline-block; border: 1px solid #ccc; border-radius: 10px; padding: 15px; max-width: 550px; font-family: sans-serif; box-shadow: 0 2px 5px rgba(0,0,0,0.1); width: 100%;\">\n\n      <!-- T\u00edtulo -->\n      <span style=\"display: block; margin: 0 0 15px 0; font-weight: bold; color: #2c3e50; text-align: center;\">\n        Entre em contato:\n      <\/span>\n\n      <!-- Linha do perfil -->\n      <span style=\"display: flex; align-items: center; gap: 15px;\">\n        <img decoding=\"async\"\n          src=\"https:\/\/www.correiobraziliense.com.br\/cbradar\/wp-content\/uploads\/2025\/08\/dra_anna_luisa.jpeg\"\n          alt=\"Foto da Dra. Anna Lu\u00edsa\"\n          style=\"border-radius: 50%; width: 80px; height: 80px; object-fit: cover;\"\n        \/>\n        <span style=\"display: flex; flex-direction: column;\">\n          <span style=\"font-size: 18px; font-weight: 700; color: #2c3e50;\">Dra. Anna Lu\u00edsa Barbosa Fernandes<\/span>\n          <span style=\"color: #555;\">CRM-GO 33.271<\/span>\n        <\/span>\n      <\/span>\n\n      <!-- Redes -->\n      <span style=\"display: flex; align-items: center; gap: 10px; margin-top: 12px;\">\n        <img decoding=\"async\" src=\"https:\/\/cdn-icons-png.flaticon.com\/24\/1384\/1384063.png\" alt=\"Instagram\" width=\"24\" height=\"24\" \/>\n        <span style=\"text-decoration: underline; color: #2c3e50;\">@dra.annaluisabf<\/span>\n      <\/span>\n\n    <\/span>\n  <\/a>","protected":false},"excerpt":{"rendered":"<p>A Vitamina D desempenha um papel vital no organismo, sendo essencial para a sa\u00fade dos ossos, imunidade e bem-estar geral. Comumente sintetizada pelo corpo atrav\u00e9s da exposi\u00e7\u00e3o ao sol, sua defici\u00eancia pode trazer diversos problemas de sa\u00fade. Ao se familiarizar com os sinais de insufici\u00eancia de Vitamina D, pode-se agir de forma proativa para evitar [&hellip;]<\/p>\n","protected":false},"author":14,"featured_media":78065,"comment_status":"open","ping_status":"open","sticky":false,"template":"","format":"standard","meta":{"_yoast_wpseo_focuskw":"Vitamina D","_yoast_wpseo_title":"","_yoast_wpseo_metadesc":"A defici\u00eancia de vitamina D pode causar cansa\u00e7o, dores nos ossos e baixa imunidade, e identificar os sinais faz toda a diferen\u00e7a.","jnews-multi-image_gallery":[],"jnews_single_post":{"format":"standard"},"jnews_primary_category":[],"jnews_social_meta":[],"jnews_override_counter":[],"footnotes":""},"categories":[4404],"tags":[120,247,1318,3004],"class_list":["post-179540","post","type-post","status-publish","format-standard","has-post-thumbnail","hentry","category-saude","tag-bem-estar","tag-qualidade-de-vida","tag-saude-2","tag-vitamina-d"],"yoast_head":"<!-- This site is optimized with the Yoast SEO plugin v24.6 - https:\/\/yoast.com\/wordpress\/plugins\/seo\/ -->\n<title>Os sinais mais importantes da falta de vitamina D - Correio Braziliense - Radar<\/title>\n<meta name=\"description\" content=\"A defici\u00eancia de vitamina D pode causar cansa\u00e7o, dores nos ossos e baixa imunidade, e identificar os sinais faz toda a diferen\u00e7a.\" \/>\n<meta name=\"robots\" content=\"index, follow, max-snippet:-1, max-image-preview:large, max-video-preview:-1\" \/>\n<link rel=\"canonical\" href=\"https:\/\/www.correiobraziliense.com.br\/cbradar\/os-sinais-mais-importantes-da-falta-de-vitamina-d\/\" \/>\n<meta property=\"og:locale\" content=\"pt_BR\" \/>\n<meta property=\"og:type\" content=\"article\" \/>\n<meta property=\"og:title\" content=\"Os sinais mais importantes da falta de vitamina D - Correio Braziliense - Radar\" \/>\n<meta property=\"og:description\" content=\"A defici\u00eancia de vitamina D pode causar cansa\u00e7o, dores nos ossos e baixa imunidade, e identificar os sinais faz toda a diferen\u00e7a.\" \/>\n<meta property=\"og:url\" content=\"https:\/\/www.correiobraziliense.com.br\/cbradar\/os-sinais-mais-importantes-da-falta-de-vitamina-d\/\" \/>\n<meta property=\"og:site_name\" content=\"Correio Braziliense - Radar\" \/>\n<meta property=\"article:published_time\" content=\"2026-01-24T09:05:00+00:00\" \/>\n<meta property=\"og:image\" content=\"https:\/\/www.correiobraziliense.com.br\/cbradar\/wp-content\/uploads\/2025\/07\/vitamina-d_1753893763359.jpg\" \/>\n\t<meta property=\"og:image:width\" content=\"1280\" \/>\n\t<meta property=\"og:image:height\" content=\"720\" \/>\n\t<meta property=\"og:image:type\" content=\"image\/jpeg\" \/>\n<meta name=\"author\" content=\"guilherme_saude\" \/>\n<meta name=\"twitter:card\" content=\"summary_large_image\" \/>\n<meta name=\"twitter:label1\" content=\"Escrito por\" \/>\n\t<meta name=\"twitter:data1\" content=\"guilherme_saude\" \/>\n\t<meta name=\"twitter:label2\" content=\"Est. tempo de leitura\" \/>\n\t<meta name=\"twitter:data2\" content=\"4 minutos\" \/>\n<!-- \/ Yoast SEO plugin. -->","yoast_head_json":{"title":"Os sinais mais importantes da falta de vitamina D - Correio Braziliense - Radar","description":"A defici\u00eancia de vitamina D pode causar cansa\u00e7o, dores nos ossos e baixa imunidade, e identificar os sinais faz toda a diferen\u00e7a.","robots":{"index":"index","follow":"follow","max-snippet":"max-snippet:-1","max-image-preview":"max-image-preview:large","max-video-preview":"max-video-preview:-1"},"canonical":"https:\/\/www.correiobraziliense.com.br\/cbradar\/os-sinais-mais-importantes-da-falta-de-vitamina-d\/","og_locale":"pt_BR","og_type":"article","og_title":"Os sinais mais importantes da falta de vitamina D - Correio Braziliense - Radar","og_description":"A defici\u00eancia de vitamina D pode causar cansa\u00e7o, dores nos ossos e baixa imunidade, e identificar os sinais faz toda a diferen\u00e7a.","og_url":"https:\/\/www.correiobraziliense.com.br\/cbradar\/os-sinais-mais-importantes-da-falta-de-vitamina-d\/","og_site_name":"Correio Braziliense - Radar","article_published_time":"2026-01-24T09:05:00+00:00","og_image":[{"width":1280,"height":720,"url":"https:\/\/www.correiobraziliense.com.br\/cbradar\/wp-content\/uploads\/2025\/07\/vitamina-d_1753893763359.jpg","type":"image\/jpeg"}],"author":"guilherme_saude","twitter_card":"summary_large_image","twitter_misc":{"Escrito por":"guilherme_saude","Est. tempo de leitura":"4 minutos"},"schema":{"@context":"https:\/\/schema.org","@graph":[{"@type":"WebPage","@id":"https:\/\/www.correiobraziliense.com.br\/cbradar\/os-sinais-mais-importantes-da-falta-de-vitamina-d\/","url":"https:\/\/www.correiobraziliense.com.br\/cbradar\/os-sinais-mais-importantes-da-falta-de-vitamina-d\/","name":"Os sinais mais importantes da falta de vitamina D - Correio Braziliense - Radar","isPartOf":{"@id":"https:\/\/www.correiobraziliense.com.br\/cbradar\/#website"},"primaryImageOfPage":{"@id":"https:\/\/www.correiobraziliense.com.br\/cbradar\/os-sinais-mais-importantes-da-falta-de-vitamina-d\/#primaryimage"},"image":{"@id":"https:\/\/www.correiobraziliense.com.br\/cbradar\/os-sinais-mais-importantes-da-falta-de-vitamina-d\/#primaryimage"},"thumbnailUrl":"https:\/\/www.correiobraziliense.com.br\/cbradar\/wp-content\/uploads\/2025\/07\/vitamina-d_1753893763359.jpg","datePublished":"2026-01-24T09:05:00+00:00","author":{"@id":"https:\/\/www.correiobraziliense.com.br\/cbradar\/#\/schema\/person\/5aa4bf3c8fa699c267933611de12978b"},"description":"A defici\u00eancia de vitamina D pode causar cansa\u00e7o, dores nos ossos e baixa imunidade, e identificar os sinais faz toda a diferen\u00e7a.","breadcrumb":{"@id":"https:\/\/www.correiobraziliense.com.br\/cbradar\/os-sinais-mais-importantes-da-falta-de-vitamina-d\/#breadcrumb"},"inLanguage":"pt-BR","potentialAction":[{"@type":"ReadAction","target":["https:\/\/www.correiobraziliense.com.br\/cbradar\/os-sinais-mais-importantes-da-falta-de-vitamina-d\/"]}]},{"@type":"ImageObject","inLanguage":"pt-BR","@id":"https:\/\/www.correiobraziliense.com.br\/cbradar\/os-sinais-mais-importantes-da-falta-de-vitamina-d\/#primaryimage","url":"https:\/\/www.correiobraziliense.com.br\/cbradar\/wp-content\/uploads\/2025\/07\/vitamina-d_1753893763359.jpg","contentUrl":"https:\/\/www.correiobraziliense.com.br\/cbradar\/wp-content\/uploads\/2025\/07\/vitamina-d_1753893763359.jpg","width":1280,"height":720,"caption":"Vitamina D - Cr\u00e9ditos: depositphotos.com \/ VadimVasenin"},{"@type":"BreadcrumbList","@id":"https:\/\/www.correiobraziliense.com.br\/cbradar\/os-sinais-mais-importantes-da-falta-de-vitamina-d\/#breadcrumb","itemListElement":[{"@type":"ListItem","position":1,"name":"In\u00edcio","item":"https:\/\/www.correiobraziliense.com.br\/cbradar\/"},{"@type":"ListItem","position":2,"name":"Os sinais mais importantes da falta de vitamina D"}]},{"@type":"WebSite","@id":"https:\/\/www.correiobraziliense.com.br\/cbradar\/#website","url":"https:\/\/www.correiobraziliense.com.br\/cbradar\/","name":"Correio Braziliense - Radar","description":"Acompanhe as \u00faltimas not\u00edcias e fique bem informado sobre tudo o que acontece no Brasil e no mundo.","potentialAction":[{"@type":"SearchAction","target":{"@type":"EntryPoint","urlTemplate":"https:\/\/www.correiobraziliense.com.br\/cbradar\/?s={search_term_string}"},"query-input":{"@type":"PropertyValueSpecification","valueRequired":true,"valueName":"search_term_string"}}],"inLanguage":"pt-BR"},{"@type":"Person","@id":"https:\/\/www.correiobraziliense.com.br\/cbradar\/#\/schema\/person\/5aa4bf3c8fa699c267933611de12978b","name":"guilherme_saude","image":{"@type":"ImageObject","inLanguage":"pt-BR","@id":"https:\/\/www.correiobraziliense.com.br\/cbradar\/#\/schema\/person\/image\/","url":"https:\/\/secure.gravatar.com\/avatar\/df9adfb835d344bc0af109d41756253f?s=96&d=mm&r=g","contentUrl":"https:\/\/secure.gravatar.com\/avatar\/df9adfb835d344bc0af109d41756253f?s=96&d=mm&r=g","caption":"guilherme_saude"},"url":"https:\/\/www.correiobraziliense.com.br\/cbradar\/author\/guilherme_saude\/"}]}},"_links":{"self":[{"href":"https:\/\/www.correiobraziliense.com.br\/cbradar\/wp-json\/wp\/v2\/posts\/179540","targetHints":{"allow":["GET"]}}],"collection":[{"href":"https:\/\/www.correiobraziliense.com.br\/cbradar\/wp-json\/wp\/v2\/posts"}],"about":[{"href":"https:\/\/www.correiobraziliense.com.br\/cbradar\/wp-json\/wp\/v2\/types\/post"}],"author":[{"embeddable":true,"href":"https:\/\/www.correiobraziliense.com.br\/cbradar\/wp-json\/wp\/v2\/users\/14"}],"replies":[{"embeddable":true,"href":"https:\/\/www.correiobraziliense.com.br\/cbradar\/wp-json\/wp\/v2\/comments?post=179540"}],"version-history":[{"count":1,"href":"https:\/\/www.correiobraziliense.com.br\/cbradar\/wp-json\/wp\/v2\/posts\/179540\/revisions"}],"predecessor-version":[{"id":179541,"href":"https:\/\/www.correiobraziliense.com.br\/cbradar\/wp-json\/wp\/v2\/posts\/179540\/revisions\/179541"}],"wp:featuredmedia":[{"embeddable":true,"href":"https:\/\/www.correiobraziliense.com.br\/cbradar\/wp-json\/wp\/v2\/media\/78065"}],"wp:attachment":[{"href":"https:\/\/www.correiobraziliense.com.br\/cbradar\/wp-json\/wp\/v2\/media?parent=179540"}],"wp:term":[{"taxonomy":"category","embeddable":true,"href":"https:\/\/www.correiobraziliense.com.br\/cbradar\/wp-json\/wp\/v2\/categories?post=179540"},{"taxonomy":"post_tag","embeddable":true,"href":"https:\/\/www.correiobraziliense.com.br\/cbradar\/wp-json\/wp\/v2\/tags?post=179540"}],"curies":[{"name":"wp","href":"https:\/\/api.w.org\/{rel}","templated":true}]}}