{"id":179546,"date":"2026-01-24T07:45:00","date_gmt":"2026-01-24T10:45:00","guid":{"rendered":"https:\/\/www.correiobraziliense.com.br\/cbradar\/?p=179546"},"modified":"2026-01-22T10:52:54","modified_gmt":"2026-01-22T13:52:54","slug":"os-melhores-remedios-naturais-que-aliviam-a-tosse-rapido","status":"publish","type":"post","link":"https:\/\/www.correiobraziliense.com.br\/cbradar\/os-melhores-remedios-naturais-que-aliviam-a-tosse-rapido\/","title":{"rendered":"Os melhores rem\u00e9dios naturais que aliviam a tosse r\u00e1pido"},"content":{"rendered":"\n<p>A <strong>Tosse <\/strong>\u00e9 um reflexo comum e natural do corpo que ajuda a limpar as vias respirat\u00f3rias de irritantes, muco ou agentes patog\u00eanicos. No entanto, quando a Tosse persiste ou se torna inc\u00f4moda, \u00e9 poss\u00edvel recorrer a rem\u00e9dios caseiros que podem oferecer al\u00edvio. Esses tratamentos caseiros, embora n\u00e3o substituam a consulta m\u00e9dica, s\u00e3o frequentemente utilizados por suas propriedades ben\u00e9ficas e por aliviar os sintomas de maneira natural.<\/p>\n\n\n\n<p>Uma das op\u00e7\u00f5es conhecidas \u00e9 o\u00a0<strong>suco de guaco com cenoura<\/strong>, reconhecido por suas propriedades broncodilatadoras e expectorantes. Este suco ajuda a aliviar a Tosse com catarro, promovendo uma respira\u00e7\u00e3o mais eficiente e minimizando o desconforto. Ingredientes como hortel\u00e3-pimenta podem ser adicionados, conferindo uma a\u00e7\u00e3o anti-inflamat\u00f3ria que ameniza as crises de tosse, especialmente em casos de gripe, bronquite ou asma.<\/p>\n\n\n\n<h2 class=\"wp-block-heading\">Quais s\u00e3o as melhores alternativas para Tosse seca?<\/h2>\n\n\n\n<p>Para a Tosse seca, o\u00a0<em>ch\u00e1 de gengibre com lim\u00e3o<\/em>\u00a0\u00e9 bastante recomendado. Este ch\u00e1 possui propriedades anti-inflamat\u00f3rias que s\u00e3o eficazes na redu\u00e7\u00e3o da irrita\u00e7\u00e3o da garganta e nos pulm\u00f5es. O ch\u00e1 tamb\u00e9m \u00e9 seguro para uso em crian\u00e7as, pois n\u00e3o apresenta efeitos colaterais conhecidos. Ao preparar, \u00e9 comum ado\u00e7ar com mel, por\u00e9m, recomenda-se cautela ao administrar para crian\u00e7as menores de dois anos, evitando o uso de mel por quest\u00f5es de seguran\u00e7a.<\/p>\n\n\n\n<h2 class=\"wp-block-heading\">Como os rem\u00e9dios caseiros podem ajudar na Tosse al\u00e9rgica?<\/h2>\n\n\n\n<figure class=\"wp-block-image aligncenter size-large\"><img decoding=\"async\" width=\"1024\" height=\"576\" src=\"https:\/\/www.correiobraziliense.com.br\/cbradar\/wp-content\/uploads\/2025\/05\/tosse_1746814216854-1024x576.jpg\" alt=\"\" class=\"wp-image-34576\" srcset=\"https:\/\/www.correiobraziliense.com.br\/cbradar\/wp-content\/uploads\/2025\/05\/tosse_1746814216854-1024x576.jpg 1024w, https:\/\/www.correiobraziliense.com.br\/cbradar\/wp-content\/uploads\/2025\/05\/tosse_1746814216854-300x169.jpg 300w, https:\/\/www.correiobraziliense.com.br\/cbradar\/wp-content\/uploads\/2025\/05\/tosse_1746814216854-768x432.jpg 768w, https:\/\/www.correiobraziliense.com.br\/cbradar\/wp-content\/uploads\/2025\/05\/tosse_1746814216854-750x422.jpg 750w, https:\/\/www.correiobraziliense.com.br\/cbradar\/wp-content\/uploads\/2025\/05\/tosse_1746814216854-1140x641.jpg 1140w, https:\/\/www.correiobraziliense.com.br\/cbradar\/wp-content\/uploads\/2025\/05\/tosse_1746814216854.jpg 1280w\" sizes=\"(max-width: 1024px) 100vw, 1024px\" \/><figcaption class=\"wp-element-caption\">Tosse &#8211; Cr\u00e9ditos: depositphotos.com \/ AndrewLozovyi\n<\/figcaption><\/figure>\n\n\n\n<p>Para Tosse de origem al\u00e9rgica,\u00a0<strong>ch\u00e1 de urtiga<\/strong>\u00a0pode ser uma solu\u00e7\u00e3o eficaz. As propriedades calmantes desta planta ajudam a aliviar o desconforto na garganta, diminuindo consequentemente a Tosse. O preparo \u00e9 simples, utilizando folhas de urtiga fervidas em \u00e1gua. Caso necess\u00e1rio, o mel pode ser adicionado para ado\u00e7ar e intensificar o efeito <a href=\"https:\/\/www.correiobraziliense.com.br\/cbradar\/cabeca-achatada-em-bebes-merece-atencao\/\" target=\"_blank\" rel=\"noreferrer noopener\">calmante<\/a>.<\/p>\n\n\n\n<h2 class=\"wp-block-heading\">Por que escolher ch\u00e1 de hortel\u00e3-pimenta para congest\u00e3o nasal?<\/h2>\n\n\n\n<p>O\u00a0<em>ch\u00e1 de hortel\u00e3-pimenta<\/em>\u00a0\u00e9 outra excelente op\u00e7\u00e3o para aliviar a Tosse associada a congest\u00e3o nasal. Rico em mentol, um descongestionante natural, esse ch\u00e1 n\u00e3o s\u00f3 ajuda a liberar as vias a\u00e9reas, mas tamb\u00e9m reduz a inflama\u00e7\u00e3o nos seios nasais. Esta a\u00e7\u00e3o \u00e9 especialmente ben\u00e9fica em casos de rinite al\u00e9rgica ou sinusite, onde a congest\u00e3o pode ser predominante.<\/p>\n\n\n\n<p>Por \u00faltimo, a&nbsp;<strong>inala\u00e7\u00e3o com vapor de eucalipto<\/strong>&nbsp;\u00e9 uma pr\u00e1tica bastante difundida. Este m\u00e9todo \u00e9 valorizado por sua efic\u00e1cia em desobstruir as vias respirat\u00f3rias, embora algumas pessoas possam apresentar sensibilidade ao \u00f3leo essencial, o que pode agravar os sintomas. Deve-se realizar essa pr\u00e1tica com cuidado, e \u00e9 contraindicado para crian\u00e7as pequenas devido a riscos de rea\u00e7\u00f5es al\u00e9rgicas.<\/p>\n\n\n\n<p>Em suma, os rem\u00e9dios caseiros podem complementar o tratamento da Tosse, proporcionando al\u00edvio de maneira natural. No entanto, \u00e9 crucial lembrar que persist\u00eancia dos sintomas requer avalia\u00e7\u00e3o m\u00e9dica para descartar causas subjacentes mais graves. Manter-se informado sobre os ingredientes e suas poss\u00edveis rea\u00e7\u00f5es \u00e9 fundamental para um uso seguro e eficaz desses tratamentos alternativos.<\/p>\n\n\n<a href=\"https:\/\/www.instagram.com\/dra.annaluisabf\/\" target=\"_blank\" rel=\"noopener\" style=\"text-decoration: none; color: inherit;\">\n    <span style=\"display: inline-block; border: 1px solid #ccc; border-radius: 10px; padding: 15px; max-width: 550px; font-family: sans-serif; box-shadow: 0 2px 5px rgba(0,0,0,0.1); width: 100%;\">\n\n      <!-- T\u00edtulo -->\n      <span style=\"display: block; margin: 0 0 15px 0; font-weight: bold; color: #2c3e50; text-align: center;\">\n        Entre em contato:\n      <\/span>\n\n      <!-- Linha do perfil -->\n      <span style=\"display: flex; align-items: center; gap: 15px;\">\n        <img decoding=\"async\"\n          src=\"https:\/\/www.correiobraziliense.com.br\/cbradar\/wp-content\/uploads\/2025\/08\/dra_anna_luisa.jpeg\"\n          alt=\"Foto da Dra. Anna Lu\u00edsa\"\n          style=\"border-radius: 50%; width: 80px; height: 80px; object-fit: cover;\"\n        \/>\n        <span style=\"display: flex; flex-direction: column;\">\n          <span style=\"font-size: 18px; font-weight: 700; color: #2c3e50;\">Dra. Anna Lu\u00edsa Barbosa Fernandes<\/span>\n          <span style=\"color: #555;\">CRM-GO 33.271<\/span>\n        <\/span>\n      <\/span>\n\n      <!-- Redes -->\n      <span style=\"display: flex; align-items: center; gap: 10px; margin-top: 12px;\">\n        <img decoding=\"async\" src=\"https:\/\/cdn-icons-png.flaticon.com\/24\/1384\/1384063.png\" alt=\"Instagram\" width=\"24\" height=\"24\" \/>\n        <span style=\"text-decoration: underline; color: #2c3e50;\">@dra.annaluisabf<\/span>\n      <\/span>\n\n    <\/span>\n  <\/a>","protected":false},"excerpt":{"rendered":"<p>A Tosse \u00e9 um reflexo comum e natural do corpo que ajuda a limpar as vias respirat\u00f3rias de irritantes, muco ou agentes patog\u00eanicos. No entanto, quando a Tosse persiste ou se torna inc\u00f4moda, \u00e9 poss\u00edvel recorrer a rem\u00e9dios caseiros que podem oferecer al\u00edvio. Esses tratamentos caseiros, embora n\u00e3o substituam a consulta m\u00e9dica, s\u00e3o frequentemente utilizados [&hellip;]<\/p>\n","protected":false},"author":14,"featured_media":147004,"comment_status":"open","ping_status":"open","sticky":false,"template":"","format":"standard","meta":{"_yoast_wpseo_focuskw":"Tosse","_yoast_wpseo_title":"","_yoast_wpseo_metadesc":"Descubra como rem\u00e9dios caseiros para tosse podem aliviar irrita\u00e7\u00e3o, catarro e congest\u00e3o de forma natural e segura no dia a dia.","jnews-multi-image_gallery":[],"jnews_single_post":{"format":"standard"},"jnews_primary_category":[],"jnews_social_meta":[],"jnews_override_counter":[],"footnotes":""},"categories":[4404],"post_tag":[120,247,1318,4409],"class_list":["post-179546","post","type-post","status-publish","format-standard","has-post-thumbnail","hentry","category-saude","tag-bem-estar","tag-qualidade-de-vida","tag-saude-2","tag-tosse"],"yoast_head":"<!-- This site is optimized with the Yoast SEO plugin v24.6 - https:\/\/yoast.com\/wordpress\/plugins\/seo\/ -->\n<title>Os melhores rem\u00e9dios naturais que aliviam a tosse r\u00e1pido - Correio Braziliense - Radar<\/title>\n<meta name=\"description\" content=\"Descubra como rem\u00e9dios caseiros para tosse podem aliviar irrita\u00e7\u00e3o, catarro e congest\u00e3o de forma natural e segura no dia a dia.\" \/>\n<meta name=\"robots\" content=\"index, follow, max-snippet:-1, max-image-preview:large, max-video-preview:-1\" \/>\n<link rel=\"canonical\" href=\"https:\/\/www.correiobraziliense.com.br\/cbradar\/os-melhores-remedios-naturais-que-aliviam-a-tosse-rapido\/\" \/>\n<meta property=\"og:locale\" content=\"pt_BR\" \/>\n<meta property=\"og:type\" content=\"article\" \/>\n<meta property=\"og:title\" content=\"Os melhores rem\u00e9dios naturais que aliviam a tosse r\u00e1pido - Correio Braziliense - Radar\" \/>\n<meta property=\"og:description\" content=\"Descubra como rem\u00e9dios caseiros para tosse podem aliviar irrita\u00e7\u00e3o, catarro e congest\u00e3o de forma natural e segura no dia a dia.\" \/>\n<meta property=\"og:url\" content=\"https:\/\/www.correiobraziliense.com.br\/cbradar\/os-melhores-remedios-naturais-que-aliviam-a-tosse-rapido\/\" \/>\n<meta property=\"og:site_name\" content=\"Correio Braziliense - Radar\" \/>\n<meta property=\"article:published_time\" content=\"2026-01-24T10:45:00+00:00\" \/>\n<meta property=\"og:image\" content=\"https:\/\/www.correiobraziliense.com.br\/cbradar\/wp-content\/uploads\/2025\/11\/Tosse-Com-Catarro_1764427733160.jpg\" \/>\n\t<meta property=\"og:image:width\" content=\"1280\" \/>\n\t<meta property=\"og:image:height\" content=\"720\" \/>\n\t<meta property=\"og:image:type\" content=\"image\/jpeg\" \/>\n<meta name=\"author\" content=\"guilherme_saude\" \/>\n<meta name=\"twitter:card\" content=\"summary_large_image\" \/>\n<meta name=\"twitter:label1\" content=\"Escrito por\" \/>\n\t<meta name=\"twitter:data1\" content=\"guilherme_saude\" \/>\n\t<meta name=\"twitter:label2\" content=\"Est. tempo de leitura\" \/>\n\t<meta name=\"twitter:data2\" content=\"4 minutos\" \/>\n<!-- \/ Yoast SEO plugin. -->","yoast_head_json":{"title":"Os melhores rem\u00e9dios naturais que aliviam a tosse r\u00e1pido - Correio Braziliense - Radar","description":"Descubra como rem\u00e9dios caseiros para tosse podem aliviar irrita\u00e7\u00e3o, catarro e congest\u00e3o de forma natural e segura no dia a dia.","robots":{"index":"index","follow":"follow","max-snippet":"max-snippet:-1","max-image-preview":"max-image-preview:large","max-video-preview":"max-video-preview:-1"},"canonical":"https:\/\/www.correiobraziliense.com.br\/cbradar\/os-melhores-remedios-naturais-que-aliviam-a-tosse-rapido\/","og_locale":"pt_BR","og_type":"article","og_title":"Os melhores rem\u00e9dios naturais que aliviam a tosse r\u00e1pido - Correio Braziliense - Radar","og_description":"Descubra como rem\u00e9dios caseiros para tosse podem aliviar irrita\u00e7\u00e3o, catarro e congest\u00e3o de forma natural e segura no dia a dia.","og_url":"https:\/\/www.correiobraziliense.com.br\/cbradar\/os-melhores-remedios-naturais-que-aliviam-a-tosse-rapido\/","og_site_name":"Correio Braziliense - Radar","article_published_time":"2026-01-24T10:45:00+00:00","og_image":[{"width":1280,"height":720,"url":"https:\/\/www.correiobraziliense.com.br\/cbradar\/wp-content\/uploads\/2025\/11\/Tosse-Com-Catarro_1764427733160.jpg","type":"image\/jpeg"}],"author":"guilherme_saude","twitter_card":"summary_large_image","twitter_misc":{"Escrito por":"guilherme_saude","Est. tempo de leitura":"4 minutos"},"schema":{"@context":"https:\/\/schema.org","@graph":[{"@type":"WebPage","@id":"https:\/\/www.correiobraziliense.com.br\/cbradar\/os-melhores-remedios-naturais-que-aliviam-a-tosse-rapido\/","url":"https:\/\/www.correiobraziliense.com.br\/cbradar\/os-melhores-remedios-naturais-que-aliviam-a-tosse-rapido\/","name":"Os melhores rem\u00e9dios naturais que aliviam a tosse r\u00e1pido - Correio Braziliense - Radar","isPartOf":{"@id":"https:\/\/www.correiobraziliense.com.br\/cbradar\/#website"},"primaryImageOfPage":{"@id":"https:\/\/www.correiobraziliense.com.br\/cbradar\/os-melhores-remedios-naturais-que-aliviam-a-tosse-rapido\/#primaryimage"},"image":{"@id":"https:\/\/www.correiobraziliense.com.br\/cbradar\/os-melhores-remedios-naturais-que-aliviam-a-tosse-rapido\/#primaryimage"},"thumbnailUrl":"https:\/\/www.correiobraziliense.com.br\/cbradar\/wp-content\/uploads\/2025\/11\/Tosse-Com-Catarro_1764427733160.jpg","datePublished":"2026-01-24T10:45:00+00:00","author":{"@id":"https:\/\/www.correiobraziliense.com.br\/cbradar\/#\/schema\/person\/5aa4bf3c8fa699c267933611de12978b"},"description":"Descubra como rem\u00e9dios caseiros para tosse podem aliviar irrita\u00e7\u00e3o, catarro e congest\u00e3o de forma natural e segura no dia a dia.","breadcrumb":{"@id":"https:\/\/www.correiobraziliense.com.br\/cbradar\/os-melhores-remedios-naturais-que-aliviam-a-tosse-rapido\/#breadcrumb"},"inLanguage":"pt-BR","potentialAction":[{"@type":"ReadAction","target":["https:\/\/www.correiobraziliense.com.br\/cbradar\/os-melhores-remedios-naturais-que-aliviam-a-tosse-rapido\/"]}]},{"@type":"ImageObject","inLanguage":"pt-BR","@id":"https:\/\/www.correiobraziliense.com.br\/cbradar\/os-melhores-remedios-naturais-que-aliviam-a-tosse-rapido\/#primaryimage","url":"https:\/\/www.correiobraziliense.com.br\/cbradar\/wp-content\/uploads\/2025\/11\/Tosse-Com-Catarro_1764427733160.jpg","contentUrl":"https:\/\/www.correiobraziliense.com.br\/cbradar\/wp-content\/uploads\/2025\/11\/Tosse-Com-Catarro_1764427733160.jpg","width":1280,"height":720,"caption":"Tosse Com Catarro - Cr\u00e9ditos: depositphotos.com \/ 9nong"},{"@type":"BreadcrumbList","@id":"https:\/\/www.correiobraziliense.com.br\/cbradar\/os-melhores-remedios-naturais-que-aliviam-a-tosse-rapido\/#breadcrumb","itemListElement":[{"@type":"ListItem","position":1,"name":"In\u00edcio","item":"https:\/\/www.correiobraziliense.com.br\/cbradar\/"},{"@type":"ListItem","position":2,"name":"Os melhores rem\u00e9dios naturais que aliviam a tosse r\u00e1pido"}]},{"@type":"WebSite","@id":"https:\/\/www.correiobraziliense.com.br\/cbradar\/#website","url":"https:\/\/www.correiobraziliense.com.br\/cbradar\/","name":"Correio Braziliense - Radar","description":"Acompanhe as \u00faltimas not\u00edcias e fique bem informado sobre tudo o que acontece no Brasil e no mundo.","potentialAction":[{"@type":"SearchAction","target":{"@type":"EntryPoint","urlTemplate":"https:\/\/www.correiobraziliense.com.br\/cbradar\/?s={search_term_string}"},"query-input":{"@type":"PropertyValueSpecification","valueRequired":true,"valueName":"search_term_string"}}],"inLanguage":"pt-BR"},{"@type":"Person","@id":"https:\/\/www.correiobraziliense.com.br\/cbradar\/#\/schema\/person\/5aa4bf3c8fa699c267933611de12978b","name":"guilherme_saude","image":{"@type":"ImageObject","inLanguage":"pt-BR","@id":"https:\/\/www.correiobraziliense.com.br\/cbradar\/#\/schema\/person\/image\/","url":"https:\/\/secure.gravatar.com\/avatar\/df9adfb835d344bc0af109d41756253f?s=96&d=mm&r=g","contentUrl":"https:\/\/secure.gravatar.com\/avatar\/df9adfb835d344bc0af109d41756253f?s=96&d=mm&r=g","caption":"guilherme_saude"},"url":"https:\/\/www.correiobraziliense.com.br\/cbradar\/author\/guilherme_saude\/"}]}},"_links":{"self":[{"href":"https:\/\/www.correiobraziliense.com.br\/cbradar\/wp-json\/wp\/v2\/posts\/179546","targetHints":{"allow":["GET"]}}],"collection":[{"href":"https:\/\/www.correiobraziliense.com.br\/cbradar\/wp-json\/wp\/v2\/posts"}],"about":[{"href":"https:\/\/www.correiobraziliense.com.br\/cbradar\/wp-json\/wp\/v2\/types\/post"}],"author":[{"embeddable":true,"href":"https:\/\/www.correiobraziliense.com.br\/cbradar\/wp-json\/wp\/v2\/users\/14"}],"replies":[{"embeddable":true,"href":"https:\/\/www.correiobraziliense.com.br\/cbradar\/wp-json\/wp\/v2\/comments?post=179546"}],"version-history":[{"count":1,"href":"https:\/\/www.correiobraziliense.com.br\/cbradar\/wp-json\/wp\/v2\/posts\/179546\/revisions"}],"predecessor-version":[{"id":179547,"href":"https:\/\/www.correiobraziliense.com.br\/cbradar\/wp-json\/wp\/v2\/posts\/179546\/revisions\/179547"}],"wp:featuredmedia":[{"embeddable":true,"href":"https:\/\/www.correiobraziliense.com.br\/cbradar\/wp-json\/wp\/v2\/media\/147004"}],"wp:attachment":[{"href":"https:\/\/www.correiobraziliense.com.br\/cbradar\/wp-json\/wp\/v2\/media?parent=179546"}],"wp:term":[{"taxonomy":"category","embeddable":true,"href":"https:\/\/www.correiobraziliense.com.br\/cbradar\/wp-json\/wp\/v2\/categories?post=179546"},{"taxonomy":"post_tag","embeddable":true,"href":"https:\/\/www.correiobraziliense.com.br\/cbradar\/wp-json\/wp\/v2\/post_tag?post=179546"}],"curies":[{"name":"wp","href":"https:\/\/api.w.org\/{rel}","templated":true}]}}