{"id":179548,"date":"2026-01-22T11:30:00","date_gmt":"2026-01-22T14:30:00","guid":{"rendered":"https:\/\/www.correiobraziliense.com.br\/cbradar\/?p=179548"},"modified":"2026-01-22T14:04:55","modified_gmt":"2026-01-22T17:04:55","slug":"nomes-de-meninas-inspirados-em-deusas-e-mitos-antigos-que-voltam-com-forca-em-2026","status":"publish","type":"post","link":"https:\/\/www.correiobraziliense.com.br\/cbradar\/nomes-de-meninas-inspirados-em-deusas-e-mitos-antigos-que-voltam-com-forca-em-2026\/","title":{"rendered":"Nomes de meninas inspirados em deusas e mitos antigos que voltam com for\u00e7a em 2026"},"content":{"rendered":"\n<p>A escolha do nome de uma filha \u00e9 o primeiro grande presente que os pais oferecem, carregando significados que podem moldar a personalidade e o destino da pequena desde o ber\u00e7o. Em 2026, observamos um retorno emocionante \u00e0s ra\u00edzes cl\u00e1ssicas, onde nomes inspirados em divindades antigas ganham destaque por sua for\u00e7a, sonoridade e pela conex\u00e3o profunda com hist\u00f3rias de coragem e sabedoria que atravessam mil\u00eanios.<\/p>\n\n\n\n<h2 class=\"wp-block-heading\">Por que os nomes mitol\u00f3gicos est\u00e3o dominando as escolhas das fam\u00edlias em 2026?<\/h2>\n\n\n\n<p>O movimento atual busca resgatar a ess\u00eancia feminina atrav\u00e9s de figuras que representam poder, intelig\u00eancia e autonomia, distanciando-se de op\u00e7\u00f5es excessivamente comuns ou passageiras. As fam\u00edlias modernas valorizam nomes que possuem uma narrativa rica por tr\u00e1s, permitindo que a crian\u00e7a cres\u00e7a conhecendo a hist\u00f3ria de uma divindade que simboliza virtudes admiradas pela nossa sociedade atual.<\/p>\n\n\n\n<p>Al\u00e9m do peso hist\u00f3rico, a fon\u00e9tica desses nomes costuma ser marcante e elegante, adaptando-se perfeitamente ao contexto globalizado onde vivemos e convivemos hoje em dia. Essa tend\u00eancia reflete um desejo de autenticidade e uma busca por nomes que soem atemporais, garantindo que a escolha feita hoje continue sendo relevante e sofisticada quando a menina atingir a vida adulta plena e consciente.<\/p>\n\n\n<div class=\"wp-block-image\">\n<figure class=\"aligncenter size-large\"><img decoding=\"async\" width=\"1024\" height=\"576\" src=\"https:\/\/www.correiobraziliense.com.br\/cbradar\/wp-content\/uploads\/2026\/01\/Gemini_Generated_Image_c6rr4kc6rr4kc6rr-1-1-1024x576.png\" alt=\"Nomes de meninas inspirados em deusas e mitos antigos que voltam com for\u00e7a em 2026\" class=\"wp-image-179558\" srcset=\"https:\/\/www.correiobraziliense.com.br\/cbradar\/wp-content\/uploads\/2026\/01\/Gemini_Generated_Image_c6rr4kc6rr4kc6rr-1-1-1024x576.png 1024w, https:\/\/www.correiobraziliense.com.br\/cbradar\/wp-content\/uploads\/2026\/01\/Gemini_Generated_Image_c6rr4kc6rr4kc6rr-1-1-300x169.png 300w, https:\/\/www.correiobraziliense.com.br\/cbradar\/wp-content\/uploads\/2026\/01\/Gemini_Generated_Image_c6rr4kc6rr4kc6rr-1-1-768x432.png 768w, https:\/\/www.correiobraziliense.com.br\/cbradar\/wp-content\/uploads\/2026\/01\/Gemini_Generated_Image_c6rr4kc6rr4kc6rr-1-1-750x422.png 750w, https:\/\/www.correiobraziliense.com.br\/cbradar\/wp-content\/uploads\/2026\/01\/Gemini_Generated_Image_c6rr4kc6rr4kc6rr-1-1-1140x641.png 1140w, https:\/\/www.correiobraziliense.com.br\/cbradar\/wp-content\/uploads\/2026\/01\/Gemini_Generated_Image_c6rr4kc6rr4kc6rr-1-1.png 1280w\" sizes=\"(max-width: 1024px) 100vw, 1024px\" \/><figcaption class=\"wp-element-caption\">Nomes de deusas antigas voltam a inspirar fam\u00edlias<\/figcaption><\/figure><\/div>\n\n\n<h2 class=\"wp-block-heading\">Quais s\u00e3o as deusas gregas que mais inspiram nomes fortes e elegantes?<\/h2>\n\n\n\n<p>A <strong>Gr\u00e9cia Antiga <\/strong>oferece um vasto repert\u00f3rio de nomes que exalam gra\u00e7a e determina\u00e7\u00e3o, sendo uma das fontes mais ricas para pais que buscam inspira\u00e7\u00e3o em lendas \u00e9picas. Muitas dessas denomina\u00e7\u00f5es voltaram ao topo dos registros civis por combinarem a suavidade das vogais com a impon\u00eancia de deusas que governavam aspectos fundamentais da vida e da natureza f\u00e9rtil.<\/p>\n\n\n\n<p>Para facilitar a sua jornada de descoberta entre tantas op\u00e7\u00f5es repletas de luz e hist\u00f3ria, selecionamos os nomes gregos que est\u00e3o conquistando o cora\u00e7\u00e3o das fam\u00edlias brasileiras nesta temporada de renascimento cl\u00e1ssico. Observe atentamente cada significado e sinta qual deles vibra melhor com o futuro que voc\u00ea deseja para a sua pequena herdeira:<\/p>\n\n\n\n<ul class=\"wp-block-list\">\n<li><strong>Athena:<\/strong> S\u00edmbolo de sabedoria e estrat\u00e9gia, \u00e9 a escolha ideal para meninas que demonstram intelig\u00eancia e lideran\u00e7a desde os primeiros anos.<\/li>\n\n\n\n<li><strong>Maia:<\/strong> Representa a primavera e o renascimento, sendo uma op\u00e7\u00e3o leve, curta e muito popular no cen\u00e1rio atual pela sua simplicidade encantadora.<\/li>\n\n\n\n<li><strong>Selene:<\/strong> Sendo a personifica\u00e7\u00e3o da pr\u00f3pria lua, este nome traz um ar de mist\u00e9rio e serenidade para quem busca algo po\u00e9tico e visualmente belo.<\/li>\n\n\n\n<li><strong>Artemis:<\/strong> Deusa da ca\u00e7a e da vida selvagem, este nome evoca liberdade, independ\u00eancia e uma conex\u00e3o profunda com o meio ambiente e a prote\u00e7\u00e3o.<\/li>\n<\/ul>\n\n\n\n<h2 class=\"wp-block-heading\">Como a mitologia romana influencia as tend\u00eancias de nomes para este ano?<\/h2>\n\n\n\n<p>A influ\u00eancia de Roma na nossa cultura \u00e9 ineg\u00e1vel, e isso se estende diretamente para a onom\u00e1stica, onde nomes latinos mant\u00eam uma familiaridade reconfortante e cl\u00e1ssica aos ouvidos brasileiros. Em 2026, a busca por nomes que transmitem estabilidade e nobreza faz com que figuras do pante\u00e3o romano sejam redescobertas com um olhar fresco e contempor\u00e2neo pelos novos pais.<\/p>\n\n\n\n<p>Se voc\u00ea procura uma alternativa que harmonize tradi\u00e7\u00e3o romana com a delicadeza necess\u00e1ria para uma rec\u00e9m-nascida, confira estas op\u00e7\u00f5es que prometem brilhar intensamente nos pr\u00f3ximos anos e trazer distin\u00e7\u00e3o. Estes nomes carregam a for\u00e7a de imp\u00e9rios e a suavidade de flores que desabrocham sob o sol de uma nova era de escolhas conscientes.<\/p>\n\n\n\n<ul class=\"wp-block-list\">\n<li><strong>Aurora:<\/strong> A deusa do amanhecer continua sendo uma das favoritas por representar esperan\u00e7a e novos come\u00e7os iluminados para toda a fam\u00edlia unida.<\/li>\n\n\n\n<li><strong>Flora:<\/strong> Protetora das flores e da natureza, \u00e9 um nome que transmite delicadeza, frescor e uma beleza natural \u00fanica que nunca sai de moda.<\/li>\n\n\n\n<li><strong>Diana:<\/strong> Conhecida por sua for\u00e7a e pureza, esta escolha permanece no topo das tend\u00eancias pela sua eleg\u00e2ncia cl\u00e1ssica e pron\u00fancia f\u00e1cil em diversos idiomas.<\/li>\n\n\n\n<li><strong>V\u00eanus:<\/strong> Embora mais ousado, o nome da deusa do amor ganha espa\u00e7o entre pais que buscam originalidade e um magnetismo especial para suas filhas.<\/li>\n<\/ul>\n\n\n<div class=\"wp-block-image\">\n<figure class=\"aligncenter size-large\"><img decoding=\"async\" width=\"1024\" height=\"576\" src=\"https:\/\/www.correiobraziliense.com.br\/cbradar\/wp-content\/uploads\/2026\/01\/Gemini_Generated_Image_q59c3jq59c3jq59c-1-1-1024x576.png\" alt=\"Nomes de meninas inspirados em deusas e mitos antigos que voltam com for\u00e7a em 2026\" class=\"wp-image-179553\" srcset=\"https:\/\/www.correiobraziliense.com.br\/cbradar\/wp-content\/uploads\/2026\/01\/Gemini_Generated_Image_q59c3jq59c3jq59c-1-1-1024x576.png 1024w, https:\/\/www.correiobraziliense.com.br\/cbradar\/wp-content\/uploads\/2026\/01\/Gemini_Generated_Image_q59c3jq59c3jq59c-1-1-300x169.png 300w, https:\/\/www.correiobraziliense.com.br\/cbradar\/wp-content\/uploads\/2026\/01\/Gemini_Generated_Image_q59c3jq59c3jq59c-1-1-768x432.png 768w, https:\/\/www.correiobraziliense.com.br\/cbradar\/wp-content\/uploads\/2026\/01\/Gemini_Generated_Image_q59c3jq59c3jq59c-1-1-750x422.png 750w, https:\/\/www.correiobraziliense.com.br\/cbradar\/wp-content\/uploads\/2026\/01\/Gemini_Generated_Image_q59c3jq59c3jq59c-1-1-1140x641.png 1140w, https:\/\/www.correiobraziliense.com.br\/cbradar\/wp-content\/uploads\/2026\/01\/Gemini_Generated_Image_q59c3jq59c3jq59c-1-1.png 1280w\" sizes=\"(max-width: 1024px) 100vw, 1024px\" \/><figcaption class=\"wp-element-caption\">Nomes de deusas antigas voltam a inspirar fam\u00edlias<\/figcaption><\/figure><\/div>\n\n\n<p>Leia tamb\u00e9m: <a href=\"https:\/\/www.correiobraziliense.com.br\/cbradar\/os-nomes-de-bebe-mais-populares-em-1926-e-que-podem-voltar-ao-radar\/\" target=\"_blank\" rel=\"noreferrer noopener\">Os nomes de beb\u00ea mais populares em 1926 e que podem voltar ao radar<\/a><\/p>\n\n\n\n<h2 class=\"wp-block-heading\">Como escolher um nome que une ancestralidade e modernidade para sua filha?<\/h2>\n\n\n\n<p>O segredo para uma escolha equilibrada reside em observar como o significado da divindade ressoa com os valores que a fam\u00edlia deseja transmitir para a crian\u00e7a durante sua cria\u00e7\u00e3o amorosa. \u00c9 fundamental considerar n\u00e3o apenas a beleza est\u00e9tica do nome, mas tamb\u00e9m a facilidade de pron\u00fancia e a harmonia com o sobrenome da fam\u00edlia para evitar poss\u00edveis ru\u00eddos desnecess\u00e1rios.<\/p>\n\n\n\n<p>Ao optar por um nome inspirado em mitos antigos, voc\u00ea est\u00e1 presenteando sua filha com um legado cultural vasto que servir\u00e1 como um pilar de identidade e orgulho pessoal. Essa conex\u00e3o com o passado, aliada \u00e0 modernidade das novas gera\u00e7\u00f5es, cria uma assinatura \u00fanica que certamente far\u00e1 a pequena se destacar com muita eleg\u00e2ncia, sofistica\u00e7\u00e3o e uma luz pr\u00f3pria marcante.<\/p>\n","protected":false},"excerpt":{"rendered":"<p>A escolha do nome de uma filha \u00e9 o primeiro grande presente que os pais oferecem, carregando significados que podem moldar a personalidade e o destino da pequena desde o ber\u00e7o. Em 2026, observamos um retorno emocionante \u00e0s ra\u00edzes cl\u00e1ssicas, onde nomes inspirados em divindades antigas ganham destaque por sua for\u00e7a, sonoridade e pela conex\u00e3o [&hellip;]<\/p>\n","protected":false},"author":21,"featured_media":179557,"comment_status":"open","ping_status":"open","sticky":false,"template":"","format":"standard","meta":{"_yoast_wpseo_focuskw":"nomes femininos mitol\u00f3gicos","_yoast_wpseo_title":"","_yoast_wpseo_metadesc":"Nomes femininos inspirados em deusas antigas ganham destaque em 2026 por unirem for\u00e7a, hist\u00f3ria, eleg\u00e2ncia e significados profundos.","jnews-multi-image_gallery":[],"jnews_single_post":{"format":"standard"},"jnews_primary_category":[],"jnews_social_meta":[],"jnews_override_counter":[],"footnotes":""},"categories":[112],"tags":[14323,9372,14324,5202],"class_list":["post-179548","post","type-post","status-publish","format-standard","has-post-thumbnail","hentry","category-curiosidades","tag-deusas","tag-meninas","tag-mitos-antigos","tag-nomes"],"yoast_head":"<!-- This site is optimized with the Yoast SEO plugin v24.6 - https:\/\/yoast.com\/wordpress\/plugins\/seo\/ -->\n<title>Nomes de meninas inspirados em deusas e mitos antigos que voltam com for\u00e7a em 2026 - Correio Braziliense - Radar<\/title>\n<meta name=\"description\" content=\"Nomes femininos inspirados em deusas antigas ganham destaque em 2026 por unirem for\u00e7a, hist\u00f3ria, eleg\u00e2ncia e significados profundos.\" \/>\n<meta name=\"robots\" content=\"index, follow, max-snippet:-1, max-image-preview:large, max-video-preview:-1\" \/>\n<link rel=\"canonical\" href=\"https:\/\/www.correiobraziliense.com.br\/cbradar\/nomes-de-meninas-inspirados-em-deusas-e-mitos-antigos-que-voltam-com-forca-em-2026\/\" \/>\n<meta property=\"og:locale\" content=\"pt_BR\" \/>\n<meta property=\"og:type\" content=\"article\" \/>\n<meta property=\"og:title\" content=\"Nomes de meninas inspirados em deusas e mitos antigos que voltam com for\u00e7a em 2026 - Correio Braziliense - Radar\" \/>\n<meta property=\"og:description\" content=\"Nomes femininos inspirados em deusas antigas ganham destaque em 2026 por unirem for\u00e7a, hist\u00f3ria, eleg\u00e2ncia e significados profundos.\" \/>\n<meta property=\"og:url\" content=\"https:\/\/www.correiobraziliense.com.br\/cbradar\/nomes-de-meninas-inspirados-em-deusas-e-mitos-antigos-que-voltam-com-forca-em-2026\/\" \/>\n<meta property=\"og:site_name\" content=\"Correio Braziliense - Radar\" \/>\n<meta property=\"article:published_time\" content=\"2026-01-22T14:30:00+00:00\" \/>\n<meta property=\"article:modified_time\" content=\"2026-01-22T17:04:55+00:00\" \/>\n<meta property=\"og:image\" content=\"https:\/\/www.correiobraziliense.com.br\/cbradar\/wp-content\/uploads\/2026\/01\/Gemini_Generated_Image_uppnmquppnmquppn-1-1.png\" \/>\n\t<meta property=\"og:image:width\" content=\"1280\" \/>\n\t<meta property=\"og:image:height\" content=\"720\" \/>\n\t<meta property=\"og:image:type\" content=\"image\/png\" \/>\n<meta name=\"author\" content=\"Patrick Silva\" \/>\n<meta name=\"twitter:card\" content=\"summary_large_image\" \/>\n<meta name=\"twitter:label1\" content=\"Escrito por\" \/>\n\t<meta name=\"twitter:data1\" content=\"Patrick Silva\" \/>\n\t<meta name=\"twitter:label2\" content=\"Est. tempo de leitura\" \/>\n\t<meta name=\"twitter:data2\" content=\"5 minutos\" \/>\n<!-- \/ Yoast SEO plugin. -->","yoast_head_json":{"title":"Nomes de meninas inspirados em deusas e mitos antigos que voltam com for\u00e7a em 2026 - Correio Braziliense - Radar","description":"Nomes femininos inspirados em deusas antigas ganham destaque em 2026 por unirem for\u00e7a, hist\u00f3ria, eleg\u00e2ncia e significados profundos.","robots":{"index":"index","follow":"follow","max-snippet":"max-snippet:-1","max-image-preview":"max-image-preview:large","max-video-preview":"max-video-preview:-1"},"canonical":"https:\/\/www.correiobraziliense.com.br\/cbradar\/nomes-de-meninas-inspirados-em-deusas-e-mitos-antigos-que-voltam-com-forca-em-2026\/","og_locale":"pt_BR","og_type":"article","og_title":"Nomes de meninas inspirados em deusas e mitos antigos que voltam com for\u00e7a em 2026 - Correio Braziliense - Radar","og_description":"Nomes femininos inspirados em deusas antigas ganham destaque em 2026 por unirem for\u00e7a, hist\u00f3ria, eleg\u00e2ncia e significados profundos.","og_url":"https:\/\/www.correiobraziliense.com.br\/cbradar\/nomes-de-meninas-inspirados-em-deusas-e-mitos-antigos-que-voltam-com-forca-em-2026\/","og_site_name":"Correio Braziliense - Radar","article_published_time":"2026-01-22T14:30:00+00:00","article_modified_time":"2026-01-22T17:04:55+00:00","og_image":[{"width":1280,"height":720,"url":"https:\/\/www.correiobraziliense.com.br\/cbradar\/wp-content\/uploads\/2026\/01\/Gemini_Generated_Image_uppnmquppnmquppn-1-1.png","type":"image\/png"}],"author":"Patrick Silva","twitter_card":"summary_large_image","twitter_misc":{"Escrito por":"Patrick Silva","Est. tempo de leitura":"5 minutos"},"schema":{"@context":"https:\/\/schema.org","@graph":[{"@type":"WebPage","@id":"https:\/\/www.correiobraziliense.com.br\/cbradar\/nomes-de-meninas-inspirados-em-deusas-e-mitos-antigos-que-voltam-com-forca-em-2026\/","url":"https:\/\/www.correiobraziliense.com.br\/cbradar\/nomes-de-meninas-inspirados-em-deusas-e-mitos-antigos-que-voltam-com-forca-em-2026\/","name":"Nomes de meninas inspirados em deusas e mitos antigos que voltam com for\u00e7a em 2026 - Correio Braziliense - Radar","isPartOf":{"@id":"https:\/\/www.correiobraziliense.com.br\/cbradar\/#website"},"primaryImageOfPage":{"@id":"https:\/\/www.correiobraziliense.com.br\/cbradar\/nomes-de-meninas-inspirados-em-deusas-e-mitos-antigos-que-voltam-com-forca-em-2026\/#primaryimage"},"image":{"@id":"https:\/\/www.correiobraziliense.com.br\/cbradar\/nomes-de-meninas-inspirados-em-deusas-e-mitos-antigos-que-voltam-com-forca-em-2026\/#primaryimage"},"thumbnailUrl":"https:\/\/www.correiobraziliense.com.br\/cbradar\/wp-content\/uploads\/2026\/01\/Gemini_Generated_Image_uppnmquppnmquppn-1-1.png","datePublished":"2026-01-22T14:30:00+00:00","dateModified":"2026-01-22T17:04:55+00:00","author":{"@id":"https:\/\/www.correiobraziliense.com.br\/cbradar\/#\/schema\/person\/5440b72be9c7eb74f446c846479dc4da"},"description":"Nomes femininos inspirados em deusas antigas ganham destaque em 2026 por unirem for\u00e7a, hist\u00f3ria, eleg\u00e2ncia e significados profundos.","breadcrumb":{"@id":"https:\/\/www.correiobraziliense.com.br\/cbradar\/nomes-de-meninas-inspirados-em-deusas-e-mitos-antigos-que-voltam-com-forca-em-2026\/#breadcrumb"},"inLanguage":"pt-BR","potentialAction":[{"@type":"ReadAction","target":["https:\/\/www.correiobraziliense.com.br\/cbradar\/nomes-de-meninas-inspirados-em-deusas-e-mitos-antigos-que-voltam-com-forca-em-2026\/"]}]},{"@type":"ImageObject","inLanguage":"pt-BR","@id":"https:\/\/www.correiobraziliense.com.br\/cbradar\/nomes-de-meninas-inspirados-em-deusas-e-mitos-antigos-que-voltam-com-forca-em-2026\/#primaryimage","url":"https:\/\/www.correiobraziliense.com.br\/cbradar\/wp-content\/uploads\/2026\/01\/Gemini_Generated_Image_uppnmquppnmquppn-1-1.png","contentUrl":"https:\/\/www.correiobraziliense.com.br\/cbradar\/wp-content\/uploads\/2026\/01\/Gemini_Generated_Image_uppnmquppnmquppn-1-1.png","width":1280,"height":720,"caption":"Nomes de deusas antigas voltam a inspirar fam\u00edlias"},{"@type":"BreadcrumbList","@id":"https:\/\/www.correiobraziliense.com.br\/cbradar\/nomes-de-meninas-inspirados-em-deusas-e-mitos-antigos-que-voltam-com-forca-em-2026\/#breadcrumb","itemListElement":[{"@type":"ListItem","position":1,"name":"In\u00edcio","item":"https:\/\/www.correiobraziliense.com.br\/cbradar\/"},{"@type":"ListItem","position":2,"name":"Nomes de meninas inspirados em deusas e mitos antigos que voltam com for\u00e7a em 2026"}]},{"@type":"WebSite","@id":"https:\/\/www.correiobraziliense.com.br\/cbradar\/#website","url":"https:\/\/www.correiobraziliense.com.br\/cbradar\/","name":"Correio Braziliense - Radar","description":"Acompanhe as \u00faltimas not\u00edcias e fique bem informado sobre tudo o que acontece no Brasil e no mundo.","potentialAction":[{"@type":"SearchAction","target":{"@type":"EntryPoint","urlTemplate":"https:\/\/www.correiobraziliense.com.br\/cbradar\/?s={search_term_string}"},"query-input":{"@type":"PropertyValueSpecification","valueRequired":true,"valueName":"search_term_string"}}],"inLanguage":"pt-BR"},{"@type":"Person","@id":"https:\/\/www.correiobraziliense.com.br\/cbradar\/#\/schema\/person\/5440b72be9c7eb74f446c846479dc4da","name":"Patrick Silva","image":{"@type":"ImageObject","inLanguage":"pt-BR","@id":"https:\/\/www.correiobraziliense.com.br\/cbradar\/#\/schema\/person\/image\/","url":"https:\/\/secure.gravatar.com\/avatar\/944109df296fc087785c9715fd5f80b2?s=96&d=mm&r=g","contentUrl":"https:\/\/secure.gravatar.com\/avatar\/944109df296fc087785c9715fd5f80b2?s=96&d=mm&r=g","caption":"Patrick Silva"},"sameAs":["https:\/\/www.correiobraziliense.com.br\/cbradar\/"],"url":"https:\/\/www.correiobraziliense.com.br\/cbradar\/author\/patrick-silva\/"}]}},"_links":{"self":[{"href":"https:\/\/www.correiobraziliense.com.br\/cbradar\/wp-json\/wp\/v2\/posts\/179548","targetHints":{"allow":["GET"]}}],"collection":[{"href":"https:\/\/www.correiobraziliense.com.br\/cbradar\/wp-json\/wp\/v2\/posts"}],"about":[{"href":"https:\/\/www.correiobraziliense.com.br\/cbradar\/wp-json\/wp\/v2\/types\/post"}],"author":[{"embeddable":true,"href":"https:\/\/www.correiobraziliense.com.br\/cbradar\/wp-json\/wp\/v2\/users\/21"}],"replies":[{"embeddable":true,"href":"https:\/\/www.correiobraziliense.com.br\/cbradar\/wp-json\/wp\/v2\/comments?post=179548"}],"version-history":[{"count":6,"href":"https:\/\/www.correiobraziliense.com.br\/cbradar\/wp-json\/wp\/v2\/posts\/179548\/revisions"}],"predecessor-version":[{"id":179613,"href":"https:\/\/www.correiobraziliense.com.br\/cbradar\/wp-json\/wp\/v2\/posts\/179548\/revisions\/179613"}],"wp:featuredmedia":[{"embeddable":true,"href":"https:\/\/www.correiobraziliense.com.br\/cbradar\/wp-json\/wp\/v2\/media\/179557"}],"wp:attachment":[{"href":"https:\/\/www.correiobraziliense.com.br\/cbradar\/wp-json\/wp\/v2\/media?parent=179548"}],"wp:term":[{"taxonomy":"category","embeddable":true,"href":"https:\/\/www.correiobraziliense.com.br\/cbradar\/wp-json\/wp\/v2\/categories?post=179548"},{"taxonomy":"post_tag","embeddable":true,"href":"https:\/\/www.correiobraziliense.com.br\/cbradar\/wp-json\/wp\/v2\/tags?post=179548"}],"curies":[{"name":"wp","href":"https:\/\/api.w.org\/{rel}","templated":true}]}}