{"id":179552,"date":"2026-01-25T11:05:00","date_gmt":"2026-01-25T14:05:00","guid":{"rendered":"https:\/\/www.correiobraziliense.com.br\/cbradar\/?p=179552"},"modified":"2026-01-22T11:36:10","modified_gmt":"2026-01-22T14:36:10","slug":"o-tratamento-caseiro-mais-eficaz-para-acabar-com-a-caspa","status":"publish","type":"post","link":"https:\/\/www.correiobraziliense.com.br\/cbradar\/o-tratamento-caseiro-mais-eficaz-para-acabar-com-a-caspa\/","title":{"rendered":"O tratamento caseiro mais eficaz para acabar com a caspa"},"content":{"rendered":"\n<p>A <strong>Caspa <\/strong>\u00e9 um problema comum que afeta o couro cabeludo, causando sintomas inc\u00f4modos como coceira e descama\u00e7\u00e3o. Este problema \u00e9 frequentemente provocado pelo aumento da oleosidade ou pelo desenvolvimento excessivo de fungos. Al\u00e9m de tratamentos convencionais, diversos rem\u00e9dios caseiros se mostram eficazes como alternativas naturais. Tais solu\u00e7\u00f5es n\u00e3o s\u00f3 ajudam a controlar a oleosidade, mas tamb\u00e9m combatem o desenvolvimento de fungos, aliviando os sintomas associados \u00e0 Caspa.<\/p>\n\n\n\n<h2 class=\"wp-block-heading\">Como o vinagre de ma\u00e7\u00e3 pode ajudar na luta contra a Caspa?<\/h2>\n\n\n\n<p>O vinagre de ma\u00e7\u00e3 \u00e9 um dos rem\u00e9dios caseiros mais populares para combater a Caspa devido \u00e0s suas propriedades antibacterianas, antif\u00fangicas e anti-inflamat\u00f3rias. Sua acidez auxilia na remo\u00e7\u00e3o de c\u00e9lulas mortas e no controle da oleosidade. Para utilizar, mistura-se meia x\u00edcara de vinagre de ma\u00e7\u00e3 com a mesma quantidade de \u00e1gua. A solu\u00e7\u00e3o deve ser aplicada no couro cabeludo com aux\u00edlio de algod\u00e3o, ficando em repouso por cerca de 20 minutos antes de lavar o cabelo.<\/p>\n\n\n\n<h2 class=\"wp-block-heading\">Qual \u00e9 o papel da babosa no tratamento da Caspa?<\/h2>\n\n\n<div class=\"wp-block-image\">\n<figure class=\"aligncenter size-large\"><img decoding=\"async\" width=\"1024\" height=\"576\" src=\"https:\/\/www.correiobraziliense.com.br\/cbradar\/wp-content\/uploads\/2025\/07\/caspa_1751634388587-1024x576.jpg\" alt=\"\" class=\"wp-image-64415\" srcset=\"https:\/\/www.correiobraziliense.com.br\/cbradar\/wp-content\/uploads\/2025\/07\/caspa_1751634388587-1024x576.jpg 1024w, https:\/\/www.correiobraziliense.com.br\/cbradar\/wp-content\/uploads\/2025\/07\/caspa_1751634388587-300x169.jpg 300w, https:\/\/www.correiobraziliense.com.br\/cbradar\/wp-content\/uploads\/2025\/07\/caspa_1751634388587-768x432.jpg 768w, https:\/\/www.correiobraziliense.com.br\/cbradar\/wp-content\/uploads\/2025\/07\/caspa_1751634388587-750x422.jpg 750w, https:\/\/www.correiobraziliense.com.br\/cbradar\/wp-content\/uploads\/2025\/07\/caspa_1751634388587-1140x641.jpg 1140w, https:\/\/www.correiobraziliense.com.br\/cbradar\/wp-content\/uploads\/2025\/07\/caspa_1751634388587.jpg 1280w\" sizes=\"(max-width: 1024px) 100vw, 1024px\" \/><figcaption class=\"wp-element-caption\">Caspa &#8211; Cr\u00e9ditos: depositphotos.com \/ roblan<\/figcaption><\/figure><\/div>\n\n\n<p>A babosa, ou aloe vera, \u00e9 uma planta com propriedades anti-inflamat\u00f3rias e antioxidantes que a tornam eficaz no cuidado do couro cabeludo. Seu gel pode aliviar a coceira, descama\u00e7\u00e3o e irrita\u00e7\u00e3o. Por\u00e9m, antes de us\u00e1-lo, recomenda-se um teste de alergia na pele. A aplica\u00e7\u00e3o \u00e9 feita retirando o gel da folha da babosa e massageando suavemente o couro cabeludo. Ap\u00f3s 30 minutos, \u00e9 necess\u00e1rio lavar com um shampoo neutro.<\/p>\n\n\n\n<h2 class=\"wp-block-heading\">\u00d3leo essencial de melaleuca \u00e9 um aliado natural contra a Caspa?<\/h2>\n\n\n\n<p>O \u00f3leo essencial de melaleuca, ou tea tree, \u00e9 usado em diversos tratamentos gra\u00e7as \u00e0s suas propriedades antiss\u00e9pticas. \u00c9 indicado adicionar uma ou duas gotas ao shampoo antes de aplicar no couro cabeludo, sempre verificando anteriormente a aus\u00eancia de rea\u00e7\u00f5es al\u00e9rgicas. Este \u00f3leo n\u00e3o deve ser ingerido e \u00e9 contraindicado para mulheres gr\u00e1vidas.<\/p>\n\n\n\n<h2 class=\"wp-block-heading\">Quais s\u00e3o os cuidados necess\u00e1rios ao usar suco de lim\u00e3o no couro cabeludo?<\/h2>\n\n\n\n<p>O suco de lim\u00e3o, devido \u00e0 sua acidez natural e propriedades antif\u00fangicas, pode ser utilizado para equilibrar o pH do couro cabeludo e reduzir a oleosidade. Ap\u00f3s aplicar o suco, deix\u00e1-lo agir por 10 minutos e lavar bem o cabelo. Contudo, \u00e9 crucial evitar exposi\u00e7\u00e3o ao sol ap\u00f3s a aplica\u00e7\u00e3o, para prevenir <a href=\"https:\/\/www.correiobraziliense.com.br\/cbradar\/cabeca-achatada-em-bebes-merece-atencao\/\" target=\"_blank\" rel=\"noreferrer noopener\">queimaduras<\/a>.<\/p>\n\n\n\n<h2 class=\"wp-block-heading\">Quais s\u00e3o outras alternativas naturais para tratar a Caspa?<\/h2>\n\n\n\n<p>Al\u00e9m dos m\u00e9todos mencionados, outras alternativas incluem infus\u00f5es de ervas como s\u00e1lvia e alecrim, conhecidas por suas propriedades anti-inflamat\u00f3rias e antimicrobianas. A mistura destas ervas com \u00e1gua fervida pode ser usada para tratar o cabelo. Outras solu\u00e7\u00f5es incluem ch\u00e1 de tomilho e sabugueiro, bem como o uso de \u00f3leo de coco, reconhecido por suas capacidades hidratantes e antimicrobianas. Por fim, o bicarbonato de s\u00f3dio pode ser considerado, mas deve ser utilizado com cuidado para evitar poss\u00edveis irrita\u00e7\u00f5es.<\/p>\n\n\n\n<p>\u00c9 importante ressaltar que, apesar dos benef\u00edcios, todos esses rem\u00e9dios caseiros devem ser usados com precau\u00e7\u00e3o e complementados com boas pr\u00e1ticas de higiene pessoal e dieta equilibrada para efic\u00e1cia m\u00e1xima. Consultar um m\u00e9dico ou dermatologista \u00e9 essencial ao persistirem os sintomas.<\/p>\n\n\n<a href=\"https:\/\/www.instagram.com\/dra.annaluisabf\/\" target=\"_blank\" rel=\"noopener\" style=\"text-decoration: none; color: inherit;\">\n    <span style=\"display: inline-block; border: 1px solid #ccc; border-radius: 10px; padding: 15px; max-width: 550px; font-family: sans-serif; box-shadow: 0 2px 5px rgba(0,0,0,0.1); width: 100%;\">\n\n      <!-- T\u00edtulo -->\n      <span style=\"display: block; margin: 0 0 15px 0; font-weight: bold; color: #2c3e50; text-align: center;\">\n        Entre em contato:\n      <\/span>\n\n      <!-- Linha do perfil -->\n      <span style=\"display: flex; align-items: center; gap: 15px;\">\n        <img decoding=\"async\"\n          src=\"https:\/\/www.correiobraziliense.com.br\/cbradar\/wp-content\/uploads\/2025\/08\/dra_anna_luisa.jpeg\"\n          alt=\"Foto da Dra. Anna Lu\u00edsa\"\n          style=\"border-radius: 50%; width: 80px; height: 80px; object-fit: cover;\"\n        \/>\n        <span style=\"display: flex; flex-direction: column;\">\n          <span style=\"font-size: 18px; font-weight: 700; color: #2c3e50;\">Dra. Anna Lu\u00edsa Barbosa Fernandes<\/span>\n          <span style=\"color: #555;\">CRM-GO 33.271<\/span>\n        <\/span>\n      <\/span>\n\n      <!-- Redes -->\n      <span style=\"display: flex; align-items: center; gap: 10px; margin-top: 12px;\">\n        <img decoding=\"async\" src=\"https:\/\/cdn-icons-png.flaticon.com\/24\/1384\/1384063.png\" alt=\"Instagram\" width=\"24\" height=\"24\" \/>\n        <span style=\"text-decoration: underline; color: #2c3e50;\">@dra.annaluisabf<\/span>\n      <\/span>\n\n    <\/span>\n  <\/a>","protected":false},"excerpt":{"rendered":"<p>A Caspa \u00e9 um problema comum que afeta o couro cabeludo, causando sintomas inc\u00f4modos como coceira e descama\u00e7\u00e3o. Este problema \u00e9 frequentemente provocado pelo aumento da oleosidade ou pelo desenvolvimento excessivo de fungos. Al\u00e9m de tratamentos convencionais, diversos rem\u00e9dios caseiros se mostram eficazes como alternativas naturais. Tais solu\u00e7\u00f5es n\u00e3o s\u00f3 ajudam a controlar a oleosidade, [&hellip;]<\/p>\n","protected":false},"author":14,"featured_media":78993,"comment_status":"open","ping_status":"open","sticky":false,"template":"","format":"standard","meta":{"_yoast_wpseo_focuskw":"Caspa","_yoast_wpseo_title":"","_yoast_wpseo_metadesc":"Veja como rem\u00e9dios caseiros para caspa ajudam a reduzir coceira, descama\u00e7\u00e3o e oleosidade de forma natural e acess\u00edvel.","jnews-multi-image_gallery":[],"jnews_single_post":{"format":"standard"},"jnews_primary_category":[],"jnews_social_meta":[],"jnews_override_counter":[],"footnotes":""},"categories":[4404],"tags":[120,3154,565],"class_list":["post-179552","post","type-post","status-publish","format-standard","has-post-thumbnail","hentry","category-saude","tag-bem-estar","tag-caspa","tag-saude"],"yoast_head":"<!-- This site is optimized with the Yoast SEO plugin v24.6 - https:\/\/yoast.com\/wordpress\/plugins\/seo\/ -->\n<title>O tratamento caseiro mais eficaz para acabar com a caspa - Correio Braziliense - Radar<\/title>\n<meta name=\"description\" content=\"Veja como rem\u00e9dios caseiros para caspa ajudam a reduzir coceira, descama\u00e7\u00e3o e oleosidade de forma natural e acess\u00edvel.\" \/>\n<meta name=\"robots\" content=\"index, follow, max-snippet:-1, max-image-preview:large, max-video-preview:-1\" \/>\n<link rel=\"canonical\" href=\"https:\/\/www.correiobraziliense.com.br\/cbradar\/o-tratamento-caseiro-mais-eficaz-para-acabar-com-a-caspa\/\" \/>\n<meta property=\"og:locale\" content=\"pt_BR\" \/>\n<meta property=\"og:type\" content=\"article\" \/>\n<meta property=\"og:title\" content=\"O tratamento caseiro mais eficaz para acabar com a caspa - Correio Braziliense - Radar\" \/>\n<meta property=\"og:description\" content=\"Veja como rem\u00e9dios caseiros para caspa ajudam a reduzir coceira, descama\u00e7\u00e3o e oleosidade de forma natural e acess\u00edvel.\" \/>\n<meta property=\"og:url\" content=\"https:\/\/www.correiobraziliense.com.br\/cbradar\/o-tratamento-caseiro-mais-eficaz-para-acabar-com-a-caspa\/\" \/>\n<meta property=\"og:site_name\" content=\"Correio Braziliense - Radar\" \/>\n<meta property=\"article:published_time\" content=\"2026-01-25T14:05:00+00:00\" \/>\n<meta property=\"og:image\" content=\"https:\/\/www.correiobraziliense.com.br\/cbradar\/wp-content\/uploads\/2025\/08\/caspa_1754060735002.jpg\" \/>\n\t<meta property=\"og:image:width\" content=\"1280\" \/>\n\t<meta property=\"og:image:height\" content=\"720\" \/>\n\t<meta property=\"og:image:type\" content=\"image\/jpeg\" \/>\n<meta name=\"author\" content=\"guilherme_saude\" \/>\n<meta name=\"twitter:card\" content=\"summary_large_image\" \/>\n<meta name=\"twitter:label1\" content=\"Escrito por\" \/>\n\t<meta name=\"twitter:data1\" content=\"guilherme_saude\" \/>\n\t<meta name=\"twitter:label2\" content=\"Est. tempo de leitura\" \/>\n\t<meta name=\"twitter:data2\" content=\"4 minutos\" \/>\n<!-- \/ Yoast SEO plugin. -->","yoast_head_json":{"title":"O tratamento caseiro mais eficaz para acabar com a caspa - Correio Braziliense - Radar","description":"Veja como rem\u00e9dios caseiros para caspa ajudam a reduzir coceira, descama\u00e7\u00e3o e oleosidade de forma natural e acess\u00edvel.","robots":{"index":"index","follow":"follow","max-snippet":"max-snippet:-1","max-image-preview":"max-image-preview:large","max-video-preview":"max-video-preview:-1"},"canonical":"https:\/\/www.correiobraziliense.com.br\/cbradar\/o-tratamento-caseiro-mais-eficaz-para-acabar-com-a-caspa\/","og_locale":"pt_BR","og_type":"article","og_title":"O tratamento caseiro mais eficaz para acabar com a caspa - Correio Braziliense - Radar","og_description":"Veja como rem\u00e9dios caseiros para caspa ajudam a reduzir coceira, descama\u00e7\u00e3o e oleosidade de forma natural e acess\u00edvel.","og_url":"https:\/\/www.correiobraziliense.com.br\/cbradar\/o-tratamento-caseiro-mais-eficaz-para-acabar-com-a-caspa\/","og_site_name":"Correio Braziliense - Radar","article_published_time":"2026-01-25T14:05:00+00:00","og_image":[{"width":1280,"height":720,"url":"https:\/\/www.correiobraziliense.com.br\/cbradar\/wp-content\/uploads\/2025\/08\/caspa_1754060735002.jpg","type":"image\/jpeg"}],"author":"guilherme_saude","twitter_card":"summary_large_image","twitter_misc":{"Escrito por":"guilherme_saude","Est. tempo de leitura":"4 minutos"},"schema":{"@context":"https:\/\/schema.org","@graph":[{"@type":"WebPage","@id":"https:\/\/www.correiobraziliense.com.br\/cbradar\/o-tratamento-caseiro-mais-eficaz-para-acabar-com-a-caspa\/","url":"https:\/\/www.correiobraziliense.com.br\/cbradar\/o-tratamento-caseiro-mais-eficaz-para-acabar-com-a-caspa\/","name":"O tratamento caseiro mais eficaz para acabar com a caspa - Correio Braziliense - Radar","isPartOf":{"@id":"https:\/\/www.correiobraziliense.com.br\/cbradar\/#website"},"primaryImageOfPage":{"@id":"https:\/\/www.correiobraziliense.com.br\/cbradar\/o-tratamento-caseiro-mais-eficaz-para-acabar-com-a-caspa\/#primaryimage"},"image":{"@id":"https:\/\/www.correiobraziliense.com.br\/cbradar\/o-tratamento-caseiro-mais-eficaz-para-acabar-com-a-caspa\/#primaryimage"},"thumbnailUrl":"https:\/\/www.correiobraziliense.com.br\/cbradar\/wp-content\/uploads\/2025\/08\/caspa_1754060735002.jpg","datePublished":"2026-01-25T14:05:00+00:00","author":{"@id":"https:\/\/www.correiobraziliense.com.br\/cbradar\/#\/schema\/person\/5aa4bf3c8fa699c267933611de12978b"},"description":"Veja como rem\u00e9dios caseiros para caspa ajudam a reduzir coceira, descama\u00e7\u00e3o e oleosidade de forma natural e acess\u00edvel.","breadcrumb":{"@id":"https:\/\/www.correiobraziliense.com.br\/cbradar\/o-tratamento-caseiro-mais-eficaz-para-acabar-com-a-caspa\/#breadcrumb"},"inLanguage":"pt-BR","potentialAction":[{"@type":"ReadAction","target":["https:\/\/www.correiobraziliense.com.br\/cbradar\/o-tratamento-caseiro-mais-eficaz-para-acabar-com-a-caspa\/"]}]},{"@type":"ImageObject","inLanguage":"pt-BR","@id":"https:\/\/www.correiobraziliense.com.br\/cbradar\/o-tratamento-caseiro-mais-eficaz-para-acabar-com-a-caspa\/#primaryimage","url":"https:\/\/www.correiobraziliense.com.br\/cbradar\/wp-content\/uploads\/2025\/08\/caspa_1754060735002.jpg","contentUrl":"https:\/\/www.correiobraziliense.com.br\/cbradar\/wp-content\/uploads\/2025\/08\/caspa_1754060735002.jpg","width":1280,"height":720,"caption":"Caspa - Cr\u00e9ditos: depositphotos.com \/ mikrostoker"},{"@type":"BreadcrumbList","@id":"https:\/\/www.correiobraziliense.com.br\/cbradar\/o-tratamento-caseiro-mais-eficaz-para-acabar-com-a-caspa\/#breadcrumb","itemListElement":[{"@type":"ListItem","position":1,"name":"In\u00edcio","item":"https:\/\/www.correiobraziliense.com.br\/cbradar\/"},{"@type":"ListItem","position":2,"name":"O tratamento caseiro mais eficaz para acabar com a caspa"}]},{"@type":"WebSite","@id":"https:\/\/www.correiobraziliense.com.br\/cbradar\/#website","url":"https:\/\/www.correiobraziliense.com.br\/cbradar\/","name":"Correio Braziliense - Radar","description":"Acompanhe as \u00faltimas not\u00edcias e fique bem informado sobre tudo o que acontece no Brasil e no mundo.","potentialAction":[{"@type":"SearchAction","target":{"@type":"EntryPoint","urlTemplate":"https:\/\/www.correiobraziliense.com.br\/cbradar\/?s={search_term_string}"},"query-input":{"@type":"PropertyValueSpecification","valueRequired":true,"valueName":"search_term_string"}}],"inLanguage":"pt-BR"},{"@type":"Person","@id":"https:\/\/www.correiobraziliense.com.br\/cbradar\/#\/schema\/person\/5aa4bf3c8fa699c267933611de12978b","name":"guilherme_saude","image":{"@type":"ImageObject","inLanguage":"pt-BR","@id":"https:\/\/www.correiobraziliense.com.br\/cbradar\/#\/schema\/person\/image\/","url":"https:\/\/secure.gravatar.com\/avatar\/df9adfb835d344bc0af109d41756253f?s=96&d=mm&r=g","contentUrl":"https:\/\/secure.gravatar.com\/avatar\/df9adfb835d344bc0af109d41756253f?s=96&d=mm&r=g","caption":"guilherme_saude"},"url":"https:\/\/www.correiobraziliense.com.br\/cbradar\/author\/guilherme_saude\/"}]}},"_links":{"self":[{"href":"https:\/\/www.correiobraziliense.com.br\/cbradar\/wp-json\/wp\/v2\/posts\/179552","targetHints":{"allow":["GET"]}}],"collection":[{"href":"https:\/\/www.correiobraziliense.com.br\/cbradar\/wp-json\/wp\/v2\/posts"}],"about":[{"href":"https:\/\/www.correiobraziliense.com.br\/cbradar\/wp-json\/wp\/v2\/types\/post"}],"author":[{"embeddable":true,"href":"https:\/\/www.correiobraziliense.com.br\/cbradar\/wp-json\/wp\/v2\/users\/14"}],"replies":[{"embeddable":true,"href":"https:\/\/www.correiobraziliense.com.br\/cbradar\/wp-json\/wp\/v2\/comments?post=179552"}],"version-history":[{"count":1,"href":"https:\/\/www.correiobraziliense.com.br\/cbradar\/wp-json\/wp\/v2\/posts\/179552\/revisions"}],"predecessor-version":[{"id":179554,"href":"https:\/\/www.correiobraziliense.com.br\/cbradar\/wp-json\/wp\/v2\/posts\/179552\/revisions\/179554"}],"wp:featuredmedia":[{"embeddable":true,"href":"https:\/\/www.correiobraziliense.com.br\/cbradar\/wp-json\/wp\/v2\/media\/78993"}],"wp:attachment":[{"href":"https:\/\/www.correiobraziliense.com.br\/cbradar\/wp-json\/wp\/v2\/media?parent=179552"}],"wp:term":[{"taxonomy":"category","embeddable":true,"href":"https:\/\/www.correiobraziliense.com.br\/cbradar\/wp-json\/wp\/v2\/categories?post=179552"},{"taxonomy":"post_tag","embeddable":true,"href":"https:\/\/www.correiobraziliense.com.br\/cbradar\/wp-json\/wp\/v2\/tags?post=179552"}],"curies":[{"name":"wp","href":"https:\/\/api.w.org\/{rel}","templated":true}]}}