{"id":179567,"date":"2026-01-24T17:15:00","date_gmt":"2026-01-24T20:15:00","guid":{"rendered":"https:\/\/www.correiobraziliense.com.br\/cbradar\/?p=179567"},"modified":"2026-01-22T11:15:28","modified_gmt":"2026-01-22T14:15:28","slug":"o-peixe-que-gravidas-devem-evitar-para-proteger-o-bebe","status":"publish","type":"post","link":"https:\/\/www.correiobraziliense.com.br\/cbradar\/o-peixe-que-gravidas-devem-evitar-para-proteger-o-bebe\/","title":{"rendered":"O peixe que gr\u00e1vidas devem evitar para proteger o beb\u00ea"},"content":{"rendered":"\n<p>A alimenta\u00e7\u00e3o durante a gravidez \u00e9 um aspecto crucial para garantir a sa\u00fade e o bem-estar tanto da m\u00e3e quanto do beb\u00ea. A escolha de alimentos adequados pode influenciar diretamente o desenvolvimento fetal e o curso da gesta\u00e7\u00e3o. Entre as diversas recomenda\u00e7\u00f5es nutricionais, a sele\u00e7\u00e3o de peixes seguros torna-se uma quest\u00e3o importante, considerando os riscos associados ao consumo de esp\u00e9cies com alto teor de merc\u00fario.<\/p>\n\n\n\n<p>O merc\u00fario, presente em n\u00edveis elevados em alguns peixes de grande porte, \u00e9 uma preocupa\u00e7\u00e3o relevante devido \u00e0 sua capacidade de atravessar a placenta e impactar negativamente o sistema nervoso do beb\u00ea. Assim, as gestantes s\u00e3o aconselhadas a evitar peixes como o <strong>Peixe-espada<\/strong>, conhecido por acumular quantidades significativas desse metal pesado ao longo da cadeia alimentar.<\/p>\n\n\n\n<h2 class=\"wp-block-heading\">Por que o Peixe-espada n\u00e3o \u00e9 ideal na gravidez?<\/h2>\n\n\n\n<p>O Peixe-espada, embora seja uma fonte rica de prote\u00ednas e \u00f4mega-3, representa um risco na dieta das gestantes pelo seu conte\u00fado de merc\u00fario. Esse metal, em sua forma metilada, possui afinidade pelo sistema nervoso central e pode ter implica\u00e7\u00f5es prejudiciais no desenvolvimento neurol\u00f3gico do feto. Gestantes expostas a n\u00edveis elevados de merc\u00fario podem ver afetadas a forma\u00e7\u00e3o do c\u00e9rebro do beb\u00ea e o desenvolvimento cognitivo a longo prazo.<\/p>\n\n\n<div class=\"wp-block-image\">\n<figure class=\"aligncenter size-large\"><img decoding=\"async\" width=\"1024\" height=\"576\" src=\"https:\/\/www.correiobraziliense.com.br\/cbradar\/wp-content\/uploads\/2026\/01\/Peixe-espada_1769091246022-1-1024x576.jpg\" alt=\"\" class=\"wp-image-179571\" srcset=\"https:\/\/www.correiobraziliense.com.br\/cbradar\/wp-content\/uploads\/2026\/01\/Peixe-espada_1769091246022-1-1024x576.jpg 1024w, https:\/\/www.correiobraziliense.com.br\/cbradar\/wp-content\/uploads\/2026\/01\/Peixe-espada_1769091246022-1-300x169.jpg 300w, https:\/\/www.correiobraziliense.com.br\/cbradar\/wp-content\/uploads\/2026\/01\/Peixe-espada_1769091246022-1-768x432.jpg 768w, https:\/\/www.correiobraziliense.com.br\/cbradar\/wp-content\/uploads\/2026\/01\/Peixe-espada_1769091246022-1-750x422.jpg 750w, https:\/\/www.correiobraziliense.com.br\/cbradar\/wp-content\/uploads\/2026\/01\/Peixe-espada_1769091246022-1-1140x641.jpg 1140w, https:\/\/www.correiobraziliense.com.br\/cbradar\/wp-content\/uploads\/2026\/01\/Peixe-espada_1769091246022-1.jpg 1280w\" sizes=\"(max-width: 1024px) 100vw, 1024px\" \/><figcaption class=\"wp-element-caption\">Peixe-espada &#8211; Cr\u00e9ditos: depositphotos.com \/ pitrs10<\/figcaption><\/figure><\/div>\n\n\n<p>A qu\u00edmica do merc\u00fario garante que ele se concentre mais em peixes predadores grandes e com vida longa. Com isso, governos e institui\u00e7\u00f5es de <a href=\"https:\/\/www.correiobraziliense.com.br\/cbradar\/cabeca-achatada-em-bebes-merece-atencao\/\" target=\"_blank\" rel=\"noreferrer noopener\">sa\u00fade <\/a>aconselham as gr\u00e1vidas a evitarem peixes como o Peixe-espada, preferindo alternativas que ofere\u00e7am menores riscos de contamina\u00e7\u00e3o. Isso se faz necess\u00e1rio para mitigar impactos potenciais sobre a cogni\u00e7\u00e3o, coordena\u00e7\u00e3o motora e crescimento intrauterino do beb\u00ea.<\/p>\n\n\n\n<h2 class=\"wp-block-heading\">Quais peixes s\u00e3o seguros durante a gravidez?<\/h2>\n\n\n\n<p>Para garantir os benef\u00edcios nutricionais do consumo de peixe durante a gravidez, opta-se por esp\u00e9cies com baixos n\u00edveis de merc\u00fario. Entre as alternativas est\u00e3o o salm\u00e3o, sardinha, til\u00e1pia, tainha e camar\u00f5es. Esses peixes n\u00e3o apenas s\u00e3o seguros quando bem cozidos, mas tamb\u00e9m fornecem \u00f4mega-3, essencial para o desenvolvimento visual e cerebral do beb\u00ea.<\/p>\n\n\n\n<h2 class=\"wp-block-heading\">Como maximizar benef\u00edcios sem abrir m\u00e3o do consumo de peixes?<\/h2>\n\n\n\n<p>Substituir o Peixe-espada por alternativas seguras \u00e9 uma maneira eficaz de manter uma alimenta\u00e7\u00e3o balanceada. Al\u00e9m dos peixes de menor porte, fontes vegetais de \u00f4mega-3, como chia e linha\u00e7a, entram como op\u00e7\u00f5es vi\u00e1veis. Em alguns casos, suplementos nutricionais podem ser indicados, sempre sob supervis\u00e3o m\u00e9dica.<\/p>\n\n\n\n<ul class=\"wp-block-list\">\n<li>Evite peixes grandes, como o Peixe-espada e o tubar\u00e3o.<\/li>\n\n\n\n<li>Prefira peixes pequenos, que costumam armazenar menos merc\u00fario.<\/li>\n\n\n\n<li>Consuma peixes bem cozidos, evitando prepara\u00e7\u00f5es cruas ou malpassadas.<\/li>\n\n\n\n<li>Varie as escolhas durante a semana para uma dieta rica em nutrientes.<\/li>\n<\/ul>\n\n\n\n<h2 class=\"wp-block-heading\">Como Fazer Escolhas Conscientes?<\/h2>\n\n\n\n<p>A gestante, ao planejar sua dieta, deve buscar a ajuda de especialistas para ajustar seu card\u00e1pio conforme diretrizes alimentares atuais. A ideia n\u00e3o \u00e9 abolir os frutos do mar, mas sim escolher com crit\u00e9rio. Fazendo isso, pode-se garantir uma alimenta\u00e7\u00e3o rica e segura, contribuindo para a sa\u00fade da m\u00e3e e o desenvolvimento saud\u00e1vel do beb\u00ea.<\/p>\n\n\n\n<p>Em suma, enquanto o Peixe-espada \u00e9 um alimento a ser evitado, muitas outras op\u00e7\u00f5es nutritivas e deliciosas est\u00e3o \u00e0 disposi\u00e7\u00e3o. Com uma escolha cuidadosa e informada, a gesta\u00e7\u00e3o pode ser uma fase de nutri\u00e7\u00e3o rica e saud\u00e1vel.<\/p>\n\n\n<a href=\"https:\/\/www.instagram.com\/dra.annaluisabf\/\" target=\"_blank\" rel=\"noopener\" style=\"text-decoration: none; color: inherit;\">\n    <span style=\"display: inline-block; border: 1px solid #ccc; border-radius: 10px; padding: 15px; max-width: 550px; font-family: sans-serif; box-shadow: 0 2px 5px rgba(0,0,0,0.1); width: 100%;\">\n\n      <!-- T\u00edtulo -->\n      <span style=\"display: block; margin: 0 0 15px 0; font-weight: bold; color: #2c3e50; text-align: center;\">\n        Entre em contato:\n      <\/span>\n\n      <!-- Linha do perfil -->\n      <span style=\"display: flex; align-items: center; gap: 15px;\">\n        <img decoding=\"async\"\n          src=\"https:\/\/www.correiobraziliense.com.br\/cbradar\/wp-content\/uploads\/2025\/08\/dra_anna_luisa.jpeg\"\n          alt=\"Foto da Dra. Anna Lu\u00edsa\"\n          style=\"border-radius: 50%; width: 80px; height: 80px; object-fit: cover;\"\n        \/>\n        <span style=\"display: flex; flex-direction: column;\">\n          <span style=\"font-size: 18px; font-weight: 700; color: #2c3e50;\">Dra. Anna Lu\u00edsa Barbosa Fernandes<\/span>\n          <span style=\"color: #555;\">CRM-GO 33.271<\/span>\n        <\/span>\n      <\/span>\n\n      <!-- Redes -->\n      <span style=\"display: flex; align-items: center; gap: 10px; margin-top: 12px;\">\n        <img decoding=\"async\" src=\"https:\/\/cdn-icons-png.flaticon.com\/24\/1384\/1384063.png\" alt=\"Instagram\" width=\"24\" height=\"24\" \/>\n        <span style=\"text-decoration: underline; color: #2c3e50;\">@dra.annaluisabf<\/span>\n      <\/span>\n\n    <\/span>\n  <\/a>\n\n\n<p><\/p>\n","protected":false},"excerpt":{"rendered":"<p>A alimenta\u00e7\u00e3o durante a gravidez \u00e9 um aspecto crucial para garantir a sa\u00fade e o bem-estar tanto da m\u00e3e quanto do beb\u00ea. A escolha de alimentos adequados pode influenciar diretamente o desenvolvimento fetal e o curso da gesta\u00e7\u00e3o. Entre as diversas recomenda\u00e7\u00f5es nutricionais, a sele\u00e7\u00e3o de peixes seguros torna-se uma quest\u00e3o importante, considerando os riscos [&hellip;]<\/p>\n","protected":false},"author":14,"featured_media":179568,"comment_status":"open","ping_status":"open","sticky":false,"template":"","format":"standard","meta":{"_yoast_wpseo_focuskw":"Peixe-espada","_yoast_wpseo_title":"","_yoast_wpseo_metadesc":"Entenda por que alguns tipos de peixe na gravidez exigem cuidado e como fazer escolhas seguras para proteger o beb\u00ea.","jnews-multi-image_gallery":[],"jnews_single_post":{"format":"standard"},"jnews_primary_category":[],"jnews_social_meta":[],"jnews_override_counter":[],"footnotes":""},"categories":[4404],"post_tag":[120,247,565],"class_list":["post-179567","post","type-post","status-publish","format-standard","has-post-thumbnail","hentry","category-saude","tag-bem-estar","tag-qualidade-de-vida","tag-saude"],"yoast_head":"<!-- This site is optimized with the Yoast SEO plugin v24.6 - https:\/\/yoast.com\/wordpress\/plugins\/seo\/ -->\n<title>O peixe que gr\u00e1vidas devem evitar para proteger o beb\u00ea - Correio Braziliense - Radar<\/title>\n<meta name=\"description\" content=\"Entenda por que alguns tipos de peixe na gravidez exigem cuidado e como fazer escolhas seguras para proteger o beb\u00ea.\" \/>\n<meta name=\"robots\" content=\"index, follow, max-snippet:-1, max-image-preview:large, max-video-preview:-1\" \/>\n<link rel=\"canonical\" href=\"https:\/\/www.correiobraziliense.com.br\/cbradar\/o-peixe-que-gravidas-devem-evitar-para-proteger-o-bebe\/\" \/>\n<meta property=\"og:locale\" content=\"pt_BR\" \/>\n<meta property=\"og:type\" content=\"article\" \/>\n<meta property=\"og:title\" content=\"O peixe que gr\u00e1vidas devem evitar para proteger o beb\u00ea - Correio Braziliense - Radar\" \/>\n<meta property=\"og:description\" content=\"Entenda por que alguns tipos de peixe na gravidez exigem cuidado e como fazer escolhas seguras para proteger o beb\u00ea.\" \/>\n<meta property=\"og:url\" content=\"https:\/\/www.correiobraziliense.com.br\/cbradar\/o-peixe-que-gravidas-devem-evitar-para-proteger-o-bebe\/\" \/>\n<meta property=\"og:site_name\" content=\"Correio Braziliense - Radar\" \/>\n<meta property=\"article:published_time\" content=\"2026-01-24T20:15:00+00:00\" \/>\n<meta property=\"og:image\" content=\"https:\/\/www.correiobraziliense.com.br\/cbradar\/wp-content\/uploads\/2026\/01\/Peixe-espada_1769091246022.jpg\" \/>\n\t<meta property=\"og:image:width\" content=\"1280\" \/>\n\t<meta property=\"og:image:height\" content=\"720\" \/>\n\t<meta property=\"og:image:type\" content=\"image\/jpeg\" \/>\n<meta name=\"author\" content=\"guilherme_saude\" \/>\n<meta name=\"twitter:card\" content=\"summary_large_image\" \/>\n<meta name=\"twitter:label1\" content=\"Escrito por\" \/>\n\t<meta name=\"twitter:data1\" content=\"guilherme_saude\" \/>\n\t<meta name=\"twitter:label2\" content=\"Est. tempo de leitura\" \/>\n\t<meta name=\"twitter:data2\" content=\"4 minutos\" \/>\n<!-- \/ Yoast SEO plugin. -->","yoast_head_json":{"title":"O peixe que gr\u00e1vidas devem evitar para proteger o beb\u00ea - Correio Braziliense - Radar","description":"Entenda por que alguns tipos de peixe na gravidez exigem cuidado e como fazer escolhas seguras para proteger o beb\u00ea.","robots":{"index":"index","follow":"follow","max-snippet":"max-snippet:-1","max-image-preview":"max-image-preview:large","max-video-preview":"max-video-preview:-1"},"canonical":"https:\/\/www.correiobraziliense.com.br\/cbradar\/o-peixe-que-gravidas-devem-evitar-para-proteger-o-bebe\/","og_locale":"pt_BR","og_type":"article","og_title":"O peixe que gr\u00e1vidas devem evitar para proteger o beb\u00ea - Correio Braziliense - Radar","og_description":"Entenda por que alguns tipos de peixe na gravidez exigem cuidado e como fazer escolhas seguras para proteger o beb\u00ea.","og_url":"https:\/\/www.correiobraziliense.com.br\/cbradar\/o-peixe-que-gravidas-devem-evitar-para-proteger-o-bebe\/","og_site_name":"Correio Braziliense - Radar","article_published_time":"2026-01-24T20:15:00+00:00","og_image":[{"width":1280,"height":720,"url":"https:\/\/www.correiobraziliense.com.br\/cbradar\/wp-content\/uploads\/2026\/01\/Peixe-espada_1769091246022.jpg","type":"image\/jpeg"}],"author":"guilherme_saude","twitter_card":"summary_large_image","twitter_misc":{"Escrito por":"guilherme_saude","Est. tempo de leitura":"4 minutos"},"schema":{"@context":"https:\/\/schema.org","@graph":[{"@type":"WebPage","@id":"https:\/\/www.correiobraziliense.com.br\/cbradar\/o-peixe-que-gravidas-devem-evitar-para-proteger-o-bebe\/","url":"https:\/\/www.correiobraziliense.com.br\/cbradar\/o-peixe-que-gravidas-devem-evitar-para-proteger-o-bebe\/","name":"O peixe que gr\u00e1vidas devem evitar para proteger o beb\u00ea - Correio Braziliense - Radar","isPartOf":{"@id":"https:\/\/www.correiobraziliense.com.br\/cbradar\/#website"},"primaryImageOfPage":{"@id":"https:\/\/www.correiobraziliense.com.br\/cbradar\/o-peixe-que-gravidas-devem-evitar-para-proteger-o-bebe\/#primaryimage"},"image":{"@id":"https:\/\/www.correiobraziliense.com.br\/cbradar\/o-peixe-que-gravidas-devem-evitar-para-proteger-o-bebe\/#primaryimage"},"thumbnailUrl":"https:\/\/www.correiobraziliense.com.br\/cbradar\/wp-content\/uploads\/2026\/01\/Peixe-espada_1769091246022.jpg","datePublished":"2026-01-24T20:15:00+00:00","author":{"@id":"https:\/\/www.correiobraziliense.com.br\/cbradar\/#\/schema\/person\/5aa4bf3c8fa699c267933611de12978b"},"description":"Entenda por que alguns tipos de peixe na gravidez exigem cuidado e como fazer escolhas seguras para proteger o beb\u00ea.","breadcrumb":{"@id":"https:\/\/www.correiobraziliense.com.br\/cbradar\/o-peixe-que-gravidas-devem-evitar-para-proteger-o-bebe\/#breadcrumb"},"inLanguage":"pt-BR","potentialAction":[{"@type":"ReadAction","target":["https:\/\/www.correiobraziliense.com.br\/cbradar\/o-peixe-que-gravidas-devem-evitar-para-proteger-o-bebe\/"]}]},{"@type":"ImageObject","inLanguage":"pt-BR","@id":"https:\/\/www.correiobraziliense.com.br\/cbradar\/o-peixe-que-gravidas-devem-evitar-para-proteger-o-bebe\/#primaryimage","url":"https:\/\/www.correiobraziliense.com.br\/cbradar\/wp-content\/uploads\/2026\/01\/Peixe-espada_1769091246022.jpg","contentUrl":"https:\/\/www.correiobraziliense.com.br\/cbradar\/wp-content\/uploads\/2026\/01\/Peixe-espada_1769091246022.jpg","width":1280,"height":720,"caption":"Peixe-espada - Cr\u00e9ditos: depositphotos.com \/ fpwing_c"},{"@type":"BreadcrumbList","@id":"https:\/\/www.correiobraziliense.com.br\/cbradar\/o-peixe-que-gravidas-devem-evitar-para-proteger-o-bebe\/#breadcrumb","itemListElement":[{"@type":"ListItem","position":1,"name":"In\u00edcio","item":"https:\/\/www.correiobraziliense.com.br\/cbradar\/"},{"@type":"ListItem","position":2,"name":"O peixe que gr\u00e1vidas devem evitar para proteger o beb\u00ea"}]},{"@type":"WebSite","@id":"https:\/\/www.correiobraziliense.com.br\/cbradar\/#website","url":"https:\/\/www.correiobraziliense.com.br\/cbradar\/","name":"Correio Braziliense - Radar","description":"Acompanhe as \u00faltimas not\u00edcias e fique bem informado sobre tudo o que acontece no Brasil e no mundo.","potentialAction":[{"@type":"SearchAction","target":{"@type":"EntryPoint","urlTemplate":"https:\/\/www.correiobraziliense.com.br\/cbradar\/?s={search_term_string}"},"query-input":{"@type":"PropertyValueSpecification","valueRequired":true,"valueName":"search_term_string"}}],"inLanguage":"pt-BR"},{"@type":"Person","@id":"https:\/\/www.correiobraziliense.com.br\/cbradar\/#\/schema\/person\/5aa4bf3c8fa699c267933611de12978b","name":"guilherme_saude","image":{"@type":"ImageObject","inLanguage":"pt-BR","@id":"https:\/\/www.correiobraziliense.com.br\/cbradar\/#\/schema\/person\/image\/","url":"https:\/\/secure.gravatar.com\/avatar\/df9adfb835d344bc0af109d41756253f?s=96&d=mm&r=g","contentUrl":"https:\/\/secure.gravatar.com\/avatar\/df9adfb835d344bc0af109d41756253f?s=96&d=mm&r=g","caption":"guilherme_saude"},"url":"https:\/\/www.correiobraziliense.com.br\/cbradar\/author\/guilherme_saude\/"}]}},"_links":{"self":[{"href":"https:\/\/www.correiobraziliense.com.br\/cbradar\/wp-json\/wp\/v2\/posts\/179567","targetHints":{"allow":["GET"]}}],"collection":[{"href":"https:\/\/www.correiobraziliense.com.br\/cbradar\/wp-json\/wp\/v2\/posts"}],"about":[{"href":"https:\/\/www.correiobraziliense.com.br\/cbradar\/wp-json\/wp\/v2\/types\/post"}],"author":[{"embeddable":true,"href":"https:\/\/www.correiobraziliense.com.br\/cbradar\/wp-json\/wp\/v2\/users\/14"}],"replies":[{"embeddable":true,"href":"https:\/\/www.correiobraziliense.com.br\/cbradar\/wp-json\/wp\/v2\/comments?post=179567"}],"version-history":[{"count":1,"href":"https:\/\/www.correiobraziliense.com.br\/cbradar\/wp-json\/wp\/v2\/posts\/179567\/revisions"}],"predecessor-version":[{"id":179572,"href":"https:\/\/www.correiobraziliense.com.br\/cbradar\/wp-json\/wp\/v2\/posts\/179567\/revisions\/179572"}],"wp:featuredmedia":[{"embeddable":true,"href":"https:\/\/www.correiobraziliense.com.br\/cbradar\/wp-json\/wp\/v2\/media\/179568"}],"wp:attachment":[{"href":"https:\/\/www.correiobraziliense.com.br\/cbradar\/wp-json\/wp\/v2\/media?parent=179567"}],"wp:term":[{"taxonomy":"category","embeddable":true,"href":"https:\/\/www.correiobraziliense.com.br\/cbradar\/wp-json\/wp\/v2\/categories?post=179567"},{"taxonomy":"post_tag","embeddable":true,"href":"https:\/\/www.correiobraziliense.com.br\/cbradar\/wp-json\/wp\/v2\/post_tag?post=179567"}],"curies":[{"name":"wp","href":"https:\/\/api.w.org\/{rel}","templated":true}]}}