{"id":179577,"date":"2026-01-24T18:25:00","date_gmt":"2026-01-24T21:25:00","guid":{"rendered":"https:\/\/www.correiobraziliense.com.br\/cbradar\/?p=179577"},"modified":"2026-01-22T11:21:41","modified_gmt":"2026-01-22T14:21:41","slug":"o-tratamento-mais-eficaz-para-aliviar-a-dor-da-hernia-de-disco","status":"publish","type":"post","link":"https:\/\/www.correiobraziliense.com.br\/cbradar\/o-tratamento-mais-eficaz-para-aliviar-a-dor-da-hernia-de-disco\/","title":{"rendered":"O tratamento mais eficaz para aliviar a dor da h\u00e9rnia de disco"},"content":{"rendered":"\n<p>A <strong>H\u00e9rnia de Disco<\/strong> lombar representa uma das principais causas de incapacidade f\u00edsica e afastamento do trabalho em escala global. Esta condi\u00e7\u00e3o ocorre quando o anel fibroso do disco intervertebral se rompe, permitindo que o seu n\u00facleo gelatinoso extravase de sua posi\u00e7\u00e3o habitual. Este deslocamento pode comprimir ra\u00edzes nervosas locais, resultando numa dor intensa conhecida como dor ci\u00e1tica. Essa manifesta\u00e7\u00e3o, mais do que um simples desconforto, leva muitas pessoas a buscar tratamento emergencial.<\/p>\n\n\n\n<p>Estudos recentes t\u00eam explorado abordagens terap\u00eauticas inovadoras para lidar com essa dor debilitante de maneira mais eficaz e menos invasiva. Um exemplo \u00e9 a t\u00e9cnica de infiltra\u00e7\u00e3o epidural transforaminal infraneural, que promete al\u00edvio r\u00e1pido com menor depend\u00eancia de medica\u00e7\u00e3o e, muitas vezes, sem necessidade de cirurgia.<\/p>\n\n\n\n<h2 class=\"wp-block-heading\">Como funciona a t\u00e9cnica de infiltra\u00e7\u00e3o epidural transforaminal infraneural?<\/h2>\n\n\n\n<p>Pesquisadores brasileiros desenvolveram um procedimento minimamente invasivo que consiste na aplica\u00e7\u00e3o precisa de medicamentos anti-inflamat\u00f3rios diretamente na regi\u00e3o inflamada ou comprimida da coluna. Guiado por imagem, o m\u00e9dico pode aplicar a medica\u00e7\u00e3o no ponto exato da inflama\u00e7\u00e3o. Esta t\u00e9cnica n\u00e3o apenas garante al\u00edvio da dor, mas tamb\u00e9m usa doses reduzidas de corticoides, minimizando os efeitos colaterais associados.<\/p>\n\n\n<div class=\"wp-block-image\">\n<figure class=\"aligncenter size-large\"><img decoding=\"async\" width=\"1024\" height=\"576\" src=\"https:\/\/www.correiobraziliense.com.br\/cbradar\/wp-content\/uploads\/2026\/01\/Hernia-de-Disco_1769091660661-1024x576.jpg\" alt=\"\" class=\"wp-image-179578\" srcset=\"https:\/\/www.correiobraziliense.com.br\/cbradar\/wp-content\/uploads\/2026\/01\/Hernia-de-Disco_1769091660661-1024x576.jpg 1024w, https:\/\/www.correiobraziliense.com.br\/cbradar\/wp-content\/uploads\/2026\/01\/Hernia-de-Disco_1769091660661-300x169.jpg 300w, https:\/\/www.correiobraziliense.com.br\/cbradar\/wp-content\/uploads\/2026\/01\/Hernia-de-Disco_1769091660661-768x432.jpg 768w, https:\/\/www.correiobraziliense.com.br\/cbradar\/wp-content\/uploads\/2026\/01\/Hernia-de-Disco_1769091660661-750x422.jpg 750w, https:\/\/www.correiobraziliense.com.br\/cbradar\/wp-content\/uploads\/2026\/01\/Hernia-de-Disco_1769091660661-1140x641.jpg 1140w, https:\/\/www.correiobraziliense.com.br\/cbradar\/wp-content\/uploads\/2026\/01\/Hernia-de-Disco_1769091660661.jpg 1280w\" sizes=\"(max-width: 1024px) 100vw, 1024px\" \/><figcaption class=\"wp-element-caption\">H\u00e9rnia de Disco &#8211; Cr\u00e9ditos: depositphotos.com \/ Amaviael<\/figcaption><\/figure><\/div>\n\n\n<p>Ao contr\u00e1rio das t\u00e9cnicas convencionais, esta abordagem utiliza agulhas mais grossas e r\u00edgidas que proporcionam maior controle durante o procedimento. Essa precis\u00e3o reduz o risco de les\u00f5es nos nervos e maximiza a efic\u00e1cia do tratamento. Al\u00e9m disso, a t\u00e9cnica facilita o processo natural de cura do corpo, permitindo que o paciente tolere melhor o processo de reabsor\u00e7\u00e3o da h\u00e9rnia pelo organismo.<\/p>\n\n\n\n<h2 class=\"wp-block-heading\">Qual \u00e9 a efic\u00e1cia e seguran\u00e7a do procedimento?<\/h2>\n\n\n\n<p>Em um estudo com 99 pacientes refrat\u00e1rios a tratamentos tradicionais, a t\u00e9cnica demonstrou um \u00edndice de sucesso significativo: 85,9% dos participantes permaneceram livres da dor ap\u00f3s seis meses. Este m\u00e9todo oferece uma alternativa promissora para evitar cirurgias em casos n\u00e3o cr\u00f4nicos de H\u00e9rnia de Disco.<\/p>\n\n\n\n<p>Importante ressaltar que a infiltra\u00e7\u00e3o epidural n\u00e3o se destina a todos os casos de dor nas costas. Para pacientes com sintomas neurol\u00f3gicos graves, como d\u00e9ficits motores, a cirurgia ainda pode ser necess\u00e1ria. Portanto, a avalia\u00e7\u00e3o m\u00e9dica individualizada continua sendo crucial para determinar a abordagem terap\u00eautica mais adequada.<\/p>\n\n\n\n<h2 class=\"wp-block-heading\">Por que a H\u00e9rnia de Disco pode retornar?<\/h2>\n\n\n\n<p>A satisfa\u00e7\u00e3o imediata com o al\u00edvio da dor n\u00e3o garante que uma h\u00e9rnia n\u00e3o volte a ocorrer. Fatores como gen\u00e9tica, postura inadequada e musculatura fraca contribuem para a recidiva da h\u00e9rnia de disco. Assim, al\u00e9m do tratamento m\u00e9dico, a modifica\u00e7\u00e3o do estilo de vida \u00e9 vital para prevenir novas ocorr\u00eancias.<\/p>\n\n\n\n<p>A reabilita\u00e7\u00e3o f\u00edsica que envolve fortalecimento muscular e corre\u00e7\u00e3o postural desempenha um papel crucial na redu\u00e7\u00e3o do risco de novas h\u00e9rnias. A manuten\u00e7\u00e3o do cuidado com a <a href=\"https:\/\/www.correiobraziliense.com.br\/cbradar\/cabeca-achatada-em-bebes-merece-atencao\/\" target=\"_blank\" rel=\"noreferrer noopener\">sa\u00fade <\/a>da coluna vertebral \u00e9 essencial n\u00e3o apenas para a recupera\u00e7\u00e3o, mas tamb\u00e9m para evitar futuros epis\u00f3dios dolorosos.<\/p>\n\n\n\n<h2 class=\"wp-block-heading\">Qual \u00e9 o futuro do tratamento da H\u00e9rnia de Disco?<\/h2>\n\n\n\n<p>Com um custo acess\u00edvel e a possibilidade de aplica\u00e7\u00e3o em diversas regi\u00f5es, a t\u00e9cnica de infiltra\u00e7\u00e3o epidural apresenta-se como uma solu\u00e7\u00e3o pr\u00e1tica para um problema de sa\u00fade p\u00fablica. O baixo custo dos equipamentos necess\u00e1rios e a simplicidade do procedimento favorecem sua implementa\u00e7\u00e3o em larga escala.<\/p>\n\n\n\n<p>Os pesquisadores defendem a necessidade de estudos multic\u00eantricos para validar amplamente a efic\u00e1cia da t\u00e9cnica e superar poss\u00edveis vieses relacionados \u00e0 execu\u00e7\u00e3o do procedimento. A meta \u00e9 assegurar que essa abordagem seja eficaz nas m\u00e3os de diferentes profissionais, ampliando seu impacto positivo sobre a sa\u00fade global.<\/p>\n\n\n<a href=\"https:\/\/www.instagram.com\/dra.annaluisabf\/\" target=\"_blank\" rel=\"noopener\" style=\"text-decoration: none; color: inherit;\">\n    <span style=\"display: inline-block; border: 1px solid #ccc; border-radius: 10px; padding: 15px; max-width: 550px; font-family: sans-serif; box-shadow: 0 2px 5px rgba(0,0,0,0.1); width: 100%;\">\n\n      <!-- T\u00edtulo -->\n      <span style=\"display: block; margin: 0 0 15px 0; font-weight: bold; color: #2c3e50; text-align: center;\">\n        Entre em contato:\n      <\/span>\n\n      <!-- Linha do perfil -->\n      <span style=\"display: flex; align-items: center; gap: 15px;\">\n        <img decoding=\"async\"\n          src=\"https:\/\/www.correiobraziliense.com.br\/cbradar\/wp-content\/uploads\/2025\/08\/dra_anna_luisa.jpeg\"\n          alt=\"Foto da Dra. Anna Lu\u00edsa\"\n          style=\"border-radius: 50%; width: 80px; height: 80px; object-fit: cover;\"\n        \/>\n        <span style=\"display: flex; flex-direction: column;\">\n          <span style=\"font-size: 18px; font-weight: 700; color: #2c3e50;\">Dra. Anna Lu\u00edsa Barbosa Fernandes<\/span>\n          <span style=\"color: #555;\">CRM-GO 33.271<\/span>\n        <\/span>\n      <\/span>\n\n      <!-- Redes -->\n      <span style=\"display: flex; align-items: center; gap: 10px; margin-top: 12px;\">\n        <img decoding=\"async\" src=\"https:\/\/cdn-icons-png.flaticon.com\/24\/1384\/1384063.png\" alt=\"Instagram\" width=\"24\" height=\"24\" \/>\n        <span style=\"text-decoration: underline; color: #2c3e50;\">@dra.annaluisabf<\/span>\n      <\/span>\n\n    <\/span>\n  <\/a>\n\n\n<p><\/p>\n","protected":false},"excerpt":{"rendered":"<p>A H\u00e9rnia de Disco lombar representa uma das principais causas de incapacidade f\u00edsica e afastamento do trabalho em escala global. Esta condi\u00e7\u00e3o ocorre quando o anel fibroso do disco intervertebral se rompe, permitindo que o seu n\u00facleo gelatinoso extravase de sua posi\u00e7\u00e3o habitual. Este deslocamento pode comprimir ra\u00edzes nervosas locais, resultando numa dor intensa conhecida [&hellip;]<\/p>\n","protected":false},"author":14,"featured_media":119227,"comment_status":"open","ping_status":"open","sticky":false,"template":"","format":"standard","meta":{"_yoast_wpseo_focuskw":"H\u00e9rnia de Disco","_yoast_wpseo_title":"","_yoast_wpseo_metadesc":"Veja como uma t\u00e9cnica moderna para h\u00e9rnia de disco lombar ajuda a aliviar a dor ci\u00e1tica e reduzir a necessidade de cirurgia.","jnews-multi-image_gallery":[],"jnews_single_post":{"format":"standard"},"jnews_primary_category":[],"jnews_social_meta":[],"jnews_override_counter":[],"footnotes":""},"categories":[4404],"tags":[120,6637,247,1318],"class_list":["post-179577","post","type-post","status-publish","format-standard","has-post-thumbnail","hentry","category-saude","tag-bem-estar","tag-hernia-de-disco","tag-qualidade-de-vida","tag-saude-2"],"yoast_head":"<!-- This site is optimized with the Yoast SEO plugin v24.6 - https:\/\/yoast.com\/wordpress\/plugins\/seo\/ -->\n<title>O tratamento mais eficaz para aliviar a dor da h\u00e9rnia de disco - Correio Braziliense - Radar<\/title>\n<meta name=\"description\" content=\"Veja como uma t\u00e9cnica moderna para h\u00e9rnia de disco lombar ajuda a aliviar a dor ci\u00e1tica e reduzir a necessidade de cirurgia.\" \/>\n<meta name=\"robots\" content=\"index, follow, max-snippet:-1, max-image-preview:large, max-video-preview:-1\" \/>\n<link rel=\"canonical\" href=\"https:\/\/www.correiobraziliense.com.br\/cbradar\/o-tratamento-mais-eficaz-para-aliviar-a-dor-da-hernia-de-disco\/\" \/>\n<meta property=\"og:locale\" content=\"pt_BR\" \/>\n<meta property=\"og:type\" content=\"article\" \/>\n<meta property=\"og:title\" content=\"O tratamento mais eficaz para aliviar a dor da h\u00e9rnia de disco - Correio Braziliense - Radar\" \/>\n<meta property=\"og:description\" content=\"Veja como uma t\u00e9cnica moderna para h\u00e9rnia de disco lombar ajuda a aliviar a dor ci\u00e1tica e reduzir a necessidade de cirurgia.\" \/>\n<meta property=\"og:url\" content=\"https:\/\/www.correiobraziliense.com.br\/cbradar\/o-tratamento-mais-eficaz-para-aliviar-a-dor-da-hernia-de-disco\/\" \/>\n<meta property=\"og:site_name\" content=\"Correio Braziliense - Radar\" \/>\n<meta property=\"article:published_time\" content=\"2026-01-24T21:25:00+00:00\" \/>\n<meta property=\"og:image\" content=\"https:\/\/www.correiobraziliense.com.br\/cbradar\/wp-content\/uploads\/2025\/10\/Hernia-de-Disco_1760415454324.jpg\" \/>\n\t<meta property=\"og:image:width\" content=\"1280\" \/>\n\t<meta property=\"og:image:height\" content=\"720\" \/>\n\t<meta property=\"og:image:type\" content=\"image\/jpeg\" \/>\n<meta name=\"author\" content=\"guilherme_saude\" \/>\n<meta name=\"twitter:card\" content=\"summary_large_image\" \/>\n<meta name=\"twitter:label1\" content=\"Escrito por\" \/>\n\t<meta name=\"twitter:data1\" content=\"guilherme_saude\" \/>\n\t<meta name=\"twitter:label2\" content=\"Est. tempo de leitura\" \/>\n\t<meta name=\"twitter:data2\" content=\"4 minutos\" \/>\n<!-- \/ Yoast SEO plugin. -->","yoast_head_json":{"title":"O tratamento mais eficaz para aliviar a dor da h\u00e9rnia de disco - Correio Braziliense - Radar","description":"Veja como uma t\u00e9cnica moderna para h\u00e9rnia de disco lombar ajuda a aliviar a dor ci\u00e1tica e reduzir a necessidade de cirurgia.","robots":{"index":"index","follow":"follow","max-snippet":"max-snippet:-1","max-image-preview":"max-image-preview:large","max-video-preview":"max-video-preview:-1"},"canonical":"https:\/\/www.correiobraziliense.com.br\/cbradar\/o-tratamento-mais-eficaz-para-aliviar-a-dor-da-hernia-de-disco\/","og_locale":"pt_BR","og_type":"article","og_title":"O tratamento mais eficaz para aliviar a dor da h\u00e9rnia de disco - Correio Braziliense - Radar","og_description":"Veja como uma t\u00e9cnica moderna para h\u00e9rnia de disco lombar ajuda a aliviar a dor ci\u00e1tica e reduzir a necessidade de cirurgia.","og_url":"https:\/\/www.correiobraziliense.com.br\/cbradar\/o-tratamento-mais-eficaz-para-aliviar-a-dor-da-hernia-de-disco\/","og_site_name":"Correio Braziliense - Radar","article_published_time":"2026-01-24T21:25:00+00:00","og_image":[{"width":1280,"height":720,"url":"https:\/\/www.correiobraziliense.com.br\/cbradar\/wp-content\/uploads\/2025\/10\/Hernia-de-Disco_1760415454324.jpg","type":"image\/jpeg"}],"author":"guilherme_saude","twitter_card":"summary_large_image","twitter_misc":{"Escrito por":"guilherme_saude","Est. tempo de leitura":"4 minutos"},"schema":{"@context":"https:\/\/schema.org","@graph":[{"@type":"WebPage","@id":"https:\/\/www.correiobraziliense.com.br\/cbradar\/o-tratamento-mais-eficaz-para-aliviar-a-dor-da-hernia-de-disco\/","url":"https:\/\/www.correiobraziliense.com.br\/cbradar\/o-tratamento-mais-eficaz-para-aliviar-a-dor-da-hernia-de-disco\/","name":"O tratamento mais eficaz para aliviar a dor da h\u00e9rnia de disco - Correio Braziliense - Radar","isPartOf":{"@id":"https:\/\/www.correiobraziliense.com.br\/cbradar\/#website"},"primaryImageOfPage":{"@id":"https:\/\/www.correiobraziliense.com.br\/cbradar\/o-tratamento-mais-eficaz-para-aliviar-a-dor-da-hernia-de-disco\/#primaryimage"},"image":{"@id":"https:\/\/www.correiobraziliense.com.br\/cbradar\/o-tratamento-mais-eficaz-para-aliviar-a-dor-da-hernia-de-disco\/#primaryimage"},"thumbnailUrl":"https:\/\/www.correiobraziliense.com.br\/cbradar\/wp-content\/uploads\/2025\/10\/Hernia-de-Disco_1760415454324.jpg","datePublished":"2026-01-24T21:25:00+00:00","author":{"@id":"https:\/\/www.correiobraziliense.com.br\/cbradar\/#\/schema\/person\/5aa4bf3c8fa699c267933611de12978b"},"description":"Veja como uma t\u00e9cnica moderna para h\u00e9rnia de disco lombar ajuda a aliviar a dor ci\u00e1tica e reduzir a necessidade de cirurgia.","breadcrumb":{"@id":"https:\/\/www.correiobraziliense.com.br\/cbradar\/o-tratamento-mais-eficaz-para-aliviar-a-dor-da-hernia-de-disco\/#breadcrumb"},"inLanguage":"pt-BR","potentialAction":[{"@type":"ReadAction","target":["https:\/\/www.correiobraziliense.com.br\/cbradar\/o-tratamento-mais-eficaz-para-aliviar-a-dor-da-hernia-de-disco\/"]}]},{"@type":"ImageObject","inLanguage":"pt-BR","@id":"https:\/\/www.correiobraziliense.com.br\/cbradar\/o-tratamento-mais-eficaz-para-aliviar-a-dor-da-hernia-de-disco\/#primaryimage","url":"https:\/\/www.correiobraziliense.com.br\/cbradar\/wp-content\/uploads\/2025\/10\/Hernia-de-Disco_1760415454324.jpg","contentUrl":"https:\/\/www.correiobraziliense.com.br\/cbradar\/wp-content\/uploads\/2025\/10\/Hernia-de-Disco_1760415454324.jpg","width":1280,"height":720,"caption":"H\u00e9rnia de Disco - Cr\u00e9ditos: depositphotos.com \/ NataliMis"},{"@type":"BreadcrumbList","@id":"https:\/\/www.correiobraziliense.com.br\/cbradar\/o-tratamento-mais-eficaz-para-aliviar-a-dor-da-hernia-de-disco\/#breadcrumb","itemListElement":[{"@type":"ListItem","position":1,"name":"In\u00edcio","item":"https:\/\/www.correiobraziliense.com.br\/cbradar\/"},{"@type":"ListItem","position":2,"name":"O tratamento mais eficaz para aliviar a dor da h\u00e9rnia de disco"}]},{"@type":"WebSite","@id":"https:\/\/www.correiobraziliense.com.br\/cbradar\/#website","url":"https:\/\/www.correiobraziliense.com.br\/cbradar\/","name":"Correio Braziliense - Radar","description":"Acompanhe as \u00faltimas not\u00edcias e fique bem informado sobre tudo o que acontece no Brasil e no mundo.","potentialAction":[{"@type":"SearchAction","target":{"@type":"EntryPoint","urlTemplate":"https:\/\/www.correiobraziliense.com.br\/cbradar\/?s={search_term_string}"},"query-input":{"@type":"PropertyValueSpecification","valueRequired":true,"valueName":"search_term_string"}}],"inLanguage":"pt-BR"},{"@type":"Person","@id":"https:\/\/www.correiobraziliense.com.br\/cbradar\/#\/schema\/person\/5aa4bf3c8fa699c267933611de12978b","name":"guilherme_saude","image":{"@type":"ImageObject","inLanguage":"pt-BR","@id":"https:\/\/www.correiobraziliense.com.br\/cbradar\/#\/schema\/person\/image\/","url":"https:\/\/secure.gravatar.com\/avatar\/df9adfb835d344bc0af109d41756253f?s=96&d=mm&r=g","contentUrl":"https:\/\/secure.gravatar.com\/avatar\/df9adfb835d344bc0af109d41756253f?s=96&d=mm&r=g","caption":"guilherme_saude"},"url":"https:\/\/www.correiobraziliense.com.br\/cbradar\/author\/guilherme_saude\/"}]}},"_links":{"self":[{"href":"https:\/\/www.correiobraziliense.com.br\/cbradar\/wp-json\/wp\/v2\/posts\/179577","targetHints":{"allow":["GET"]}}],"collection":[{"href":"https:\/\/www.correiobraziliense.com.br\/cbradar\/wp-json\/wp\/v2\/posts"}],"about":[{"href":"https:\/\/www.correiobraziliense.com.br\/cbradar\/wp-json\/wp\/v2\/types\/post"}],"author":[{"embeddable":true,"href":"https:\/\/www.correiobraziliense.com.br\/cbradar\/wp-json\/wp\/v2\/users\/14"}],"replies":[{"embeddable":true,"href":"https:\/\/www.correiobraziliense.com.br\/cbradar\/wp-json\/wp\/v2\/comments?post=179577"}],"version-history":[{"count":1,"href":"https:\/\/www.correiobraziliense.com.br\/cbradar\/wp-json\/wp\/v2\/posts\/179577\/revisions"}],"predecessor-version":[{"id":179580,"href":"https:\/\/www.correiobraziliense.com.br\/cbradar\/wp-json\/wp\/v2\/posts\/179577\/revisions\/179580"}],"wp:featuredmedia":[{"embeddable":true,"href":"https:\/\/www.correiobraziliense.com.br\/cbradar\/wp-json\/wp\/v2\/media\/119227"}],"wp:attachment":[{"href":"https:\/\/www.correiobraziliense.com.br\/cbradar\/wp-json\/wp\/v2\/media?parent=179577"}],"wp:term":[{"taxonomy":"category","embeddable":true,"href":"https:\/\/www.correiobraziliense.com.br\/cbradar\/wp-json\/wp\/v2\/categories?post=179577"},{"taxonomy":"post_tag","embeddable":true,"href":"https:\/\/www.correiobraziliense.com.br\/cbradar\/wp-json\/wp\/v2\/tags?post=179577"}],"curies":[{"name":"wp","href":"https:\/\/api.w.org\/{rel}","templated":true}]}}