{"id":179582,"date":"2026-01-24T20:25:00","date_gmt":"2026-01-24T23:25:00","guid":{"rendered":"https:\/\/www.correiobraziliense.com.br\/cbradar\/?p=179582"},"modified":"2026-01-22T11:25:29","modified_gmt":"2026-01-22T14:25:29","slug":"a-vacina-inovadora-que-muda-o-futuro-do-cancer-de-pele","status":"publish","type":"post","link":"https:\/\/www.correiobraziliense.com.br\/cbradar\/a-vacina-inovadora-que-muda-o-futuro-do-cancer-de-pele\/","title":{"rendered":"A vacina inovadora que muda o futuro do c\u00e2ncer de pele"},"content":{"rendered":"\n<p>A recente divulga\u00e7\u00e3o dos dados da vacina contra o <strong>C\u00e2ncer de Pele<\/strong>, conhecida como mRNA-4157 (V940), trouxe um sopro de esperan\u00e7a no campo da oncologia. Desenvolvida pelas farmac\u00eauticas Moderna e MSD, a vacina mostrou resultados promissores em reduzir a reincid\u00eancia do melanoma, um tipo agressivo de C\u00e2ncer de Pele. Este avan\u00e7o foi revelado ap\u00f3s uma an\u00e1lise de cinco anos que avaliou a efic\u00e1cia da combina\u00e7\u00e3o da vacina, chamada autogene intismeran, com o imunoter\u00e1pico Keytruda.<\/p>\n\n\n\n<p>A imunoterapia, j\u00e1 utilizada na luta contra v\u00e1rios tipos de c\u00e2ncer, ganhou um refor\u00e7o significativo com esta inova\u00e7\u00e3o. Tradicionalmente, o melanoma em est\u00e1dios avan\u00e7ados apresenta alto risco de recidiva ap\u00f3s a interven\u00e7\u00e3o cir\u00fargica. Contudo, a combina\u00e7\u00e3o terap\u00eautica ensaiada nos estudos cl\u00ednicos trouxe uma redu\u00e7\u00e3o de 49% no risco de retorno da doen\u00e7a, em compara\u00e7\u00e3o com o Keytruda isoladamente. Este dado \u00e9 um marco relevante, considerando a complexidade do tratamento para melanomas de alto risco.<\/p>\n\n\n\n<h2 class=\"wp-block-heading\">Como funciona a mRNA-4157 (V940)?<\/h2>\n\n\n\n<p>A mRNA-4157 (V940) \u00e9 uma vacina terap\u00eautica inovadora, pois \u00e9 projetada sob medida para cada paciente. O processo de personaliza\u00e7\u00e3o come\u00e7a com o sequenciamento gen\u00e9tico do tumor, possibilitando a produ\u00e7\u00e3o de um imunizante que educa o sistema imune a identificar e destruir c\u00e9lulas espec\u00edficas do c\u00e2ncer no organismo. Esta abordagem maximiza a efic\u00e1cia do tratamento, ao passo que minimiza os efeitos colaterais indesejados comuns em terapias convencionais.<\/p>\n\n\n\n<figure class=\"wp-block-image aligncenter size-large\"><img decoding=\"async\" width=\"1024\" height=\"576\" src=\"https:\/\/www.correiobraziliense.com.br\/cbradar\/wp-content\/uploads\/2025\/05\/vacina_1748101746731-1024x576.jpg\" alt=\"\" class=\"wp-image-42351\" srcset=\"https:\/\/www.correiobraziliense.com.br\/cbradar\/wp-content\/uploads\/2025\/05\/vacina_1748101746731-1024x576.jpg 1024w, https:\/\/www.correiobraziliense.com.br\/cbradar\/wp-content\/uploads\/2025\/05\/vacina_1748101746731-300x169.jpg 300w, https:\/\/www.correiobraziliense.com.br\/cbradar\/wp-content\/uploads\/2025\/05\/vacina_1748101746731-768x432.jpg 768w, https:\/\/www.correiobraziliense.com.br\/cbradar\/wp-content\/uploads\/2025\/05\/vacina_1748101746731-750x422.jpg 750w, https:\/\/www.correiobraziliense.com.br\/cbradar\/wp-content\/uploads\/2025\/05\/vacina_1748101746731-1140x641.jpg 1140w, https:\/\/www.correiobraziliense.com.br\/cbradar\/wp-content\/uploads\/2025\/05\/vacina_1748101746731.jpg 1280w\" sizes=\"(max-width: 1024px) 100vw, 1024px\" \/><figcaption class=\"wp-element-caption\">Vacina &#8211; Cr\u00e9ditos: depositphotos.com \/ IgorVetushko\n<\/figcaption><\/figure>\n\n\n\n<h2 class=\"wp-block-heading\">Quais foram os resultados dos testes cl\u00ednicos?<\/h2>\n\n\n\n<p>Nos testes cl\u00ednicos mais recentes, participaram 157 pacientes com melanoma em est\u00e1dios III e IV. Os participantes foram divididos em dois grupos principais: um grupo recebeu a vacina personalizada em conjunto com o Keytruda, enquanto o grupo de controle foi tratado apenas com o imunoter\u00e1pico. Os resultados mostraram n\u00e3o s\u00f3 a redu\u00e7\u00e3o significativa do risco de recidiva, mas tamb\u00e9m a manuten\u00e7\u00e3o da resposta imunol\u00f3gica ao longo de cinco anos de acompanhamento.<\/p>\n\n\n\n<p>Adicionalmente, o perfil de seguran\u00e7a da combina\u00e7\u00e3o terap\u00eautica se manteve consistente, sem o surgimento de novos efeitos adversos significativos. Este \u00e9 um ponto crucial, dado que a seguran\u00e7a sempre foi uma preocupa\u00e7\u00e3o em tratamentos <a href=\"https:\/\/www.correiobraziliense.com.br\/cbradar\/cabeca-achatada-em-bebes-merece-atencao\/\" target=\"_blank\" rel=\"noreferrer noopener\">inovadores<\/a>.<\/p>\n\n\n\n<h2 class=\"wp-block-heading\">Por que este avan\u00e7o \u00e9 importante?<\/h2>\n\n\n\n<p>O sucesso da combina\u00e7\u00e3o da vacina mRNA-4157 com o Keytruda pode transformar o manejo cl\u00ednico de melanomas agressivos e potencialmente outros tipos de c\u00e2ncer. A vacina representa um avan\u00e7o no uso de terapias direcionadas, uma vez que a personaliza\u00e7\u00e3o do tratamento garante um enfoque mais preciso na elimina\u00e7\u00e3o de c\u00e9lulas cancer\u00edgenas, sem atingir c\u00e9lulas saud\u00e1veis.<\/p>\n\n\n\n<ul class=\"wp-block-list\">\n<li>Redu\u00e7\u00e3o significativa do risco de reincid\u00eancia do melanoma.<\/li>\n\n\n\n<li>Durabilidade da resposta imunol\u00f3gica ap\u00f3s cinco anos.<\/li>\n\n\n\n<li>Seguran\u00e7a e consist\u00eancia dos efeitos colaterais.<\/li>\n<\/ul>\n\n\n\n<p>O melanoma, respons\u00e1vel por 4% das neoplasias malignas na pele no Brasil, \u00e9 conhecido por sua capacidade de se espalhar para outras partes do corpo, tornando-se letal. Portanto, este progresso na imunoterapia e vacinas personalizadas marca um passo significativo na luta contra essa doen\u00e7a devastadora.<\/p>\n\n\n\n<p>A \u00faltima fase dos testes cl\u00ednicos iniciou em 2023 e est\u00e1 programada para ser conclu\u00edda em 2030. Os especialistas aguardam ansiosamente os resultados finais, que poder\u00e3o abrir caminho para a aprova\u00e7\u00e3o e aplica\u00e7\u00e3o cl\u00ednica desta vacina revolucion\u00e1ria em larga escala. Desta forma, espera-se n\u00e3o s\u00f3 melhorar a sobrevida de pacientes com melanoma, mas tamb\u00e9m sua qualidade de vida em um futuro pr\u00f3ximo.<\/p>\n\n\n<a href=\"https:\/\/www.instagram.com\/dra.annaluisabf\/\" target=\"_blank\" rel=\"noopener\" style=\"text-decoration: none; color: inherit;\">\n    <span style=\"display: inline-block; border: 1px solid #ccc; border-radius: 10px; padding: 15px; max-width: 550px; font-family: sans-serif; box-shadow: 0 2px 5px rgba(0,0,0,0.1); width: 100%;\">\n\n      <!-- T\u00edtulo -->\n      <span style=\"display: block; margin: 0 0 15px 0; font-weight: bold; color: #2c3e50; text-align: center;\">\n        Entre em contato:\n      <\/span>\n\n      <!-- Linha do perfil -->\n      <span style=\"display: flex; align-items: center; gap: 15px;\">\n        <img decoding=\"async\"\n          src=\"https:\/\/www.correiobraziliense.com.br\/cbradar\/wp-content\/uploads\/2025\/08\/dra_anna_luisa.jpeg\"\n          alt=\"Foto da Dra. Anna Lu\u00edsa\"\n          style=\"border-radius: 50%; width: 80px; height: 80px; object-fit: cover;\"\n        \/>\n        <span style=\"display: flex; flex-direction: column;\">\n          <span style=\"font-size: 18px; font-weight: 700; color: #2c3e50;\">Dra. Anna Lu\u00edsa Barbosa Fernandes<\/span>\n          <span style=\"color: #555;\">CRM-GO 33.271<\/span>\n        <\/span>\n      <\/span>\n\n      <!-- Redes -->\n      <span style=\"display: flex; align-items: center; gap: 10px; margin-top: 12px;\">\n        <img decoding=\"async\" src=\"https:\/\/cdn-icons-png.flaticon.com\/24\/1384\/1384063.png\" alt=\"Instagram\" width=\"24\" height=\"24\" \/>\n        <span style=\"text-decoration: underline; color: #2c3e50;\">@dra.annaluisabf<\/span>\n      <\/span>\n\n    <\/span>\n  <\/a>","protected":false},"excerpt":{"rendered":"<p>A recente divulga\u00e7\u00e3o dos dados da vacina contra o C\u00e2ncer de Pele, conhecida como mRNA-4157 (V940), trouxe um sopro de esperan\u00e7a no campo da oncologia. Desenvolvida pelas farmac\u00eauticas Moderna e MSD, a vacina mostrou resultados promissores em reduzir a reincid\u00eancia do melanoma, um tipo agressivo de C\u00e2ncer de Pele. Este avan\u00e7o foi revelado ap\u00f3s uma [&hellip;]<\/p>\n","protected":false},"author":14,"featured_media":43704,"comment_status":"open","ping_status":"open","sticky":false,"template":"","format":"standard","meta":{"_yoast_wpseo_focuskw":"c\u00e2ncer de pele","_yoast_wpseo_title":"","_yoast_wpseo_metadesc":"Vacina contra o melanoma mostra resultados in\u00e9ditos ao reduzir o risco de retorno da doen\u00e7a em pacientes de alto risco.","jnews-multi-image_gallery":[],"jnews_single_post":{"format":"standard"},"jnews_primary_category":[],"jnews_social_meta":[],"jnews_override_counter":[],"footnotes":""},"categories":[4404],"post_tag":[120,5468,247,1318],"class_list":["post-179582","post","type-post","status-publish","format-standard","has-post-thumbnail","hentry","category-saude","tag-bem-estar","tag-cancer-de-pele","tag-qualidade-de-vida","tag-saude-2"],"yoast_head":"<!-- This site is optimized with the Yoast SEO plugin v24.6 - https:\/\/yoast.com\/wordpress\/plugins\/seo\/ -->\n<title>A vacina inovadora que muda o futuro do c\u00e2ncer de pele - Correio Braziliense - Radar<\/title>\n<meta name=\"description\" content=\"Vacina contra o melanoma mostra resultados in\u00e9ditos ao reduzir o risco de retorno da doen\u00e7a em pacientes de alto risco.\" \/>\n<meta name=\"robots\" content=\"index, follow, max-snippet:-1, max-image-preview:large, max-video-preview:-1\" \/>\n<link rel=\"canonical\" href=\"https:\/\/www.correiobraziliense.com.br\/cbradar\/a-vacina-inovadora-que-muda-o-futuro-do-cancer-de-pele\/\" \/>\n<meta property=\"og:locale\" content=\"pt_BR\" \/>\n<meta property=\"og:type\" content=\"article\" \/>\n<meta property=\"og:title\" content=\"A vacina inovadora que muda o futuro do c\u00e2ncer de pele - Correio Braziliense - Radar\" \/>\n<meta property=\"og:description\" content=\"Vacina contra o melanoma mostra resultados in\u00e9ditos ao reduzir o risco de retorno da doen\u00e7a em pacientes de alto risco.\" \/>\n<meta property=\"og:url\" content=\"https:\/\/www.correiobraziliense.com.br\/cbradar\/a-vacina-inovadora-que-muda-o-futuro-do-cancer-de-pele\/\" \/>\n<meta property=\"og:site_name\" content=\"Correio Braziliense - Radar\" \/>\n<meta property=\"article:published_time\" content=\"2026-01-24T23:25:00+00:00\" \/>\n<meta property=\"og:image\" content=\"https:\/\/www.correiobraziliense.com.br\/cbradar\/wp-content\/uploads\/2025\/05\/melanoma_1748361373420.jpg\" \/>\n\t<meta property=\"og:image:width\" content=\"1280\" \/>\n\t<meta property=\"og:image:height\" content=\"720\" \/>\n\t<meta property=\"og:image:type\" content=\"image\/jpeg\" \/>\n<meta name=\"author\" content=\"guilherme_saude\" \/>\n<meta name=\"twitter:card\" content=\"summary_large_image\" \/>\n<meta name=\"twitter:label1\" content=\"Escrito por\" \/>\n\t<meta name=\"twitter:data1\" content=\"guilherme_saude\" \/>\n\t<meta name=\"twitter:label2\" content=\"Est. tempo de leitura\" \/>\n\t<meta name=\"twitter:data2\" content=\"4 minutos\" \/>\n<!-- \/ Yoast SEO plugin. -->","yoast_head_json":{"title":"A vacina inovadora que muda o futuro do c\u00e2ncer de pele - Correio Braziliense - Radar","description":"Vacina contra o melanoma mostra resultados in\u00e9ditos ao reduzir o risco de retorno da doen\u00e7a em pacientes de alto risco.","robots":{"index":"index","follow":"follow","max-snippet":"max-snippet:-1","max-image-preview":"max-image-preview:large","max-video-preview":"max-video-preview:-1"},"canonical":"https:\/\/www.correiobraziliense.com.br\/cbradar\/a-vacina-inovadora-que-muda-o-futuro-do-cancer-de-pele\/","og_locale":"pt_BR","og_type":"article","og_title":"A vacina inovadora que muda o futuro do c\u00e2ncer de pele - Correio Braziliense - Radar","og_description":"Vacina contra o melanoma mostra resultados in\u00e9ditos ao reduzir o risco de retorno da doen\u00e7a em pacientes de alto risco.","og_url":"https:\/\/www.correiobraziliense.com.br\/cbradar\/a-vacina-inovadora-que-muda-o-futuro-do-cancer-de-pele\/","og_site_name":"Correio Braziliense - Radar","article_published_time":"2026-01-24T23:25:00+00:00","og_image":[{"width":1280,"height":720,"url":"https:\/\/www.correiobraziliense.com.br\/cbradar\/wp-content\/uploads\/2025\/05\/melanoma_1748361373420.jpg","type":"image\/jpeg"}],"author":"guilherme_saude","twitter_card":"summary_large_image","twitter_misc":{"Escrito por":"guilherme_saude","Est. tempo de leitura":"4 minutos"},"schema":{"@context":"https:\/\/schema.org","@graph":[{"@type":"WebPage","@id":"https:\/\/www.correiobraziliense.com.br\/cbradar\/a-vacina-inovadora-que-muda-o-futuro-do-cancer-de-pele\/","url":"https:\/\/www.correiobraziliense.com.br\/cbradar\/a-vacina-inovadora-que-muda-o-futuro-do-cancer-de-pele\/","name":"A vacina inovadora que muda o futuro do c\u00e2ncer de pele - Correio Braziliense - Radar","isPartOf":{"@id":"https:\/\/www.correiobraziliense.com.br\/cbradar\/#website"},"primaryImageOfPage":{"@id":"https:\/\/www.correiobraziliense.com.br\/cbradar\/a-vacina-inovadora-que-muda-o-futuro-do-cancer-de-pele\/#primaryimage"},"image":{"@id":"https:\/\/www.correiobraziliense.com.br\/cbradar\/a-vacina-inovadora-que-muda-o-futuro-do-cancer-de-pele\/#primaryimage"},"thumbnailUrl":"https:\/\/www.correiobraziliense.com.br\/cbradar\/wp-content\/uploads\/2025\/05\/melanoma_1748361373420.jpg","datePublished":"2026-01-24T23:25:00+00:00","author":{"@id":"https:\/\/www.correiobraziliense.com.br\/cbradar\/#\/schema\/person\/5aa4bf3c8fa699c267933611de12978b"},"description":"Vacina contra o melanoma mostra resultados in\u00e9ditos ao reduzir o risco de retorno da doen\u00e7a em pacientes de alto risco.","breadcrumb":{"@id":"https:\/\/www.correiobraziliense.com.br\/cbradar\/a-vacina-inovadora-que-muda-o-futuro-do-cancer-de-pele\/#breadcrumb"},"inLanguage":"pt-BR","potentialAction":[{"@type":"ReadAction","target":["https:\/\/www.correiobraziliense.com.br\/cbradar\/a-vacina-inovadora-que-muda-o-futuro-do-cancer-de-pele\/"]}]},{"@type":"ImageObject","inLanguage":"pt-BR","@id":"https:\/\/www.correiobraziliense.com.br\/cbradar\/a-vacina-inovadora-que-muda-o-futuro-do-cancer-de-pele\/#primaryimage","url":"https:\/\/www.correiobraziliense.com.br\/cbradar\/wp-content\/uploads\/2025\/05\/melanoma_1748361373420.jpg","contentUrl":"https:\/\/www.correiobraziliense.com.br\/cbradar\/wp-content\/uploads\/2025\/05\/melanoma_1748361373420.jpg","width":1280,"height":720,"caption":"Voc\u00ea est\u00e1 se protegendo do c\u00e2ncer de pele da forma certa? - Cr\u00e9ditos: depositphotos.com \/ AndrewLozovyi"},{"@type":"BreadcrumbList","@id":"https:\/\/www.correiobraziliense.com.br\/cbradar\/a-vacina-inovadora-que-muda-o-futuro-do-cancer-de-pele\/#breadcrumb","itemListElement":[{"@type":"ListItem","position":1,"name":"In\u00edcio","item":"https:\/\/www.correiobraziliense.com.br\/cbradar\/"},{"@type":"ListItem","position":2,"name":"A vacina inovadora que muda o futuro do c\u00e2ncer de pele"}]},{"@type":"WebSite","@id":"https:\/\/www.correiobraziliense.com.br\/cbradar\/#website","url":"https:\/\/www.correiobraziliense.com.br\/cbradar\/","name":"Correio Braziliense - Radar","description":"Acompanhe as \u00faltimas not\u00edcias e fique bem informado sobre tudo o que acontece no Brasil e no mundo.","potentialAction":[{"@type":"SearchAction","target":{"@type":"EntryPoint","urlTemplate":"https:\/\/www.correiobraziliense.com.br\/cbradar\/?s={search_term_string}"},"query-input":{"@type":"PropertyValueSpecification","valueRequired":true,"valueName":"search_term_string"}}],"inLanguage":"pt-BR"},{"@type":"Person","@id":"https:\/\/www.correiobraziliense.com.br\/cbradar\/#\/schema\/person\/5aa4bf3c8fa699c267933611de12978b","name":"guilherme_saude","image":{"@type":"ImageObject","inLanguage":"pt-BR","@id":"https:\/\/www.correiobraziliense.com.br\/cbradar\/#\/schema\/person\/image\/","url":"https:\/\/secure.gravatar.com\/avatar\/df9adfb835d344bc0af109d41756253f?s=96&d=mm&r=g","contentUrl":"https:\/\/secure.gravatar.com\/avatar\/df9adfb835d344bc0af109d41756253f?s=96&d=mm&r=g","caption":"guilherme_saude"},"url":"https:\/\/www.correiobraziliense.com.br\/cbradar\/author\/guilherme_saude\/"}]}},"_links":{"self":[{"href":"https:\/\/www.correiobraziliense.com.br\/cbradar\/wp-json\/wp\/v2\/posts\/179582","targetHints":{"allow":["GET"]}}],"collection":[{"href":"https:\/\/www.correiobraziliense.com.br\/cbradar\/wp-json\/wp\/v2\/posts"}],"about":[{"href":"https:\/\/www.correiobraziliense.com.br\/cbradar\/wp-json\/wp\/v2\/types\/post"}],"author":[{"embeddable":true,"href":"https:\/\/www.correiobraziliense.com.br\/cbradar\/wp-json\/wp\/v2\/users\/14"}],"replies":[{"embeddable":true,"href":"https:\/\/www.correiobraziliense.com.br\/cbradar\/wp-json\/wp\/v2\/comments?post=179582"}],"version-history":[{"count":1,"href":"https:\/\/www.correiobraziliense.com.br\/cbradar\/wp-json\/wp\/v2\/posts\/179582\/revisions"}],"predecessor-version":[{"id":179583,"href":"https:\/\/www.correiobraziliense.com.br\/cbradar\/wp-json\/wp\/v2\/posts\/179582\/revisions\/179583"}],"wp:featuredmedia":[{"embeddable":true,"href":"https:\/\/www.correiobraziliense.com.br\/cbradar\/wp-json\/wp\/v2\/media\/43704"}],"wp:attachment":[{"href":"https:\/\/www.correiobraziliense.com.br\/cbradar\/wp-json\/wp\/v2\/media?parent=179582"}],"wp:term":[{"taxonomy":"category","embeddable":true,"href":"https:\/\/www.correiobraziliense.com.br\/cbradar\/wp-json\/wp\/v2\/categories?post=179582"},{"taxonomy":"post_tag","embeddable":true,"href":"https:\/\/www.correiobraziliense.com.br\/cbradar\/wp-json\/wp\/v2\/post_tag?post=179582"}],"curies":[{"name":"wp","href":"https:\/\/api.w.org\/{rel}","templated":true}]}}