{"id":179640,"date":"2026-01-22T17:50:00","date_gmt":"2026-01-22T20:50:00","guid":{"rendered":"https:\/\/www.correiobraziliense.com.br\/cbradar\/?p=179640"},"modified":"2026-01-22T15:56:34","modified_gmt":"2026-01-22T18:56:34","slug":"os-nomes-para-meninas-com-significados-marcantes-que-sao-lindos-e-tendencia-para-2026","status":"publish","type":"post","link":"https:\/\/www.correiobraziliense.com.br\/cbradar\/os-nomes-para-meninas-com-significados-marcantes-que-sao-lindos-e-tendencia-para-2026\/","title":{"rendered":"Os nomes para meninas com significados marcantes que s\u00e3o lindos e tend\u00eancia para 2026"},"content":{"rendered":"\n<p>Escolher nomes m\u00edsticos e espirituais para meninas costuma ser um momento de muita reflex\u00e3o, j\u00e1 que muitos pais desejam que o nome carregue um significado profundo e sirva como uma esp\u00e9cie de b\u00ean\u00e7\u00e3o para a trajet\u00f3ria da crian\u00e7a. Termos como <strong>Amara<\/strong>, <strong>Gaia<\/strong>, <strong>Luna <\/strong>e <strong>Safira <\/strong>ganharam espa\u00e7o nos \u00faltimos anos justamente por unirem sonoridade suave, conex\u00e3o simb\u00f3lica com a natureza e com o sagrado, al\u00e9m de transmitirem mensagens de eternidade, prote\u00e7\u00e3o e sabedoria.<\/p>\n\n\n\n<h2 class=\"wp-block-heading\">O que torna um nome m\u00edstico e espiritual para meninas especial?<\/h2>\n\n\n\n<p>Um nome \u00e9 considerado m\u00edstico ou espiritual quando vai al\u00e9m da est\u00e9tica e da moda, trazendo uma hist\u00f3ria, um simbolismo ou uma energia associados a tradi\u00e7\u00f5es antigas, elementos da natureza ou conceitos elevados, como paz, luz e eternidade. Nesse contexto, a escolha n\u00e3o \u00e9 feita apenas pelo som bonito, mas tamb\u00e9m pela inten\u00e7\u00e3o que os respons\u00e1veis desejam projetar sobre a vida da menina.<\/p>\n\n\n\n<p>Nesse tipo de escolha, significados ligados \u00e0 alma, ao cosmos, \u00e0 terra e \u00e0s virtudes humanas costumam ter grande peso. Por isso, muitos pais buscam nomes que remetam a prote\u00e7\u00e3o, cura, intui\u00e7\u00e3o e conex\u00e3o interior. Entre as refer\u00eancias mais procuradas est\u00e3o l\u00ednguas antigas, mitologias diversas e imagens po\u00e9ticas que evoquem espiritualidade de forma sutil e elegante.<\/p>\n\n\n<div class=\"wp-block-image\">\n<figure class=\"aligncenter size-large\"><img decoding=\"async\" width=\"1024\" height=\"576\" src=\"https:\/\/www.correiobraziliense.com.br\/cbradar\/wp-content\/uploads\/2026\/01\/Gemini_Generated_Image_s7odj0s7odj0s7od-1-1-1024x576.png\" alt=\"Os nomes para meninas com significados marcantes que s\u00e3o lindos e tend\u00eancia para 2026\" class=\"wp-image-179643\" srcset=\"https:\/\/www.correiobraziliense.com.br\/cbradar\/wp-content\/uploads\/2026\/01\/Gemini_Generated_Image_s7odj0s7odj0s7od-1-1-1024x576.png 1024w, https:\/\/www.correiobraziliense.com.br\/cbradar\/wp-content\/uploads\/2026\/01\/Gemini_Generated_Image_s7odj0s7odj0s7od-1-1-300x169.png 300w, https:\/\/www.correiobraziliense.com.br\/cbradar\/wp-content\/uploads\/2026\/01\/Gemini_Generated_Image_s7odj0s7odj0s7od-1-1-768x432.png 768w, https:\/\/www.correiobraziliense.com.br\/cbradar\/wp-content\/uploads\/2026\/01\/Gemini_Generated_Image_s7odj0s7odj0s7od-1-1-750x422.png 750w, https:\/\/www.correiobraziliense.com.br\/cbradar\/wp-content\/uploads\/2026\/01\/Gemini_Generated_Image_s7odj0s7odj0s7od-1-1-1140x641.png 1140w, https:\/\/www.correiobraziliense.com.br\/cbradar\/wp-content\/uploads\/2026\/01\/Gemini_Generated_Image_s7odj0s7odj0s7od-1-1.png 1280w\" sizes=\"(max-width: 1024px) 100vw, 1024px\" \/><figcaption class=\"wp-element-caption\">Nomes m\u00edsticos femininos que carregam significado e inten\u00e7\u00e3o<\/figcaption><\/figure><\/div>\n\n\n<h2 class=\"wp-block-heading\">Quais nomes m\u00edsticos femininos trazem significados profundos?<\/h2>\n\n\n\n<p>Entre os nomes m\u00edsticos e espirituais para meninas, alguns se destacam pelo sentido claro e pela forte carga simb\u00f3lica. Amara, por exemplo, \u00e9 associado \u00e0 ideia de \u201ceterna\u201d, o que sugere continuidade e perman\u00eancia, algo que muitos pais relacionam \u00e0 for\u00e7a da alma ou \u00e0 presen\u00e7a constante de amor e prote\u00e7\u00e3o ao longo da vida da crian\u00e7a.<\/p>\n\n\n\n<p>Gaia \u00e9 outro nome muito procurado, ligado \u00e0 imagem de \u201cm\u00e3e terra\u201d. Esse sentido aproxima a menina da natureza, da fertilidade e do cuidado com o ambiente. J\u00e1 Luna remete diretamente \u00e0 lua, s\u00edmbolo tradicional de intui\u00e7\u00e3o, ciclos e sensibilidade. Safira, por sua vez, \u00e9 relacionada \u00e0 pedra preciosa associada \u00e0 \u201csabedoria\u201d e \u00e0 clareza mental, o que agrada fam\u00edlias que valorizam conhecimento e discernimento. Veja a tabela abaixo:<\/p>\n\n\n\n<figure class=\"wp-block-table\"><table class=\"has-fixed-layout\"><thead><tr><td><strong>Nome<\/strong><\/td><td><strong>Significado Principal<\/strong><\/td><td><strong>Atributos e Ess\u00eancia<\/strong><\/td><\/tr><\/thead><tbody><tr><td><strong>Amara<\/strong><\/td><td>Eternidade e perman\u00eancia<\/td><td>Estabilidade e continuidade.<\/td><\/tr><tr><td><strong>Gaia<\/strong><\/td><td>Terra<\/td><td>Cuidado, natureza viva e origem.<\/td><\/tr><tr><td><strong>Luna<\/strong><\/td><td>Lua<\/td><td>Ciclos, intui\u00e7\u00e3o e feminilidade.<\/td><\/tr><tr><td><strong>Safira<\/strong><\/td><td>Sabedoria e valor interior<\/td><td>Preciosidade e discernimento.<\/td><\/tr><\/tbody><\/table><\/figure>\n\n\n\n<h2 class=\"wp-block-heading\">Como escolher nomes espirituais para meninas com seguran\u00e7a e significado?<\/h2>\n\n\n\n<p>Ao buscar nomes m\u00edsticos femininos, muitos pais se preocupam em equilibrar originalidade e praticidade. Uma recomenda\u00e7\u00e3o recorrente \u00e9 verificar a origem do nome, o significado em diferentes culturas e a forma como soa no cotidiano, incluindo apelidos poss\u00edveis e combina\u00e7\u00f5es com o sobrenome. Dessa forma, \u00e9 poss\u00edvel evitar mal-entendidos e preservar o sentido espiritual desejado.<\/p>\n\n\n\n<p>Outra pr\u00e1tica comum \u00e9 montar uma pequena lista de preferidos e observar como cada nome \u201cse encaixa\u201d na hist\u00f3ria da fam\u00edlia. Alguns respons\u00e1veis fazem associa\u00e7\u00f5es com valores que desejam incentivar, enquanto outros preferem enaltecer a conex\u00e3o com a natureza ou com temas celestes, como estrelas e constela\u00e7\u00f5es, criando um la\u00e7o simb\u00f3lico desde o nascimento.<\/p>\n\n\n\n<ol class=\"wp-block-list\">\n<li>Pesquisar origem e significado em fontes confi\u00e1veis.<\/li>\n\n\n\n<li>Verificar pron\u00fancia e escrita no dia a dia escolar e profissional.<\/li>\n\n\n\n<li>Avaliar se o nome combina com o sobrenome.<\/li>\n\n\n\n<li>Observar apelidos naturais e varia\u00e7\u00f5es poss\u00edveis.<\/li>\n<\/ol>\n\n\n<div class=\"wp-block-image\">\n<figure class=\"aligncenter size-large\"><img decoding=\"async\" width=\"1024\" height=\"576\" src=\"https:\/\/www.correiobraziliense.com.br\/cbradar\/wp-content\/uploads\/2026\/01\/Gemini_Generated_Image_yxvdliyxvdliyxvd-1-1-1024x576.png\" alt=\"Os nomes para meninas com significados marcantes que s\u00e3o lindos e tend\u00eancia para 2026\" class=\"wp-image-179644\" srcset=\"https:\/\/www.correiobraziliense.com.br\/cbradar\/wp-content\/uploads\/2026\/01\/Gemini_Generated_Image_yxvdliyxvdliyxvd-1-1-1024x576.png 1024w, https:\/\/www.correiobraziliense.com.br\/cbradar\/wp-content\/uploads\/2026\/01\/Gemini_Generated_Image_yxvdliyxvdliyxvd-1-1-300x169.png 300w, https:\/\/www.correiobraziliense.com.br\/cbradar\/wp-content\/uploads\/2026\/01\/Gemini_Generated_Image_yxvdliyxvdliyxvd-1-1-768x432.png 768w, https:\/\/www.correiobraziliense.com.br\/cbradar\/wp-content\/uploads\/2026\/01\/Gemini_Generated_Image_yxvdliyxvdliyxvd-1-1-750x422.png 750w, https:\/\/www.correiobraziliense.com.br\/cbradar\/wp-content\/uploads\/2026\/01\/Gemini_Generated_Image_yxvdliyxvdliyxvd-1-1-1140x641.png 1140w, https:\/\/www.correiobraziliense.com.br\/cbradar\/wp-content\/uploads\/2026\/01\/Gemini_Generated_Image_yxvdliyxvdliyxvd-1-1.png 1280w\" sizes=\"(max-width: 1024px) 100vw, 1024px\" \/><figcaption class=\"wp-element-caption\">Nomes m\u00edsticos femininos que carregam significado e inten\u00e7\u00e3o<\/figcaption><\/figure><\/div>\n\n\n<p>Leia tamb\u00e9m: <a href=\"https:\/\/www.correiobraziliense.com.br\/cbradar\/os-nomes-masculinos-mais-populares-de-2026-transbordam-charme-retro\/\" target=\"_blank\" rel=\"noreferrer noopener\">Os nomes masculinos mais populares de 2026 transbordam charme retr\u00f4<\/a><\/p>\n\n\n\n<h2 class=\"wp-block-heading\">Quais varia\u00e7\u00f5es e combina\u00e7\u00f5es valorizam nomes m\u00edsticos femininos?<\/h2>\n\n\n\n<p>Muitos pais optam por combinar um nome m\u00edstico com outro mais tradicional, criando um equil\u00edbrio interessante entre espiritualidade e familiaridade. Assim, nomes como <strong>Luna <\/strong>podem ser associados a um segundo nome cl\u00e1ssico, enquanto <strong>Amara <\/strong>e <strong>Safira <\/strong>podem ser usados em dupla para refor\u00e7ar o simbolismo de eternidade e sabedoria em um mesmo registro.<\/p>\n\n\n\n<p>Tamb\u00e9m h\u00e1 quem prefira varia\u00e7\u00f5es mais discretas, usando nomes que mantenham o tom espiritual, mas com sonoridade j\u00e1 conhecida no <strong>Brasil<\/strong>. Em todos os casos, o objetivo costuma ser o mesmo: proporcionar \u00e0 menina um nome que carregue significado profundo, respeito \u00e0s ra\u00edzes culturais da fam\u00edlia e, ao mesmo tempo, uma identidade \u00fanica e marcante.<\/p>\n","protected":false},"excerpt":{"rendered":"<p>Escolher nomes m\u00edsticos e espirituais para meninas costuma ser um momento de muita reflex\u00e3o, j\u00e1 que muitos pais desejam que o nome carregue um significado profundo e sirva como uma esp\u00e9cie de b\u00ean\u00e7\u00e3o para a trajet\u00f3ria da crian\u00e7a. Termos como Amara, Gaia, Luna e Safira ganharam espa\u00e7o nos \u00faltimos anos justamente por unirem sonoridade suave, [&hellip;]<\/p>\n","protected":false},"author":21,"featured_media":179647,"comment_status":"open","ping_status":"open","sticky":false,"template":"","format":"standard","meta":{"_yoast_wpseo_focuskw":"nomes m\u00edsticos e espirituais para meninas","_yoast_wpseo_title":"","_yoast_wpseo_metadesc":"A escolha de nomes m\u00edsticos para meninas cresce entre pais que valorizam espiritualidade, hist\u00f3ria e conex\u00e3o com o sagrado.","jnews-multi-image_gallery":[],"jnews_single_post":{"format":"standard"},"jnews_primary_category":[],"jnews_social_meta":[],"jnews_override_counter":[],"footnotes":""},"categories":[112],"tags":[9372,5202,5812],"class_list":["post-179640","post","type-post","status-publish","format-standard","has-post-thumbnail","hentry","category-curiosidades","tag-meninas","tag-nomes","tag-significado"],"yoast_head":"<!-- This site is optimized with the Yoast SEO plugin v24.6 - https:\/\/yoast.com\/wordpress\/plugins\/seo\/ -->\n<title>Os nomes para meninas com significados marcantes que s\u00e3o lindos e tend\u00eancia para 2026 - Correio Braziliense - Radar<\/title>\n<meta name=\"description\" content=\"A escolha de nomes m\u00edsticos para meninas cresce entre pais que valorizam espiritualidade, hist\u00f3ria e conex\u00e3o com o sagrado.\" \/>\n<meta name=\"robots\" content=\"index, follow, max-snippet:-1, max-image-preview:large, max-video-preview:-1\" \/>\n<link rel=\"canonical\" href=\"https:\/\/www.correiobraziliense.com.br\/cbradar\/os-nomes-para-meninas-com-significados-marcantes-que-sao-lindos-e-tendencia-para-2026\/\" \/>\n<meta property=\"og:locale\" content=\"pt_BR\" \/>\n<meta property=\"og:type\" content=\"article\" \/>\n<meta property=\"og:title\" content=\"Os nomes para meninas com significados marcantes que s\u00e3o lindos e tend\u00eancia para 2026 - Correio Braziliense - Radar\" \/>\n<meta property=\"og:description\" content=\"A escolha de nomes m\u00edsticos para meninas cresce entre pais que valorizam espiritualidade, hist\u00f3ria e conex\u00e3o com o sagrado.\" \/>\n<meta property=\"og:url\" content=\"https:\/\/www.correiobraziliense.com.br\/cbradar\/os-nomes-para-meninas-com-significados-marcantes-que-sao-lindos-e-tendencia-para-2026\/\" \/>\n<meta property=\"og:site_name\" content=\"Correio Braziliense - Radar\" \/>\n<meta property=\"article:published_time\" content=\"2026-01-22T20:50:00+00:00\" \/>\n<meta property=\"og:image\" content=\"https:\/\/www.correiobraziliense.com.br\/cbradar\/wp-content\/uploads\/2026\/01\/Gemini_Generated_Image_vjigbgvjigbgvjig-1-1.png\" \/>\n\t<meta property=\"og:image:width\" content=\"1280\" \/>\n\t<meta property=\"og:image:height\" content=\"720\" \/>\n\t<meta property=\"og:image:type\" content=\"image\/png\" \/>\n<meta name=\"author\" content=\"Patrick Silva\" \/>\n<meta name=\"twitter:card\" content=\"summary_large_image\" \/>\n<meta name=\"twitter:label1\" content=\"Escrito por\" \/>\n\t<meta name=\"twitter:data1\" content=\"Patrick Silva\" \/>\n\t<meta name=\"twitter:label2\" content=\"Est. tempo de leitura\" \/>\n\t<meta name=\"twitter:data2\" content=\"5 minutos\" \/>\n<!-- \/ Yoast SEO plugin. -->","yoast_head_json":{"title":"Os nomes para meninas com significados marcantes que s\u00e3o lindos e tend\u00eancia para 2026 - Correio Braziliense - Radar","description":"A escolha de nomes m\u00edsticos para meninas cresce entre pais que valorizam espiritualidade, hist\u00f3ria e conex\u00e3o com o sagrado.","robots":{"index":"index","follow":"follow","max-snippet":"max-snippet:-1","max-image-preview":"max-image-preview:large","max-video-preview":"max-video-preview:-1"},"canonical":"https:\/\/www.correiobraziliense.com.br\/cbradar\/os-nomes-para-meninas-com-significados-marcantes-que-sao-lindos-e-tendencia-para-2026\/","og_locale":"pt_BR","og_type":"article","og_title":"Os nomes para meninas com significados marcantes que s\u00e3o lindos e tend\u00eancia para 2026 - Correio Braziliense - Radar","og_description":"A escolha de nomes m\u00edsticos para meninas cresce entre pais que valorizam espiritualidade, hist\u00f3ria e conex\u00e3o com o sagrado.","og_url":"https:\/\/www.correiobraziliense.com.br\/cbradar\/os-nomes-para-meninas-com-significados-marcantes-que-sao-lindos-e-tendencia-para-2026\/","og_site_name":"Correio Braziliense - Radar","article_published_time":"2026-01-22T20:50:00+00:00","og_image":[{"width":1280,"height":720,"url":"https:\/\/www.correiobraziliense.com.br\/cbradar\/wp-content\/uploads\/2026\/01\/Gemini_Generated_Image_vjigbgvjigbgvjig-1-1.png","type":"image\/png"}],"author":"Patrick Silva","twitter_card":"summary_large_image","twitter_misc":{"Escrito por":"Patrick Silva","Est. tempo de leitura":"5 minutos"},"schema":{"@context":"https:\/\/schema.org","@graph":[{"@type":"WebPage","@id":"https:\/\/www.correiobraziliense.com.br\/cbradar\/os-nomes-para-meninas-com-significados-marcantes-que-sao-lindos-e-tendencia-para-2026\/","url":"https:\/\/www.correiobraziliense.com.br\/cbradar\/os-nomes-para-meninas-com-significados-marcantes-que-sao-lindos-e-tendencia-para-2026\/","name":"Os nomes para meninas com significados marcantes que s\u00e3o lindos e tend\u00eancia para 2026 - Correio Braziliense - Radar","isPartOf":{"@id":"https:\/\/www.correiobraziliense.com.br\/cbradar\/#website"},"primaryImageOfPage":{"@id":"https:\/\/www.correiobraziliense.com.br\/cbradar\/os-nomes-para-meninas-com-significados-marcantes-que-sao-lindos-e-tendencia-para-2026\/#primaryimage"},"image":{"@id":"https:\/\/www.correiobraziliense.com.br\/cbradar\/os-nomes-para-meninas-com-significados-marcantes-que-sao-lindos-e-tendencia-para-2026\/#primaryimage"},"thumbnailUrl":"https:\/\/www.correiobraziliense.com.br\/cbradar\/wp-content\/uploads\/2026\/01\/Gemini_Generated_Image_vjigbgvjigbgvjig-1-1.png","datePublished":"2026-01-22T20:50:00+00:00","author":{"@id":"https:\/\/www.correiobraziliense.com.br\/cbradar\/#\/schema\/person\/5440b72be9c7eb74f446c846479dc4da"},"description":"A escolha de nomes m\u00edsticos para meninas cresce entre pais que valorizam espiritualidade, hist\u00f3ria e conex\u00e3o com o sagrado.","breadcrumb":{"@id":"https:\/\/www.correiobraziliense.com.br\/cbradar\/os-nomes-para-meninas-com-significados-marcantes-que-sao-lindos-e-tendencia-para-2026\/#breadcrumb"},"inLanguage":"pt-BR","potentialAction":[{"@type":"ReadAction","target":["https:\/\/www.correiobraziliense.com.br\/cbradar\/os-nomes-para-meninas-com-significados-marcantes-que-sao-lindos-e-tendencia-para-2026\/"]}]},{"@type":"ImageObject","inLanguage":"pt-BR","@id":"https:\/\/www.correiobraziliense.com.br\/cbradar\/os-nomes-para-meninas-com-significados-marcantes-que-sao-lindos-e-tendencia-para-2026\/#primaryimage","url":"https:\/\/www.correiobraziliense.com.br\/cbradar\/wp-content\/uploads\/2026\/01\/Gemini_Generated_Image_vjigbgvjigbgvjig-1-1.png","contentUrl":"https:\/\/www.correiobraziliense.com.br\/cbradar\/wp-content\/uploads\/2026\/01\/Gemini_Generated_Image_vjigbgvjigbgvjig-1-1.png","width":1280,"height":720,"caption":"Nomes m\u00edsticos femininos que carregam significado e inten\u00e7\u00e3o"},{"@type":"BreadcrumbList","@id":"https:\/\/www.correiobraziliense.com.br\/cbradar\/os-nomes-para-meninas-com-significados-marcantes-que-sao-lindos-e-tendencia-para-2026\/#breadcrumb","itemListElement":[{"@type":"ListItem","position":1,"name":"In\u00edcio","item":"https:\/\/www.correiobraziliense.com.br\/cbradar\/"},{"@type":"ListItem","position":2,"name":"Os nomes para meninas com significados marcantes que s\u00e3o lindos e tend\u00eancia para 2026"}]},{"@type":"WebSite","@id":"https:\/\/www.correiobraziliense.com.br\/cbradar\/#website","url":"https:\/\/www.correiobraziliense.com.br\/cbradar\/","name":"Correio Braziliense - Radar","description":"Acompanhe as \u00faltimas not\u00edcias e fique bem informado sobre tudo o que acontece no Brasil e no mundo.","potentialAction":[{"@type":"SearchAction","target":{"@type":"EntryPoint","urlTemplate":"https:\/\/www.correiobraziliense.com.br\/cbradar\/?s={search_term_string}"},"query-input":{"@type":"PropertyValueSpecification","valueRequired":true,"valueName":"search_term_string"}}],"inLanguage":"pt-BR"},{"@type":"Person","@id":"https:\/\/www.correiobraziliense.com.br\/cbradar\/#\/schema\/person\/5440b72be9c7eb74f446c846479dc4da","name":"Patrick Silva","image":{"@type":"ImageObject","inLanguage":"pt-BR","@id":"https:\/\/www.correiobraziliense.com.br\/cbradar\/#\/schema\/person\/image\/","url":"https:\/\/secure.gravatar.com\/avatar\/944109df296fc087785c9715fd5f80b2?s=96&d=mm&r=g","contentUrl":"https:\/\/secure.gravatar.com\/avatar\/944109df296fc087785c9715fd5f80b2?s=96&d=mm&r=g","caption":"Patrick Silva"},"sameAs":["https:\/\/www.correiobraziliense.com.br\/cbradar\/"],"url":"https:\/\/www.correiobraziliense.com.br\/cbradar\/author\/patrick-silva\/"}]}},"_links":{"self":[{"href":"https:\/\/www.correiobraziliense.com.br\/cbradar\/wp-json\/wp\/v2\/posts\/179640","targetHints":{"allow":["GET"]}}],"collection":[{"href":"https:\/\/www.correiobraziliense.com.br\/cbradar\/wp-json\/wp\/v2\/posts"}],"about":[{"href":"https:\/\/www.correiobraziliense.com.br\/cbradar\/wp-json\/wp\/v2\/types\/post"}],"author":[{"embeddable":true,"href":"https:\/\/www.correiobraziliense.com.br\/cbradar\/wp-json\/wp\/v2\/users\/21"}],"replies":[{"embeddable":true,"href":"https:\/\/www.correiobraziliense.com.br\/cbradar\/wp-json\/wp\/v2\/comments?post=179640"}],"version-history":[{"count":2,"href":"https:\/\/www.correiobraziliense.com.br\/cbradar\/wp-json\/wp\/v2\/posts\/179640\/revisions"}],"predecessor-version":[{"id":179646,"href":"https:\/\/www.correiobraziliense.com.br\/cbradar\/wp-json\/wp\/v2\/posts\/179640\/revisions\/179646"}],"wp:featuredmedia":[{"embeddable":true,"href":"https:\/\/www.correiobraziliense.com.br\/cbradar\/wp-json\/wp\/v2\/media\/179647"}],"wp:attachment":[{"href":"https:\/\/www.correiobraziliense.com.br\/cbradar\/wp-json\/wp\/v2\/media?parent=179640"}],"wp:term":[{"taxonomy":"category","embeddable":true,"href":"https:\/\/www.correiobraziliense.com.br\/cbradar\/wp-json\/wp\/v2\/categories?post=179640"},{"taxonomy":"post_tag","embeddable":true,"href":"https:\/\/www.correiobraziliense.com.br\/cbradar\/wp-json\/wp\/v2\/tags?post=179640"}],"curies":[{"name":"wp","href":"https:\/\/api.w.org\/{rel}","templated":true}]}}