{"id":179654,"date":"2026-01-22T20:00:35","date_gmt":"2026-01-22T23:00:35","guid":{"rendered":"https:\/\/www.correiobraziliense.com.br\/cbradar\/?p=179654"},"modified":"2026-01-22T20:00:39","modified_gmt":"2026-01-22T23:00:39","slug":"o-mes-do-seu-nascimento-explica-como-voce-lida-com-a-rotina","status":"publish","type":"post","link":"https:\/\/www.correiobraziliense.com.br\/cbradar\/o-mes-do-seu-nascimento-explica-como-voce-lida-com-a-rotina\/","title":{"rendered":"O m\u00eas do seu nascimento explica como voc\u00ea lida com a rotina"},"content":{"rendered":"\n<p>A \u00e9poca do ano em que chegamos ao mundo exerce uma influ\u00eancia silenciosa, por\u00e9m profunda, sobre a maneira como interagimos com as estruturas sociais e organizamos nossas tarefas di\u00e1rias. Estudos cient\u00edficos sugerem que a exposi\u00e7\u00e3o inicial \u00e0 luz e \u00e0 temperatura molda nosso rel\u00f3gio biol\u00f3gico interno, definindo se seremos cidad\u00e3os mais produtivos durante o dia ou se teremos uma inclina\u00e7\u00e3o natural para a vida noturna. Compreender esse ritmo cronobiol\u00f3gico \u00e9 essencial para otimizar a harmonia coletiva e melhorar a qualidade das rela\u00e7\u00f5es humanas em qualquer comunidade ou grupo familiar.<\/p>\n\n\n\n<h2 class=\"wp-block-heading\">Como a esta\u00e7\u00e3o do nascimento impacta o comportamento individual no grupo?<\/h2>\n\n\n\n<p>O ambiente clim\u00e1tico presente nos primeiros meses de vida atua como um regulador para o sistema nervoso, interferindo na produ\u00e7\u00e3o de neurotransmissores fundamentais para a estabilidade emocional e social, conforme este <strong><a href=\"https:\/\/pepsic.bvsalud.org\/scielo.php?script=sci_arttext&amp;pid=S1677-29702018000100005\" target=\"_blank\" rel=\"noreferrer noopener\">estudo<\/a><\/strong>. Pessoas que nascem em per\u00edodos com maior incid\u00eancia solar tendem a desenvolver perfis de lideran\u00e7a mais expansivos e uma disposi\u00e7\u00e3o natural para atividades colaborativas intensas. Indiv\u00edduos de per\u00edodos solares posicionam-se proativamente em desafios coletivos, gerenciando estresse com otimismo. Isso determina adapta\u00e7\u00e3o em grupos sociais intensos.<\/p>\n\n\n\n<p>Por outro lado, aqueles que iniciam sua jornada em meses mais frios ou com menor luminosidade costumam apresentar uma maior capacidade de foco e introspec\u00e7\u00e3o, qualidades valiosas para a manuten\u00e7\u00e3o da ordem. Esse fen\u00f4meno n\u00e3o define o car\u00e1ter, mas estabelece o ritmo de energia que cada um disp\u00f5e para contribuir com o bem comum em momentos que exigem paci\u00eancia. Respeitar essas diferen\u00e7as individuais \u00e9 o caminho para construir organiza\u00e7\u00f5es mais humanas e eficientes, onde cada membro atua em sua melhor forma e respeita o tempo alheio.<\/p>\n\n\n<div class=\"wp-block-image\">\n<figure class=\"aligncenter size-large\"><img decoding=\"async\" width=\"1024\" height=\"576\" src=\"https:\/\/www.correiobraziliense.com.br\/cbradar\/wp-content\/uploads\/2026\/01\/Gemini_Generated_Image_7x6fbx7x6fbx7x6f-1-1-1024x576.png\" alt=\"O m\u00eas do seu nascimento explica como voc\u00ea lida com a rotina\" class=\"wp-image-179656\" srcset=\"https:\/\/www.correiobraziliense.com.br\/cbradar\/wp-content\/uploads\/2026\/01\/Gemini_Generated_Image_7x6fbx7x6fbx7x6f-1-1-1024x576.png 1024w, https:\/\/www.correiobraziliense.com.br\/cbradar\/wp-content\/uploads\/2026\/01\/Gemini_Generated_Image_7x6fbx7x6fbx7x6f-1-1-300x169.png 300w, https:\/\/www.correiobraziliense.com.br\/cbradar\/wp-content\/uploads\/2026\/01\/Gemini_Generated_Image_7x6fbx7x6fbx7x6f-1-1-768x432.png 768w, https:\/\/www.correiobraziliense.com.br\/cbradar\/wp-content\/uploads\/2026\/01\/Gemini_Generated_Image_7x6fbx7x6fbx7x6f-1-1-750x422.png 750w, https:\/\/www.correiobraziliense.com.br\/cbradar\/wp-content\/uploads\/2026\/01\/Gemini_Generated_Image_7x6fbx7x6fbx7x6f-1-1-1140x641.png 1140w, https:\/\/www.correiobraziliense.com.br\/cbradar\/wp-content\/uploads\/2026\/01\/Gemini_Generated_Image_7x6fbx7x6fbx7x6f-1-1.png 1280w\" sizes=\"(max-width: 1024px) 100vw, 1024px\" \/><figcaption class=\"wp-element-caption\">A esta\u00e7\u00e3o do nascimento molda ritmo e conviv\u00eancia<\/figcaption><\/figure><\/div>\n\n\n<h2 class=\"wp-block-heading\">Quais s\u00e3o as vantagens de ajustar a rotina coletiva aos ciclos circadianos?<\/h2>\n\n\n\n<p>A sincronia entre o rel\u00f3gio interno e as demandas sociais \u00e9 o que permite uma conviv\u00eancia pac\u00edfica e uma produtividade sustent\u00e1vel a longo prazo em qualquer ambiente compartilhado. Quando a sociedade ignora as varia\u00e7\u00f5es biol\u00f3gicas dos seus integrantes, surgem conflitos e desgastes que poderiam ser evitados com simples ajustes na din\u00e2mica de trabalho e lazer. A valoriza\u00e7\u00e3o da cronobiologia permite que as responsabilidades sejam distribu\u00eddas de forma que cada pessoa utilize seu pico de energia natural para o benef\u00edcio de todos ao redor.<\/p>\n\n\n\n<p>Observar as tend\u00eancias de adapta\u00e7\u00e3o \u00e0 luz permite identificar padr\u00f5es que otimizam a integra\u00e7\u00e3o entre diferentes gera\u00e7\u00f5es e perfis dentro de um mesmo espa\u00e7o de conviv\u00eancia. A tabela abaixo est\u00e3o listadas algumas formas pr\u00e1ticas de como esses ciclos biol\u00f3gicos influenciam a adapta\u00e7\u00e3o humana aos padr\u00f5es de organiza\u00e7\u00e3o social vigentes no cotidiano:<\/p>\n\n\n\n<figure class=\"wp-block-table\"><table class=\"has-fixed-layout\"><thead><tr><td><strong>Fator de Influ\u00eancia<\/strong><\/td><td><strong>Caracter\u00edsticas e Tend\u00eancias<\/strong><\/td><\/tr><\/thead><tbody><tr><td><strong>Nascimento no Ver\u00e3o<\/strong><\/td><td>Maior facilidade de adapta\u00e7\u00e3o a hor\u00e1rios matutinos e agendas sociais intensas com compromissos externos.<\/td><\/tr><tr><td><strong>Nascimento no Inverno<\/strong><\/td><td>Maior resist\u00eancia em ambientes controlados e prefer\u00eancia por rotinas que exigem planejamento, sil\u00eancio e concentra\u00e7\u00e3o.<\/td><\/tr><tr><td><strong>Exposi\u00e7\u00e3o a Dias Longos<\/strong><\/td><td>Favorece a regula\u00e7\u00e3o hormonal, facilitando o di\u00e1logo e a busca por solu\u00e7\u00f5es pac\u00edficas em grupos diversos.<\/td><\/tr><tr><td><strong>Adapta\u00e7\u00e3o T\u00e9rmica Inicial<\/strong><\/td><td>Molda a prefer\u00eancia por ambientes de conviv\u00eancia, variando entre espa\u00e7os din\u00e2micos ou locais acolhedores e calmos.<\/td><\/tr><\/tbody><\/table><\/figure>\n\n\n\n<h2 class=\"wp-block-heading\">Como a ci\u00eancia da luz pode melhorar a integra\u00e7\u00e3o entre as pessoas?<\/h2>\n\n\n\n<p>A luz n\u00e3o \u00e9 apenas um fen\u00f4meno f\u00edsico, mas um potente sinalizador biol\u00f3gico que dita o tom das nossas respostas sociais e a nossa disposi\u00e7\u00e3o para o encontro. Ambientes planejados que respeitam a necessidade de luminosidade natural ajudam a equilibrar os diferentes ritmos circadianos presentes em uma mesma popula\u00e7\u00e3o, reduzindo o isolamento. A compreens\u00e3o desse fator biol\u00f3gico \u00e9 uma ferramenta poderosa para l\u00edderes que desejam promover uma cultura de pertencimento e bem-estar coletivo genu\u00edno.<\/p>\n\n\n\n<p>Atrav\u00e9s da aplica\u00e7\u00e3o de conhecimentos sobre cronobiologia, \u00e9 poss\u00edvel estruturar comunidades que potencializam o talento de cada cidad\u00e3o conforme sua predisposi\u00e7\u00e3o biol\u00f3gica natural e \u00fanica. As pr\u00e1ticas listadas a seguir exemplificam como o entendimento da luz e do nascimento pode ser aplicado para fortalecer o tecido social e a coopera\u00e7\u00e3o entre os indiv\u00edduos:<\/p>\n\n\n\n<ul class=\"wp-block-list\">\n<li>Adequa\u00e7\u00e3o de espa\u00e7os de conviv\u00eancia para permitir que diferentes perfis biol\u00f3gicos encontrem conforto e est\u00edmulo visual conforme sua necessidade espec\u00edfica.<\/li>\n\n\n\n<li>Implementa\u00e7\u00e3o de hor\u00e1rios flex\u00edveis que respeitem o cronotipo de cada integrante, resultando em menores \u00edndices de atrito e maior satisfa\u00e7\u00e3o geral do grupo.<\/li>\n\n\n\n<li>Valoriza\u00e7\u00e3o das caracter\u00edsticas de cada esta\u00e7\u00e3o no planejamento de eventos comunit\u00e1rios, respeitando a energia sazonal predominante entre os participantes.<\/li>\n\n\n\n<li>Uso de ilumina\u00e7\u00e3o artificial inteligente para mitigar os efeitos de climas severos na sa\u00fade mental e na disposi\u00e7\u00e3o social dos cidad\u00e3os durante o ano.<\/li>\n<\/ul>\n\n\n<div class=\"wp-block-image\">\n<figure class=\"aligncenter size-large\"><img decoding=\"async\" width=\"1024\" height=\"576\" src=\"https:\/\/www.correiobraziliense.com.br\/cbradar\/wp-content\/uploads\/2026\/01\/Gemini_Generated_Image_5zezja5zezja5zez-1-1-1024x576.png\" alt=\"O m\u00eas do seu nascimento explica como voc\u00ea lida com a rotina\" class=\"wp-image-179655\" srcset=\"https:\/\/www.correiobraziliense.com.br\/cbradar\/wp-content\/uploads\/2026\/01\/Gemini_Generated_Image_5zezja5zezja5zez-1-1-1024x576.png 1024w, https:\/\/www.correiobraziliense.com.br\/cbradar\/wp-content\/uploads\/2026\/01\/Gemini_Generated_Image_5zezja5zezja5zez-1-1-300x169.png 300w, https:\/\/www.correiobraziliense.com.br\/cbradar\/wp-content\/uploads\/2026\/01\/Gemini_Generated_Image_5zezja5zezja5zez-1-1-768x432.png 768w, https:\/\/www.correiobraziliense.com.br\/cbradar\/wp-content\/uploads\/2026\/01\/Gemini_Generated_Image_5zezja5zezja5zez-1-1-750x422.png 750w, https:\/\/www.correiobraziliense.com.br\/cbradar\/wp-content\/uploads\/2026\/01\/Gemini_Generated_Image_5zezja5zezja5zez-1-1-1140x641.png 1140w, https:\/\/www.correiobraziliense.com.br\/cbradar\/wp-content\/uploads\/2026\/01\/Gemini_Generated_Image_5zezja5zezja5zez-1-1.png 1280w\" sizes=\"(max-width: 1024px) 100vw, 1024px\" \/><figcaption class=\"wp-element-caption\">A esta\u00e7\u00e3o do nascimento molda ritmo e conviv\u00eancia<\/figcaption><\/figure><\/div>\n\n\n<p>Leia tamb\u00e9m: <a href=\"https:\/\/www.correiobraziliense.com.br\/cbradar\/poucas-pessoas-sabem-qual-e-a-finalidade-de-esfregar-uma-cebola-em-uma-tabua-de-corte\/\" target=\"_blank\" rel=\"noreferrer noopener\">Poucas pessoas sabem qual \u00e9 a finalidade de esfregar uma cebola em uma t\u00e1bua de corte<\/a><\/p>\n\n\n\n<h2 class=\"wp-block-heading\">De que forma o clima de nascimento interfere na gest\u00e3o do tempo social?<\/h2>\n\n\n\n<p>O modo como lidamos com os ponteiros do rel\u00f3gio est\u00e1 intimamente ligado \u00e0 percep\u00e7\u00e3o sensorial que desenvolvemos logo nos primeiros contatos com o mundo exterior e com a luz. Quem nasce sob a influ\u00eancia de temperaturas est\u00e1veis costuma projetar essa seguran\u00e7a em suas rela\u00e7\u00f5es interpessoais, mantendo uma const\u00e2ncia admir\u00e1vel no cumprimento de seus deveres sociais. Essa previsibilidade \u00e9 um dos pilares que sustentam a confian\u00e7a m\u00fatua necess\u00e1ria para o desenvolvimento de projetos comunit\u00e1rios de grande impacto positivo.<\/p>\n\n\n\n<p>J\u00e1 as pessoas que enfrentaram varia\u00e7\u00f5es sazonais extremas logo ao nascer tendem a ser mais resilientes e flex\u00edveis diante das mudan\u00e7as bruscas de rotina impostas pela vida moderna. Elas funcionam como agentes adaptativos em momentos de crise, trazendo uma perspectiva diferenciada sobre como contornar obst\u00e1culos estruturais ou emocionais no dia a dia. O reconhecimento dessas habilidades naturais permite que os grupos humanos sejam muito mais diversos, resilientes e preparados para as incertezas que surgem no futuro.<\/p>\n","protected":false},"excerpt":{"rendered":"<p>A \u00e9poca do ano em que chegamos ao mundo exerce uma influ\u00eancia silenciosa, por\u00e9m profunda, sobre a maneira como interagimos com as estruturas sociais e organizamos nossas tarefas di\u00e1rias. Estudos cient\u00edficos sugerem que a exposi\u00e7\u00e3o inicial \u00e0 luz e \u00e0 temperatura molda nosso rel\u00f3gio biol\u00f3gico interno, definindo se seremos cidad\u00e3os mais produtivos durante o dia [&hellip;]<\/p>\n","protected":false},"author":21,"featured_media":179658,"comment_status":"open","ping_status":"open","sticky":false,"template":"","format":"standard","meta":{"_yoast_wpseo_focuskw":"influ\u00eancia da esta\u00e7\u00e3o de nascimento","_yoast_wpseo_title":"","_yoast_wpseo_metadesc":"Entenda como luz, temperatura e \u00e9poca do nascimento moldam h\u00e1bitos, energia di\u00e1ria e a conviv\u00eancia em grupos sociais e familiares.","jnews-multi-image_gallery":[],"jnews_single_post":{"format":"standard"},"jnews_primary_category":[],"jnews_social_meta":[],"jnews_override_counter":[],"footnotes":""},"categories":[112],"tags":[1431,13559,784],"class_list":["post-179654","post","type-post","status-publish","format-standard","has-post-thumbnail","hentry","category-curiosidades","tag-curiosidade","tag-mes-de-nascimento-2","tag-rotina"],"yoast_head":"<!-- This site is optimized with the Yoast SEO plugin v24.6 - https:\/\/yoast.com\/wordpress\/plugins\/seo\/ -->\n<title>O m\u00eas do seu nascimento explica como voc\u00ea lida com a rotina - Correio Braziliense - Radar<\/title>\n<meta name=\"description\" content=\"Entenda como luz, temperatura e \u00e9poca do nascimento moldam h\u00e1bitos, energia di\u00e1ria e a conviv\u00eancia em grupos sociais e familiares.\" \/>\n<meta name=\"robots\" content=\"index, follow, max-snippet:-1, max-image-preview:large, max-video-preview:-1\" \/>\n<link rel=\"canonical\" href=\"https:\/\/www.correiobraziliense.com.br\/cbradar\/o-mes-do-seu-nascimento-explica-como-voce-lida-com-a-rotina\/\" \/>\n<meta property=\"og:locale\" content=\"pt_BR\" \/>\n<meta property=\"og:type\" content=\"article\" \/>\n<meta property=\"og:title\" content=\"O m\u00eas do seu nascimento explica como voc\u00ea lida com a rotina - Correio Braziliense - Radar\" \/>\n<meta property=\"og:description\" content=\"Entenda como luz, temperatura e \u00e9poca do nascimento moldam h\u00e1bitos, energia di\u00e1ria e a conviv\u00eancia em grupos sociais e familiares.\" \/>\n<meta property=\"og:url\" content=\"https:\/\/www.correiobraziliense.com.br\/cbradar\/o-mes-do-seu-nascimento-explica-como-voce-lida-com-a-rotina\/\" \/>\n<meta property=\"og:site_name\" content=\"Correio Braziliense - Radar\" \/>\n<meta property=\"article:published_time\" content=\"2026-01-22T23:00:35+00:00\" \/>\n<meta property=\"article:modified_time\" content=\"2026-01-22T23:00:39+00:00\" \/>\n<meta property=\"og:image\" content=\"https:\/\/www.correiobraziliense.com.br\/cbradar\/wp-content\/uploads\/2026\/01\/Gemini_Generated_Image_pox6plpox6plpox6-1-1.png\" \/>\n\t<meta property=\"og:image:width\" content=\"1280\" \/>\n\t<meta property=\"og:image:height\" content=\"720\" \/>\n\t<meta property=\"og:image:type\" content=\"image\/png\" \/>\n<meta name=\"author\" content=\"Patrick Silva\" \/>\n<meta name=\"twitter:card\" content=\"summary_large_image\" \/>\n<meta name=\"twitter:label1\" content=\"Escrito por\" \/>\n\t<meta name=\"twitter:data1\" content=\"Patrick Silva\" \/>\n\t<meta name=\"twitter:label2\" content=\"Est. tempo de leitura\" \/>\n\t<meta name=\"twitter:data2\" content=\"6 minutos\" \/>\n<!-- \/ Yoast SEO plugin. -->","yoast_head_json":{"title":"O m\u00eas do seu nascimento explica como voc\u00ea lida com a rotina - Correio Braziliense - Radar","description":"Entenda como luz, temperatura e \u00e9poca do nascimento moldam h\u00e1bitos, energia di\u00e1ria e a conviv\u00eancia em grupos sociais e familiares.","robots":{"index":"index","follow":"follow","max-snippet":"max-snippet:-1","max-image-preview":"max-image-preview:large","max-video-preview":"max-video-preview:-1"},"canonical":"https:\/\/www.correiobraziliense.com.br\/cbradar\/o-mes-do-seu-nascimento-explica-como-voce-lida-com-a-rotina\/","og_locale":"pt_BR","og_type":"article","og_title":"O m\u00eas do seu nascimento explica como voc\u00ea lida com a rotina - Correio Braziliense - Radar","og_description":"Entenda como luz, temperatura e \u00e9poca do nascimento moldam h\u00e1bitos, energia di\u00e1ria e a conviv\u00eancia em grupos sociais e familiares.","og_url":"https:\/\/www.correiobraziliense.com.br\/cbradar\/o-mes-do-seu-nascimento-explica-como-voce-lida-com-a-rotina\/","og_site_name":"Correio Braziliense - Radar","article_published_time":"2026-01-22T23:00:35+00:00","article_modified_time":"2026-01-22T23:00:39+00:00","og_image":[{"width":1280,"height":720,"url":"https:\/\/www.correiobraziliense.com.br\/cbradar\/wp-content\/uploads\/2026\/01\/Gemini_Generated_Image_pox6plpox6plpox6-1-1.png","type":"image\/png"}],"author":"Patrick Silva","twitter_card":"summary_large_image","twitter_misc":{"Escrito por":"Patrick Silva","Est. tempo de leitura":"6 minutos"},"schema":{"@context":"https:\/\/schema.org","@graph":[{"@type":"WebPage","@id":"https:\/\/www.correiobraziliense.com.br\/cbradar\/o-mes-do-seu-nascimento-explica-como-voce-lida-com-a-rotina\/","url":"https:\/\/www.correiobraziliense.com.br\/cbradar\/o-mes-do-seu-nascimento-explica-como-voce-lida-com-a-rotina\/","name":"O m\u00eas do seu nascimento explica como voc\u00ea lida com a rotina - Correio Braziliense - Radar","isPartOf":{"@id":"https:\/\/www.correiobraziliense.com.br\/cbradar\/#website"},"primaryImageOfPage":{"@id":"https:\/\/www.correiobraziliense.com.br\/cbradar\/o-mes-do-seu-nascimento-explica-como-voce-lida-com-a-rotina\/#primaryimage"},"image":{"@id":"https:\/\/www.correiobraziliense.com.br\/cbradar\/o-mes-do-seu-nascimento-explica-como-voce-lida-com-a-rotina\/#primaryimage"},"thumbnailUrl":"https:\/\/www.correiobraziliense.com.br\/cbradar\/wp-content\/uploads\/2026\/01\/Gemini_Generated_Image_pox6plpox6plpox6-1-1.png","datePublished":"2026-01-22T23:00:35+00:00","dateModified":"2026-01-22T23:00:39+00:00","author":{"@id":"https:\/\/www.correiobraziliense.com.br\/cbradar\/#\/schema\/person\/5440b72be9c7eb74f446c846479dc4da"},"description":"Entenda como luz, temperatura e \u00e9poca do nascimento moldam h\u00e1bitos, energia di\u00e1ria e a conviv\u00eancia em grupos sociais e familiares.","breadcrumb":{"@id":"https:\/\/www.correiobraziliense.com.br\/cbradar\/o-mes-do-seu-nascimento-explica-como-voce-lida-com-a-rotina\/#breadcrumb"},"inLanguage":"pt-BR","potentialAction":[{"@type":"ReadAction","target":["https:\/\/www.correiobraziliense.com.br\/cbradar\/o-mes-do-seu-nascimento-explica-como-voce-lida-com-a-rotina\/"]}]},{"@type":"ImageObject","inLanguage":"pt-BR","@id":"https:\/\/www.correiobraziliense.com.br\/cbradar\/o-mes-do-seu-nascimento-explica-como-voce-lida-com-a-rotina\/#primaryimage","url":"https:\/\/www.correiobraziliense.com.br\/cbradar\/wp-content\/uploads\/2026\/01\/Gemini_Generated_Image_pox6plpox6plpox6-1-1.png","contentUrl":"https:\/\/www.correiobraziliense.com.br\/cbradar\/wp-content\/uploads\/2026\/01\/Gemini_Generated_Image_pox6plpox6plpox6-1-1.png","width":1280,"height":720,"caption":"A esta\u00e7\u00e3o do nascimento molda ritmo e conviv\u00eancia"},{"@type":"BreadcrumbList","@id":"https:\/\/www.correiobraziliense.com.br\/cbradar\/o-mes-do-seu-nascimento-explica-como-voce-lida-com-a-rotina\/#breadcrumb","itemListElement":[{"@type":"ListItem","position":1,"name":"In\u00edcio","item":"https:\/\/www.correiobraziliense.com.br\/cbradar\/"},{"@type":"ListItem","position":2,"name":"O m\u00eas do seu nascimento explica como voc\u00ea lida com a rotina"}]},{"@type":"WebSite","@id":"https:\/\/www.correiobraziliense.com.br\/cbradar\/#website","url":"https:\/\/www.correiobraziliense.com.br\/cbradar\/","name":"Correio Braziliense - Radar","description":"Acompanhe as \u00faltimas not\u00edcias e fique bem informado sobre tudo o que acontece no Brasil e no mundo.","potentialAction":[{"@type":"SearchAction","target":{"@type":"EntryPoint","urlTemplate":"https:\/\/www.correiobraziliense.com.br\/cbradar\/?s={search_term_string}"},"query-input":{"@type":"PropertyValueSpecification","valueRequired":true,"valueName":"search_term_string"}}],"inLanguage":"pt-BR"},{"@type":"Person","@id":"https:\/\/www.correiobraziliense.com.br\/cbradar\/#\/schema\/person\/5440b72be9c7eb74f446c846479dc4da","name":"Patrick Silva","image":{"@type":"ImageObject","inLanguage":"pt-BR","@id":"https:\/\/www.correiobraziliense.com.br\/cbradar\/#\/schema\/person\/image\/","url":"https:\/\/secure.gravatar.com\/avatar\/944109df296fc087785c9715fd5f80b2?s=96&d=mm&r=g","contentUrl":"https:\/\/secure.gravatar.com\/avatar\/944109df296fc087785c9715fd5f80b2?s=96&d=mm&r=g","caption":"Patrick Silva"},"sameAs":["https:\/\/www.correiobraziliense.com.br\/cbradar\/"],"url":"https:\/\/www.correiobraziliense.com.br\/cbradar\/author\/patrick-silva\/"}]}},"_links":{"self":[{"href":"https:\/\/www.correiobraziliense.com.br\/cbradar\/wp-json\/wp\/v2\/posts\/179654","targetHints":{"allow":["GET"]}}],"collection":[{"href":"https:\/\/www.correiobraziliense.com.br\/cbradar\/wp-json\/wp\/v2\/posts"}],"about":[{"href":"https:\/\/www.correiobraziliense.com.br\/cbradar\/wp-json\/wp\/v2\/types\/post"}],"author":[{"embeddable":true,"href":"https:\/\/www.correiobraziliense.com.br\/cbradar\/wp-json\/wp\/v2\/users\/21"}],"replies":[{"embeddable":true,"href":"https:\/\/www.correiobraziliense.com.br\/cbradar\/wp-json\/wp\/v2\/comments?post=179654"}],"version-history":[{"count":2,"href":"https:\/\/www.correiobraziliense.com.br\/cbradar\/wp-json\/wp\/v2\/posts\/179654\/revisions"}],"predecessor-version":[{"id":179680,"href":"https:\/\/www.correiobraziliense.com.br\/cbradar\/wp-json\/wp\/v2\/posts\/179654\/revisions\/179680"}],"wp:featuredmedia":[{"embeddable":true,"href":"https:\/\/www.correiobraziliense.com.br\/cbradar\/wp-json\/wp\/v2\/media\/179658"}],"wp:attachment":[{"href":"https:\/\/www.correiobraziliense.com.br\/cbradar\/wp-json\/wp\/v2\/media?parent=179654"}],"wp:term":[{"taxonomy":"category","embeddable":true,"href":"https:\/\/www.correiobraziliense.com.br\/cbradar\/wp-json\/wp\/v2\/categories?post=179654"},{"taxonomy":"post_tag","embeddable":true,"href":"https:\/\/www.correiobraziliense.com.br\/cbradar\/wp-json\/wp\/v2\/tags?post=179654"}],"curies":[{"name":"wp","href":"https:\/\/api.w.org\/{rel}","templated":true}]}}