{"id":179764,"date":"2026-01-23T06:25:00","date_gmt":"2026-01-23T09:25:00","guid":{"rendered":"https:\/\/www.correiobraziliense.com.br\/cbradar\/?p=179764"},"modified":"2026-01-22T21:36:44","modified_gmt":"2026-01-23T00:36:44","slug":"a-cidade-de-minas-gerais-prospera-no-setor-farmaceutico-que-gera-oportunidades-e-cresce-sem-perder-qualidade-de-vida","status":"publish","type":"post","link":"https:\/\/www.correiobraziliense.com.br\/cbradar\/a-cidade-de-minas-gerais-prospera-no-setor-farmaceutico-que-gera-oportunidades-e-cresce-sem-perder-qualidade-de-vida\/","title":{"rendered":"A cidade de Minas Gerais pr\u00f3spera no setor farmac\u00eautico que gera oportunidades e cresce sem perder qualidade de vida"},"content":{"rendered":"\n<p><strong>Pouso Alegre<\/strong> \u00e9 uma cidade de <strong>Minas Gerais<\/strong> refer\u00eancia em qualidade de vida, abrigando 152.217 habitantes. Localizada estrategicamente a 200 km de <strong>S\u00e3o Paulo<\/strong>, a cidade utiliza a <strong>Rodovia Fern\u00e3o Dias<\/strong> como eixo de desenvolvimento, atraindo profissionais que buscam carreira s\u00f3lida sem o caos das grandes metr\u00f3poles.<\/p>\n\n\n\n<h2 class=\"wp-block-heading\">Por que a cidade \u00e9 considerada uma pot\u00eancia em desenvolvimento humano?<\/h2>\n\n\n\n<p>O munic\u00edpio converteu sua for\u00e7a industrial em bem-estar social, refletindo em \u00edndices elevados de educa\u00e7\u00e3o e renda. Para comprovar essa excel\u00eancia, dados do <strong><a href=\"http:\/\/www.atlasbrasil.org.br\/perfil\/municipio\/315250\" target=\"_blank\" rel=\"noreferrer noopener\">Atlas do Desenvolvimento Humano (PNUD\/IBGE) <\/a>apontam um IDH de 0,774<\/strong>, posicionando a cidade entre as melhores para se viver no estado.<\/p>\n\n\n\n<p>A presen\u00e7a de gigantes farmac\u00eauticas como <strong>Cimed<\/strong>, <strong>Biolab<\/strong> e <strong>Uni\u00e3o Qu\u00edmica<\/strong> gera empregos de alta qualifica\u00e7\u00e3o e impulsiona o setor de servi\u00e7os. Esse ciclo econ\u00f4mico virtuoso permite que a prefeitura invista pesado em urbanismo e sa\u00fade, criando um ambiente seguro e pr\u00f3spero para as fam\u00edlias.<\/p>\n\n\n<div class=\"wp-block-image\">\n<figure class=\"aligncenter size-large\"><img decoding=\"async\" width=\"1024\" height=\"576\" src=\"https:\/\/www.correiobraziliense.com.br\/cbradar\/wp-content\/uploads\/2025\/12\/canva-25-1024x576.png\" alt=\"A cidade de Minas Gerais pr\u00f3spera no setor farmac\u00eautico que gera oportunidades e cresce sem perder qualidade de vida\" class=\"wp-image-161212\" srcset=\"https:\/\/www.correiobraziliense.com.br\/cbradar\/wp-content\/uploads\/2025\/12\/canva-25-1024x576.png 1024w, https:\/\/www.correiobraziliense.com.br\/cbradar\/wp-content\/uploads\/2025\/12\/canva-25-300x169.png 300w, https:\/\/www.correiobraziliense.com.br\/cbradar\/wp-content\/uploads\/2025\/12\/canva-25-768x432.png 768w, https:\/\/www.correiobraziliense.com.br\/cbradar\/wp-content\/uploads\/2025\/12\/canva-25-750x422.png 750w, https:\/\/www.correiobraziliense.com.br\/cbradar\/wp-content\/uploads\/2025\/12\/canva-25-1140x641.png 1140w, https:\/\/www.correiobraziliense.com.br\/cbradar\/wp-content\/uploads\/2025\/12\/canva-25.png 1280w\" sizes=\"(max-width: 1024px) 100vw, 1024px\" \/><figcaption class=\"wp-element-caption\">Em Pouso Alegre, curta parques como Ilha dos Amores, SerraSul Shopping e gastronomia mineira super gostosa e acess\u00edvel. \/\/ Cr\u00e9ditos: YouTube @urbanaempreendimentos4396<\/figcaption><\/figure><\/div>\n\n\n<h2 class=\"wp-block-heading\">Como o &#8220;Drag\u00e3o do Mandu&#8221; molda a identidade local?<\/h2>\n\n\n\n<p>O apelido, que originalmente se referia \u00e0s curvas do <strong>Rio Mandu<\/strong>, hoje representa a for\u00e7a da comunidade atrav\u00e9s do <strong>Pouso Alegre Futebol Clube<\/strong>. A paix\u00e3o pelo time une a cidade e movimenta o est\u00e1dio <strong>Manduz\u00e3o<\/strong>, criando op\u00e7\u00f5es de lazer esportivo que integram diferentes classes sociais.<\/p>\n\n\n\n<p>O rio tamb\u00e9m \u00e9 foco de projetos ambientais que visam integrar a natureza ao crescimento urbano acelerado. A preserva\u00e7\u00e3o das margens do Mandu \u00e9 vital para manter o equil\u00edbrio t\u00e9rmico e a qualidade do abastecimento h\u00eddrico da regi\u00e3o.<\/p>\n\n\n\n<p><strong>Conhe\u00e7a o desenvolvimento de Pouso Alegre, um dos principais polos econ\u00f4micos do Sul de Minas<\/strong>. O v\u00eddeo \u00e9 do canal <strong>Cidades &amp; Cia<\/strong>, que conta com mais de <strong>75 mil inscritos<\/strong>, e destaca o forte entroncamento rodovi\u00e1rio, a pujan\u00e7a industrial e os marcos culturais, como a Catedral Metropolitana:<\/p>\n\n\n\n<figure class=\"wp-block-embed aligncenter is-type-video is-provider-youtube wp-block-embed-youtube wp-embed-aspect-16-9 wp-has-aspect-ratio\"><div class=\"wp-block-embed__wrapper\">\n<div class=\"jeg_video_container jeg_video_content\"><iframe loading=\"lazy\" title=\"CONHE\u00c7A POUSO ALEGRE UMA IMPORTANTE CIDADE DO SUL DE MINAS GERAIS.\" width=\"500\" height=\"281\" src=\"https:\/\/www.youtube.com\/embed\/Dr71XRimA6Y?start=2&#038;feature=oembed\" frameborder=\"0\" allow=\"accelerometer; autoplay; clipboard-write; encrypted-media; gyroscope; picture-in-picture; web-share\" referrerpolicy=\"strict-origin-when-cross-origin\" allowfullscreen><\/iframe><\/div>\n<\/div><\/figure>\n\n\n\n<h2 class=\"wp-block-heading\">Por que o pastel de farinha de milho \u00e9 patrim\u00f4nio cultural?<\/h2>\n\n\n\n<p>A gastronomia local oferece uma experi\u00eancia \u00fanica com o pastel de massa de milho, uma heran\u00e7a da culin\u00e1ria tropeira tombada como Patrim\u00f4nio Cultural Imaterial. Diferente da vers\u00e3o tradicional de feira, ele possui uma textura crocante similar \u00e0 polenta e \u00e9 recheado com carne e queijo.<\/p>\n\n\n\n<p>Essa iguaria \u00e9 encontrada fresca diariamente no <strong>Mercado Municipal<\/strong> e em lanchonetes tradicionais do centro. O consumo do pastel \u00e9 um ritual social para os moradores, refor\u00e7ando a identidade mineira e o apre\u00e7o pela comida afetiva.<\/p>\n\n\n<div class=\"wp-block-image\">\n<figure class=\"aligncenter size-large\"><img decoding=\"async\" width=\"1024\" height=\"576\" src=\"https:\/\/www.correiobraziliense.com.br\/cbradar\/wp-content\/uploads\/2025\/12\/canva-23-1024x576.png\" alt=\"O polo industrial do sul mineiro que conseguiu crescer sem perder qualidade de vida sendo perfeito para quem busca prosperar\" class=\"wp-image-161207\" srcset=\"https:\/\/www.correiobraziliense.com.br\/cbradar\/wp-content\/uploads\/2025\/12\/canva-23-1024x576.png 1024w, https:\/\/www.correiobraziliense.com.br\/cbradar\/wp-content\/uploads\/2025\/12\/canva-23-300x169.png 300w, https:\/\/www.correiobraziliense.com.br\/cbradar\/wp-content\/uploads\/2025\/12\/canva-23-768x432.png 768w, https:\/\/www.correiobraziliense.com.br\/cbradar\/wp-content\/uploads\/2025\/12\/canva-23-750x422.png 750w, https:\/\/www.correiobraziliense.com.br\/cbradar\/wp-content\/uploads\/2025\/12\/canva-23-1140x641.png 1140w, https:\/\/www.correiobraziliense.com.br\/cbradar\/wp-content\/uploads\/2025\/12\/canva-23.png 1280w\" sizes=\"(max-width: 1024px) 100vw, 1024px\" \/><figcaption class=\"wp-element-caption\">Pouso Alegre, cidade sul-mineira com 152 mil habitantes, destaca-se por hist\u00f3ria colonial e polo industrial na Fern\u00e3o Dias. \/\/ Cr\u00e9ditos: YouTube @Conex\u00e3oTVWeb<\/figcaption><\/figure><\/div>\n\n\n<h2 class=\"wp-block-heading\">Quais espa\u00e7os de lazer garantem o bem-estar dos moradores?<\/h2>\n\n\n\n<p>Viver em <strong>Pouso Alegre<\/strong> significa ter acesso a \u00e1reas verdes e culturais bem estruturadas. A cidade equilibra a rotina de trabalho industrial com ref\u00fagios de tranquilidade acess\u00edveis dentro do per\u00edmetro urbano.<\/p>\n\n\n\n<p>Confira os locais favoritos para quem busca qualidade de vida e conviv\u00eancia:<\/p>\n\n\n\n<ul class=\"wp-block-list\">\n<li><strong>Parque Natural Municipal (Horto)<\/strong>: A maior \u00e1rea verde da cidade, com pistas de caminhada e lagos, ideal para exerc\u00edcios ao ar livre.<\/li>\n\n\n\n<li><strong>Catedral Metropolitana<\/strong>: Marco arquitet\u00f4nico no centro, cercado por uma pra\u00e7a arborizada onde as fam\u00edlias se re\u00fanem.<\/li>\n\n\n\n<li><strong>Cristo Redentor<\/strong>: Situado a 1.200 metros de altitude, oferece ar puro e a melhor vista panor\u00e2mica da regi\u00e3o.<\/li>\n\n\n\n<li><strong>Serra de Santo Ant\u00f4nio<\/strong>: Destino para quem pratica trilhas e busca contato direto com a mata atl\u00e2ntica preservada.<\/li>\n<\/ul>\n\n\n\n<p><strong>Leia tamb\u00e9m: <a href=\"https:\/\/www.correiobraziliense.com.br\/cbradar\/onde-a-floresta-amazonica-encontra-o-fim-do-brasil-em-uma-bela-cidade-desconhecida-que-surpreendeu-visitantes-pela-beleza-natural\/\" target=\"_blank\" rel=\"noreferrer noopener\">Onde a floresta Amaz\u00f4nica encontra o &#8220;Fim do Brasil&#8221; em uma bela cidade desconhecida que surpreendeu visitantes pela beleza natural.<\/a><\/strong><\/p>\n\n\n\n<h2 class=\"wp-block-heading\">O clima de altitude interfere na rotina da cidade?<\/h2>\n\n\n\n<p><strong>Sim<\/strong>, a altitude m\u00e9dia de 830 metros proporciona um clima ameno, com invernos que exigem estrutura de aquecimento e vestu\u00e1rio adequado. Segundo o <strong><a href=\"https:\/\/www.climatempo.com.br\/previsao-do-tempo\/cidade\/1100\/pousoalegre-mg\" target=\"_blank\" rel=\"noreferrer noopener\">Climatempo<\/a><\/strong>, a cidade registra grande amplitude t\u00e9rmica, com dias ensolarados e noites frias, t\u00edpicas do clima tropical de altitude.<\/p>\n\n\n\n<p>Essa caracter\u00edstica clim\u00e1tica favorece o conforto t\u00e9rmico na maior parte do ano, conforme a tabela abaixo:<\/p>\n\n\n\n<figure class=\"wp-block-table\"><table class=\"has-fixed-layout\"><tbody><tr><th>Esta\u00e7\u00e3o\/Meses<\/th><th>Temperatura<\/th><th>O que esperar<\/th><\/tr><tr><td>Dez a Mar (Ver\u00e3o)<\/td><td>19\u00b0C a 29\u00b0C<\/td><td>Dias quentes, chuvas regulares e noites agrad\u00e1veis.<\/td><\/tr><tr><td>Abr a Jun (Outono)<\/td><td>13\u00b0C a 26\u00b0C<\/td><td>Clima seco, c\u00e9u azul e in\u00edcio do frio noturno.<\/td><\/tr><tr><td>Jul a Set (Inverno)<\/td><td>8\u00b0C a 24\u00b0C<\/td><td>Frio intenso na madrugada, geadas eventuais e ar seco.<\/td><\/tr><\/tbody><\/table><\/figure>\n\n\n<div class=\"wp-block-image\">\n<figure class=\"aligncenter size-large\"><img decoding=\"async\" width=\"1024\" height=\"576\" src=\"https:\/\/www.correiobraziliense.com.br\/cbradar\/wp-content\/uploads\/2025\/12\/canva-26-1024x576.png\" alt=\"O polo industrial do sul mineiro que conseguiu crescer sem perder qualidade de vida sendo perfeito para quem busca prosperar\" class=\"wp-image-161215\" srcset=\"https:\/\/www.correiobraziliense.com.br\/cbradar\/wp-content\/uploads\/2025\/12\/canva-26-1024x576.png 1024w, https:\/\/www.correiobraziliense.com.br\/cbradar\/wp-content\/uploads\/2025\/12\/canva-26-300x169.png 300w, https:\/\/www.correiobraziliense.com.br\/cbradar\/wp-content\/uploads\/2025\/12\/canva-26-768x432.png 768w, https:\/\/www.correiobraziliense.com.br\/cbradar\/wp-content\/uploads\/2025\/12\/canva-26-750x422.png 750w, https:\/\/www.correiobraziliense.com.br\/cbradar\/wp-content\/uploads\/2025\/12\/canva-26-1140x641.png 1140w, https:\/\/www.correiobraziliense.com.br\/cbradar\/wp-content\/uploads\/2025\/12\/canva-26.png 1280w\" sizes=\"(max-width: 1024px) 100vw, 1024px\" \/><figcaption class=\"wp-element-caption\">Em Pouso Alegre, curta parques como Ilha dos Amores, SerraSul Shopping e gastronomia mineira super gostosa e acess\u00edvel. \/\/ Cr\u00e9ditos: YouTube @edublogdrones5334<\/figcaption><\/figure><\/div>\n\n\n<h2 class=\"wp-block-heading\">Pouso Alegre \u00e9 o destino ideal para crescer profissionalmente<\/h2>\n\n\n\n<p>Escolher esta cidade no Sul de Minas \u00e9 optar por um estilo de vida que harmoniza progresso e tranquilidade:<\/p>\n\n\n\n<ul class=\"wp-block-list\">\n<li>Oportunidades de carreira em um dos maiores polos industriais do <strong>Brasil<\/strong>.<\/li>\n\n\n\n<li>Rede de sa\u00fade e educa\u00e7\u00e3o de refer\u00eancia que atende toda a macrorregi\u00e3o.<\/li>\n\n\n\n<li>Seguran\u00e7a e infraestrutura urbana compat\u00edveis com os altos \u00edndices de desenvolvimento humano.<\/li>\n<\/ul>\n\n\n\n<p>Voc\u00ea precisa conhecer a qualidade de vida que o Vale do Mandu oferece.<\/p>\n","protected":false},"excerpt":{"rendered":"<p>Pouso Alegre \u00e9 uma cidade de Minas Gerais refer\u00eancia em qualidade de vida, abrigando 152.217 habitantes. Localizada estrategicamente a 200 km de S\u00e3o Paulo, a cidade utiliza a Rodovia Fern\u00e3o Dias como eixo de desenvolvimento, atraindo profissionais que buscam carreira s\u00f3lida sem o caos das grandes metr\u00f3poles. Por que a cidade \u00e9 considerada uma pot\u00eancia [&hellip;]<\/p>\n","protected":false},"author":8,"featured_media":179792,"comment_status":"open","ping_status":"open","sticky":false,"template":"","format":"standard","meta":{"_yoast_wpseo_focuskw":"cidade de Minas Gerais","_yoast_wpseo_title":"","_yoast_wpseo_metadesc":"Essa cidade de Minas Gerais cresceu com for\u00e7a no setor farmac\u00eautico e manteve boa qualidade de vida para quem busca oportunidades.","jnews-multi-image_gallery":[],"jnews_single_post":{"format":"standard"},"jnews_primary_category":[],"jnews_social_meta":[],"jnews_override_counter":[],"footnotes":""},"categories":[108,111],"tags":[388,13093,247],"class_list":["post-179764","post","type-post","status-publish","format-standard","has-post-thumbnail","hentry","category-cidades","category-turismo","tag-minas-gerais","tag-pouso-alegre","tag-qualidade-de-vida"],"yoast_head":"<!-- This site is optimized with the Yoast SEO plugin v24.6 - https:\/\/yoast.com\/wordpress\/plugins\/seo\/ -->\n<title>A cidade de Minas Gerais pr\u00f3spera no setor farmac\u00eautico que gera oportunidades e cresce sem perder qualidade de vida - Correio Braziliense - Radar<\/title>\n<meta name=\"description\" content=\"Essa cidade de Minas Gerais cresceu com for\u00e7a no setor farmac\u00eautico e manteve boa qualidade de vida para quem busca oportunidades.\" \/>\n<meta name=\"robots\" content=\"index, follow, max-snippet:-1, max-image-preview:large, max-video-preview:-1\" \/>\n<link rel=\"canonical\" href=\"https:\/\/www.correiobraziliense.com.br\/cbradar\/a-cidade-de-minas-gerais-prospera-no-setor-farmaceutico-que-gera-oportunidades-e-cresce-sem-perder-qualidade-de-vida\/\" \/>\n<meta property=\"og:locale\" content=\"pt_BR\" \/>\n<meta property=\"og:type\" content=\"article\" \/>\n<meta property=\"og:title\" content=\"A cidade de Minas Gerais pr\u00f3spera no setor farmac\u00eautico que gera oportunidades e cresce sem perder qualidade de vida - Correio Braziliense - Radar\" \/>\n<meta property=\"og:description\" content=\"Essa cidade de Minas Gerais cresceu com for\u00e7a no setor farmac\u00eautico e manteve boa qualidade de vida para quem busca oportunidades.\" \/>\n<meta property=\"og:url\" content=\"https:\/\/www.correiobraziliense.com.br\/cbradar\/a-cidade-de-minas-gerais-prospera-no-setor-farmaceutico-que-gera-oportunidades-e-cresce-sem-perder-qualidade-de-vida\/\" \/>\n<meta property=\"og:site_name\" content=\"Correio Braziliense - Radar\" \/>\n<meta property=\"article:published_time\" content=\"2026-01-23T09:25:00+00:00\" \/>\n<meta property=\"og:image\" content=\"https:\/\/www.correiobraziliense.com.br\/cbradar\/wp-content\/uploads\/2026\/01\/aaa-2026-01-22T212209.432.png\" \/>\n\t<meta property=\"og:image:width\" content=\"1280\" \/>\n\t<meta property=\"og:image:height\" content=\"720\" \/>\n\t<meta property=\"og:image:type\" content=\"image\/png\" \/>\n<meta name=\"author\" content=\"Maura Pereira\" \/>\n<meta name=\"twitter:card\" content=\"summary_large_image\" \/>\n<meta name=\"twitter:label1\" content=\"Escrito por\" \/>\n\t<meta name=\"twitter:data1\" content=\"Maura Pereira\" \/>\n\t<meta name=\"twitter:label2\" content=\"Est. tempo de leitura\" \/>\n\t<meta name=\"twitter:data2\" content=\"6 minutos\" \/>\n<!-- \/ Yoast SEO plugin. -->","yoast_head_json":{"title":"A cidade de Minas Gerais pr\u00f3spera no setor farmac\u00eautico que gera oportunidades e cresce sem perder qualidade de vida - Correio Braziliense - Radar","description":"Essa cidade de Minas Gerais cresceu com for\u00e7a no setor farmac\u00eautico e manteve boa qualidade de vida para quem busca oportunidades.","robots":{"index":"index","follow":"follow","max-snippet":"max-snippet:-1","max-image-preview":"max-image-preview:large","max-video-preview":"max-video-preview:-1"},"canonical":"https:\/\/www.correiobraziliense.com.br\/cbradar\/a-cidade-de-minas-gerais-prospera-no-setor-farmaceutico-que-gera-oportunidades-e-cresce-sem-perder-qualidade-de-vida\/","og_locale":"pt_BR","og_type":"article","og_title":"A cidade de Minas Gerais pr\u00f3spera no setor farmac\u00eautico que gera oportunidades e cresce sem perder qualidade de vida - Correio Braziliense - Radar","og_description":"Essa cidade de Minas Gerais cresceu com for\u00e7a no setor farmac\u00eautico e manteve boa qualidade de vida para quem busca oportunidades.","og_url":"https:\/\/www.correiobraziliense.com.br\/cbradar\/a-cidade-de-minas-gerais-prospera-no-setor-farmaceutico-que-gera-oportunidades-e-cresce-sem-perder-qualidade-de-vida\/","og_site_name":"Correio Braziliense - Radar","article_published_time":"2026-01-23T09:25:00+00:00","og_image":[{"width":1280,"height":720,"url":"https:\/\/www.correiobraziliense.com.br\/cbradar\/wp-content\/uploads\/2026\/01\/aaa-2026-01-22T212209.432.png","type":"image\/png"}],"author":"Maura Pereira","twitter_card":"summary_large_image","twitter_misc":{"Escrito por":"Maura Pereira","Est. tempo de leitura":"6 minutos"},"schema":{"@context":"https:\/\/schema.org","@graph":[{"@type":"WebPage","@id":"https:\/\/www.correiobraziliense.com.br\/cbradar\/a-cidade-de-minas-gerais-prospera-no-setor-farmaceutico-que-gera-oportunidades-e-cresce-sem-perder-qualidade-de-vida\/","url":"https:\/\/www.correiobraziliense.com.br\/cbradar\/a-cidade-de-minas-gerais-prospera-no-setor-farmaceutico-que-gera-oportunidades-e-cresce-sem-perder-qualidade-de-vida\/","name":"A cidade de Minas Gerais pr\u00f3spera no setor farmac\u00eautico que gera oportunidades e cresce sem perder qualidade de vida - Correio Braziliense - Radar","isPartOf":{"@id":"https:\/\/www.correiobraziliense.com.br\/cbradar\/#website"},"primaryImageOfPage":{"@id":"https:\/\/www.correiobraziliense.com.br\/cbradar\/a-cidade-de-minas-gerais-prospera-no-setor-farmaceutico-que-gera-oportunidades-e-cresce-sem-perder-qualidade-de-vida\/#primaryimage"},"image":{"@id":"https:\/\/www.correiobraziliense.com.br\/cbradar\/a-cidade-de-minas-gerais-prospera-no-setor-farmaceutico-que-gera-oportunidades-e-cresce-sem-perder-qualidade-de-vida\/#primaryimage"},"thumbnailUrl":"https:\/\/www.correiobraziliense.com.br\/cbradar\/wp-content\/uploads\/2026\/01\/aaa-2026-01-22T212209.432.png","datePublished":"2026-01-23T09:25:00+00:00","author":{"@id":"https:\/\/www.correiobraziliense.com.br\/cbradar\/#\/schema\/person\/4053c651a9bfc785afc6f4cbc9032fd3"},"description":"Essa cidade de Minas Gerais cresceu com for\u00e7a no setor farmac\u00eautico e manteve boa qualidade de vida para quem busca oportunidades.","breadcrumb":{"@id":"https:\/\/www.correiobraziliense.com.br\/cbradar\/a-cidade-de-minas-gerais-prospera-no-setor-farmaceutico-que-gera-oportunidades-e-cresce-sem-perder-qualidade-de-vida\/#breadcrumb"},"inLanguage":"pt-BR","potentialAction":[{"@type":"ReadAction","target":["https:\/\/www.correiobraziliense.com.br\/cbradar\/a-cidade-de-minas-gerais-prospera-no-setor-farmaceutico-que-gera-oportunidades-e-cresce-sem-perder-qualidade-de-vida\/"]}]},{"@type":"ImageObject","inLanguage":"pt-BR","@id":"https:\/\/www.correiobraziliense.com.br\/cbradar\/a-cidade-de-minas-gerais-prospera-no-setor-farmaceutico-que-gera-oportunidades-e-cresce-sem-perder-qualidade-de-vida\/#primaryimage","url":"https:\/\/www.correiobraziliense.com.br\/cbradar\/wp-content\/uploads\/2026\/01\/aaa-2026-01-22T212209.432.png","contentUrl":"https:\/\/www.correiobraziliense.com.br\/cbradar\/wp-content\/uploads\/2026\/01\/aaa-2026-01-22T212209.432.png","width":1280,"height":720,"caption":"Escolher esta cidade no Sul de Minas \u00e9 optar por um estilo de vida que harmoniza progresso e tranquilidade."},{"@type":"BreadcrumbList","@id":"https:\/\/www.correiobraziliense.com.br\/cbradar\/a-cidade-de-minas-gerais-prospera-no-setor-farmaceutico-que-gera-oportunidades-e-cresce-sem-perder-qualidade-de-vida\/#breadcrumb","itemListElement":[{"@type":"ListItem","position":1,"name":"In\u00edcio","item":"https:\/\/www.correiobraziliense.com.br\/cbradar\/"},{"@type":"ListItem","position":2,"name":"A cidade de Minas Gerais pr\u00f3spera no setor farmac\u00eautico que gera oportunidades e cresce sem perder qualidade de vida"}]},{"@type":"WebSite","@id":"https:\/\/www.correiobraziliense.com.br\/cbradar\/#website","url":"https:\/\/www.correiobraziliense.com.br\/cbradar\/","name":"Correio Braziliense - Radar","description":"Acompanhe as \u00faltimas not\u00edcias e fique bem informado sobre tudo o que acontece no Brasil e no mundo.","potentialAction":[{"@type":"SearchAction","target":{"@type":"EntryPoint","urlTemplate":"https:\/\/www.correiobraziliense.com.br\/cbradar\/?s={search_term_string}"},"query-input":{"@type":"PropertyValueSpecification","valueRequired":true,"valueName":"search_term_string"}}],"inLanguage":"pt-BR"},{"@type":"Person","@id":"https:\/\/www.correiobraziliense.com.br\/cbradar\/#\/schema\/person\/4053c651a9bfc785afc6f4cbc9032fd3","name":"Maura Pereira","image":{"@type":"ImageObject","inLanguage":"pt-BR","@id":"https:\/\/www.correiobraziliense.com.br\/cbradar\/#\/schema\/person\/image\/","url":"https:\/\/secure.gravatar.com\/avatar\/3effd6bdadfa447f15089c7f7144eaa6?s=96&d=mm&r=g","contentUrl":"https:\/\/secure.gravatar.com\/avatar\/3effd6bdadfa447f15089c7f7144eaa6?s=96&d=mm&r=g","caption":"Maura Pereira"},"sameAs":["https:\/\/www.correiobraziliense.com.br\/"],"url":"https:\/\/www.correiobraziliense.com.br\/cbradar\/author\/mauramyth\/"}]}},"_links":{"self":[{"href":"https:\/\/www.correiobraziliense.com.br\/cbradar\/wp-json\/wp\/v2\/posts\/179764","targetHints":{"allow":["GET"]}}],"collection":[{"href":"https:\/\/www.correiobraziliense.com.br\/cbradar\/wp-json\/wp\/v2\/posts"}],"about":[{"href":"https:\/\/www.correiobraziliense.com.br\/cbradar\/wp-json\/wp\/v2\/types\/post"}],"author":[{"embeddable":true,"href":"https:\/\/www.correiobraziliense.com.br\/cbradar\/wp-json\/wp\/v2\/users\/8"}],"replies":[{"embeddable":true,"href":"https:\/\/www.correiobraziliense.com.br\/cbradar\/wp-json\/wp\/v2\/comments?post=179764"}],"version-history":[{"count":19,"href":"https:\/\/www.correiobraziliense.com.br\/cbradar\/wp-json\/wp\/v2\/posts\/179764\/revisions"}],"predecessor-version":[{"id":179803,"href":"https:\/\/www.correiobraziliense.com.br\/cbradar\/wp-json\/wp\/v2\/posts\/179764\/revisions\/179803"}],"wp:featuredmedia":[{"embeddable":true,"href":"https:\/\/www.correiobraziliense.com.br\/cbradar\/wp-json\/wp\/v2\/media\/179792"}],"wp:attachment":[{"href":"https:\/\/www.correiobraziliense.com.br\/cbradar\/wp-json\/wp\/v2\/media?parent=179764"}],"wp:term":[{"taxonomy":"category","embeddable":true,"href":"https:\/\/www.correiobraziliense.com.br\/cbradar\/wp-json\/wp\/v2\/categories?post=179764"},{"taxonomy":"post_tag","embeddable":true,"href":"https:\/\/www.correiobraziliense.com.br\/cbradar\/wp-json\/wp\/v2\/tags?post=179764"}],"curies":[{"name":"wp","href":"https:\/\/api.w.org\/{rel}","templated":true}]}}