{"id":179766,"date":"2026-01-23T08:25:00","date_gmt":"2026-01-23T11:25:00","guid":{"rendered":"https:\/\/www.correiobraziliense.com.br\/cbradar\/?p=179766"},"modified":"2026-01-23T01:07:51","modified_gmt":"2026-01-23T04:07:51","slug":"no-nordeste-o-deserto-do-saara-brasileiro-chama-atencao-com-passeios-em-dromedarios-e-dunas-douradas-inesqueciveis-que-lembram-o-exterior","status":"publish","type":"post","link":"https:\/\/www.correiobraziliense.com.br\/cbradar\/no-nordeste-o-deserto-do-saara-brasileiro-chama-atencao-com-passeios-em-dromedarios-e-dunas-douradas-inesqueciveis-que-lembram-o-exterior\/","title":{"rendered":"No Nordeste, o &#8220;Deserto do Saara&#8221; chama aten\u00e7\u00e3o com passeios em dromed\u00e1rios e dunas douradas inesquec\u00edveis que lembram o exterior"},"content":{"rendered":"\n<p><strong>Genipabu<\/strong>, situada no munic\u00edpio de <strong>Extremoz<\/strong>, ganha a fama de <strong>&#8220;Deserto do Saara Brasileiro&#8221;<\/strong> gra\u00e7as \u00e0 combina\u00e7\u00e3o ex\u00f3tica de dunas infinitas douradas e dromed\u00e1rios. Localizado a apenas 25 km de <strong>Natal<\/strong>, este destino exige cuidados espec\u00edficos com a contrata\u00e7\u00e3o de transporte para garantir uma experi\u00eancia segura.<\/p>\n\n\n\n<h2 class=\"wp-block-heading\">Por que o passeio &#8220;com emo\u00e7\u00e3o&#8221; requer motoristas profissionais?<\/h2>\n\n\n\n<p>As dunas m\u00f3veis criam um relevo inst\u00e1vel e \u00edngreme que demanda t\u00e9cnica apurada de dire\u00e7\u00e3o na areia fofa. A manobra radical, conhecida popularmente como &#8220;com emo\u00e7\u00e3o&#8221;, envolve descidas verticais (pared\u00f5es) que s\u00f3 devem ser executadas por profissionais experientes e regularizados.<\/p>\n\n\n\n<p>A contrata\u00e7\u00e3o de bugueiros credenciados pela <strong>Secretaria de Turismo (Setur)<\/strong> e identificados com o selo &#8220;Permission\u00e1rio&#8221; \u00e9 a \u00fanica garantia de seguran\u00e7a. Ve\u00edculos piratas colocam em risco a integridade f\u00edsica dos passageiros e n\u00e3o possuem autoriza\u00e7\u00e3o para circular nas \u00e1reas restritas do parque ecol\u00f3gico.<\/p>\n\n\n<div class=\"wp-block-image\">\n<figure class=\"aligncenter size-large\"><img decoding=\"async\" width=\"1024\" height=\"576\" src=\"https:\/\/www.correiobraziliense.com.br\/cbradar\/wp-content\/uploads\/2025\/12\/canva-30-1-1024x576.png\" alt=\"No Nordeste, o &quot;Deserto do Saara Brasileiro&quot; chama aten\u00e7\u00e3o com passeios em dromed\u00e1rios e dunas douradas inesquec\u00edveis que lembram o exterior\" class=\"wp-image-161244\" srcset=\"https:\/\/www.correiobraziliense.com.br\/cbradar\/wp-content\/uploads\/2025\/12\/canva-30-1-1024x576.png 1024w, https:\/\/www.correiobraziliense.com.br\/cbradar\/wp-content\/uploads\/2025\/12\/canva-30-1-300x169.png 300w, https:\/\/www.correiobraziliense.com.br\/cbradar\/wp-content\/uploads\/2025\/12\/canva-30-1-768x432.png 768w, https:\/\/www.correiobraziliense.com.br\/cbradar\/wp-content\/uploads\/2025\/12\/canva-30-1-750x422.png 750w, https:\/\/www.correiobraziliense.com.br\/cbradar\/wp-content\/uploads\/2025\/12\/canva-30-1-1140x641.png 1140w, https:\/\/www.correiobraziliense.com.br\/cbradar\/wp-content\/uploads\/2025\/12\/canva-30-1.png 1280w\" sizes=\"(max-width: 1024px) 100vw, 1024px\" \/><figcaption class=\"wp-element-caption\">Em Genipabu, divirta-se no buggy pelas dunas, esquibunda na areia e mergulhos na lagoa com clima descontra\u00eddo e ensolarado.  \/\/ Cr\u00e9ditos: Wikip\u00e9dia<\/figcaption><\/figure><\/div>\n\n\n<h2 class=\"wp-block-heading\">Como funciona a log\u00edstica dos dromed\u00e1rios no Nordeste?<\/h2>\n\n\n\n<p>Os dromed\u00e1rios de <strong>Genipabu<\/strong> s\u00e3o os respons\u00e1veis pelo apelido &#8220;Deserto do Saara&#8221; da regi\u00e3o e oferecem um cen\u00e1rio fotogr\u00e1fico \u00fanico no <strong>Brasil<\/strong>. Os animais, introduzidos na d\u00e9cada de 1990, adaptaram-se perfeitamente ao clima semi\u00e1rido e realizam passeios curtos no topo das dunas.<\/p>\n\n\n\n<p>A atividade \u00e9 opcional, paga \u00e0 parte e segue normas de bem-estar animal monitoradas pelos \u00f3rg\u00e3os ambientais. O trajeto \u00e9 contemplativo e serve como alternativa tranquila para quem prefere evitar a velocidade intensa dos buggies.<\/p>\n\n\n<div class=\"wp-block-image\">\n<figure class=\"aligncenter size-large\"><img decoding=\"async\" width=\"1024\" height=\"576\" src=\"https:\/\/www.correiobraziliense.com.br\/cbradar\/wp-content\/uploads\/2025\/12\/canva-28-1-1024x576.png\" alt=\"No Nordeste, o &quot;Deserto do Saara Brasileiro&quot; chama aten\u00e7\u00e3o com passeios em dromed\u00e1rios e dunas douradas inesquec\u00edveis que lembram o exterior\" class=\"wp-image-161246\" srcset=\"https:\/\/www.correiobraziliense.com.br\/cbradar\/wp-content\/uploads\/2025\/12\/canva-28-1-1024x576.png 1024w, https:\/\/www.correiobraziliense.com.br\/cbradar\/wp-content\/uploads\/2025\/12\/canva-28-1-300x169.png 300w, https:\/\/www.correiobraziliense.com.br\/cbradar\/wp-content\/uploads\/2025\/12\/canva-28-1-768x432.png 768w, https:\/\/www.correiobraziliense.com.br\/cbradar\/wp-content\/uploads\/2025\/12\/canva-28-1-750x422.png 750w, https:\/\/www.correiobraziliense.com.br\/cbradar\/wp-content\/uploads\/2025\/12\/canva-28-1-1140x641.png 1140w, https:\/\/www.correiobraziliense.com.br\/cbradar\/wp-content\/uploads\/2025\/12\/canva-28-1.png 1280w\" sizes=\"(max-width: 1024px) 100vw, 1024px\" \/><figcaption class=\"wp-element-caption\">Genipabu, praia ic\u00f4nica de Natal-RN, famosa por dunas gigantes, lagoas cristalinas e passeios de buggy no litoral norte potiguar. \/\/ Cr\u00e9ditos: Wikip\u00e9dia<\/figcaption><\/figure><\/div>\n\n\n<h2 class=\"wp-block-heading\">A Lagoa de Genipabu \u00e9 pr\u00f3pria para banho?<\/h2>\n\n\n\n<p>Sim, as \u00e1guas escuras e mornas da lagoa formam um o\u00e1sis de calmaria entre as montanhas de areia. O local \u00e9 famoso pelas mesas dentro d&#8217;\u00e1gua e pela infraestrutura r\u00fastica de barracas, sendo o ponto de parada oficial para remover o sal do corpo ap\u00f3s o trajeto vindo das praias.<\/p>\n\n\n\n<p>O acesso \u00e0 lagoa \u00e9 feito quase exclusivamente pelos buggies, o que limita a superlota\u00e7\u00e3o em dias de semana. A \u00e1rea \u00e9 de preserva\u00e7\u00e3o permanente, proibindo constru\u00e7\u00f5es de alvenaria na faixa de areia para proteger o len\u00e7ol fre\u00e1tico.<\/p>\n\n\n\n<p><strong>Deslumbre-se com as belezas naturais de Genipabu, o verdadeiro Saara do Rio Grande do Norte.<\/strong> O v\u00eddeo \u00e9 do canal<strong> ARRUDA HOBBIES<\/strong>, que conta com mais de <strong>100 mil inscritos<\/strong>, e apresenta o famoso passeio de dromed\u00e1rios, as dunas m\u00f3veis, o esquibunda e a espetacular Lagoa de Genipabu:<\/p>\n\n\n\n<figure class=\"wp-block-embed aligncenter is-type-video is-provider-youtube wp-block-embed-youtube wp-embed-aspect-16-9 wp-has-aspect-ratio\"><div class=\"wp-block-embed__wrapper\">\n<div class=\"jeg_video_container jeg_video_content\"><iframe loading=\"lazy\" title=\"PRAIA DE GENIPABU  O Saara Do RN #Dromed\u00e1rios #buggy #lagoas  #dunas\" width=\"500\" height=\"281\" src=\"https:\/\/www.youtube.com\/embed\/XKVqh3DBnHs?start=2&#038;feature=oembed\" frameborder=\"0\" allow=\"accelerometer; autoplay; clipboard-write; encrypted-media; gyroscope; picture-in-picture; web-share\" referrerpolicy=\"strict-origin-when-cross-origin\" allowfullscreen><\/iframe><\/div>\n<\/div><\/figure>\n\n\n\n<h2 class=\"wp-block-heading\">Quais taxas extras o turista deve prever no or\u00e7amento?<\/h2>\n\n\n\n<p>O valor do aluguel do buggy (cobrado por ve\u00edculo para at\u00e9 quatro passageiros) cobre apenas o transporte e o servi\u00e7o do guia. \u00c9 essencial levar dinheiro em esp\u00e9cie, pois o sinal de internet nas dunas oscila, dificultando transa\u00e7\u00f5es via Pix ou cart\u00e3o.<\/p>\n\n\n\n<p>Planeje a carteira considerando estes custos operacionais da rota:<\/p>\n\n\n\n<ul class=\"wp-block-list\">\n<li><strong>Taxa de Preserva\u00e7\u00e3o Ambiental<\/strong>: Cobrada na entrada do Parque das Dunas.<\/li>\n\n\n\n<li><strong>Travessia de Balsa<\/strong>: Necess\u00e1ria no Rio Cear\u00e1-Mirim para quem estende o passeio at\u00e9 as praias de <strong>Jacum\u00e3<\/strong>.<\/li>\n\n\n\n<li><strong>Esquibunda e Aerobunda<\/strong>: Descidas em pranchas pagas individualmente nos pontos de apoio.<\/li>\n\n\n\n<li><strong>Dromed\u00e1rios<\/strong>: O passeio ou a foto montada s\u00e3o cobrados separadamente pelos tratadores.<\/li>\n<\/ul>\n\n\n\n<p><strong>Leia tamb\u00e9m: <a href=\"https:\/\/www.correiobraziliense.com.br\/cbradar\/onde-a-floresta-amazonica-encontra-o-fim-do-brasil-em-uma-bela-cidade-desconhecida-que-surpreendeu-visitantes-pela-beleza-natural\/\" target=\"_blank\" rel=\"noreferrer noopener\">Onde a floresta Amaz\u00f4nica encontra o &#8220;Fim do Brasil&#8221; em uma bela cidade desconhecida que surpreendeu visitantes pela beleza natural.<\/a><\/strong><\/p>\n\n\n<div class=\"wp-block-image\">\n<figure class=\"aligncenter size-large\"><img decoding=\"async\" width=\"1024\" height=\"576\" src=\"https:\/\/www.correiobraziliense.com.br\/cbradar\/wp-content\/uploads\/2025\/12\/canva-27-1-1024x576.png\" alt=\"No Nordeste, o &quot;Deserto do Saara Brasileiro&quot; chama aten\u00e7\u00e3o com passeios em dromed\u00e1rios e dunas douradas inesquec\u00edveis que lembram o exterior\" class=\"wp-image-161247\" srcset=\"https:\/\/www.correiobraziliense.com.br\/cbradar\/wp-content\/uploads\/2025\/12\/canva-27-1-1024x576.png 1024w, https:\/\/www.correiobraziliense.com.br\/cbradar\/wp-content\/uploads\/2025\/12\/canva-27-1-300x169.png 300w, https:\/\/www.correiobraziliense.com.br\/cbradar\/wp-content\/uploads\/2025\/12\/canva-27-1-768x432.png 768w, https:\/\/www.correiobraziliense.com.br\/cbradar\/wp-content\/uploads\/2025\/12\/canva-27-1-750x422.png 750w, https:\/\/www.correiobraziliense.com.br\/cbradar\/wp-content\/uploads\/2025\/12\/canva-27-1-1140x641.png 1140w, https:\/\/www.correiobraziliense.com.br\/cbradar\/wp-content\/uploads\/2025\/12\/canva-27-1.png 1280w\" sizes=\"(max-width: 1024px) 100vw, 1024px\" \/><figcaption class=\"wp-element-caption\">Mergulhe na aventura de Genipabu: dunas douradas, buggy radical e p\u00f4r do sol que renovam a alma no para\u00edso nordestino. \/\/ Cr\u00e9ditos: Wikip\u00e9dia<\/figcaption><\/figure><\/div>\n\n\n<h2 class=\"wp-block-heading\">O vento constante atrapalha a visita\u00e7\u00e3o?<\/h2>\n\n\n\n<p>Os ventos al\u00edsios do litoral potiguar s\u00e3o fortes e constantes, amenizando o calor equatorial, mas exigindo prote\u00e7\u00e3o para os olhos durante o trajeto em ve\u00edculo aberto. Segundo o <strong><a href=\"https:\/\/www.climatempo.com.br\/previsao-do-tempo\/cidade\/6975\/genipabu-rn\" target=\"_blank\" rel=\"noreferrer noopener\">Climatempo<\/a><\/strong>, a areia suspensa pelo vento pode incomodar, tornando o uso de \u00f3culos de sol indispens\u00e1vel.<\/p>\n\n\n\n<p>O clima tropical quente prevalece o ano todo, com chuvas concentradas no meio do ano, conforme a tabela:<\/p>\n\n\n\n<figure class=\"wp-block-table\"><table class=\"has-fixed-layout\"><tbody><tr><th>Esta\u00e7\u00e3o\/Meses<\/th><th>Temperatura<\/th><th>O que esperar<\/th><\/tr><tr><td>Set a Mar (Seco)<\/td><td>26\u00b0C a 31\u00b0C<\/td><td>C\u00e9u azul, dunas douradas e alta temporada tur\u00edstica.<\/td><\/tr><tr><td>Abr a Jul (Chuvoso)<\/td><td>22\u00b0C a 29\u00b0C<\/td><td>Pancadas frequentes, vento intenso e areia molhada.<\/td><\/tr><tr><td>Ago (Ventos)<\/td><td>24\u00b0C a 30\u00b0C<\/td><td>M\u00eas de transi\u00e7\u00e3o com ventos muito fortes (\u00e9poca de pipa\/kite).<\/td><\/tr><\/tbody><\/table><\/figure>\n\n\n\n<h2 class=\"wp-block-heading\">Genipabu \u00e9 a porta de entrada para a aventura no RN<\/h2>\n\n\n\n<p>Visitar este \u00edcone do turismo nordestino requer planejamento para evitar armadilhas e aproveitar o melhor da paisagem:<\/p>\n\n\n\n<ul class=\"wp-block-list\">\n<li>Exija a credencial do bugueiro antes de embarcar no hotel em <strong>Natal<\/strong>.<\/li>\n\n\n\n<li>Use roupas leves com prote\u00e7\u00e3o UV e prenda bon\u00e9s ou chap\u00e9us devido ao vento.<\/li>\n\n\n\n<li>Negocie o n\u00edvel de adrenalina (&#8220;com ou sem emo\u00e7\u00e3o&#8221;) de forma clara antes do in\u00edcio do passeio.<\/li>\n<\/ul>\n\n\n\n<p>Voc\u00ea precisa viver a sensa\u00e7\u00e3o de liberdade no topo das dunas m\u00f3veis.<\/p>\n","protected":false},"excerpt":{"rendered":"<p>Genipabu, situada no munic\u00edpio de Extremoz, ganha a fama de &#8220;Deserto do Saara Brasileiro&#8221; gra\u00e7as \u00e0 combina\u00e7\u00e3o ex\u00f3tica de dunas infinitas douradas e dromed\u00e1rios. Localizado a apenas 25 km de Natal, este destino exige cuidados espec\u00edficos com a contrata\u00e7\u00e3o de transporte para garantir uma experi\u00eancia segura. Por que o passeio &#8220;com emo\u00e7\u00e3o&#8221; requer motoristas profissionais? [&hellip;]<\/p>\n","protected":false},"author":8,"featured_media":179829,"comment_status":"open","ping_status":"open","sticky":false,"template":"","format":"standard","meta":{"_yoast_wpseo_focuskw":"Deserto do Saara Brasileiro","_yoast_wpseo_title":"","_yoast_wpseo_metadesc":"Essa regi\u00e3o do Nordeste \u00e9 conhecida como Deserto do Saara Brasileiro e chama aten\u00e7\u00e3o pelas dunas douradas e passeios de dromed\u00e1rios.","jnews-multi-image_gallery":[],"jnews_single_post":{"format":"standard"},"jnews_primary_category":[],"jnews_social_meta":[],"jnews_override_counter":[],"footnotes":""},"categories":[108,111],"tags":[2994,14327],"class_list":["post-179766","post","type-post","status-publish","format-standard","has-post-thumbnail","hentry","category-cidades","category-turismo","tag-deserto-do-saara","tag-genipabu"],"yoast_head":"<!-- This site is optimized with the Yoast SEO plugin v24.6 - https:\/\/yoast.com\/wordpress\/plugins\/seo\/ -->\n<title>No Nordeste, o &quot;Deserto do Saara&quot; chama aten\u00e7\u00e3o com passeios em dromed\u00e1rios e dunas douradas inesquec\u00edveis que lembram o exterior - Correio Braziliense - Radar<\/title>\n<meta name=\"description\" content=\"Essa regi\u00e3o do Nordeste \u00e9 conhecida como Deserto do Saara Brasileiro e chama aten\u00e7\u00e3o pelas dunas douradas e passeios de dromed\u00e1rios.\" \/>\n<meta name=\"robots\" content=\"index, follow, max-snippet:-1, max-image-preview:large, max-video-preview:-1\" \/>\n<link rel=\"canonical\" href=\"https:\/\/www.correiobraziliense.com.br\/cbradar\/no-nordeste-o-deserto-do-saara-brasileiro-chama-atencao-com-passeios-em-dromedarios-e-dunas-douradas-inesqueciveis-que-lembram-o-exterior\/\" \/>\n<meta property=\"og:locale\" content=\"pt_BR\" \/>\n<meta property=\"og:type\" content=\"article\" \/>\n<meta property=\"og:title\" content=\"No Nordeste, o &quot;Deserto do Saara&quot; chama aten\u00e7\u00e3o com passeios em dromed\u00e1rios e dunas douradas inesquec\u00edveis que lembram o exterior - Correio Braziliense - Radar\" \/>\n<meta property=\"og:description\" content=\"Essa regi\u00e3o do Nordeste \u00e9 conhecida como Deserto do Saara Brasileiro e chama aten\u00e7\u00e3o pelas dunas douradas e passeios de dromed\u00e1rios.\" \/>\n<meta property=\"og:url\" content=\"https:\/\/www.correiobraziliense.com.br\/cbradar\/no-nordeste-o-deserto-do-saara-brasileiro-chama-atencao-com-passeios-em-dromedarios-e-dunas-douradas-inesqueciveis-que-lembram-o-exterior\/\" \/>\n<meta property=\"og:site_name\" content=\"Correio Braziliense - Radar\" \/>\n<meta property=\"article:published_time\" content=\"2026-01-23T11:25:00+00:00\" \/>\n<meta property=\"og:image\" content=\"https:\/\/www.correiobraziliense.com.br\/cbradar\/wp-content\/uploads\/2026\/01\/aaa-2026-01-22T215847.945.png\" \/>\n\t<meta property=\"og:image:width\" content=\"1280\" \/>\n\t<meta property=\"og:image:height\" content=\"720\" \/>\n\t<meta property=\"og:image:type\" content=\"image\/png\" \/>\n<meta name=\"author\" content=\"Maura Pereira\" \/>\n<meta name=\"twitter:card\" content=\"summary_large_image\" \/>\n<meta name=\"twitter:label1\" content=\"Escrito por\" \/>\n\t<meta name=\"twitter:data1\" content=\"Maura Pereira\" \/>\n\t<meta name=\"twitter:label2\" content=\"Est. tempo de leitura\" \/>\n\t<meta name=\"twitter:data2\" content=\"6 minutos\" \/>\n<!-- \/ Yoast SEO plugin. -->","yoast_head_json":{"title":"No Nordeste, o \"Deserto do Saara\" chama aten\u00e7\u00e3o com passeios em dromed\u00e1rios e dunas douradas inesquec\u00edveis que lembram o exterior - Correio Braziliense - Radar","description":"Essa regi\u00e3o do Nordeste \u00e9 conhecida como Deserto do Saara Brasileiro e chama aten\u00e7\u00e3o pelas dunas douradas e passeios de dromed\u00e1rios.","robots":{"index":"index","follow":"follow","max-snippet":"max-snippet:-1","max-image-preview":"max-image-preview:large","max-video-preview":"max-video-preview:-1"},"canonical":"https:\/\/www.correiobraziliense.com.br\/cbradar\/no-nordeste-o-deserto-do-saara-brasileiro-chama-atencao-com-passeios-em-dromedarios-e-dunas-douradas-inesqueciveis-que-lembram-o-exterior\/","og_locale":"pt_BR","og_type":"article","og_title":"No Nordeste, o \"Deserto do Saara\" chama aten\u00e7\u00e3o com passeios em dromed\u00e1rios e dunas douradas inesquec\u00edveis que lembram o exterior - Correio Braziliense - Radar","og_description":"Essa regi\u00e3o do Nordeste \u00e9 conhecida como Deserto do Saara Brasileiro e chama aten\u00e7\u00e3o pelas dunas douradas e passeios de dromed\u00e1rios.","og_url":"https:\/\/www.correiobraziliense.com.br\/cbradar\/no-nordeste-o-deserto-do-saara-brasileiro-chama-atencao-com-passeios-em-dromedarios-e-dunas-douradas-inesqueciveis-que-lembram-o-exterior\/","og_site_name":"Correio Braziliense - Radar","article_published_time":"2026-01-23T11:25:00+00:00","og_image":[{"width":1280,"height":720,"url":"https:\/\/www.correiobraziliense.com.br\/cbradar\/wp-content\/uploads\/2026\/01\/aaa-2026-01-22T215847.945.png","type":"image\/png"}],"author":"Maura Pereira","twitter_card":"summary_large_image","twitter_misc":{"Escrito por":"Maura Pereira","Est. tempo de leitura":"6 minutos"},"schema":{"@context":"https:\/\/schema.org","@graph":[{"@type":"WebPage","@id":"https:\/\/www.correiobraziliense.com.br\/cbradar\/no-nordeste-o-deserto-do-saara-brasileiro-chama-atencao-com-passeios-em-dromedarios-e-dunas-douradas-inesqueciveis-que-lembram-o-exterior\/","url":"https:\/\/www.correiobraziliense.com.br\/cbradar\/no-nordeste-o-deserto-do-saara-brasileiro-chama-atencao-com-passeios-em-dromedarios-e-dunas-douradas-inesqueciveis-que-lembram-o-exterior\/","name":"No Nordeste, o \"Deserto do Saara\" chama aten\u00e7\u00e3o com passeios em dromed\u00e1rios e dunas douradas inesquec\u00edveis que lembram o exterior - Correio Braziliense - Radar","isPartOf":{"@id":"https:\/\/www.correiobraziliense.com.br\/cbradar\/#website"},"primaryImageOfPage":{"@id":"https:\/\/www.correiobraziliense.com.br\/cbradar\/no-nordeste-o-deserto-do-saara-brasileiro-chama-atencao-com-passeios-em-dromedarios-e-dunas-douradas-inesqueciveis-que-lembram-o-exterior\/#primaryimage"},"image":{"@id":"https:\/\/www.correiobraziliense.com.br\/cbradar\/no-nordeste-o-deserto-do-saara-brasileiro-chama-atencao-com-passeios-em-dromedarios-e-dunas-douradas-inesqueciveis-que-lembram-o-exterior\/#primaryimage"},"thumbnailUrl":"https:\/\/www.correiobraziliense.com.br\/cbradar\/wp-content\/uploads\/2026\/01\/aaa-2026-01-22T215847.945.png","datePublished":"2026-01-23T11:25:00+00:00","author":{"@id":"https:\/\/www.correiobraziliense.com.br\/cbradar\/#\/schema\/person\/4053c651a9bfc785afc6f4cbc9032fd3"},"description":"Essa regi\u00e3o do Nordeste \u00e9 conhecida como Deserto do Saara Brasileiro e chama aten\u00e7\u00e3o pelas dunas douradas e passeios de dromed\u00e1rios.","breadcrumb":{"@id":"https:\/\/www.correiobraziliense.com.br\/cbradar\/no-nordeste-o-deserto-do-saara-brasileiro-chama-atencao-com-passeios-em-dromedarios-e-dunas-douradas-inesqueciveis-que-lembram-o-exterior\/#breadcrumb"},"inLanguage":"pt-BR","potentialAction":[{"@type":"ReadAction","target":["https:\/\/www.correiobraziliense.com.br\/cbradar\/no-nordeste-o-deserto-do-saara-brasileiro-chama-atencao-com-passeios-em-dromedarios-e-dunas-douradas-inesqueciveis-que-lembram-o-exterior\/"]}]},{"@type":"ImageObject","inLanguage":"pt-BR","@id":"https:\/\/www.correiobraziliense.com.br\/cbradar\/no-nordeste-o-deserto-do-saara-brasileiro-chama-atencao-com-passeios-em-dromedarios-e-dunas-douradas-inesqueciveis-que-lembram-o-exterior\/#primaryimage","url":"https:\/\/www.correiobraziliense.com.br\/cbradar\/wp-content\/uploads\/2026\/01\/aaa-2026-01-22T215847.945.png","contentUrl":"https:\/\/www.correiobraziliense.com.br\/cbradar\/wp-content\/uploads\/2026\/01\/aaa-2026-01-22T215847.945.png","width":1280,"height":720,"caption":"Os dromed\u00e1rios de Genipabu s\u00e3o os respons\u00e1veis pelo apelido \"Deserto do Saara\" da regi\u00e3o e oferecem um cen\u00e1rio fotogr\u00e1fico \u00fanico no Brasil. \/ Imagem ilustrativa"},{"@type":"BreadcrumbList","@id":"https:\/\/www.correiobraziliense.com.br\/cbradar\/no-nordeste-o-deserto-do-saara-brasileiro-chama-atencao-com-passeios-em-dromedarios-e-dunas-douradas-inesqueciveis-que-lembram-o-exterior\/#breadcrumb","itemListElement":[{"@type":"ListItem","position":1,"name":"In\u00edcio","item":"https:\/\/www.correiobraziliense.com.br\/cbradar\/"},{"@type":"ListItem","position":2,"name":"No Nordeste, o &#8220;Deserto do Saara&#8221; chama aten\u00e7\u00e3o com passeios em dromed\u00e1rios e dunas douradas inesquec\u00edveis que lembram o exterior"}]},{"@type":"WebSite","@id":"https:\/\/www.correiobraziliense.com.br\/cbradar\/#website","url":"https:\/\/www.correiobraziliense.com.br\/cbradar\/","name":"Correio Braziliense - Radar","description":"Acompanhe as \u00faltimas not\u00edcias e fique bem informado sobre tudo o que acontece no Brasil e no mundo.","potentialAction":[{"@type":"SearchAction","target":{"@type":"EntryPoint","urlTemplate":"https:\/\/www.correiobraziliense.com.br\/cbradar\/?s={search_term_string}"},"query-input":{"@type":"PropertyValueSpecification","valueRequired":true,"valueName":"search_term_string"}}],"inLanguage":"pt-BR"},{"@type":"Person","@id":"https:\/\/www.correiobraziliense.com.br\/cbradar\/#\/schema\/person\/4053c651a9bfc785afc6f4cbc9032fd3","name":"Maura Pereira","image":{"@type":"ImageObject","inLanguage":"pt-BR","@id":"https:\/\/www.correiobraziliense.com.br\/cbradar\/#\/schema\/person\/image\/","url":"https:\/\/secure.gravatar.com\/avatar\/3effd6bdadfa447f15089c7f7144eaa6?s=96&d=mm&r=g","contentUrl":"https:\/\/secure.gravatar.com\/avatar\/3effd6bdadfa447f15089c7f7144eaa6?s=96&d=mm&r=g","caption":"Maura Pereira"},"sameAs":["https:\/\/www.correiobraziliense.com.br\/"],"url":"https:\/\/www.correiobraziliense.com.br\/cbradar\/author\/mauramyth\/"}]}},"_links":{"self":[{"href":"https:\/\/www.correiobraziliense.com.br\/cbradar\/wp-json\/wp\/v2\/posts\/179766","targetHints":{"allow":["GET"]}}],"collection":[{"href":"https:\/\/www.correiobraziliense.com.br\/cbradar\/wp-json\/wp\/v2\/posts"}],"about":[{"href":"https:\/\/www.correiobraziliense.com.br\/cbradar\/wp-json\/wp\/v2\/types\/post"}],"author":[{"embeddable":true,"href":"https:\/\/www.correiobraziliense.com.br\/cbradar\/wp-json\/wp\/v2\/users\/8"}],"replies":[{"embeddable":true,"href":"https:\/\/www.correiobraziliense.com.br\/cbradar\/wp-json\/wp\/v2\/comments?post=179766"}],"version-history":[{"count":18,"href":"https:\/\/www.correiobraziliense.com.br\/cbradar\/wp-json\/wp\/v2\/posts\/179766\/revisions"}],"predecessor-version":[{"id":179860,"href":"https:\/\/www.correiobraziliense.com.br\/cbradar\/wp-json\/wp\/v2\/posts\/179766\/revisions\/179860"}],"wp:featuredmedia":[{"embeddable":true,"href":"https:\/\/www.correiobraziliense.com.br\/cbradar\/wp-json\/wp\/v2\/media\/179829"}],"wp:attachment":[{"href":"https:\/\/www.correiobraziliense.com.br\/cbradar\/wp-json\/wp\/v2\/media?parent=179766"}],"wp:term":[{"taxonomy":"category","embeddable":true,"href":"https:\/\/www.correiobraziliense.com.br\/cbradar\/wp-json\/wp\/v2\/categories?post=179766"},{"taxonomy":"post_tag","embeddable":true,"href":"https:\/\/www.correiobraziliense.com.br\/cbradar\/wp-json\/wp\/v2\/tags?post=179766"}],"curies":[{"name":"wp","href":"https:\/\/api.w.org\/{rel}","templated":true}]}}