{"id":179833,"date":"2026-01-22T22:34:31","date_gmt":"2026-01-23T01:34:31","guid":{"rendered":"https:\/\/www.correiobraziliense.com.br\/cbradar\/?p=179833"},"modified":"2026-01-22T22:36:03","modified_gmt":"2026-01-23T01:36:03","slug":"essa-rotina-de-1-minuto-viralizou-entre-fisioterapeutas-e-promete-fortalecer-o-abdomen","status":"publish","type":"post","link":"https:\/\/www.correiobraziliense.com.br\/cbradar\/essa-rotina-de-1-minuto-viralizou-entre-fisioterapeutas-e-promete-fortalecer-o-abdomen\/","title":{"rendered":"Essa rotina de 1 minuto viralizou entre fisioterapeutas e promete fortalecer o abd\u00f4men"},"content":{"rendered":"\n<p>Uma sequ\u00eancia simples de exerc\u00edcios est\u00e1 tomando conta das redes sociais e ganhando aprova\u00e7\u00e3o de profissionais de sa\u00fade pela efic\u00e1cia impressionante. Em apenas 60 segundos por dia, essa rotina promete fortalecer o abd\u00f4men de forma segura e funcional, sem sobrecarregar a coluna ou exigir equipamentos caros. Se voc\u00ea cansa daqueles treinos intermin\u00e1veis de abdominal que deixam suas costas doendo mais que a barriga, essa t\u00e9cnica pode ser exatamente o que estava faltando na sua rotina.<\/p>\n\n\n\n<h2 class=\"wp-block-heading\">Por que essa rotina est\u00e1 viralizando entre profissionais?<\/h2>\n\n\n\n<p>O <a href=\"https:\/\/pubmed.ncbi.nlm.nih.gov\/38725921\/\" target=\"_blank\" rel=\"noreferrer noopener\">segredo do sucesso est\u00e1 na simplicidade e na base cient\u00edfica por tr\u00e1s dos movimentos<\/a>. Diferente dos abdominais tradicionais que muitas vezes s\u00e3o executados de forma errada causando mais problemas que benef\u00edcios, essa sequ\u00eancia foca em ativa\u00e7\u00e3o correta do core atrav\u00e9s de exerc\u00edcios isom\u00e9tricos. Fisioterapeutas aprovam porque os movimentos respeitam a biomec\u00e2nica natural do corpo e podem ser feitos por praticamente qualquer pessoa independente do condicionamento f\u00edsico atual.<\/p>\n\n\n\n<p>Outro ponto que explica a viraliza\u00e7\u00e3o \u00e9 que funciona mesmo para quem tem pouco tempo ou motiva\u00e7\u00e3o limitada. Um minuto \u00e9 t\u00e3o pouco que ningu\u00e9m consegue usar desculpa de agenda lotada, e os resultados aparecem r\u00e1pido o suficiente para manter as pessoas engajadas. A rotina combina tr\u00eas posi\u00e7\u00f5es b\u00e1sicas mantidas por 20 segundos cada, trabalhando diferentes camadas da <a href=\"https:\/\/www.correiobraziliense.com.br\/cbradar\/o-cha-que-ajuda-a-aliviar-colicas-e-reduzir-o-inchaco-abdominal\/\" target=\"_blank\" rel=\"noreferrer noopener\">musculatura abdominal<\/a> sem movimentos repetitivos que enjoam rapidamente.<\/p>\n\n\n<div class=\"wp-block-image\">\n<figure class=\"aligncenter size-large\"><img decoding=\"async\" width=\"1024\" height=\"584\" src=\"https:\/\/www.correiobraziliense.com.br\/cbradar\/wp-content\/uploads\/2026\/01\/freepik__the-style-is-candid-image-photography-with-natural__72474-1024x584.jpeg\" alt=\"Essa rotina de 1 minuto viralizou entre fisioterapeutas e promete fortalecer o abd\u00f4men\" class=\"wp-image-179837\"\/><figcaption class=\"wp-element-caption\">Treino r\u00e1pido focado no core mostra que pouco tempo pode gerar resultados reais no dia a dia<\/figcaption><\/figure><\/div>\n\n\n<h2 class=\"wp-block-heading\">Quais s\u00e3o os tr\u00eas exerc\u00edcios da rotina de 1 minuto?<\/h2>\n\n\n\n<p>O primeiro exerc\u00edcio \u00e9 a prancha frontal b\u00e1sica, mantida por 20 segundos com aten\u00e7\u00e3o total na ativa\u00e7\u00e3o do abd\u00f4men. Apoie os antebra\u00e7os no ch\u00e3o mantendo cotovelos alinhados com os ombros, corpo reto da cabe\u00e7a aos calcanhares, e contraia conscientemente a barriga para dentro como se estivesse preparando para receber um soco. Esse movimento ativa o transverso abdominal, m\u00fasculo profundo respons\u00e1vel por estabilizar toda a regi\u00e3o central do corpo.<\/p>\n\n\n\n<p>O segundo exerc\u00edcio \u00e9 a prancha lateral de cada lado, 20 segundos no total divididos em 10 para cada. Apoie um antebra\u00e7o no ch\u00e3o mantendo o corpo lateralizado com quadril elevado, formando uma linha reta dos p\u00e9s \u00e0 cabe\u00e7a. Esse movimento trabalha os obl\u00edquos externos e internos que s\u00e3o fundamentais para rota\u00e7\u00e3o do tronco e prote\u00e7\u00e3o da coluna lombar durante atividades di\u00e1rias.<\/p>\n\n\n\n<p>A sequ\u00eancia completa de 1 minuto inclui:<\/p>\n\n\n\n<ul class=\"wp-block-list\">\n<li>Prancha frontal por 20 segundos ativando conscientemente o transverso abdominal profundo<\/li>\n\n\n\n<li>Prancha lateral direita por 10 segundos trabalhando obl\u00edquos e estabilizadores laterais<\/li>\n\n\n\n<li>Prancha lateral esquerda por 10 segundos equilibrando o trabalho muscular bilateral<\/li>\n\n\n\n<li>Ponte invertida por 20 segundos finalizando com ativa\u00e7\u00e3o de toda cadeia posterior<\/li>\n<\/ul>\n\n\n\n<h2 class=\"wp-block-heading\">Como executar corretamente para garantir resultados?<\/h2>\n\n\n\n<p>A qualidade da execu\u00e7\u00e3o importa muito mais que a quantidade de tempo nas posi\u00e7\u00f5es. Durante a prancha frontal, evite deixar o quadril cair ou subir demais, mantendo alinhamento neutro da coluna. Respire normalmente sem prender o ar, focando em manter a contra\u00e7\u00e3o abdominal constante durante toda a dura\u00e7\u00e3o. Se 20 segundos for muito dif\u00edcil no come\u00e7o, comece com 10 e v\u00e1 aumentando gradualmente conforme ganha for\u00e7a.<\/p>\n\n\n\n<p>Na prancha lateral, o erro mais comum \u00e9 deixar o quadril despencar em dire\u00e7\u00e3o ao ch\u00e3o perdendo o alinhamento. Imagine que existe uma parede atr\u00e1s de voc\u00ea e tente manter o corpo todo encostado nela. Se a posi\u00e7\u00e3o completa for muito desafiadora inicialmente, apoie o joelho de baixo no ch\u00e3o reduzindo a dificuldade sem perder os benef\u00edcios do exerc\u00edcio.<\/p>\n\n\n\n<p>Dicas essenciais para execu\u00e7\u00e3o correta s\u00e3o:<\/p>\n\n\n\n<ul class=\"wp-block-list\">\n<li>Manter respira\u00e7\u00e3o cont\u00ednua e natural sem prender o ar durante as contra\u00e7\u00f5es isom\u00e9tricas<\/li>\n\n\n\n<li>Focar em qualidade do alinhamento corporal mais que dura\u00e7\u00e3o nas posi\u00e7\u00f5es inicialmente<\/li>\n\n\n\n<li>Contrair conscientemente o abd\u00f4men puxando o umbigo em dire\u00e7\u00e3o \u00e0 coluna vertebral<\/li>\n\n\n\n<li>Progredir gradualmente aumentando tempo conforme ganha for\u00e7a e resist\u00eancia muscular<\/li>\n<\/ul>\n\n\n\n<p>Confira a seguir o v\u00eddeo do canal Guilherme Stellbrink, com mais de 75 mil visualiza\u00e7\u00f5es ensinando como fazer uma prancha lateral:<\/p>\n\n\n\n<figure class=\"wp-block-embed is-type-video is-provider-youtube wp-block-embed-youtube wp-embed-aspect-16-9 wp-has-aspect-ratio\"><div class=\"wp-block-embed__wrapper\">\n<div class=\"jeg_video_container jeg_video_content\"><iframe loading=\"lazy\" title=\"COMO FAZER PRANCHA LATERAL - Fisioprev\" width=\"500\" height=\"281\" src=\"https:\/\/www.youtube.com\/embed\/zt7PjySXWCw?feature=oembed\" frameborder=\"0\" allow=\"accelerometer; autoplay; clipboard-write; encrypted-media; gyroscope; picture-in-picture; web-share\" referrerpolicy=\"strict-origin-when-cross-origin\" allowfullscreen><\/iframe><\/div>\n<\/div><\/figure>\n\n\n\n<h2 class=\"wp-block-heading\">Quando e com que frequ\u00eancia fazer essa rotina?<\/h2>\n\n\n\n<p>A beleza desse m\u00e9todo est\u00e1 na flexibilidade de hor\u00e1rios, voc\u00ea pode encaixar esse minuto praticamente em qualquer momento do dia. Muita gente faz logo ao acordar antes do caf\u00e9 da manh\u00e3 como forma de ativar o corpo. Outros preferem no meio do expediente como pausa ativa do trabalho sedent\u00e1rio. O importante \u00e9 escolher um hor\u00e1rio que funcione para voc\u00ea e manter consist\u00eancia fazendo todos os dias.<\/p>\n\n\n\n<p>Quanto \u00e0 frequ\u00eancia, o ideal \u00e9 praticar diariamente para obter resultados vis\u00edveis em quatro a seis semanas. Como s\u00e3o apenas 60 segundos e exerc\u00edcios isom\u00e9tricos que n\u00e3o causam fadiga extrema, o corpo consegue recuperar facilmente permitindo treino di\u00e1rio sem riscos de overtraining. Se sentir desconforto nas costas ou pesco\u00e7o, revise a t\u00e9cnica e considere come\u00e7ar com vers\u00f5es modificadas mais f\u00e1ceis.<\/p>\n\n\n<div class=\"wp-block-image\">\n<figure class=\"aligncenter size-large\"><img decoding=\"async\" width=\"1024\" height=\"584\" src=\"https:\/\/www.correiobraziliense.com.br\/cbradar\/wp-content\/uploads\/2026\/01\/freepik__the-style-is-candid-image-photography-with-natural__72475-1024x584.jpeg\" alt=\"Essa rotina de 1 minuto viralizou entre fisioterapeutas e promete fortalecer o abd\u00f4men\" class=\"wp-image-179838\"\/><figcaption class=\"wp-element-caption\">Sequ\u00eancia simples de exerc\u00edcios isom\u00e9tricos ganha aprova\u00e7\u00e3o de profissionais de sa\u00fade e viraliza nas redes<\/figcaption><\/figure><\/div>\n\n\n<h2 class=\"wp-block-heading\">Quais resultados esperar dessa rotina simples?<\/h2>\n\n\n\n<p>Nos primeiros 15 dias voc\u00ea vai notar melhora significativa na postura e redu\u00e7\u00e3o de dores lombares causadas por fraqueza do core. A consci\u00eancia corporal aumenta porque voc\u00ea aprende a ativar o abd\u00f4men corretamente durante atividades cotidianas. Com um m\u00eas de pr\u00e1tica consistente, a defini\u00e7\u00e3o muscular come\u00e7a a aparecer especialmente se combinado com alimenta\u00e7\u00e3o equilibrada e redu\u00e7\u00e3o de gordura corporal.<\/p>\n\n\n\n<p>O benef\u00edcio mais importante vai al\u00e9m da est\u00e9tica: voc\u00ea desenvolve um core forte e funcional que protege sua coluna, melhora equil\u00edbrio e facilita todos os outros movimentos do dia a dia. Carregar compras, pegar crian\u00e7as no colo, fazer jardinagem, tudo fica mais f\u00e1cil e seguro quando sua musculatura central est\u00e1 bem condicionada atrav\u00e9s dessa rotina simples, mas extremamente eficaz.<\/p>\n","protected":false},"excerpt":{"rendered":"<p>Uma sequ\u00eancia simples de exerc\u00edcios est\u00e1 tomando conta das redes sociais e ganhando aprova\u00e7\u00e3o de profissionais de sa\u00fade pela efic\u00e1cia impressionante. Em apenas 60 segundos por dia, essa rotina promete fortalecer o abd\u00f4men de forma segura e funcional, sem sobrecarregar a coluna ou exigir equipamentos caros. Se voc\u00ea cansa daqueles treinos intermin\u00e1veis de abdominal que [&hellip;]<\/p>\n","protected":false},"author":16,"featured_media":179839,"comment_status":"open","ping_status":"open","sticky":false,"template":"","format":"standard","meta":{"_yoast_wpseo_focuskw":"rotina de 1 minuto","_yoast_wpseo_title":"","_yoast_wpseo_metadesc":"Exerc\u00edcio r\u00e1pido e aprovado por especialistas, essa rotina de prancha e ponte ativa o core sem sobrecarregar a lombar. Veja como fazer certo.","jnews-multi-image_gallery":[],"jnews_single_post":{"format":"standard"},"jnews_primary_category":[],"jnews_social_meta":[],"jnews_override_counter":[],"footnotes":""},"categories":[112],"tags":[120,1807,13501],"class_list":["post-179833","post","type-post","status-publish","format-standard","has-post-thumbnail","hentry","category-curiosidades","tag-bem-estar","tag-exercicio","tag-prancha"],"yoast_head":"<!-- This site is optimized with the Yoast SEO plugin v24.6 - https:\/\/yoast.com\/wordpress\/plugins\/seo\/ -->\n<title>Essa rotina de 1 minuto viralizou entre fisioterapeutas e promete fortalecer o abd\u00f4men - Correio Braziliense - Radar<\/title>\n<meta name=\"description\" content=\"Exerc\u00edcio r\u00e1pido e aprovado por especialistas, essa rotina de prancha e ponte ativa o core sem sobrecarregar a lombar. Veja como fazer certo.\" \/>\n<meta name=\"robots\" content=\"index, follow, max-snippet:-1, max-image-preview:large, max-video-preview:-1\" \/>\n<link rel=\"canonical\" href=\"https:\/\/www.correiobraziliense.com.br\/cbradar\/essa-rotina-de-1-minuto-viralizou-entre-fisioterapeutas-e-promete-fortalecer-o-abdomen\/\" \/>\n<meta property=\"og:locale\" content=\"pt_BR\" \/>\n<meta property=\"og:type\" content=\"article\" \/>\n<meta property=\"og:title\" content=\"Essa rotina de 1 minuto viralizou entre fisioterapeutas e promete fortalecer o abd\u00f4men - Correio Braziliense - Radar\" \/>\n<meta property=\"og:description\" content=\"Exerc\u00edcio r\u00e1pido e aprovado por especialistas, essa rotina de prancha e ponte ativa o core sem sobrecarregar a lombar. Veja como fazer certo.\" \/>\n<meta property=\"og:url\" content=\"https:\/\/www.correiobraziliense.com.br\/cbradar\/essa-rotina-de-1-minuto-viralizou-entre-fisioterapeutas-e-promete-fortalecer-o-abdomen\/\" \/>\n<meta property=\"og:site_name\" content=\"Correio Braziliense - Radar\" \/>\n<meta property=\"article:published_time\" content=\"2026-01-23T01:34:31+00:00\" \/>\n<meta property=\"article:modified_time\" content=\"2026-01-23T01:36:03+00:00\" \/>\n<meta property=\"og:image\" content=\"https:\/\/www.correiobraziliense.com.br\/cbradar\/wp-content\/uploads\/2026\/01\/freepik__the-style-is-candid-image-photography-with-natural__72476-e1769131991551.jpeg\" \/>\n\t<meta property=\"og:image:width\" content=\"1280\" \/>\n\t<meta property=\"og:image:height\" content=\"730\" \/>\n\t<meta property=\"og:image:type\" content=\"image\/jpeg\" \/>\n<meta name=\"author\" content=\"Carlos Emanoel\" \/>\n<meta name=\"twitter:card\" content=\"summary_large_image\" \/>\n<meta name=\"twitter:label1\" content=\"Escrito por\" \/>\n\t<meta name=\"twitter:data1\" content=\"Carlos Emanoel\" \/>\n\t<meta name=\"twitter:label2\" content=\"Est. tempo de leitura\" \/>\n\t<meta name=\"twitter:data2\" content=\"6 minutos\" \/>\n<!-- \/ Yoast SEO plugin. -->","yoast_head_json":{"title":"Essa rotina de 1 minuto viralizou entre fisioterapeutas e promete fortalecer o abd\u00f4men - Correio Braziliense - Radar","description":"Exerc\u00edcio r\u00e1pido e aprovado por especialistas, essa rotina de prancha e ponte ativa o core sem sobrecarregar a lombar. Veja como fazer certo.","robots":{"index":"index","follow":"follow","max-snippet":"max-snippet:-1","max-image-preview":"max-image-preview:large","max-video-preview":"max-video-preview:-1"},"canonical":"https:\/\/www.correiobraziliense.com.br\/cbradar\/essa-rotina-de-1-minuto-viralizou-entre-fisioterapeutas-e-promete-fortalecer-o-abdomen\/","og_locale":"pt_BR","og_type":"article","og_title":"Essa rotina de 1 minuto viralizou entre fisioterapeutas e promete fortalecer o abd\u00f4men - Correio Braziliense - Radar","og_description":"Exerc\u00edcio r\u00e1pido e aprovado por especialistas, essa rotina de prancha e ponte ativa o core sem sobrecarregar a lombar. Veja como fazer certo.","og_url":"https:\/\/www.correiobraziliense.com.br\/cbradar\/essa-rotina-de-1-minuto-viralizou-entre-fisioterapeutas-e-promete-fortalecer-o-abdomen\/","og_site_name":"Correio Braziliense - Radar","article_published_time":"2026-01-23T01:34:31+00:00","article_modified_time":"2026-01-23T01:36:03+00:00","og_image":[{"width":1280,"height":730,"url":"https:\/\/www.correiobraziliense.com.br\/cbradar\/wp-content\/uploads\/2026\/01\/freepik__the-style-is-candid-image-photography-with-natural__72476-e1769131991551.jpeg","type":"image\/jpeg"}],"author":"Carlos Emanoel","twitter_card":"summary_large_image","twitter_misc":{"Escrito por":"Carlos Emanoel","Est. tempo de leitura":"6 minutos"},"schema":{"@context":"https:\/\/schema.org","@graph":[{"@type":"WebPage","@id":"https:\/\/www.correiobraziliense.com.br\/cbradar\/essa-rotina-de-1-minuto-viralizou-entre-fisioterapeutas-e-promete-fortalecer-o-abdomen\/","url":"https:\/\/www.correiobraziliense.com.br\/cbradar\/essa-rotina-de-1-minuto-viralizou-entre-fisioterapeutas-e-promete-fortalecer-o-abdomen\/","name":"Essa rotina de 1 minuto viralizou entre fisioterapeutas e promete fortalecer o abd\u00f4men - Correio Braziliense - Radar","isPartOf":{"@id":"https:\/\/www.correiobraziliense.com.br\/cbradar\/#website"},"primaryImageOfPage":{"@id":"https:\/\/www.correiobraziliense.com.br\/cbradar\/essa-rotina-de-1-minuto-viralizou-entre-fisioterapeutas-e-promete-fortalecer-o-abdomen\/#primaryimage"},"image":{"@id":"https:\/\/www.correiobraziliense.com.br\/cbradar\/essa-rotina-de-1-minuto-viralizou-entre-fisioterapeutas-e-promete-fortalecer-o-abdomen\/#primaryimage"},"thumbnailUrl":"https:\/\/www.correiobraziliense.com.br\/cbradar\/wp-content\/uploads\/2026\/01\/freepik__the-style-is-candid-image-photography-with-natural__72476-e1769131991551.jpeg","datePublished":"2026-01-23T01:34:31+00:00","dateModified":"2026-01-23T01:36:03+00:00","author":{"@id":"https:\/\/www.correiobraziliense.com.br\/cbradar\/#\/schema\/person\/7cb69f5de3b2da2c5cca754a43470cf6"},"description":"Exerc\u00edcio r\u00e1pido e aprovado por especialistas, essa rotina de prancha e ponte ativa o core sem sobrecarregar a lombar. Veja como fazer certo.","breadcrumb":{"@id":"https:\/\/www.correiobraziliense.com.br\/cbradar\/essa-rotina-de-1-minuto-viralizou-entre-fisioterapeutas-e-promete-fortalecer-o-abdomen\/#breadcrumb"},"inLanguage":"pt-BR","potentialAction":[{"@type":"ReadAction","target":["https:\/\/www.correiobraziliense.com.br\/cbradar\/essa-rotina-de-1-minuto-viralizou-entre-fisioterapeutas-e-promete-fortalecer-o-abdomen\/"]}]},{"@type":"ImageObject","inLanguage":"pt-BR","@id":"https:\/\/www.correiobraziliense.com.br\/cbradar\/essa-rotina-de-1-minuto-viralizou-entre-fisioterapeutas-e-promete-fortalecer-o-abdomen\/#primaryimage","url":"https:\/\/www.correiobraziliense.com.br\/cbradar\/wp-content\/uploads\/2026\/01\/freepik__the-style-is-candid-image-photography-with-natural__72476-e1769131991551.jpeg","contentUrl":"https:\/\/www.correiobraziliense.com.br\/cbradar\/wp-content\/uploads\/2026\/01\/freepik__the-style-is-candid-image-photography-with-natural__72476-e1769131991551.jpeg","width":1280,"height":730,"caption":"Rotina de exerc\u00edcios de apenas 1 minuto promete fortalecer o abd\u00f4men com seguran\u00e7a e base cient\u00edfica"},{"@type":"BreadcrumbList","@id":"https:\/\/www.correiobraziliense.com.br\/cbradar\/essa-rotina-de-1-minuto-viralizou-entre-fisioterapeutas-e-promete-fortalecer-o-abdomen\/#breadcrumb","itemListElement":[{"@type":"ListItem","position":1,"name":"In\u00edcio","item":"https:\/\/www.correiobraziliense.com.br\/cbradar\/"},{"@type":"ListItem","position":2,"name":"Essa rotina de 1 minuto viralizou entre fisioterapeutas e promete fortalecer o abd\u00f4men"}]},{"@type":"WebSite","@id":"https:\/\/www.correiobraziliense.com.br\/cbradar\/#website","url":"https:\/\/www.correiobraziliense.com.br\/cbradar\/","name":"Correio Braziliense - Radar","description":"Acompanhe as \u00faltimas not\u00edcias e fique bem informado sobre tudo o que acontece no Brasil e no mundo.","potentialAction":[{"@type":"SearchAction","target":{"@type":"EntryPoint","urlTemplate":"https:\/\/www.correiobraziliense.com.br\/cbradar\/?s={search_term_string}"},"query-input":{"@type":"PropertyValueSpecification","valueRequired":true,"valueName":"search_term_string"}}],"inLanguage":"pt-BR"},{"@type":"Person","@id":"https:\/\/www.correiobraziliense.com.br\/cbradar\/#\/schema\/person\/7cb69f5de3b2da2c5cca754a43470cf6","name":"Carlos Emanoel","image":{"@type":"ImageObject","inLanguage":"pt-BR","@id":"https:\/\/www.correiobraziliense.com.br\/cbradar\/#\/schema\/person\/image\/","url":"https:\/\/secure.gravatar.com\/avatar\/4b33ca1112d9795a0a9ea460c383b721?s=96&d=mm&r=g","contentUrl":"https:\/\/secure.gravatar.com\/avatar\/4b33ca1112d9795a0a9ea460c383b721?s=96&d=mm&r=g","caption":"Carlos Emanoel"},"sameAs":["https:\/\/www.correiobraziliense.com.br\/cbradar\/"],"url":"https:\/\/www.correiobraziliense.com.br\/cbradar\/author\/carlos\/"}]}},"_links":{"self":[{"href":"https:\/\/www.correiobraziliense.com.br\/cbradar\/wp-json\/wp\/v2\/posts\/179833","targetHints":{"allow":["GET"]}}],"collection":[{"href":"https:\/\/www.correiobraziliense.com.br\/cbradar\/wp-json\/wp\/v2\/posts"}],"about":[{"href":"https:\/\/www.correiobraziliense.com.br\/cbradar\/wp-json\/wp\/v2\/types\/post"}],"author":[{"embeddable":true,"href":"https:\/\/www.correiobraziliense.com.br\/cbradar\/wp-json\/wp\/v2\/users\/16"}],"replies":[{"embeddable":true,"href":"https:\/\/www.correiobraziliense.com.br\/cbradar\/wp-json\/wp\/v2\/comments?post=179833"}],"version-history":[{"count":2,"href":"https:\/\/www.correiobraziliense.com.br\/cbradar\/wp-json\/wp\/v2\/posts\/179833\/revisions"}],"predecessor-version":[{"id":179842,"href":"https:\/\/www.correiobraziliense.com.br\/cbradar\/wp-json\/wp\/v2\/posts\/179833\/revisions\/179842"}],"wp:featuredmedia":[{"embeddable":true,"href":"https:\/\/www.correiobraziliense.com.br\/cbradar\/wp-json\/wp\/v2\/media\/179839"}],"wp:attachment":[{"href":"https:\/\/www.correiobraziliense.com.br\/cbradar\/wp-json\/wp\/v2\/media?parent=179833"}],"wp:term":[{"taxonomy":"category","embeddable":true,"href":"https:\/\/www.correiobraziliense.com.br\/cbradar\/wp-json\/wp\/v2\/categories?post=179833"},{"taxonomy":"post_tag","embeddable":true,"href":"https:\/\/www.correiobraziliense.com.br\/cbradar\/wp-json\/wp\/v2\/tags?post=179833"}],"curies":[{"name":"wp","href":"https:\/\/api.w.org\/{rel}","templated":true}]}}