{"id":179856,"date":"2026-01-24T06:15:00","date_gmt":"2026-01-24T09:15:00","guid":{"rendered":"https:\/\/www.correiobraziliense.com.br\/cbradar\/?p=179856"},"modified":"2026-01-23T18:21:40","modified_gmt":"2026-01-23T21:21:40","slug":"o-suco-refrescante-que-ajuda-o-estomago-a-trabalhar-melhor-e-e-super-facil-de-preparar","status":"publish","type":"post","link":"https:\/\/www.correiobraziliense.com.br\/cbradar\/o-suco-refrescante-que-ajuda-o-estomago-a-trabalhar-melhor-e-e-super-facil-de-preparar\/","title":{"rendered":"O suco refrescante que ajuda o est\u00f4mago a trabalhar melhor e \u00e9 super f\u00e1cil de preparar"},"content":{"rendered":"\n<p>Entre as bebidas naturais presentes no dia a dia, o <strong>suco de abacaxi com hortel\u00e3<\/strong> costuma ser associado \u00e0 refresc\u00e2ncia e ao al\u00edvio ap\u00f3s refei\u00e7\u00f5es mais pesadas. Essa combina\u00e7\u00e3o re\u00fane compostos que podem auxiliar a digest\u00e3o e contribuir para uma rotina alimentar mais equilibrada, especialmente quando consumida sem excesso de a\u00e7\u00facar. A bebida se destaca pelo sabor marcante do abacaxi e pelo aroma caracter\u00edstico da hortel\u00e3, o que facilita sua aceita\u00e7\u00e3o em diferentes faixas et\u00e1rias.<\/p>\n\n\n\n<h2 class=\"wp-block-heading\">Como o suco de abacaxi com hortel\u00e3 age na digest\u00e3o<\/h2>\n\n\n\n<p>O abacaxi \u00e9 conhecido por conter <strong>bromelina<\/strong>, um conjunto de enzimas que participa da quebra de prote\u00ednas dos alimentos, apoiando o trabalho natural do est\u00f4mago e do intestino. J\u00e1 a hortel\u00e3 \u00e9 frequentemente associada a uma sensa\u00e7\u00e3o de al\u00edvio no trato gastrointestinal, ajudando em casos de estufamento e desconforto abdominal leves.<\/p>\n\n\n\n<p>Quando combinados em um \u00fanico suco, abacaxi e hortel\u00e3 apresentam um perfil interessante para quem busca uma bebida de apoio \u00e0 digest\u00e3o, especialmente ap\u00f3s refei\u00e7\u00f5es ricas em carnes. Al\u00e9m da bromelina, o abacaxi oferece <strong>fibras<\/strong>, ainda que em menor quantidade quando coado, e a hortel\u00e3 agrega compostos arom\u00e1ticos que podem favorecer o relaxamento da musculatura lisa do tubo digestivo.<\/p>\n\n\n<div class=\"wp-block-image\">\n<figure class=\"aligncenter size-large\"><img decoding=\"async\" width=\"1024\" height=\"576\" src=\"https:\/\/www.correiobraziliense.com.br\/cbradar\/wp-content\/uploads\/2026\/01\/abacaxi-com-hortela_1767585981399-1024x576.jpg\" alt=\"\" class=\"wp-image-169350\" srcset=\"https:\/\/www.correiobraziliense.com.br\/cbradar\/wp-content\/uploads\/2026\/01\/abacaxi-com-hortela_1767585981399-1024x576.jpg 1024w, https:\/\/www.correiobraziliense.com.br\/cbradar\/wp-content\/uploads\/2026\/01\/abacaxi-com-hortela_1767585981399-300x169.jpg 300w, https:\/\/www.correiobraziliense.com.br\/cbradar\/wp-content\/uploads\/2026\/01\/abacaxi-com-hortela_1767585981399-768x432.jpg 768w, https:\/\/www.correiobraziliense.com.br\/cbradar\/wp-content\/uploads\/2026\/01\/abacaxi-com-hortela_1767585981399-750x422.jpg 750w, https:\/\/www.correiobraziliense.com.br\/cbradar\/wp-content\/uploads\/2026\/01\/abacaxi-com-hortela_1767585981399-1140x641.jpg 1140w, https:\/\/www.correiobraziliense.com.br\/cbradar\/wp-content\/uploads\/2026\/01\/abacaxi-com-hortela_1767585981399.jpg 1280w\" sizes=\"(max-width: 1024px) 100vw, 1024px\" \/><figcaption class=\"wp-element-caption\">A ingest\u00e3o de abacaxi ap\u00f3s refei\u00e7\u00f5es volumosas costuma ser associada \u00e0 sensa\u00e7\u00e3o de boca mais limpa &#8211; Cr\u00e9ditos: depositphotos.com \/ nevarpp<\/figcaption><\/figure><\/div>\n\n\n<p>Leia tamb\u00e9m:&nbsp;<a href=\"https:\/\/www.correiobraziliense.com.br\/cbradar\/o-verde-digestivo-que-virou-queridinho-das-hortas-por-ser-simples-de-plantar\/\" target=\"_blank\" rel=\"noopener\">O verde digestivo que virou queridinho das hortas por ser simples de plantar<\/a><\/p>\n\n\n\n<h2 class=\"wp-block-heading\">Quais s\u00e3o os principais benef\u00edcios do suco de abacaxi com hortel\u00e3<\/h2>\n\n\n\n<p>O poss\u00edvel <strong>efeito digestivo<\/strong> do suco de abacaxi com hortel\u00e3 vem acompanhado de outros pontos valorizados em uma alimenta\u00e7\u00e3o equilibrada e em estrat\u00e9gias simples de bem-estar di\u00e1rio. Al\u00e9m de ser uma op\u00e7\u00e3o de hidrata\u00e7\u00e3o, a bebida carrega vitaminas, minerais e antioxidantes naturalmente presentes nos ingredientes, o que a torna uma alternativa a refrigerantes e bebidas artificiais com alto teor de a\u00e7\u00facar e aditivos.<\/p>\n\n\n\n<p>Para facilitar o entendimento de como essa bebida pode contribuir na rotina, a seguir est\u00e3o alguns de seus principais atributos nutricionais e funcionais, lembrando que eles atuam como coadjuvantes dentro de um estilo de vida saud\u00e1vel:<\/p>\n\n\n\n<ul class=\"wp-block-list\">\n<li><strong>Hidrata\u00e7\u00e3o:<\/strong> o abacaxi possui alto teor de \u00e1gua, contribuindo para o equil\u00edbrio de l\u00edquidos no organismo.<\/li>\n\n\n\n<li><strong>Vitaminas:<\/strong> \u00e9 fonte de vitamina C, nutriente associado \u00e0 prote\u00e7\u00e3o das c\u00e9lulas contra radicais livres.<\/li>\n\n\n\n<li><strong>Minerais:<\/strong> cont\u00e9m mangan\u00eas e pequenas quantidades de outros minerais importantes para o metabolismo.<\/li>\n\n\n\n<li><strong>Fibras:<\/strong> quando o suco \u00e9 menos coado, preserva parte das fibras naturais da fruta.<\/li>\n\n\n\n<li><strong>Compostos arom\u00e1ticos:<\/strong> a hortel\u00e3 oferece subst\u00e2ncias com potencial efeito calmante sobre o sistema digestivo.<\/li>\n<\/ul>\n\n\n\n<h2 class=\"wp-block-heading\">Como preparar suco de abacaxi com hortel\u00e3 para favorecer a digest\u00e3o<\/h2>\n\n\n\n<p>Para aproveitar melhor as caracter\u00edsticas digestivas da bebida, muitas receitas priorizam o uso de fruta fresca e pouco a\u00e7\u00facar, preservando o sabor natural. A prepara\u00e7\u00e3o \u00e9 simples e pode ser adaptada conforme o gosto e as necessidades cal\u00f3ricas de cada pessoa, sempre com aten\u00e7\u00e3o \u00e0s quantidades e ao contexto da refei\u00e7\u00e3o em que ser\u00e1 consumida. Se voc\u00ea gosta de alimenta\u00e7\u00e3o saud\u00e1vel, separamos esse v\u00eddeo do canal <a href=\"https:\/\/www.youtube.com\/@receitassemblablabla\" target=\"_blank\" rel=\"noreferrer noopener\">Receitas sem Bl\u00e1 Bl\u00e1 Bl\u00e1<\/a> ensinando a fazer esse suco:<\/p>\n\n\n\n<figure class=\"wp-block-embed is-type-video is-provider-youtube wp-block-embed-youtube wp-embed-aspect-16-9 wp-has-aspect-ratio\"><div class=\"wp-block-embed__wrapper\">\n<div class=\"jeg_video_container jeg_video_content\"><iframe loading=\"lazy\" title=\"PRA QUE SERVE O SUCO DE ABACAXI COM HORTEL\u00c3? CONHE\u00c7A OS BENEF\u00cdCIOS E APRENDA COMO FAZER!\" width=\"500\" height=\"281\" src=\"https:\/\/www.youtube.com\/embed\/kEJf3LrcWyQ?feature=oembed\" frameborder=\"0\" allow=\"accelerometer; autoplay; clipboard-write; encrypted-media; gyroscope; picture-in-picture; web-share\" referrerpolicy=\"strict-origin-when-cross-origin\" allowfullscreen><\/iframe><\/div>\n<\/div><\/figure>\n\n\n\n<p>Tamb\u00e9m \u00e9 poss\u00edvel ajustar a textura e a intensidade do sabor, deixando o suco mais concentrado ou mais dilu\u00eddo, de acordo com a sensibilidade digestiva individual. A seguir, um modo de preparo b\u00e1sico que pode ser usado como refer\u00eancia em casa:<\/p>\n\n\n\n<ol class=\"wp-block-list\">\n<li>Cortar cerca de 2 fatias grossas de abacaxi maduro (aproximadamente 200 g).<\/li>\n\n\n\n<li>Lavar um pequeno ma\u00e7o de hortel\u00e3 e separar de 6 a 8 folhas.<\/li>\n\n\n\n<li>Adicionar o abacaxi e a hortel\u00e3 ao liquidificador com 200 a 250 ml de \u00e1gua gelada.<\/li>\n\n\n\n<li>Bater at\u00e9 obter uma mistura homog\u00eanea; se desejado, coar levemente para retirar o excesso de fibras.<\/li>\n\n\n\n<li>Ado\u00e7ar com quantidade moderada de a\u00e7\u00facar ou ado\u00e7ante, ou consumir sem ado\u00e7ar para reduzir calorias.<\/li>\n<\/ol>\n\n\n\n<p>Algumas pessoas acrescentam pedras de gelo ou combinam o suco de abacaxi com outras frutas, como laranja ou ma\u00e7\u00e3. No entanto, para quem busca especificamente o <strong>suco de abacaxi com hortel\u00e3 para digest\u00e3o<\/strong>, a vers\u00e3o mais simples costuma ser a mais utilizada, pois preserva melhor o sabor original e facilita o controle dos ingredientes.<\/p>\n\n\n\n<h2 class=\"wp-block-heading\">Quais s\u00e3o as informa\u00e7\u00f5es nutricionais do suco de abacaxi com hortel\u00e3<\/h2>\n\n\n\n<p>A seguir, um exemplo m\u00e9dio de <strong>informa\u00e7\u00e3o nutricional<\/strong> para uma por\u00e7\u00e3o de cerca de 200 ml de suco de abacaxi com hortel\u00e3 preparado com \u00e1gua e sem a\u00e7\u00facar adicionado. Os valores s\u00e3o estimativas e podem variar conforme o tamanho das fatias, o tipo de abacaxi, a quantidade de folhas de hortel\u00e3 e o modo de preparo escolhido em casa ou em restaurantes.<\/p>\n\n\n\n<div style=\"font-family: 'Segoe UI', Tahoma, Geneva, Verdana, sans-serif; max-width: 1000px; margin: 20px auto; border: 2px solid #722f37; border-radius: 30px; overflow: hidden; background-color: #ffffff; box-shadow: 0 4px 15px rgba(114, 47, 55, 0.1);\">\n    <table style=\"width: 100%; border-collapse: collapse; text-align: left; font-size: 14px;\">\n        <thead>\n            <tr style=\"background-color: #722f37;\">\n                <th style=\"padding: 15px; color: #ffffff; border-bottom: 2px solid #f9d8e6; width: 50%;\">Componente<\/th>\n                <th style=\"padding: 15px; color: #ffffff; border-bottom: 2px solid #f9d8e6; width: 50%;\">Quantidade aproximada por 200 ml<\/th>\n            <\/tr>\n        <\/thead>\n        <tbody>\n            <tr>\n                <td style=\"padding: 12px 15px; border-bottom: 1px solid #ffe3ee; color: #4a4a4a; font-weight: bold;\">Energia<\/td>\n                <td style=\"padding: 12px 15px; border-bottom: 1px solid #ffe3ee; color: #4a4a4a;\">45\u201360 kcal<\/td>\n            <\/tr>\n            <tr style=\"background-color: #fffafa;\">\n                <td style=\"padding: 12px 15px; border-bottom: 1px solid #ffe3ee; color: #4a4a4a; font-weight: bold;\">Carboidratos totais<\/td>\n                <td style=\"padding: 12px 15px; border-bottom: 1px solid #ffe3ee; color: #4a4a4a;\">11\u201314 g<\/td>\n            <\/tr>\n            <tr>\n                <td style=\"padding: 12px 15px; border-bottom: 1px solid #ffe3ee; color: #4a4a4a; font-weight: bold;\">Prote\u00ednas<\/td>\n                <td style=\"padding: 12px 15px; border-bottom: 1px solid #ffe3ee; color: #4a4a4a;\">0,4\u20130,6 g<\/td>\n            <\/tr>\n            <tr style=\"background-color: #fffafa;\">\n                <td style=\"padding: 12px 15px; border-bottom: 1px solid #ffe3ee; color: #4a4a4a; font-weight: bold;\">Gorduras totais<\/td>\n                <td style=\"padding: 12px 15px; border-bottom: 1px solid #ffe3ee; color: #4a4a4a;\">0\u20130,3 g<\/td>\n            <\/tr>\n            <tr>\n                <td style=\"padding: 12px 15px; border-bottom: 1px solid #ffe3ee; color: #4a4a4a; font-weight: bold;\">Fibras<\/td>\n                <td style=\"padding: 12px 15px; border-bottom: 1px solid #ffe3ee; color: #4a4a4a;\">0,5\u20131,5 g (dependendo do coar ou n\u00e3o)<\/td>\n            <\/tr>\n            <tr style=\"background-color: #fffafa;\">\n                <td style=\"padding: 12px 15px; border-bottom: 1px solid #ffe3ee; color: #4a4a4a; font-weight: bold;\">Vitamina C<\/td>\n                <td style=\"padding: 12px 15px; border-bottom: 1px solid #ffe3ee; color: #4a4a4a;\">15\u201325 mg<\/td>\n            <\/tr>\n            <tr>\n                <td style=\"padding: 12px 15px; border-bottom: 1px solid #ffe3ee; color: #4a4a4a; font-weight: bold;\">Mangan\u00eas<\/td>\n                <td style=\"padding: 12px 15px; border-bottom: 1px solid #ffe3ee; color: #4a4a4a;\">0,5\u20130,8 mg<\/td>\n            <\/tr>\n            <tr style=\"background-color: #fffafa;\">\n                <td style=\"padding: 12px 15px; color: #4a4a4a; font-weight: bold;\">S\u00f3dio<\/td>\n                <td style=\"padding: 12px 15px; color: #4a4a4a;\">1\u20133 mg<\/td>\n            <\/tr>\n        <\/tbody>\n    <\/table>\n<\/div>\n\n\n\n<p>O consumo do suco de abacaxi com hortel\u00e3 pode ser encaixado em diferentes momentos do dia, principalmente ap\u00f3s refei\u00e7\u00f5es principais ou em lanches intermedi\u00e1rios, sempre considerando necessidades individuais. Quando aliado a h\u00e1bitos como mastiga\u00e7\u00e3o adequada, intervalos regulares entre as refei\u00e7\u00f5es e ingest\u00e3o de \u00e1gua ao longo do dia, essa bebida tende a se tornar uma op\u00e7\u00e3o pr\u00e1tica para quem deseja cuidar da digest\u00e3o de maneira simples e organizada.<\/p>\n","protected":false},"excerpt":{"rendered":"<p>Entre as bebidas naturais presentes no dia a dia, o suco de abacaxi com hortel\u00e3 costuma ser associado \u00e0 refresc\u00e2ncia e ao al\u00edvio ap\u00f3s refei\u00e7\u00f5es mais pesadas. Essa combina\u00e7\u00e3o re\u00fane compostos que podem auxiliar a digest\u00e3o e contribuir para uma rotina alimentar mais equilibrada, especialmente quando consumida sem excesso de a\u00e7\u00facar. A bebida se destaca [&hellip;]<\/p>\n","protected":false},"author":9,"featured_media":180335,"comment_status":"open","ping_status":"open","sticky":false,"template":"","format":"standard","meta":{"_yoast_wpseo_focuskw":"suco de abacaxi com hortel\u00e3","_yoast_wpseo_title":"","_yoast_wpseo_metadesc":"Uma bebida leve e refrescante que ajuda na digest\u00e3o e pode complementar a rotina com sabor, hidrata\u00e7\u00e3o e equil\u00edbrio di\u00e1rio.","jnews-multi-image_gallery":[],"jnews_single_post":{"format":"standard"},"jnews_primary_category":[],"jnews_social_meta":[],"jnews_override_counter":[],"footnotes":""},"categories":[119,4404],"tags":[975,14331,5485],"class_list":["post-179856","post","type-post","status-publish","format-standard","has-post-thumbnail","hentry","category-bem-estar","category-saude","tag-abacaxi","tag-suco-de-abacaxi-com-hortela","tag-vitaminas"],"yoast_head":"<!-- This site is optimized with the Yoast SEO plugin v24.6 - https:\/\/yoast.com\/wordpress\/plugins\/seo\/ -->\n<title>O suco refrescante que ajuda o est\u00f4mago a trabalhar melhor e \u00e9 super f\u00e1cil de preparar - Correio Braziliense - Radar<\/title>\n<meta name=\"description\" content=\"Uma bebida leve e refrescante que ajuda na digest\u00e3o e pode complementar a rotina com sabor, hidrata\u00e7\u00e3o e equil\u00edbrio di\u00e1rio.\" \/>\n<meta name=\"robots\" content=\"index, follow, max-snippet:-1, max-image-preview:large, max-video-preview:-1\" \/>\n<link rel=\"canonical\" href=\"https:\/\/www.correiobraziliense.com.br\/cbradar\/o-suco-refrescante-que-ajuda-o-estomago-a-trabalhar-melhor-e-e-super-facil-de-preparar\/\" \/>\n<meta property=\"og:locale\" content=\"pt_BR\" \/>\n<meta property=\"og:type\" content=\"article\" \/>\n<meta property=\"og:title\" content=\"O suco refrescante que ajuda o est\u00f4mago a trabalhar melhor e \u00e9 super f\u00e1cil de preparar - Correio Braziliense - Radar\" \/>\n<meta property=\"og:description\" content=\"Uma bebida leve e refrescante que ajuda na digest\u00e3o e pode complementar a rotina com sabor, hidrata\u00e7\u00e3o e equil\u00edbrio di\u00e1rio.\" \/>\n<meta property=\"og:url\" content=\"https:\/\/www.correiobraziliense.com.br\/cbradar\/o-suco-refrescante-que-ajuda-o-estomago-a-trabalhar-melhor-e-e-super-facil-de-preparar\/\" \/>\n<meta property=\"og:site_name\" content=\"Correio Braziliense - Radar\" \/>\n<meta property=\"article:published_time\" content=\"2026-01-24T09:15:00+00:00\" \/>\n<meta property=\"og:image\" content=\"https:\/\/www.correiobraziliense.com.br\/cbradar\/wp-content\/uploads\/2026\/01\/Gemini_Generated_Image_gw6fk4gw6fk4gw6f-1-1.png\" \/>\n\t<meta property=\"og:image:width\" content=\"1280\" \/>\n\t<meta property=\"og:image:height\" content=\"720\" \/>\n\t<meta property=\"og:image:type\" content=\"image\/png\" \/>\n<meta name=\"author\" content=\"Daniely Cardoso\" \/>\n<meta name=\"twitter:card\" content=\"summary_large_image\" \/>\n<meta name=\"twitter:label1\" content=\"Escrito por\" \/>\n\t<meta name=\"twitter:data1\" content=\"Daniely Cardoso\" \/>\n\t<meta name=\"twitter:label2\" content=\"Est. tempo de leitura\" \/>\n\t<meta name=\"twitter:data2\" content=\"6 minutos\" \/>\n<!-- \/ Yoast SEO plugin. -->","yoast_head_json":{"title":"O suco refrescante que ajuda o est\u00f4mago a trabalhar melhor e \u00e9 super f\u00e1cil de preparar - Correio Braziliense - Radar","description":"Uma bebida leve e refrescante que ajuda na digest\u00e3o e pode complementar a rotina com sabor, hidrata\u00e7\u00e3o e equil\u00edbrio di\u00e1rio.","robots":{"index":"index","follow":"follow","max-snippet":"max-snippet:-1","max-image-preview":"max-image-preview:large","max-video-preview":"max-video-preview:-1"},"canonical":"https:\/\/www.correiobraziliense.com.br\/cbradar\/o-suco-refrescante-que-ajuda-o-estomago-a-trabalhar-melhor-e-e-super-facil-de-preparar\/","og_locale":"pt_BR","og_type":"article","og_title":"O suco refrescante que ajuda o est\u00f4mago a trabalhar melhor e \u00e9 super f\u00e1cil de preparar - Correio Braziliense - Radar","og_description":"Uma bebida leve e refrescante que ajuda na digest\u00e3o e pode complementar a rotina com sabor, hidrata\u00e7\u00e3o e equil\u00edbrio di\u00e1rio.","og_url":"https:\/\/www.correiobraziliense.com.br\/cbradar\/o-suco-refrescante-que-ajuda-o-estomago-a-trabalhar-melhor-e-e-super-facil-de-preparar\/","og_site_name":"Correio Braziliense - Radar","article_published_time":"2026-01-24T09:15:00+00:00","og_image":[{"width":1280,"height":720,"url":"https:\/\/www.correiobraziliense.com.br\/cbradar\/wp-content\/uploads\/2026\/01\/Gemini_Generated_Image_gw6fk4gw6fk4gw6f-1-1.png","type":"image\/png"}],"author":"Daniely Cardoso","twitter_card":"summary_large_image","twitter_misc":{"Escrito por":"Daniely Cardoso","Est. tempo de leitura":"6 minutos"},"schema":{"@context":"https:\/\/schema.org","@graph":[{"@type":"WebPage","@id":"https:\/\/www.correiobraziliense.com.br\/cbradar\/o-suco-refrescante-que-ajuda-o-estomago-a-trabalhar-melhor-e-e-super-facil-de-preparar\/","url":"https:\/\/www.correiobraziliense.com.br\/cbradar\/o-suco-refrescante-que-ajuda-o-estomago-a-trabalhar-melhor-e-e-super-facil-de-preparar\/","name":"O suco refrescante que ajuda o est\u00f4mago a trabalhar melhor e \u00e9 super f\u00e1cil de preparar - Correio Braziliense - Radar","isPartOf":{"@id":"https:\/\/www.correiobraziliense.com.br\/cbradar\/#website"},"primaryImageOfPage":{"@id":"https:\/\/www.correiobraziliense.com.br\/cbradar\/o-suco-refrescante-que-ajuda-o-estomago-a-trabalhar-melhor-e-e-super-facil-de-preparar\/#primaryimage"},"image":{"@id":"https:\/\/www.correiobraziliense.com.br\/cbradar\/o-suco-refrescante-que-ajuda-o-estomago-a-trabalhar-melhor-e-e-super-facil-de-preparar\/#primaryimage"},"thumbnailUrl":"https:\/\/www.correiobraziliense.com.br\/cbradar\/wp-content\/uploads\/2026\/01\/Gemini_Generated_Image_gw6fk4gw6fk4gw6f-1-1.png","datePublished":"2026-01-24T09:15:00+00:00","author":{"@id":"https:\/\/www.correiobraziliense.com.br\/cbradar\/#\/schema\/person\/7356666e12ec0ee53f348ee5db227032"},"description":"Uma bebida leve e refrescante que ajuda na digest\u00e3o e pode complementar a rotina com sabor, hidrata\u00e7\u00e3o e equil\u00edbrio di\u00e1rio.","breadcrumb":{"@id":"https:\/\/www.correiobraziliense.com.br\/cbradar\/o-suco-refrescante-que-ajuda-o-estomago-a-trabalhar-melhor-e-e-super-facil-de-preparar\/#breadcrumb"},"inLanguage":"pt-BR","potentialAction":[{"@type":"ReadAction","target":["https:\/\/www.correiobraziliense.com.br\/cbradar\/o-suco-refrescante-que-ajuda-o-estomago-a-trabalhar-melhor-e-e-super-facil-de-preparar\/"]}]},{"@type":"ImageObject","inLanguage":"pt-BR","@id":"https:\/\/www.correiobraziliense.com.br\/cbradar\/o-suco-refrescante-que-ajuda-o-estomago-a-trabalhar-melhor-e-e-super-facil-de-preparar\/#primaryimage","url":"https:\/\/www.correiobraziliense.com.br\/cbradar\/wp-content\/uploads\/2026\/01\/Gemini_Generated_Image_gw6fk4gw6fk4gw6f-1-1.png","contentUrl":"https:\/\/www.correiobraziliense.com.br\/cbradar\/wp-content\/uploads\/2026\/01\/Gemini_Generated_Image_gw6fk4gw6fk4gw6f-1-1.png","width":1280,"height":720,"caption":"A ingest\u00e3o de abacaxi ap\u00f3s refei\u00e7\u00f5es volumosas costuma ser associada \u00e0 sensa\u00e7\u00e3o de boca mais limpa"},{"@type":"BreadcrumbList","@id":"https:\/\/www.correiobraziliense.com.br\/cbradar\/o-suco-refrescante-que-ajuda-o-estomago-a-trabalhar-melhor-e-e-super-facil-de-preparar\/#breadcrumb","itemListElement":[{"@type":"ListItem","position":1,"name":"In\u00edcio","item":"https:\/\/www.correiobraziliense.com.br\/cbradar\/"},{"@type":"ListItem","position":2,"name":"O suco refrescante que ajuda o est\u00f4mago a trabalhar melhor e \u00e9 super f\u00e1cil de preparar"}]},{"@type":"WebSite","@id":"https:\/\/www.correiobraziliense.com.br\/cbradar\/#website","url":"https:\/\/www.correiobraziliense.com.br\/cbradar\/","name":"Correio Braziliense - Radar","description":"Acompanhe as \u00faltimas not\u00edcias e fique bem informado sobre tudo o que acontece no Brasil e no mundo.","potentialAction":[{"@type":"SearchAction","target":{"@type":"EntryPoint","urlTemplate":"https:\/\/www.correiobraziliense.com.br\/cbradar\/?s={search_term_string}"},"query-input":{"@type":"PropertyValueSpecification","valueRequired":true,"valueName":"search_term_string"}}],"inLanguage":"pt-BR"},{"@type":"Person","@id":"https:\/\/www.correiobraziliense.com.br\/cbradar\/#\/schema\/person\/7356666e12ec0ee53f348ee5db227032","name":"Daniely Cardoso","image":{"@type":"ImageObject","inLanguage":"pt-BR","@id":"https:\/\/www.correiobraziliense.com.br\/cbradar\/#\/schema\/person\/image\/","url":"https:\/\/secure.gravatar.com\/avatar\/4b80ddbd124d1f071b626d52d62e5dff?s=96&d=mm&r=g","contentUrl":"https:\/\/secure.gravatar.com\/avatar\/4b80ddbd124d1f071b626d52d62e5dff?s=96&d=mm&r=g","caption":"Daniely Cardoso"},"description":"Redatora nos portais CB Radar e EM Foco, formada pela Universidade Federal de Goi\u00e1s, em Goi\u00e2nia. Apaixonada por comunica\u00e7\u00e3o, arte, decora\u00e7\u00e3o e tend\u00eancias, atuo na produ\u00e7\u00e3o de conte\u00fados envolventes sobre curiosidades, moda, beleza e paisagismo, sempre com um olhar atento \u00e0s novidades do momento.","sameAs":["https:\/\/www.correiobraziliense.com.br\/cbradar"],"url":"https:\/\/www.correiobraziliense.com.br\/cbradar\/author\/danielymyth\/"}]}},"_links":{"self":[{"href":"https:\/\/www.correiobraziliense.com.br\/cbradar\/wp-json\/wp\/v2\/posts\/179856","targetHints":{"allow":["GET"]}}],"collection":[{"href":"https:\/\/www.correiobraziliense.com.br\/cbradar\/wp-json\/wp\/v2\/posts"}],"about":[{"href":"https:\/\/www.correiobraziliense.com.br\/cbradar\/wp-json\/wp\/v2\/types\/post"}],"author":[{"embeddable":true,"href":"https:\/\/www.correiobraziliense.com.br\/cbradar\/wp-json\/wp\/v2\/users\/9"}],"replies":[{"embeddable":true,"href":"https:\/\/www.correiobraziliense.com.br\/cbradar\/wp-json\/wp\/v2\/comments?post=179856"}],"version-history":[{"count":2,"href":"https:\/\/www.correiobraziliense.com.br\/cbradar\/wp-json\/wp\/v2\/posts\/179856\/revisions"}],"predecessor-version":[{"id":179892,"href":"https:\/\/www.correiobraziliense.com.br\/cbradar\/wp-json\/wp\/v2\/posts\/179856\/revisions\/179892"}],"wp:featuredmedia":[{"embeddable":true,"href":"https:\/\/www.correiobraziliense.com.br\/cbradar\/wp-json\/wp\/v2\/media\/180335"}],"wp:attachment":[{"href":"https:\/\/www.correiobraziliense.com.br\/cbradar\/wp-json\/wp\/v2\/media?parent=179856"}],"wp:term":[{"taxonomy":"category","embeddable":true,"href":"https:\/\/www.correiobraziliense.com.br\/cbradar\/wp-json\/wp\/v2\/categories?post=179856"},{"taxonomy":"post_tag","embeddable":true,"href":"https:\/\/www.correiobraziliense.com.br\/cbradar\/wp-json\/wp\/v2\/tags?post=179856"}],"curies":[{"name":"wp","href":"https:\/\/api.w.org\/{rel}","templated":true}]}}