{"id":179858,"date":"2026-01-24T08:55:30","date_gmt":"2026-01-24T11:55:30","guid":{"rendered":"https:\/\/www.correiobraziliense.com.br\/cbradar\/?p=179858"},"modified":"2026-01-23T18:26:38","modified_gmt":"2026-01-23T21:26:38","slug":"a-bebida-simples-que-ajuda-no-pos-treino-e-na-rotina-de-quem-perde-muitos-liquidos","status":"publish","type":"post","link":"https:\/\/www.correiobraziliense.com.br\/cbradar\/a-bebida-simples-que-ajuda-no-pos-treino-e-na-rotina-de-quem-perde-muitos-liquidos\/","title":{"rendered":"A bebida simples que ajuda no p\u00f3s-treino e na rotina de quem perde muitos l\u00edquidos"},"content":{"rendered":"\n<p>A \u00e1gua de coco ganhou espa\u00e7o no dia a dia de quem busca uma forma pr\u00e1tica de hidrata\u00e7\u00e3o e reposi\u00e7\u00e3o de minerais. Por ser uma bebida natural, de baixa caloria e sabor suave, costuma ser associada a momentos de calor, pr\u00e1tica esportiva e recupera\u00e7\u00e3o do organismo ap\u00f3s esfor\u00e7os f\u00edsicos ou epis\u00f3dios de desidrata\u00e7\u00e3o leve, sendo frequentemente comparada a bebidas isot\u00f4nicas industrializadas pela presen\u00e7a de eletr\u00f3litos.<\/p>\n\n\n\n<h2 class=\"wp-block-heading\">\u00c1gua de coco \u00e9 uma op\u00e7\u00e3o natural para hidrata\u00e7\u00e3o e equil\u00edbrio de eletr\u00f3litos<\/h2>\n\n\n\n<p>A principal caracter\u00edstica da <strong>\u00e1gua de coco<\/strong> \u00e9 o seu potencial de hidrata\u00e7\u00e3o. Composta majoritariamente de \u00e1gua, pequena quantidade de a\u00e7\u00facares naturais e sais minerais, contribui para recompor l\u00edquidos perdidos pelo suor, pela urina e pela respira\u00e7\u00e3o, especialmente em dias quentes ou ap\u00f3s atividades f\u00edsicas moderadas.<\/p>\n\n\n\n<p>Os eletr\u00f3litos presentes na bebida, como pot\u00e1ssio, s\u00f3dio, magn\u00e9sio e c\u00e1lcio, participam do controle da press\u00e3o osm\u00f3tica, da contra\u00e7\u00e3o muscular e da transmiss\u00e3o de impulsos nervosos. Em casos de desidrata\u00e7\u00e3o leve, pode ser uma aliada funcional, embora n\u00e3o substitua solu\u00e7\u00f5es de reidrata\u00e7\u00e3o oral ou atendimento profissional em situa\u00e7\u00f5es mais graves.<\/p>\n\n\n<div class=\"wp-block-image\">\n<figure class=\"aligncenter size-large\"><img decoding=\"async\" width=\"1024\" height=\"576\" src=\"https:\/\/www.correiobraziliense.com.br\/cbradar\/wp-content\/uploads\/2025\/11\/coco-agua_1762870905119-1024x576.jpg\" alt=\"\" class=\"wp-image-135793\" srcset=\"https:\/\/www.correiobraziliense.com.br\/cbradar\/wp-content\/uploads\/2025\/11\/coco-agua_1762870905119-1024x576.jpg 1024w, https:\/\/www.correiobraziliense.com.br\/cbradar\/wp-content\/uploads\/2025\/11\/coco-agua_1762870905119-300x169.jpg 300w, https:\/\/www.correiobraziliense.com.br\/cbradar\/wp-content\/uploads\/2025\/11\/coco-agua_1762870905119-768x432.jpg 768w, https:\/\/www.correiobraziliense.com.br\/cbradar\/wp-content\/uploads\/2025\/11\/coco-agua_1762870905119-750x422.jpg 750w, https:\/\/www.correiobraziliense.com.br\/cbradar\/wp-content\/uploads\/2025\/11\/coco-agua_1762870905119-1140x641.jpg 1140w, https:\/\/www.correiobraziliense.com.br\/cbradar\/wp-content\/uploads\/2025\/11\/coco-agua_1762870905119.jpg 1280w\" sizes=\"(max-width: 1024px) 100vw, 1024px\" \/><figcaption class=\"wp-element-caption\">Com um metabolismo acelerado, o corpo tende a usar mais energia diariamente &#8211; Cr\u00e9ditos: depositphotos.com \/ paulbrighton<\/figcaption><\/figure><\/div>\n\n\n<p>Leia tamb\u00e9m:&nbsp;<a href=\"https:\/\/www.correiobraziliense.com.br\/cbradar\/o-verde-digestivo-que-virou-queridinho-das-hortas-por-ser-simples-de-plantar\/\" target=\"_blank\" rel=\"noopener\">O verde digestivo que virou queridinho das hortas por ser simples de plantar<\/a><\/p>\n\n\n\n<h2 class=\"wp-block-heading\">Quais s\u00e3o os principais minerais presentes na \u00e1gua de coco<\/h2>\n\n\n\n<p>Os minerais da \u00e1gua de coco atuam como reguladores de processos fisiol\u00f3gicos importantes. O <strong>pot\u00e1ssio<\/strong> \u00e9 o nutriente em maior destaque, associado \u00e0 contra\u00e7\u00e3o muscular, ao equil\u00edbrio da press\u00e3o arterial e \u00e0 preven\u00e7\u00e3o de c\u00e3ibras, enquanto o <strong>s\u00f3dio<\/strong>, em menor quantidade que em bebidas esportivas tradicionais, auxilia na manuten\u00e7\u00e3o do volume sangu\u00edneo.<\/p>\n\n\n\n<p>Al\u00e9m desses dois eletr\u00f3litos, a bebida oferece <strong>magn\u00e9sio<\/strong>, que participa da produ\u00e7\u00e3o de energia e do relaxamento muscular, e <strong>c\u00e1lcio<\/strong>, importante para ossos, dentes e condu\u00e7\u00e3o de impulsos nervosos. Tra\u00e7os de f\u00f3sforo completam o quadro, contribuindo para estruturas celulares e rea\u00e7\u00f5es energ\u00e9ticas, embora a \u00e1gua de coco deva ser vista como complemento, e n\u00e3o como \u00fanica fonte de minerais.<\/p>\n\n\n\n<h2 class=\"wp-block-heading\">Como incluir a \u00e1gua de coco na rotina de forma equilibrada<\/h2>\n\n\n\n<p>A inclus\u00e3o da \u00e1gua de coco na rotina pode ser feita de forma simples, respeitando quantidades e frequ\u00eancia adequadas ao perfil de cada pessoa. Em muitos casos, ela \u00e9 usada como substituto eventual de refrigerantes ou sucos artificiais a\u00e7ucarados, principalmente em refei\u00e7\u00f5es ao ar livre, na praia ou no p\u00f3s-treino de intensidade leve a moderada. Se voc\u00ea gosta de ouvir opini\u00e3o de especialistas, separamos esse v\u00eddeo da <a href=\"https:\/\/www.youtube.com\/@AngelaXavier\" target=\"_blank\" rel=\"noreferrer noopener\">Angela Xavier<\/a> mostrando os benef\u00edcios da \u00e1gua de coco:<\/p>\n\n\n\n<figure class=\"wp-block-embed is-type-video is-provider-youtube wp-block-embed-youtube wp-embed-aspect-16-9 wp-has-aspect-ratio\"><div class=\"wp-block-embed__wrapper\">\n<div class=\"jeg_video_container jeg_video_content\"><iframe loading=\"lazy\" title=\"\u00c1gua de coco: benef\u00edcios ou riscos para a sa\u00fade?\" width=\"500\" height=\"281\" src=\"https:\/\/www.youtube.com\/embed\/71dR1PB3Pag?feature=oembed\" frameborder=\"0\" allow=\"accelerometer; autoplay; clipboard-write; encrypted-media; gyroscope; picture-in-picture; web-share\" referrerpolicy=\"strict-origin-when-cross-origin\" allowfullscreen><\/iframe><\/div>\n<\/div><\/figure>\n\n\n\n<p>Para aproveitar melhor seus benef\u00edcios, \u00e9 poss\u00edvel combinar a \u00e1gua de coco com \u00e1gua filtrada e outros h\u00e1bitos saud\u00e1veis, adaptando o consumo ao clima, ao n\u00edvel de atividade f\u00edsica e a necessidades espec\u00edficas, como controle de glicemia ou de pot\u00e1ssio. Algumas estrat\u00e9gias comuns incluem:<\/p>\n\n\n\n<ul class=\"wp-block-list\">\n<li>Ingest\u00e3o entre as refei\u00e7\u00f5es para ajudar na hidrata\u00e7\u00e3o ao longo do dia.<\/li>\n\n\n\n<li>Uso ap\u00f3s exerc\u00edcios f\u00edsicos moderados, como corridas leves, caminhadas ou esportes recreativos.<\/li>\n\n\n\n<li>Composi\u00e7\u00e3o de prepara\u00e7\u00f5es leves, como smoothies e vitaminas com frutas.<\/li>\n\n\n\n<li>Consumo em situa\u00e7\u00f5es de perda de l\u00edquidos, sempre com acompanhamento profissional quando necess\u00e1rio.<\/li>\n<\/ul>\n\n\n\n<h2 class=\"wp-block-heading\">Tabela nutricional m\u00e9dia da \u00e1gua de coco por 200 ml<\/h2>\n\n\n\n<p>A seguir, apresenta-se uma tabela aproximada com valores m\u00e9dios da composi\u00e7\u00e3o da \u00e1gua de coco por por\u00e7\u00e3o de 200 ml. Esses n\u00fameros podem variar conforme o tipo de coco, regi\u00e3o de plantio, grau de matura\u00e7\u00e3o do fruto e processo de industrializa\u00e7\u00e3o, sendo importante observar o r\u00f3tulo das vers\u00f5es prontas.<\/p>\n\n\n\n<p>Esses dados ajudam a entender por que a \u00e1gua de coco \u00e9 associada \u00e0 <strong>hidrata\u00e7\u00e3o<\/strong> e \u00e0 <strong>reposi\u00e7\u00e3o de minerais<\/strong>. Quando inserida em um contexto de alimenta\u00e7\u00e3o equilibrada e consumo adequado de \u00e1gua, pode contribuir para o bem-estar geral, especialmente em per\u00edodos de maior perda de l\u00edquidos e eletr\u00f3litos, como em dias muito quentes.<\/p>\n\n\n\n<div style=\"font-family: 'Segoe UI', Tahoma, Geneva, Verdana, sans-serif; max-width: 1000px; margin: 20px auto; border: 2px solid #722f37; border-radius: 30px; overflow: hidden; background-color: #ffffff; box-shadow: 0 4px 15px rgba(114, 47, 55, 0.1);\">\n    <table style=\"width: 100%; border-collapse: collapse; text-align: left; font-size: 14px;\">\n        <thead>\n            <tr style=\"background-color: #722f37;\">\n                <th style=\"padding: 15px; color: #ffffff; border-bottom: 2px solid #f9d8e6; width: 50%;\">Nutriente<\/th>\n                <th style=\"padding: 15px; color: #ffffff; border-bottom: 2px solid #f9d8e6; width: 50%;\">Quantidade aproximada<\/th>\n            <\/tr>\n        <\/thead>\n        <tbody>\n            <tr>\n                <td style=\"padding: 12px 15px; border-bottom: 1px solid #ffe3ee; color: #4a4a4a; font-weight: bold;\">Valor energ\u00e9tico<\/td>\n                <td style=\"padding: 12px 15px; border-bottom: 1px solid #ffe3ee; color: #4a4a4a;\">cerca de 40\u201350 kcal<\/td>\n            <\/tr>\n            <tr style=\"background-color: #fffafa;\">\n                <td style=\"padding: 12px 15px; border-bottom: 1px solid #ffe3ee; color: #4a4a4a; font-weight: bold;\">Carboidratos totais<\/td>\n                <td style=\"padding: 12px 15px; border-bottom: 1px solid #ffe3ee; color: #4a4a4a;\">9\u201312 g<\/td>\n            <\/tr>\n            <tr>\n                <td style=\"padding: 12px 15px; border-bottom: 1px solid #ffe3ee; color: #4a4a4a; font-weight: bold;\">Prote\u00ednas<\/td>\n                <td style=\"padding: 12px 15px; border-bottom: 1px solid #ffe3ee; color: #4a4a4a;\">0,5\u20131,0 g<\/td>\n            <\/tr>\n            <tr style=\"background-color: #fffafa;\">\n                <td style=\"padding: 12px 15px; border-bottom: 1px solid #ffe3ee; color: #4a4a4a; font-weight: bold;\">Gorduras totais<\/td>\n                <td style=\"padding: 12px 15px; border-bottom: 1px solid #ffe3ee; color: #4a4a4a;\">0\u20130,5 g<\/td>\n            <\/tr>\n            <tr>\n                <td style=\"padding: 12px 15px; border-bottom: 1px solid #ffe3ee; color: #4a4a4a; font-weight: bold;\">Fibra alimentar<\/td>\n                <td style=\"padding: 12px 15px; border-bottom: 1px solid #ffe3ee; color: #4a4a4a;\">tra\u00e7os<\/td>\n            <\/tr>\n            <tr style=\"background-color: #fffafa;\">\n                <td style=\"padding: 12px 15px; border-bottom: 1px solid #ffe3ee; color: #4a4a4a; font-weight: bold;\">S\u00f3dio<\/td>\n                <td style=\"padding: 12px 15px; border-bottom: 1px solid #ffe3ee; color: #4a4a4a;\">40\u201360 mg<\/td>\n            <\/tr>\n            <tr>\n                <td style=\"padding: 12px 15px; border-bottom: 1px solid #ffe3ee; color: #4a4a4a; font-weight: bold;\">Pot\u00e1ssio<\/td>\n                <td style=\"padding: 12px 15px; border-bottom: 1px solid #ffe3ee; color: #4a4a4a;\">350\u2013500 mg<\/td>\n            <\/tr>\n            <tr style=\"background-color: #fffafa;\">\n                <td style=\"padding: 12px 15px; border-bottom: 1px solid #ffe3ee; color: #4a4a4a; font-weight: bold;\">Magn\u00e9sio<\/td>\n                <td style=\"padding: 12px 15px; border-bottom: 1px solid #ffe3ee; color: #4a4a4a;\">10\u201320 mg<\/td>\n            <\/tr>\n            <tr>\n                <td style=\"padding: 12px 15px; border-bottom: 1px solid #ffe3ee; color: #4a4a4a; font-weight: bold;\">C\u00e1lcio<\/td>\n                <td style=\"padding: 12px 15px; border-bottom: 1px solid #ffe3ee; color: #4a4a4a;\">15\u201325 mg<\/td>\n            <\/tr>\n            <tr style=\"background-color: #fffafa;\">\n                <td style=\"padding: 12px 15px; color: #4a4a4a; font-weight: bold;\">F\u00f3sforo<\/td>\n                <td style=\"padding: 12px 15px; color: #4a4a4a;\">5\u201315 mg<\/td>\n            <\/tr>\n        <\/tbody>\n    <\/table>\n<\/div>\n\n\n\n<h2 class=\"wp-block-heading\">Convite para colocar a \u00e1gua de coco em pr\u00e1tica<\/h2>\n\n\n\n<p>Ao incluir a&nbsp;<strong>\u00e1gua de coco<\/strong>&nbsp;na rotina com equil\u00edbrio, voc\u00ea ganha uma aliada saborosa para hidratar o corpo e repor alguns minerais, sem depender apenas de bebidas industrializadas. Observar o clima, o tipo de atividade f\u00edsica e suas necessidades de sa\u00fade torna o consumo mais consciente e adequado ao seu dia a dia.<\/p>\n\n\n\n<p>Se fizer sentido para o seu estilo de vida, converse com um profissional de sa\u00fade ou nutricionista para entender a melhor forma de usar a&nbsp;<strong>\u00e1gua de coco<\/strong>&nbsp;nas suas refei\u00e7\u00f5es e treinos. Que tal j\u00e1 na pr\u00f3xima ida ao mercado escolher uma op\u00e7\u00e3o natural e testar novas combina\u00e7\u00f5es em casa, como smoothies e lanches p\u00f3s-treino?<\/p>\n","protected":false},"excerpt":{"rendered":"<p>A \u00e1gua de coco ganhou espa\u00e7o no dia a dia de quem busca uma forma pr\u00e1tica de hidrata\u00e7\u00e3o e reposi\u00e7\u00e3o de minerais. Por ser uma bebida natural, de baixa caloria e sabor suave, costuma ser associada a momentos de calor, pr\u00e1tica esportiva e recupera\u00e7\u00e3o do organismo ap\u00f3s esfor\u00e7os f\u00edsicos ou epis\u00f3dios de desidrata\u00e7\u00e3o leve, sendo [&hellip;]<\/p>\n","protected":false},"author":9,"featured_media":180343,"comment_status":"open","ping_status":"open","sticky":false,"template":"","format":"standard","meta":{"_yoast_wpseo_focuskw":"\u00e1gua de coco","_yoast_wpseo_title":"","_yoast_wpseo_metadesc":"Bebida leve e natural que hidrata, rep\u00f5e minerais e ajuda no equil\u00edbrio do corpo em dias quentes ou ap\u00f3s atividades leves.","jnews-multi-image_gallery":[],"jnews_single_post":{"format":"standard"},"jnews_primary_category":[],"jnews_social_meta":[],"jnews_override_counter":[],"footnotes":""},"categories":[119,4404],"tags":[8179,633,565],"class_list":["post-179858","post","type-post","status-publish","format-standard","has-post-thumbnail","hentry","category-bem-estar","category-saude","tag-agua-de-coco","tag-hidratacao","tag-saude"],"yoast_head":"<!-- This site is optimized with the Yoast SEO plugin v24.6 - https:\/\/yoast.com\/wordpress\/plugins\/seo\/ -->\n<title>A bebida simples que ajuda no p\u00f3s-treino e na rotina de quem perde muitos l\u00edquidos - Correio Braziliense - Radar<\/title>\n<meta name=\"description\" content=\"Bebida leve e natural que hidrata, rep\u00f5e minerais e ajuda no equil\u00edbrio do corpo em dias quentes ou ap\u00f3s atividades leves.\" \/>\n<meta name=\"robots\" content=\"index, follow, max-snippet:-1, max-image-preview:large, max-video-preview:-1\" \/>\n<link rel=\"canonical\" href=\"https:\/\/www.correiobraziliense.com.br\/cbradar\/a-bebida-simples-que-ajuda-no-pos-treino-e-na-rotina-de-quem-perde-muitos-liquidos\/\" \/>\n<meta property=\"og:locale\" content=\"pt_BR\" \/>\n<meta property=\"og:type\" content=\"article\" \/>\n<meta property=\"og:title\" content=\"A bebida simples que ajuda no p\u00f3s-treino e na rotina de quem perde muitos l\u00edquidos - Correio Braziliense - Radar\" \/>\n<meta property=\"og:description\" content=\"Bebida leve e natural que hidrata, rep\u00f5e minerais e ajuda no equil\u00edbrio do corpo em dias quentes ou ap\u00f3s atividades leves.\" \/>\n<meta property=\"og:url\" content=\"https:\/\/www.correiobraziliense.com.br\/cbradar\/a-bebida-simples-que-ajuda-no-pos-treino-e-na-rotina-de-quem-perde-muitos-liquidos\/\" \/>\n<meta property=\"og:site_name\" content=\"Correio Braziliense - Radar\" \/>\n<meta property=\"article:published_time\" content=\"2026-01-24T11:55:30+00:00\" \/>\n<meta property=\"og:image\" content=\"https:\/\/www.correiobraziliense.com.br\/cbradar\/wp-content\/uploads\/2026\/01\/Gemini_Generated_Image_o6c62zo6c62zo6c6-1-1.png\" \/>\n\t<meta property=\"og:image:width\" content=\"1280\" \/>\n\t<meta property=\"og:image:height\" content=\"720\" \/>\n\t<meta property=\"og:image:type\" content=\"image\/png\" \/>\n<meta name=\"author\" content=\"Daniely Cardoso\" \/>\n<meta name=\"twitter:card\" content=\"summary_large_image\" \/>\n<meta name=\"twitter:label1\" content=\"Escrito por\" \/>\n\t<meta name=\"twitter:data1\" content=\"Daniely Cardoso\" \/>\n\t<meta name=\"twitter:label2\" content=\"Est. tempo de leitura\" \/>\n\t<meta name=\"twitter:data2\" content=\"5 minutos\" \/>\n<!-- \/ Yoast SEO plugin. -->","yoast_head_json":{"title":"A bebida simples que ajuda no p\u00f3s-treino e na rotina de quem perde muitos l\u00edquidos - Correio Braziliense - Radar","description":"Bebida leve e natural que hidrata, rep\u00f5e minerais e ajuda no equil\u00edbrio do corpo em dias quentes ou ap\u00f3s atividades leves.","robots":{"index":"index","follow":"follow","max-snippet":"max-snippet:-1","max-image-preview":"max-image-preview:large","max-video-preview":"max-video-preview:-1"},"canonical":"https:\/\/www.correiobraziliense.com.br\/cbradar\/a-bebida-simples-que-ajuda-no-pos-treino-e-na-rotina-de-quem-perde-muitos-liquidos\/","og_locale":"pt_BR","og_type":"article","og_title":"A bebida simples que ajuda no p\u00f3s-treino e na rotina de quem perde muitos l\u00edquidos - Correio Braziliense - Radar","og_description":"Bebida leve e natural que hidrata, rep\u00f5e minerais e ajuda no equil\u00edbrio do corpo em dias quentes ou ap\u00f3s atividades leves.","og_url":"https:\/\/www.correiobraziliense.com.br\/cbradar\/a-bebida-simples-que-ajuda-no-pos-treino-e-na-rotina-de-quem-perde-muitos-liquidos\/","og_site_name":"Correio Braziliense - Radar","article_published_time":"2026-01-24T11:55:30+00:00","og_image":[{"width":1280,"height":720,"url":"https:\/\/www.correiobraziliense.com.br\/cbradar\/wp-content\/uploads\/2026\/01\/Gemini_Generated_Image_o6c62zo6c62zo6c6-1-1.png","type":"image\/png"}],"author":"Daniely Cardoso","twitter_card":"summary_large_image","twitter_misc":{"Escrito por":"Daniely Cardoso","Est. tempo de leitura":"5 minutos"},"schema":{"@context":"https:\/\/schema.org","@graph":[{"@type":"WebPage","@id":"https:\/\/www.correiobraziliense.com.br\/cbradar\/a-bebida-simples-que-ajuda-no-pos-treino-e-na-rotina-de-quem-perde-muitos-liquidos\/","url":"https:\/\/www.correiobraziliense.com.br\/cbradar\/a-bebida-simples-que-ajuda-no-pos-treino-e-na-rotina-de-quem-perde-muitos-liquidos\/","name":"A bebida simples que ajuda no p\u00f3s-treino e na rotina de quem perde muitos l\u00edquidos - Correio Braziliense - Radar","isPartOf":{"@id":"https:\/\/www.correiobraziliense.com.br\/cbradar\/#website"},"primaryImageOfPage":{"@id":"https:\/\/www.correiobraziliense.com.br\/cbradar\/a-bebida-simples-que-ajuda-no-pos-treino-e-na-rotina-de-quem-perde-muitos-liquidos\/#primaryimage"},"image":{"@id":"https:\/\/www.correiobraziliense.com.br\/cbradar\/a-bebida-simples-que-ajuda-no-pos-treino-e-na-rotina-de-quem-perde-muitos-liquidos\/#primaryimage"},"thumbnailUrl":"https:\/\/www.correiobraziliense.com.br\/cbradar\/wp-content\/uploads\/2026\/01\/Gemini_Generated_Image_o6c62zo6c62zo6c6-1-1.png","datePublished":"2026-01-24T11:55:30+00:00","author":{"@id":"https:\/\/www.correiobraziliense.com.br\/cbradar\/#\/schema\/person\/7356666e12ec0ee53f348ee5db227032"},"description":"Bebida leve e natural que hidrata, rep\u00f5e minerais e ajuda no equil\u00edbrio do corpo em dias quentes ou ap\u00f3s atividades leves.","breadcrumb":{"@id":"https:\/\/www.correiobraziliense.com.br\/cbradar\/a-bebida-simples-que-ajuda-no-pos-treino-e-na-rotina-de-quem-perde-muitos-liquidos\/#breadcrumb"},"inLanguage":"pt-BR","potentialAction":[{"@type":"ReadAction","target":["https:\/\/www.correiobraziliense.com.br\/cbradar\/a-bebida-simples-que-ajuda-no-pos-treino-e-na-rotina-de-quem-perde-muitos-liquidos\/"]}]},{"@type":"ImageObject","inLanguage":"pt-BR","@id":"https:\/\/www.correiobraziliense.com.br\/cbradar\/a-bebida-simples-que-ajuda-no-pos-treino-e-na-rotina-de-quem-perde-muitos-liquidos\/#primaryimage","url":"https:\/\/www.correiobraziliense.com.br\/cbradar\/wp-content\/uploads\/2026\/01\/Gemini_Generated_Image_o6c62zo6c62zo6c6-1-1.png","contentUrl":"https:\/\/www.correiobraziliense.com.br\/cbradar\/wp-content\/uploads\/2026\/01\/Gemini_Generated_Image_o6c62zo6c62zo6c6-1-1.png","width":1280,"height":720,"caption":"A jaca \u00e9 um alimento energ\u00e9tico principalmente pela boa quantidade de carboidratos"},{"@type":"BreadcrumbList","@id":"https:\/\/www.correiobraziliense.com.br\/cbradar\/a-bebida-simples-que-ajuda-no-pos-treino-e-na-rotina-de-quem-perde-muitos-liquidos\/#breadcrumb","itemListElement":[{"@type":"ListItem","position":1,"name":"In\u00edcio","item":"https:\/\/www.correiobraziliense.com.br\/cbradar\/"},{"@type":"ListItem","position":2,"name":"A bebida simples que ajuda no p\u00f3s-treino e na rotina de quem perde muitos l\u00edquidos"}]},{"@type":"WebSite","@id":"https:\/\/www.correiobraziliense.com.br\/cbradar\/#website","url":"https:\/\/www.correiobraziliense.com.br\/cbradar\/","name":"Correio Braziliense - Radar","description":"Acompanhe as \u00faltimas not\u00edcias e fique bem informado sobre tudo o que acontece no Brasil e no mundo.","potentialAction":[{"@type":"SearchAction","target":{"@type":"EntryPoint","urlTemplate":"https:\/\/www.correiobraziliense.com.br\/cbradar\/?s={search_term_string}"},"query-input":{"@type":"PropertyValueSpecification","valueRequired":true,"valueName":"search_term_string"}}],"inLanguage":"pt-BR"},{"@type":"Person","@id":"https:\/\/www.correiobraziliense.com.br\/cbradar\/#\/schema\/person\/7356666e12ec0ee53f348ee5db227032","name":"Daniely Cardoso","image":{"@type":"ImageObject","inLanguage":"pt-BR","@id":"https:\/\/www.correiobraziliense.com.br\/cbradar\/#\/schema\/person\/image\/","url":"https:\/\/secure.gravatar.com\/avatar\/4b80ddbd124d1f071b626d52d62e5dff?s=96&d=mm&r=g","contentUrl":"https:\/\/secure.gravatar.com\/avatar\/4b80ddbd124d1f071b626d52d62e5dff?s=96&d=mm&r=g","caption":"Daniely Cardoso"},"description":"Redatora nos portais CB Radar e EM Foco, formada pela Universidade Federal de Goi\u00e1s, em Goi\u00e2nia. Apaixonada por comunica\u00e7\u00e3o, arte, decora\u00e7\u00e3o e tend\u00eancias, atuo na produ\u00e7\u00e3o de conte\u00fados envolventes sobre curiosidades, moda, beleza e paisagismo, sempre com um olhar atento \u00e0s novidades do momento.","sameAs":["https:\/\/www.correiobraziliense.com.br\/cbradar"],"url":"https:\/\/www.correiobraziliense.com.br\/cbradar\/author\/danielymyth\/"}]}},"_links":{"self":[{"href":"https:\/\/www.correiobraziliense.com.br\/cbradar\/wp-json\/wp\/v2\/posts\/179858","targetHints":{"allow":["GET"]}}],"collection":[{"href":"https:\/\/www.correiobraziliense.com.br\/cbradar\/wp-json\/wp\/v2\/posts"}],"about":[{"href":"https:\/\/www.correiobraziliense.com.br\/cbradar\/wp-json\/wp\/v2\/types\/post"}],"author":[{"embeddable":true,"href":"https:\/\/www.correiobraziliense.com.br\/cbradar\/wp-json\/wp\/v2\/users\/9"}],"replies":[{"embeddable":true,"href":"https:\/\/www.correiobraziliense.com.br\/cbradar\/wp-json\/wp\/v2\/comments?post=179858"}],"version-history":[{"count":2,"href":"https:\/\/www.correiobraziliense.com.br\/cbradar\/wp-json\/wp\/v2\/posts\/179858\/revisions"}],"predecessor-version":[{"id":179894,"href":"https:\/\/www.correiobraziliense.com.br\/cbradar\/wp-json\/wp\/v2\/posts\/179858\/revisions\/179894"}],"wp:featuredmedia":[{"embeddable":true,"href":"https:\/\/www.correiobraziliense.com.br\/cbradar\/wp-json\/wp\/v2\/media\/180343"}],"wp:attachment":[{"href":"https:\/\/www.correiobraziliense.com.br\/cbradar\/wp-json\/wp\/v2\/media?parent=179858"}],"wp:term":[{"taxonomy":"category","embeddable":true,"href":"https:\/\/www.correiobraziliense.com.br\/cbradar\/wp-json\/wp\/v2\/categories?post=179858"},{"taxonomy":"post_tag","embeddable":true,"href":"https:\/\/www.correiobraziliense.com.br\/cbradar\/wp-json\/wp\/v2\/tags?post=179858"}],"curies":[{"name":"wp","href":"https:\/\/api.w.org\/{rel}","templated":true}]}}