{"id":179875,"date":"2026-01-24T10:45:11","date_gmt":"2026-01-24T13:45:11","guid":{"rendered":"https:\/\/www.correiobraziliense.com.br\/cbradar\/?p=179875"},"modified":"2026-01-23T18:30:32","modified_gmt":"2026-01-23T21:30:32","slug":"o-classico-das-refeicoes-que-ganhou-atencao-por-possiveis-efeitos-na-pressao-e-na-saude-do-sangue","status":"publish","type":"post","link":"https:\/\/www.correiobraziliense.com.br\/cbradar\/o-classico-das-refeicoes-que-ganhou-atencao-por-possiveis-efeitos-na-pressao-e-na-saude-do-sangue\/","title":{"rendered":"O cl\u00e1ssico das refei\u00e7\u00f5es que ganhou aten\u00e7\u00e3o por poss\u00edveis efeitos na press\u00e3o e na sa\u00fade do sangue"},"content":{"rendered":"\n<p>Voc\u00ea j\u00e1 reparou como o simples ato de refogar um dente de <strong>alho<\/strong> muda o cheiro da cozinha e at\u00e9 o clima da casa? Em muitas fam\u00edlias, ele \u00e9 visto como um \u201crem\u00e9dio caseiro\u201d passado de gera\u00e7\u00e3o em gera\u00e7\u00e3o, usado tanto para dar sabor quanto para cuidar da <strong>sa\u00fade<\/strong>. Hoje, al\u00e9m do conhecimento popular, pesquisas mais recentes v\u00eam refor\u00e7ando parte dessa fama, especialmente quando o assunto \u00e9 imunidade e circula\u00e7\u00e3o sangu\u00ednea, mas sempre lembrando que ele \u00e9 um aliado e n\u00e3o substitui orienta\u00e7\u00f5es m\u00e9dicas.<\/p>\n\n\n\n<h2 class=\"wp-block-heading\">O alho realmente ajuda a fortalecer a imunidade<\/h2>\n\n\n\n<p>Quando se fala em <strong>alho<\/strong>, muita gente pensa no cheiro forte, mas por tr\u00e1s desse aroma est\u00e3o compostos como a alicina, que surgem quando o dente \u00e9 cortado ou amassado. Estudos sugerem que essas subst\u00e2ncias podem apoiar as defesas naturais do corpo, ajudando o organismo a responder melhor a alguns micro-organismos do dia a dia.<\/p>\n\n\n\n<p>Al\u00e9m dos compostos sulfurados, o alho oferece pequenas doses de vitaminas do complexo B, vitamina C e minerais como sel\u00eanio e mangan\u00eas. Esses nutrientes t\u00eam a\u00e7\u00e3o antioxidante moderada, ajudando a reduzir o estresse oxidativo que pode atrapalhar o bom funcionamento do sistema imune, principalmente quando o alimento faz parte de uma dieta variada e equilibrada.<\/p>\n\n\n<div class=\"wp-block-image\">\n<figure class=\"aligncenter size-large\"><img decoding=\"async\" width=\"1024\" height=\"576\" src=\"https:\/\/www.correiobraziliense.com.br\/cbradar\/wp-content\/uploads\/2025\/11\/cha-de-alho_1761931571026-1024x576.jpg\" alt=\"Ch\u00e1s naturais que ajudam na circula\u00e7\u00e3o sangu\u00ednea e no controle da press\u00e3o arterial\" class=\"wp-image-128920\" srcset=\"https:\/\/www.correiobraziliense.com.br\/cbradar\/wp-content\/uploads\/2025\/11\/cha-de-alho_1761931571026-1024x576.jpg 1024w, https:\/\/www.correiobraziliense.com.br\/cbradar\/wp-content\/uploads\/2025\/11\/cha-de-alho_1761931571026-300x169.jpg 300w, https:\/\/www.correiobraziliense.com.br\/cbradar\/wp-content\/uploads\/2025\/11\/cha-de-alho_1761931571026-768x432.jpg 768w, https:\/\/www.correiobraziliense.com.br\/cbradar\/wp-content\/uploads\/2025\/11\/cha-de-alho_1761931571026-750x422.jpg 750w, https:\/\/www.correiobraziliense.com.br\/cbradar\/wp-content\/uploads\/2025\/11\/cha-de-alho_1761931571026-1140x641.jpg 1140w, https:\/\/www.correiobraziliense.com.br\/cbradar\/wp-content\/uploads\/2025\/11\/cha-de-alho_1761931571026.jpg 1280w\" sizes=\"(max-width: 1024px) 100vw, 1024px\" \/><figcaption class=\"wp-element-caption\">Redu\u00e7\u00e3o da press\u00e3o gra\u00e7as \u00e0 alicina &#8211; Cr\u00e9ditos: depositphotos.com \/ serezniy<\/figcaption><\/figure><\/div>\n\n\n<p>Leia tamb\u00e9m:&nbsp;<a href=\"https:\/\/www.correiobraziliense.com.br\/cbradar\/o-verde-digestivo-que-virou-queridinho-das-hortas-por-ser-simples-de-plantar\/\" target=\"_blank\" rel=\"noopener\">O verde digestivo que virou queridinho das hortas por ser simples de plantar<\/a><\/p>\n\n\n\n<h2 class=\"wp-block-heading\">Como o alho se relaciona com infec\u00e7\u00f5es respirat\u00f3rias leves<\/h2>\n\n\n\n<p>Em \u00e9pocas de frio ou mudan\u00e7a de clima, muitas pessoas recorrem a ch\u00e1 ou torradas com <strong>alho<\/strong> achando que isso pode aliviar sintomas de resfriados. Algumas pesquisas apontam que certas prepara\u00e7\u00f5es \u00e0 base de alho podem estar ligadas a menor frequ\u00eancia ou dura\u00e7\u00e3o de infec\u00e7\u00f5es respirat\u00f3rias leves, embora os resultados ainda sejam variados.<\/p>\n\n\n\n<p>Esses poss\u00edveis benef\u00edcios dependem de fatores como quantidade consumida, forma de preparo e caracter\u00edsticas individuais de cada pessoa. Por isso, mesmo com esse potencial, o alho deve ser visto apenas como complemento, mantendo sempre o acompanhamento com um profissional de sa\u00fade em casos de doen\u00e7as mais importantes ou sintomas persistentes.<\/p>\n\n\n\n<h2 class=\"wp-block-heading\">De que forma o alho pode favorecer a circula\u00e7\u00e3o sangu\u00ednea<\/h2>\n\n\n\n<p>Quando o assunto \u00e9 circula\u00e7\u00e3o, o <strong>alho<\/strong> aparece com frequ\u00eancia em conversas sobre cuidados com o cora\u00e7\u00e3o e a press\u00e3o arterial. Alguns estudos sugerem que extratos de alho podem ter um leve efeito vasodilatador e ajudar na modula\u00e7\u00e3o da press\u00e3o em casos leves a moderados, possivelmente melhorando a fun\u00e7\u00e3o do endot\u00e9lio, camada interna dos vasos sangu\u00edneos.<\/p>\n\n\n\n<p>H\u00e1 tamb\u00e9m pesquisas que relacionam o uso cont\u00ednuo de extratos padronizados de alho a pequenas redu\u00e7\u00f5es em colesterol total, LDL e triglicer\u00eddeos. Embora esse efeito seja discreto, pode somar com outros h\u00e1bitos saud\u00e1veis e contribuir para uma circula\u00e7\u00e3o mais equilibrada, sempre com acompanhamento m\u00e9dico para avaliar riscos e benef\u00edcios. Se voc\u00ea gosta de ouvir opini\u00e3o de especialistas, separamos esse v\u00eddeo do <a href=\"https:\/\/www.youtube.com\/@DrChristianAguiar\" target=\"_blank\" rel=\"noreferrer noopener\">Dr. Christian Aguiar &#8211; Contra a Corrente<\/a> falando sobre os benef\u00edcios do alho:<\/p>\n\n\n\n<figure class=\"wp-block-embed is-type-video is-provider-youtube wp-block-embed-youtube wp-embed-aspect-16-9 wp-has-aspect-ratio\"><div class=\"wp-block-embed__wrapper\">\n<div class=\"jeg_video_container jeg_video_content\"><iframe loading=\"lazy\" title=\"10 BENEF\u00cdCIOS do ALHO que Voc\u00ea N\u00c3O CONHECE!\" width=\"500\" height=\"281\" src=\"https:\/\/www.youtube.com\/embed\/L4-J-GLkBKw?feature=oembed\" frameborder=\"0\" allow=\"accelerometer; autoplay; clipboard-write; encrypted-media; gyroscope; picture-in-picture; web-share\" referrerpolicy=\"strict-origin-when-cross-origin\" allowfullscreen><\/iframe><\/div>\n<\/div><\/figure>\n\n\n\n<h2 class=\"wp-block-heading\">Como o alho pode influenciar a coagula\u00e7\u00e3o do sangue<\/h2>\n\n\n\n<p>Outro ponto bastante comentado \u00e9 a poss\u00edvel a\u00e7\u00e3o do <strong>alho<\/strong> na agrega\u00e7\u00e3o de plaquetas, processo envolvido na forma\u00e7\u00e3o de co\u00e1gulos. Alguns estudos sugerem que ele pode ter um leve efeito de \u201cafinar\u201d o sangue, o que em certas situa\u00e7\u00f5es pode ser positivo, mas exige cuidado em pessoas que j\u00e1 usam anticoagulantes ou medicamentos para o cora\u00e7\u00e3o.<\/p>\n\n\n\n<p>Nesses casos, \u00e9 comum que m\u00e9dicos orientem aten\u00e7\u00e3o especial \u00e0 quantidade de alho consumida, principalmente em forma de suplemento ou extrato concentrado. Antes de aumentar demais o uso, vale sempre conversar com um profissional, especialmente se houver hist\u00f3rico de problemas de coagula\u00e7\u00e3o ou cirurgias programadas.<\/p>\n\n\n\n<h2 class=\"wp-block-heading\">Quais s\u00e3o as melhores formas de consumir alho no dia a dia<\/h2>\n\n\n\n<p>A maneira de preparar o <strong>alho<\/strong> interfere bastante nas subst\u00e2ncias que chegam ao prato e, consequentemente, no potencial benef\u00edcio. O alho cru costuma preservar mais alicina e compostos vol\u00e1teis, mas nem todo mundo tolera bem o sabor intenso ou o desconforto no est\u00f4mago, por isso muitas pessoas alternam entre cru, refogado e assado em pequenas quantidades.<\/p>\n\n\n\n<p>Uma dica comum \u00e9 amassar o dente de alho e esperar alguns minutos antes de lev\u00e1-lo ao fogo, permitindo que as enzimas atuem na forma\u00e7\u00e3o da alicina. Tamb\u00e9m existem c\u00e1psulas, \u00f3leos macerados e extratos envelhecidos, geralmente com doses espec\u00edficas de compostos ativos, indicados principalmente com orienta\u00e7\u00e3o profissional para evitar excessos e intera\u00e7\u00f5es com rem\u00e9dios.<\/p>\n\n\n\n<h2 class=\"wp-block-heading\">Principais propriedades do alho para imunidade e circula\u00e7\u00e3o<\/h2>\n\n\n\n<p>Para quem gosta de visualizar as informa\u00e7\u00f5es de forma mais organizada, a tabela abaixo resume alguns pontos importantes sobre o <strong>alho<\/strong> j\u00e1 observados em estudos at\u00e9 2026. Ela re\u00fane desde seus compostos ativos at\u00e9 quest\u00f5es de seguran\u00e7a no consumo, sempre com foco em uso complementar \u00e0 orienta\u00e7\u00e3o profissional.<\/p>\n\n\n\n<div style=\"font-family: 'Segoe UI', Tahoma, Geneva, Verdana, sans-serif; max-width: 1000px; margin: 20px auto; border: 2px solid #722f37; border-radius: 30px; overflow: hidden; background-color: #ffffff; box-shadow: 0 4px 15px rgba(114, 47, 55, 0.1);\">\n    <table style=\"width: 100%; border-collapse: collapse; text-align: left; font-size: 14px;\">\n        <thead>\n            <tr style=\"background-color: #722f37;\">\n                <th style=\"padding: 15px; color: #ffffff; border-bottom: 2px solid #f9d8e6; width: 25%;\">Aspecto analisado<\/th>\n                <th style=\"padding: 15px; color: #ffffff; border-bottom: 2px solid #f9d8e6; width: 40%;\">Poss\u00edvel efeito do alho<\/th>\n                <th style=\"padding: 15px; color: #ffffff; border-bottom: 2px solid #f9d8e6; width: 35%;\">Observa\u00e7\u00f5es importantes<\/th>\n            <\/tr>\n        <\/thead>\n        <tbody>\n            <tr>\n                <td style=\"padding: 12px 15px; border-bottom: 1px solid #ffe3ee; color: #4a4a4a; font-weight: bold;\">Compostos ativos principais<\/td>\n                <td style=\"padding: 12px 15px; border-bottom: 1px solid #ffe3ee; color: #4a4a4a;\">Presen\u00e7a de alicina, ajoeno e outros compostos sulfurados<\/td>\n                <td style=\"padding: 12px 15px; border-bottom: 1px solid #ffe3ee; color: #4a4a4a;\">Formados principalmente quando o alho \u00e9 amassado ou picado<\/td>\n            <\/tr>\n            <tr style=\"background-color: #fffafa;\">\n                <td style=\"padding: 12px 15px; border-bottom: 1px solid #ffe3ee; color: #4a4a4a; font-weight: bold;\">Imunidade geral<\/td>\n                <td style=\"padding: 12px 15px; border-bottom: 1px solid #ffe3ee; color: #4a4a4a;\">Pode apoiar a resposta do organismo a micro-organismos<\/td>\n                <td style=\"padding: 12px 15px; border-bottom: 1px solid #ffe3ee; color: #4a4a4a;\">Atua\u00e7\u00e3o complementar; n\u00e3o substitui tratamentos indicados por profissionais<\/td>\n            <\/tr>\n            <tr>\n                <td style=\"padding: 12px 15px; border-bottom: 1px solid #ffe3ee; color: #4a4a4a; font-weight: bold;\">Estresse oxidativo<\/td>\n                <td style=\"padding: 12px 15px; border-bottom: 1px solid #ffe3ee; color: #4a4a4a;\">A\u00e7\u00e3o antioxidante moderada, ligada a vitaminas e minerais<\/td>\n                <td style=\"padding: 12px 15px; border-bottom: 1px solid #ffe3ee; color: #4a4a4a;\">Mais efetivo quando associado a dieta rica em vegetais variados<\/td>\n            <\/tr>\n            <tr style=\"background-color: #fffafa;\">\n                <td style=\"padding: 12px 15px; border-bottom: 1px solid #ffe3ee; color: #4a4a4a; font-weight: bold;\">Press\u00e3o arterial<\/td>\n                <td style=\"padding: 12px 15px; border-bottom: 1px solid #ffe3ee; color: #4a4a4a;\">Potencial ajuda na modula\u00e7\u00e3o da press\u00e3o em alguns casos<\/td>\n                <td style=\"padding: 12px 15px; border-bottom: 1px solid #ffe3ee; color: #4a4a4a;\">Extratos padronizados s\u00e3o os mais avaliados em pesquisas cl\u00ednicas<\/td>\n            <\/tr>\n            <tr>\n                <td style=\"padding: 12px 15px; border-bottom: 1px solid #ffe3ee; color: #4a4a4a; font-weight: bold;\">Colesterol e triglicer\u00eddeos<\/td>\n                <td style=\"padding: 12px 15px; border-bottom: 1px solid #ffe3ee; color: #4a4a4a;\">Poss\u00edvel redu\u00e7\u00e3o discreta de determinadas fra\u00e7\u00f5es lip\u00eddicas<\/td>\n                <td style=\"padding: 12px 15px; border-bottom: 1px solid #ffe3ee; color: #4a4a4a;\">Resultado depende de dose, tempo de uso e h\u00e1bitos de vida<\/td>\n            <\/tr>\n            <tr style=\"background-color: #fffafa;\">\n                <td style=\"padding: 12px 15px; border-bottom: 1px solid #ffe3ee; color: #4a4a4a; font-weight: bold;\">Agrega\u00e7\u00e3o plaquet\u00e1ria<\/td>\n                <td style=\"padding: 12px 15px; border-bottom: 1px solid #ffe3ee; color: #4a4a4a;\">Efeito leve de redu\u00e7\u00e3o da agrega\u00e7\u00e3o em certas situa\u00e7\u00f5es<\/td>\n                <td style=\"padding: 12px 15px; border-bottom: 1px solid #ffe3ee; color: #4a4a4a;\">Pessoas em uso de anticoagulantes precisam de orienta\u00e7\u00e3o profissional<\/td>\n            <\/tr>\n            <tr>\n                <td style=\"padding: 12px 15px; border-bottom: 1px solid #ffe3ee; color: #4a4a4a; font-weight: bold;\">Formas de consumo<\/td>\n                <td style=\"padding: 12px 15px; border-bottom: 1px solid #ffe3ee; color: #4a4a4a;\">Cru, cozido, assado, em p\u00f3, em \u00f3leo ou em c\u00e1psulas<\/td>\n                <td style=\"padding: 12px 15px; border-bottom: 1px solid #ffe3ee; color: #4a4a4a;\">Alho cru preserva mais alicina; suplementos oferecem doses concentradas<\/td>\n            <\/tr>\n            <tr style=\"background-color: #fffafa;\">\n                <td style=\"padding: 12px 15px; color: #4a4a4a; font-weight: bold;\">Seguran\u00e7a e cuidados<\/td>\n                <td style=\"padding: 12px 15px; color: #4a4a4a;\">Em geral bem tolerado em quantidades culin\u00e1rias<\/td>\n                <td style=\"padding: 12px 15px; color: #4a4a4a;\">Excesso pode causar desconforto gastrointestinal e interagir com medicamentos [cite: image_e8\n\n\n\n<h2 class=\"wp-block-heading\">Quais cuidados e limita\u00e7\u00f5es existem no uso do alho<\/h2>\n\n\n\n<p>Mesmo sendo um alimento comum e presente em muitas receitas, o <strong>alho<\/strong> n\u00e3o \u00e9 isento de cuidados. Consumo exagerado, especialmente em forma de suplemento, pode causar azia, desconforto abdominal e altera\u00e7\u00f5es no h\u00e1lito, al\u00e9m de piorar sintomas em quem j\u00e1 tem sensibilidade gastrointestinal, motivo pelo qual \u00e9 melhor introduzir aos poucos.<\/p>\n\n\n\n<p>Pessoas que usam medicamentos para afinar o sangue, controlar press\u00e3o ou tratar problemas card\u00edacos precisam de aten\u00e7\u00e3o extra, principalmente com produtos concentrados de <strong>alho<\/strong>. Em cirurgias programadas, \u00e9 comum que profissionais orientem reduzir ou suspender temporariamente suplementos, justamente pela poss\u00edvel interfer\u00eancia na coagula\u00e7\u00e3o e no tempo de sangramento.<\/p>\n","protected":false},"excerpt":{"rendered":"<p>Voc\u00ea j\u00e1 reparou como o simples ato de refogar um dente de alho muda o cheiro da cozinha e at\u00e9 o clima da casa? Em muitas fam\u00edlias, ele \u00e9 visto como um \u201crem\u00e9dio caseiro\u201d passado de gera\u00e7\u00e3o em gera\u00e7\u00e3o, usado tanto para dar sabor quanto para cuidar da sa\u00fade. Hoje, al\u00e9m do conhecimento popular, pesquisas [&hellip;]<\/p>\n","protected":false},"author":9,"featured_media":180347,"comment_status":"open","ping_status":"open","sticky":false,"template":"","format":"standard","meta":{"_yoast_wpseo_focuskw":"alho para imunidade","_yoast_wpseo_title":"","_yoast_wpseo_metadesc":"Um ingrediente comum que une tradi\u00e7\u00e3o e ci\u00eancia ao apoiar imunidade e circula\u00e7\u00e3o sem substituir cuidados profissionais.","jnews-multi-image_gallery":[],"jnews_single_post":{"format":"standard"},"jnews_primary_category":[],"jnews_social_meta":[],"jnews_override_counter":[],"footnotes":""},"categories":[119,4404],"tags":[2332,14332,6197],"class_list":["post-179875","post","type-post","status-publish","format-standard","has-post-thumbnail","hentry","category-bem-estar","category-saude","tag-alho","tag-beneficios-do-alho","tag-remedio-natural"],"yoast_head":"<!-- This site is optimized with the Yoast SEO plugin v24.6 - https:\/\/yoast.com\/wordpress\/plugins\/seo\/ -->\n<title>O cl\u00e1ssico das refei\u00e7\u00f5es que ganhou aten\u00e7\u00e3o por poss\u00edveis efeitos na press\u00e3o e na sa\u00fade do sangue - Correio Braziliense - Radar<\/title>\n<meta name=\"description\" content=\"Um ingrediente comum que une tradi\u00e7\u00e3o e ci\u00eancia ao apoiar imunidade e circula\u00e7\u00e3o sem substituir cuidados profissionais.\" \/>\n<meta name=\"robots\" content=\"index, follow, max-snippet:-1, max-image-preview:large, max-video-preview:-1\" \/>\n<link rel=\"canonical\" href=\"https:\/\/www.correiobraziliense.com.br\/cbradar\/o-classico-das-refeicoes-que-ganhou-atencao-por-possiveis-efeitos-na-pressao-e-na-saude-do-sangue\/\" \/>\n<meta property=\"og:locale\" content=\"pt_BR\" \/>\n<meta property=\"og:type\" content=\"article\" \/>\n<meta property=\"og:title\" content=\"O cl\u00e1ssico das refei\u00e7\u00f5es que ganhou aten\u00e7\u00e3o por poss\u00edveis efeitos na press\u00e3o e na sa\u00fade do sangue - Correio Braziliense - Radar\" \/>\n<meta property=\"og:description\" content=\"Um ingrediente comum que une tradi\u00e7\u00e3o e ci\u00eancia ao apoiar imunidade e circula\u00e7\u00e3o sem substituir cuidados profissionais.\" \/>\n<meta property=\"og:url\" content=\"https:\/\/www.correiobraziliense.com.br\/cbradar\/o-classico-das-refeicoes-que-ganhou-atencao-por-possiveis-efeitos-na-pressao-e-na-saude-do-sangue\/\" \/>\n<meta property=\"og:site_name\" content=\"Correio Braziliense - Radar\" \/>\n<meta property=\"article:published_time\" content=\"2026-01-24T13:45:11+00:00\" \/>\n<meta property=\"og:image\" content=\"https:\/\/www.correiobraziliense.com.br\/cbradar\/wp-content\/uploads\/2026\/01\/Gemini_Generated_Image_l2titol2titol2ti-1-1.png\" \/>\n\t<meta property=\"og:image:width\" content=\"1280\" \/>\n\t<meta property=\"og:image:height\" content=\"720\" \/>\n\t<meta property=\"og:image:type\" content=\"image\/png\" \/>\n<meta name=\"author\" content=\"Daniely Cardoso\" \/>\n<meta name=\"twitter:card\" content=\"summary_large_image\" \/>\n<meta name=\"twitter:label1\" content=\"Escrito por\" \/>\n\t<meta name=\"twitter:data1\" content=\"Daniely Cardoso\" \/>\n\t<meta name=\"twitter:label2\" content=\"Est. tempo de leitura\" \/>\n\t<meta name=\"twitter:data2\" content=\"6 minutos\" \/>\n<!-- \/ Yoast SEO plugin. -->","yoast_head_json":{"title":"O cl\u00e1ssico das refei\u00e7\u00f5es que ganhou aten\u00e7\u00e3o por poss\u00edveis efeitos na press\u00e3o e na sa\u00fade do sangue - Correio Braziliense - Radar","description":"Um ingrediente comum que une tradi\u00e7\u00e3o e ci\u00eancia ao apoiar imunidade e circula\u00e7\u00e3o sem substituir cuidados profissionais.","robots":{"index":"index","follow":"follow","max-snippet":"max-snippet:-1","max-image-preview":"max-image-preview:large","max-video-preview":"max-video-preview:-1"},"canonical":"https:\/\/www.correiobraziliense.com.br\/cbradar\/o-classico-das-refeicoes-que-ganhou-atencao-por-possiveis-efeitos-na-pressao-e-na-saude-do-sangue\/","og_locale":"pt_BR","og_type":"article","og_title":"O cl\u00e1ssico das refei\u00e7\u00f5es que ganhou aten\u00e7\u00e3o por poss\u00edveis efeitos na press\u00e3o e na sa\u00fade do sangue - Correio Braziliense - Radar","og_description":"Um ingrediente comum que une tradi\u00e7\u00e3o e ci\u00eancia ao apoiar imunidade e circula\u00e7\u00e3o sem substituir cuidados profissionais.","og_url":"https:\/\/www.correiobraziliense.com.br\/cbradar\/o-classico-das-refeicoes-que-ganhou-atencao-por-possiveis-efeitos-na-pressao-e-na-saude-do-sangue\/","og_site_name":"Correio Braziliense - Radar","article_published_time":"2026-01-24T13:45:11+00:00","og_image":[{"width":1280,"height":720,"url":"https:\/\/www.correiobraziliense.com.br\/cbradar\/wp-content\/uploads\/2026\/01\/Gemini_Generated_Image_l2titol2titol2ti-1-1.png","type":"image\/png"}],"author":"Daniely Cardoso","twitter_card":"summary_large_image","twitter_misc":{"Escrito por":"Daniely Cardoso","Est. tempo de leitura":"6 minutos"},"schema":{"@context":"https:\/\/schema.org","@graph":[{"@type":"WebPage","@id":"https:\/\/www.correiobraziliense.com.br\/cbradar\/o-classico-das-refeicoes-que-ganhou-atencao-por-possiveis-efeitos-na-pressao-e-na-saude-do-sangue\/","url":"https:\/\/www.correiobraziliense.com.br\/cbradar\/o-classico-das-refeicoes-que-ganhou-atencao-por-possiveis-efeitos-na-pressao-e-na-saude-do-sangue\/","name":"O cl\u00e1ssico das refei\u00e7\u00f5es que ganhou aten\u00e7\u00e3o por poss\u00edveis efeitos na press\u00e3o e na sa\u00fade do sangue - Correio Braziliense - Radar","isPartOf":{"@id":"https:\/\/www.correiobraziliense.com.br\/cbradar\/#website"},"primaryImageOfPage":{"@id":"https:\/\/www.correiobraziliense.com.br\/cbradar\/o-classico-das-refeicoes-que-ganhou-atencao-por-possiveis-efeitos-na-pressao-e-na-saude-do-sangue\/#primaryimage"},"image":{"@id":"https:\/\/www.correiobraziliense.com.br\/cbradar\/o-classico-das-refeicoes-que-ganhou-atencao-por-possiveis-efeitos-na-pressao-e-na-saude-do-sangue\/#primaryimage"},"thumbnailUrl":"https:\/\/www.correiobraziliense.com.br\/cbradar\/wp-content\/uploads\/2026\/01\/Gemini_Generated_Image_l2titol2titol2ti-1-1.png","datePublished":"2026-01-24T13:45:11+00:00","author":{"@id":"https:\/\/www.correiobraziliense.com.br\/cbradar\/#\/schema\/person\/7356666e12ec0ee53f348ee5db227032"},"description":"Um ingrediente comum que une tradi\u00e7\u00e3o e ci\u00eancia ao apoiar imunidade e circula\u00e7\u00e3o sem substituir cuidados profissionais.","breadcrumb":{"@id":"https:\/\/www.correiobraziliense.com.br\/cbradar\/o-classico-das-refeicoes-que-ganhou-atencao-por-possiveis-efeitos-na-pressao-e-na-saude-do-sangue\/#breadcrumb"},"inLanguage":"pt-BR","potentialAction":[{"@type":"ReadAction","target":["https:\/\/www.correiobraziliense.com.br\/cbradar\/o-classico-das-refeicoes-que-ganhou-atencao-por-possiveis-efeitos-na-pressao-e-na-saude-do-sangue\/"]}]},{"@type":"ImageObject","inLanguage":"pt-BR","@id":"https:\/\/www.correiobraziliense.com.br\/cbradar\/o-classico-das-refeicoes-que-ganhou-atencao-por-possiveis-efeitos-na-pressao-e-na-saude-do-sangue\/#primaryimage","url":"https:\/\/www.correiobraziliense.com.br\/cbradar\/wp-content\/uploads\/2026\/01\/Gemini_Generated_Image_l2titol2titol2ti-1-1.png","contentUrl":"https:\/\/www.correiobraziliense.com.br\/cbradar\/wp-content\/uploads\/2026\/01\/Gemini_Generated_Image_l2titol2titol2ti-1-1.png","width":1280,"height":720,"caption":"Redu\u00e7\u00e3o da press\u00e3o gra\u00e7as \u00e0 alicina"},{"@type":"BreadcrumbList","@id":"https:\/\/www.correiobraziliense.com.br\/cbradar\/o-classico-das-refeicoes-que-ganhou-atencao-por-possiveis-efeitos-na-pressao-e-na-saude-do-sangue\/#breadcrumb","itemListElement":[{"@type":"ListItem","position":1,"name":"In\u00edcio","item":"https:\/\/www.correiobraziliense.com.br\/cbradar\/"},{"@type":"ListItem","position":2,"name":"O cl\u00e1ssico das refei\u00e7\u00f5es que ganhou aten\u00e7\u00e3o por poss\u00edveis efeitos na press\u00e3o e na sa\u00fade do sangue"}]},{"@type":"WebSite","@id":"https:\/\/www.correiobraziliense.com.br\/cbradar\/#website","url":"https:\/\/www.correiobraziliense.com.br\/cbradar\/","name":"Correio Braziliense - Radar","description":"Acompanhe as \u00faltimas not\u00edcias e fique bem informado sobre tudo o que acontece no Brasil e no mundo.","potentialAction":[{"@type":"SearchAction","target":{"@type":"EntryPoint","urlTemplate":"https:\/\/www.correiobraziliense.com.br\/cbradar\/?s={search_term_string}"},"query-input":{"@type":"PropertyValueSpecification","valueRequired":true,"valueName":"search_term_string"}}],"inLanguage":"pt-BR"},{"@type":"Person","@id":"https:\/\/www.correiobraziliense.com.br\/cbradar\/#\/schema\/person\/7356666e12ec0ee53f348ee5db227032","name":"Daniely Cardoso","image":{"@type":"ImageObject","inLanguage":"pt-BR","@id":"https:\/\/www.correiobraziliense.com.br\/cbradar\/#\/schema\/person\/image\/","url":"https:\/\/secure.gravatar.com\/avatar\/4b80ddbd124d1f071b626d52d62e5dff?s=96&d=mm&r=g","contentUrl":"https:\/\/secure.gravatar.com\/avatar\/4b80ddbd124d1f071b626d52d62e5dff?s=96&d=mm&r=g","caption":"Daniely Cardoso"},"description":"Redatora nos portais CB Radar e EM Foco, formada pela Universidade Federal de Goi\u00e1s, em Goi\u00e2nia. Apaixonada por comunica\u00e7\u00e3o, arte, decora\u00e7\u00e3o e tend\u00eancias, atuo na produ\u00e7\u00e3o de conte\u00fados envolventes sobre curiosidades, moda, beleza e paisagismo, sempre com um olhar atento \u00e0s novidades do momento.","sameAs":["https:\/\/www.correiobraziliense.com.br\/cbradar"],"url":"https:\/\/www.correiobraziliense.com.br\/cbradar\/author\/danielymyth\/"}]}},"_links":{"self":[{"href":"https:\/\/www.correiobraziliense.com.br\/cbradar\/wp-json\/wp\/v2\/posts\/179875","targetHints":{"allow":["GET"]}}],"collection":[{"href":"https:\/\/www.correiobraziliense.com.br\/cbradar\/wp-json\/wp\/v2\/posts"}],"about":[{"href":"https:\/\/www.correiobraziliense.com.br\/cbradar\/wp-json\/wp\/v2\/types\/post"}],"author":[{"embeddable":true,"href":"https:\/\/www.correiobraziliense.com.br\/cbradar\/wp-json\/wp\/v2\/users\/9"}],"replies":[{"embeddable":true,"href":"https:\/\/www.correiobraziliense.com.br\/cbradar\/wp-json\/wp\/v2\/comments?post=179875"}],"version-history":[{"count":2,"href":"https:\/\/www.correiobraziliense.com.br\/cbradar\/wp-json\/wp\/v2\/posts\/179875\/revisions"}],"predecessor-version":[{"id":179895,"href":"https:\/\/www.correiobraziliense.com.br\/cbradar\/wp-json\/wp\/v2\/posts\/179875\/revisions\/179895"}],"wp:featuredmedia":[{"embeddable":true,"href":"https:\/\/www.correiobraziliense.com.br\/cbradar\/wp-json\/wp\/v2\/media\/180347"}],"wp:attachment":[{"href":"https:\/\/www.correiobraziliense.com.br\/cbradar\/wp-json\/wp\/v2\/media?parent=179875"}],"wp:term":[{"taxonomy":"category","embeddable":true,"href":"https:\/\/www.correiobraziliense.com.br\/cbradar\/wp-json\/wp\/v2\/categories?post=179875"},{"taxonomy":"post_tag","embeddable":true,"href":"https:\/\/www.correiobraziliense.com.br\/cbradar\/wp-json\/wp\/v2\/tags?post=179875"}],"curies":[{"name":"wp","href":"https:\/\/api.w.org\/{rel}","templated":true}]}}